{"id":56467,"date":"2017-03-28T19:12:48","date_gmt":"2017-03-28T19:12:48","guid":{"rendered":"http:\/\/desarrollo.mcvicious.com\/aero2020\/2017\/03\/28\/redisenar-las-ciudades-ahora-o-nuncai\/"},"modified":"2017-03-28T19:12:48","modified_gmt":"2017-03-28T19:12:48","slug":"redisenar-las-ciudades-ahora-o-nuncai","status":"publish","type":"post","link":"https:\/\/aeronoticias.com.pe\/noticiero\/nacionales\/redisenar-las-ciudades-ahora-o-nuncai\/","title":{"rendered":"Redise\u00f1ar las ciudades: !Ahora o nunca\u00a1"},"content":{"rendered":"<p style=\"text-align: justify;\"><strong>(Aeronoticias)<\/strong> El arquitecto Jos\u00e9 Le\u00f3n Romero Almendras, de vasta experiencia profesional, fue entrevistado por nuestro portal sobre la triste situaci\u00f3n que padecen muchas ciudades de la costa peruana a consecuencia del c\u00edclico fen\u00f3meno del llamado \u00abNi\u00f1o Costero\u00bb que seg\u00fan el Centro de Operaciones de Emergencia Nacional (COEN) viene afectando hasta ahora a unas 800 mil personas.<\/p>\n<p style=\"text-align: justify;\"><span style=\"font-size: 12.16px;\">\u00abLa tragedia que hoy vivimos en el Per\u00fa ha puesto en descubierto la ca\u00f3tica situaci\u00f3n dentro de la cual se desenvolv\u00edan nuestros pueblos por m\u00faltiples factores: desorganizaci\u00f3n, desgobierno, inseguridad, corrupci\u00f3n, entre otros\u00bb, opina.<\/span><\/p>\n<p style=\"text-align: justify;\"><span style=\"font-size: 12.16px;\">\u00abEsta es la hora, ahora o nunca, de redise\u00f1ar nuestras ciudades ( si alguna vez fueron dise\u00f1adas), se trata de reorganizar el uso territorial, lo que conlleva una adecuada zonificaci\u00f3n, un plan director, que norme el crecimiento de la ciudad&#8230;todo \u00e9sto con fuerza de ley\u00bb, acota.<\/span><\/p>\n<p style=\"text-align: justify;\"><span style=\"font-size: 12.16px;\">Romero aconseja evitar caer en lo que acertadamente se\u00f1al\u00f3 el arquitecto y urbanista alem\u00e1n Ludwig Hilbersermer al subrayar \u00bb la pol\u00edtica del zapatero o la pol\u00edtica del parche\u00bb porque significar\u00eda un craso error que nos llevar\u00eda a arrojar al basurero los escasos recursos con que se cuenta para este f\u00edn.<\/span><\/p>\n<p style=\"text-align: justify;\"><span style=\"font-size: 12.16px;\">\u00abRedise\u00f1ar ahora!\u00bb , insiste nuestro entrevistado, teniendo en cuenta que el principal actor es la persona humana y buscar en este dise\u00f1o su confort urbano, siguiendo los lineamientos del autor de la ciudad vertical, solucion\u00e1ndole los problemas de habitabilidad, higiene, seguridad y circulaci\u00f3n.<\/span><\/p>\n<p style=\"text-align: justify;\"><span style=\"font-size: 12.16px;\">\u00abY qui\u00e9n debe afrontar esta monumental tarea ?. no es el arquitecto ni el ingeniero, por s\u00ed solos, como muchos reclaman.Quien debe tener a su cargo esta delicada misi\u00f3n es un equipo profesional conformado adem\u00e1s de top\u00f3grafos, soci\u00f3logos, m\u00e9dicos, economistas, psic\u00f3logos. asistentes sociales, abogados, etc, cuyo trabajo debe tener fuerza de ley y su incumplimiento signifique delito penal\u00bb. <\/span><\/p>\n<p style=\"text-align: justify;\"><span style=\"font-size: 12.16px;\">Terminando sus declaraciones el arquitecto Jos\u00e9 Romero Almendras manifiesta que es preciso relanzar al Instituto Nacional de Planificaci\u00f3n con profesionales acreditados documentariamente por sus respectivos centros de estudios, sin la intervenci\u00f3n de los politiqueros de oficio que nombran a improvisados que desconocen los problemas que debe ser asumidos por especialistas para evitar lo que se conoce como la pol\u00edtica del zapatero, es decir : \u00abzapatero a sus zapatos\u00bb.<\/span><\/p>\n<p style=\"text-align: justify;\"><img decoding=\"async\" src=\"images\/stories\/17\/03\/280317\/fennio.jpg\" border=\"0\" \/><\/p>\n<p style=\"text-align: justify;\"><span style=\"font-size: 12.16px;\"><br \/><\/span><\/p>\n","protected":false},"excerpt":{"rendered":"<p>(Aeronoticias) El arquitecto Jos\u00e9 Le\u00f3n Romero Almendras, de vasta experiencia profesional, fue entrevistado por nuestro portal sobre la triste situaci\u00f3n que padecen muchas ciudades de la costa peruana a consecuencia del c\u00edclico fen\u00f3meno del llamado \u00abNi\u00f1o Costero\u00bb que seg\u00fan el Centro de Operaciones de Emergencia Nacional (COEN) viene afectando hasta ahora a unas 800 mil [&hellip;]<\/p>\n","protected":false},"author":1,"featured_media":0,"comment_status":"open","ping_status":"open","sticky":false,"template":"","format":"standard","meta":{"tdm_status":"","tdm_grid_status":"","footnotes":""},"categories":[38],"tags":[],"class_list":{"0":"post-56467","1":"post","2":"type-post","3":"status-publish","4":"format-standard","6":"category-nacionales"},"yoast_head":"<!-- This site is optimized with the Yoast SEO plugin v25.1 - https:\/\/yoast.com\/wordpress\/plugins\/seo\/ -->\n<title>Redise\u00f1ar las ciudades: !Ahora o nunca\u00a1<\/title>\n<meta name=\"description\" content=\"Portal de noticias del Per\u00fa sobre el transporte a\u00e9reo, aviaci\u00f3n, turismo, hoteleria, actualidad.\" \/>\n<meta name=\"robots\" content=\"index, follow, max-snippet:-1, max-image-preview:large, max-video-preview:-1\" \/>\n<link rel=\"canonical\" href=\"https:\/\/aeronoticias.com.pe\/noticiero\/nacionales\/redisenar-las-ciudades-ahora-o-nuncai\/\" \/>\n<meta property=\"og:locale\" content=\"es_ES\" \/>\n<meta property=\"og:type\" content=\"article\" \/>\n<meta property=\"og:title\" content=\"Redise\u00f1ar las ciudades: !Ahora o nunca\u00a1\" \/>\n<meta property=\"og:description\" content=\"Portal de noticias del Per\u00fa sobre el transporte a\u00e9reo, aviaci\u00f3n, turismo, hoteleria, actualidad.\" \/>\n<meta property=\"og:url\" content=\"https:\/\/aeronoticias.com.pe\/noticiero\/nacionales\/redisenar-las-ciudades-ahora-o-nuncai\/\" \/>\n<meta property=\"og:site_name\" content=\"Aeronoticias.com.pe\" \/>\n<meta property=\"article:publisher\" content=\"https:\/\/www.facebook.com\/Aeronoticias.com.pe\/\" \/>\n<meta property=\"article:published_time\" content=\"2017-03-28T19:12:48+00:00\" \/>\n<meta name=\"author\" content=\"Redacci\u00f3n Aeronoticias\" \/>\n<meta name=\"twitter:card\" content=\"summary_large_image\" \/>\n<meta name=\"twitter:creator\" content=\"@aeronoticias\" \/>\n<meta name=\"twitter:site\" content=\"@aeronoticias\" \/>\n<meta name=\"twitter:label1\" content=\"Escrito por\" \/>\n\t<meta name=\"twitter:data1\" content=\"Redacci\u00f3n Aeronoticias\" \/>\n\t<meta name=\"twitter:label2\" content=\"Tiempo de lectura\" \/>\n\t<meta name=\"twitter:data2\" content=\"2 minutos\" \/>\n<script type=\"application\/ld+json\" class=\"yoast-schema-graph\">{\"@context\":\"https:\/\/schema.org\",\"@graph\":[{\"@type\":\"WebPage\",\"@id\":\"https:\/\/aeronoticias.com.pe\/noticiero\/nacionales\/redisenar-las-ciudades-ahora-o-nuncai\/\",\"url\":\"https:\/\/aeronoticias.com.pe\/noticiero\/nacionales\/redisenar-las-ciudades-ahora-o-nuncai\/\",\"name\":\"Redise\u00f1ar las ciudades: !Ahora o nunca\u00a1\",\"isPartOf\":{\"@id\":\"https:\/\/aeronoticias.com.pe\/noticiero\/#website\"},\"datePublished\":\"2017-03-28T19:12:48+00:00\",\"author\":{\"@id\":\"https:\/\/aeronoticias.com.pe\/noticiero\/#\/schema\/person\/fc1e5d578f4b62ba1cf7ac2bba1170a0\"},\"description\":\"Portal de noticias del Per\u00fa sobre el transporte a\u00e9reo, aviaci\u00f3n, turismo, hoteleria, actualidad.\",\"breadcrumb\":{\"@id\":\"https:\/\/aeronoticias.com.pe\/noticiero\/nacionales\/redisenar-las-ciudades-ahora-o-nuncai\/#breadcrumb\"},\"inLanguage\":\"es\",\"potentialAction\":[{\"@type\":\"ReadAction\",\"target\":[\"https:\/\/aeronoticias.com.pe\/noticiero\/nacionales\/redisenar-las-ciudades-ahora-o-nuncai\/\"]}]},{\"@type\":\"BreadcrumbList\",\"@id\":\"https:\/\/aeronoticias.com.pe\/noticiero\/nacionales\/redisenar-las-ciudades-ahora-o-nuncai\/#breadcrumb\",\"itemListElement\":[{\"@type\":\"ListItem\",\"position\":1,\"name\":\"Portada\",\"item\":\"https:\/\/aeronoticias.com.pe\/noticiero\/\"},{\"@type\":\"ListItem\",\"position\":2,\"name\":\"Redise\u00f1ar las ciudades: !Ahora o nunca\u00a1\"}]},{\"@type\":\"WebSite\",\"@id\":\"https:\/\/aeronoticias.com.pe\/noticiero\/#website\",\"url\":\"https:\/\/aeronoticias.com.pe\/noticiero\/\",\"name\":\"Aeronoticias.com.pe\",\"description\":\"Noticias de tranporte aereo, turismo, hoteles, gastronomia, actualidad, internacional\",\"potentialAction\":[{\"@type\":\"SearchAction\",\"target\":{\"@type\":\"EntryPoint\",\"urlTemplate\":\"https:\/\/aeronoticias.com.pe\/noticiero\/?s={search_term_string}\"},\"query-input\":{\"@type\":\"PropertyValueSpecification\",\"valueRequired\":true,\"valueName\":\"search_term_string\"}}],\"inLanguage\":\"es\"},{\"@type\":\"Person\",\"@id\":\"https:\/\/aeronoticias.com.pe\/noticiero\/#\/schema\/person\/fc1e5d578f4b62ba1cf7ac2bba1170a0\",\"name\":\"Redacci\u00f3n Aeronoticias\",\"url\":\"https:\/\/aeronoticias.com.pe\/noticiero\/author\/piloto\/\"}]}<\/script>\n<!-- \/ Yoast SEO plugin. -->","yoast_head_json":{"title":"Redise\u00f1ar las ciudades: !Ahora o nunca\u00a1","description":"Portal de noticias del Per\u00fa sobre el transporte a\u00e9reo, aviaci\u00f3n, turismo, hoteleria, actualidad.","robots":{"index":"index","follow":"follow","max-snippet":"max-snippet:-1","max-image-preview":"max-image-preview:large","max-video-preview":"max-video-preview:-1"},"canonical":"https:\/\/aeronoticias.com.pe\/noticiero\/nacionales\/redisenar-las-ciudades-ahora-o-nuncai\/","og_locale":"es_ES","og_type":"article","og_title":"Redise\u00f1ar las ciudades: !Ahora o nunca\u00a1","og_description":"Portal de noticias del Per\u00fa sobre el transporte a\u00e9reo, aviaci\u00f3n, turismo, hoteleria, actualidad.","og_url":"https:\/\/aeronoticias.com.pe\/noticiero\/nacionales\/redisenar-las-ciudades-ahora-o-nuncai\/","og_site_name":"Aeronoticias.com.pe","article_publisher":"https:\/\/www.facebook.com\/Aeronoticias.com.pe\/","article_published_time":"2017-03-28T19:12:48+00:00","author":"Redacci\u00f3n Aeronoticias","twitter_card":"summary_large_image","twitter_creator":"@aeronoticias","twitter_site":"@aeronoticias","twitter_misc":{"Escrito por":"Redacci\u00f3n Aeronoticias","Tiempo de lectura":"2 minutos"},"schema":{"@context":"https:\/\/schema.org","@graph":[{"@type":"WebPage","@id":"https:\/\/aeronoticias.com.pe\/noticiero\/nacionales\/redisenar-las-ciudades-ahora-o-nuncai\/","url":"https:\/\/aeronoticias.com.pe\/noticiero\/nacionales\/redisenar-las-ciudades-ahora-o-nuncai\/","name":"Redise\u00f1ar las ciudades: !Ahora o nunca\u00a1","isPartOf":{"@id":"https:\/\/aeronoticias.com.pe\/noticiero\/#website"},"datePublished":"2017-03-28T19:12:48+00:00","author":{"@id":"https:\/\/aeronoticias.com.pe\/noticiero\/#\/schema\/person\/fc1e5d578f4b62ba1cf7ac2bba1170a0"},"description":"Portal de noticias del Per\u00fa sobre el transporte a\u00e9reo, aviaci\u00f3n, turismo, hoteleria, actualidad.","breadcrumb":{"@id":"https:\/\/aeronoticias.com.pe\/noticiero\/nacionales\/redisenar-las-ciudades-ahora-o-nuncai\/#breadcrumb"},"inLanguage":"es","potentialAction":[{"@type":"ReadAction","target":["https:\/\/aeronoticias.com.pe\/noticiero\/nacionales\/redisenar-las-ciudades-ahora-o-nuncai\/"]}]},{"@type":"BreadcrumbList","@id":"https:\/\/aeronoticias.com.pe\/noticiero\/nacionales\/redisenar-las-ciudades-ahora-o-nuncai\/#breadcrumb","itemListElement":[{"@type":"ListItem","position":1,"name":"Portada","item":"https:\/\/aeronoticias.com.pe\/noticiero\/"},{"@type":"ListItem","position":2,"name":"Redise\u00f1ar las ciudades: !Ahora o nunca\u00a1"}]},{"@type":"WebSite","@id":"https:\/\/aeronoticias.com.pe\/noticiero\/#website","url":"https:\/\/aeronoticias.com.pe\/noticiero\/","name":"Aeronoticias.com.pe","description":"Noticias de tranporte aereo, turismo, hoteles, gastronomia, actualidad, internacional","potentialAction":[{"@type":"SearchAction","target":{"@type":"EntryPoint","urlTemplate":"https:\/\/aeronoticias.com.pe\/noticiero\/?s={search_term_string}"},"query-input":{"@type":"PropertyValueSpecification","valueRequired":true,"valueName":"search_term_string"}}],"inLanguage":"es"},{"@type":"Person","@id":"https:\/\/aeronoticias.com.pe\/noticiero\/#\/schema\/person\/fc1e5d578f4b62ba1cf7ac2bba1170a0","name":"Redacci\u00f3n Aeronoticias","url":"https:\/\/aeronoticias.com.pe\/noticiero\/author\/piloto\/"}]}},"_links":{"self":[{"href":"https:\/\/aeronoticias.com.pe\/noticiero\/wp-json\/wp\/v2\/posts\/56467","targetHints":{"allow":["GET"]}}],"collection":[{"href":"https:\/\/aeronoticias.com.pe\/noticiero\/wp-json\/wp\/v2\/posts"}],"about":[{"href":"https:\/\/aeronoticias.com.pe\/noticiero\/wp-json\/wp\/v2\/types\/post"}],"author":[{"embeddable":true,"href":"https:\/\/aeronoticias.com.pe\/noticiero\/wp-json\/wp\/v2\/users\/1"}],"replies":[{"embeddable":true,"href":"https:\/\/aeronoticias.com.pe\/noticiero\/wp-json\/wp\/v2\/comments?post=56467"}],"version-history":[{"count":0,"href":"https:\/\/aeronoticias.com.pe\/noticiero\/wp-json\/wp\/v2\/posts\/56467\/revisions"}],"wp:attachment":[{"href":"https:\/\/aeronoticias.com.pe\/noticiero\/wp-json\/wp\/v2\/media?parent=56467"}],"wp:term":[{"taxonomy":"category","embeddable":true,"href":"https:\/\/aeronoticias.com.pe\/noticiero\/wp-json\/wp\/v2\/categories?post=56467"},{"taxonomy":"post_tag","embeddable":true,"href":"https:\/\/aeronoticias.com.pe\/noticiero\/wp-json\/wp\/v2\/tags?post=56467"}],"curies":[{"name":"wp","href":"https:\/\/api.w.org\/{rel}","templated":true}]}}