{"id":56497,"date":"2017-04-07T18:19:50","date_gmt":"2017-04-07T18:19:50","guid":{"rendered":"http:\/\/desarrollo.mcvicious.com\/aero2020\/2017\/04\/07\/colegio-de-abogados-de-lima-cal-distinguio-a-julian-palacin\/"},"modified":"2017-04-07T18:19:50","modified_gmt":"2017-04-07T18:19:50","slug":"colegio-de-abogados-de-lima-cal-distinguio-a-julian-palacin","status":"publish","type":"post","link":"https:\/\/aeronoticias.com.pe\/noticiero\/nacionales\/colegio-de-abogados-de-lima-cal-distinguio-a-julian-palacin\/","title":{"rendered":"Colegio de Abogados de Lima (CAL) distingui\u00f3 a Juli\u00e1n Palacin"},"content":{"rendered":"<p style=\"text-align: justify;\"><span style=\"font-size: 12.16px;\"><strong>(Aeronoticias)<\/strong> El Ilustre Colegio de Abogados de Lima (CAL), distingui\u00f3 a Juli\u00e1n Palacin Fern\u00e1ndez, dentro del marco oficial de las celebraciones por el d\u00eda del Abogado.<\/span><\/p>\n<p style=\"text-align: justify;\">La Resoluci\u00f3n Decanal se expidi\u00f3 de conformidad Articulo 31 del Estatuto de la Orden, y fue firmada por el Decano Dr. Pedro Angulo Arana y el Director de Comisiones y Consultas, Dr. William Contreras Ch\u00e1vez.<\/p>\n<p style=\"text-align: justify;\">El Reconocimiento de la Junta Directiva de la Orden al jurista, que es candidato de fuerza al Decanato en las pr\u00f3ximas elecciones del 30 de noviembre del 2017, fue en m\u00e9rito a haber cumplido con responsabilidad y eficiencia las funciones inherentes al \u00a0cargo de Presidente de la Comisi\u00f3n Consultiva de Derecho Aeron\u00e1utico, del Espacio y de la #Aviaci\u00f3n Comercial (CCDACAL).<\/p>\n<p style=\"text-align: justify;\">Es importante que el Gremio que representa a 70 mil abogados conozca la s\u00edntesis del Trabajo Acad\u00e9mico, que realiz\u00f3 en el a\u00f1o 2016 y que mereci\u00f3 el Reconocimiento de la Orden a este jurista que prestigia la abogac\u00eda peruana, distinci\u00f3n que la recibi\u00f3 en su nombre y en el de sus colaboradores y miembros de dicha Comisi\u00f3n Consultiva que represento en este caso los Abogados Luz Helena Garc\u00eda Nu\u00f1ez, Marilyn Flores Villaverde, Oswald Ayarza Nu\u00f1ez, Julian Fernando Palacin Guti\u00e9rrez, Ivan Torres La Torre \u00a0Angela Macchiavello Teevin y Luis Espinoza Malqui.<\/p>\n<p style=\"text-align: justify;\"><span style=\"font-size: 12.16px;\">Cabe destacar, que en este periodo el abogado Juli\u00e1n Palacin en representaci\u00f3n del CAL llev\u00f3 la Doctrina de los abogados en el Congreso de la Rep\u00fablica, en el grupo Basadre y en distintos foros nacionales, adem\u00e1s de las entrevistas en medios de comunicaci\u00f3n nacionales e internacionales en donde demostr\u00f3 la val\u00eda del abogado peruano en la defensa de los derechos humanos, de la justicia y de la soberan\u00eda peruana.<\/span><\/p>\n<p style=\"text-align: justify;\"><span style=\"font-size: 12.16px;\">La s\u00edntesis del Informe Anual de las actividades Marzo 2016 &#8211; Marzo 2017 de la CCDACAL es el siguiente:<\/span><\/p>\n<p style=\"text-align: justify;\">I. CONFERENCIAS ACADEMICAS DICTADAS EN EL CAL POR LA COMISION DE DERECHO AERONAUTICO<\/p>\n<p style=\"text-align: justify;\">En este periodo 2016 organizamos 4 Conferencias Magistrales en el Sal\u00f3n Baquijano y Carrillo del Ilustre Colegio de Abogados de Lima, 2 de ellas con la Comisi\u00f3n de Derecho Internacional Privado que preside el Embajador Eduardo Carrillo Hern\u00e1ndez en las cuales en tres de ellas fui el Expositor y en la que participaron Miembros de la Orden, como se acredita con las publicaciones adjuntas de distintos medio de comunicaci\u00f3n.<\/p>\n<p style=\"text-align: justify;\">Los temas tratados fueron los siguientes:<\/p>\n<p style=\"text-align: justify;\">1.1 25 de Agosto del 2016 &#8211; \u201cGeopol\u00edtica del Per\u00fa en el Espacio A\u00e9reo y en el Ultraterrestre.\u201d Sal\u00f3n Baquijano y Carrillo del CAL.<\/p>\n<p style=\"text-align: justify;\">1.2 La Reciprocidad en la Relaci\u00f3n A\u00e9rea Per\u00fa- Chile \u2013 Viernes 21 de Octubre del 2016. Sal\u00f3n Baquijano y Carrillo del CAL.<\/p>\n<p style=\"text-align: justify;\">1.3 5 de Diciembre del 2016 \u2013 \u201cResponsabilidad Civil en el Accidente de Aviaci\u00f3n del CHEPECOENSE.\u201d Sal\u00f3n Baquijano y Carrillo del CAL.<\/p>\n<p style=\"text-align: justify;\">1.4 3 de Febrero del 2017 \u2013 \u201cSegunda Pista en Aeropuerto Internacional Jorge Chavez.\u201d Sal\u00f3n Baquijano y Carrillo del CAL.<\/p>\n<p style=\"text-align: justify;\">II. CONFERENCIAS ACADEMICAS EN EL CONGRESO DE LA REPUBLICA DE LA COMISION DE DERECHO AERONAUATICO<\/p>\n<p style=\"text-align: justify;\">El 2 de Setiembre del 2016 la Comisi\u00f3n del Derecho Aeron\u00e1utico del CAL expuso sobre la Geopol\u00edtica de los Aeropuertos del Sur del Per\u00fa: Aeropuerto de Chinchero que dicte en el Auditorio Ra\u00fal Porras Barrenechea como Presidente de la Comisi\u00f3n de Derecho Aeron\u00e1utico del CAL y que fue transmitido en directo por el Canal del Congreso de La Republica, participaron m\u00e1s de 300 personalidades. Esta Conferencia fue publicada en la Revista de la Facultad de Derecho de la<\/p>\n<p style=\"text-align: justify;\">#UNIFE (#UniversidadFemeninadelSagradoCoraz\u00f3n) Edici\u00f3n Enero \u2013 Diciembre 2016 N\u00ba 12 P\u00e1g. 27 A-44.<\/p>\n<p style=\"text-align: justify;\">Esta Conferencia de la Comisi\u00f3n de Derecho Aeron\u00e1utico del CAL fue filmada y difundida a nivel nacional e internacional por el Canal del Congreso de la Rep\u00fablica<\/p>\n<p style=\"text-align: justify;\">III. CONFERENCIA MAGISTRAL EN EL GRUPO BASADRE<\/p>\n<p style=\"text-align: justify;\">El d\u00eda 18 de mayo del 2016 el Presidente de la Comisi\u00f3n de Derecho Aeron\u00e1utico del CAL, dio una Conferencia en el grupo Basadre sobre \u201cSoberan\u00eda a\u00e9rea y Geopol\u00edtica del #Per\u00fa\u201d, participaron los ex Cancilleres de la Rep\u00fablica Carlos Ferrero Costa, Oscar Maurtua de la Roma\u00f1a y el Almirante Fernando Grau, Presidente del grupo Basadre, entre otras personalidades.<\/p>\n<p style=\"text-align: justify;\">IV. ENTREVISTAS EN TELEVISION<\/p>\n<p style=\"text-align: justify;\">Agradezco el Reconocimiento que me hiciera la Junta Directiva del CAL<\/p>\n<p style=\"text-align: justify;\">El Ilustre Colegio de Abogados de Lima (CAL), dentro del marco oficial de las celebraciones<\/p>\n<p style=\"text-align: justify;\">El Ilustre Colegio de Abogados de Lima (CAL), dentro del marco oficial de las celebraciones por el d\u00eda del # Abogado el d\u00eda de ayer jueves 06 de Abril del 2017 a trav\u00e9s de la Junta Directiva y por disposici\u00f3n del Articulo 31 del Estatuto de la Orden, el Decano Dr. Pedro Angulo Arana y de nuestro Director de Comisiones y Consultas, Dr. William Contreras Chavez, me extendieron en documento que publico el Reconocimiento de la Junta Directiva de la Orden por haber cumplido con responsabilidad y eficiencia las funciones inherentes a mi cargo de Presidente de la Comisi\u00f3n Consultiva de Derecho Aeron\u00e1utico, del Espacio y de la Aviaci\u00f3n Comercial (CCDACAL).<\/p>\n<p style=\"text-align: justify;\">Quiero que mi Gremio conozca la s\u00edntesis del Trabajo Acad\u00e9mico que realizamos en el a\u00f1o 2016 y que mereci\u00f3 el Reconocimiento de la Orden a mi persona y a los miembros de la digna Comisi\u00f3n Consultiva que represento en este caso los Abogados Luz Helena Garc\u00eda Nu\u00f1ez, Marilyn Flores Villaverde, Oswald Ayarza Nu\u00f1ez, Julian Fernando Palacin Guti\u00e9rrez, Ivan Torres La Torre y Angela Macchiavello Teevin.<\/p>\n<p>V. PRONUNCIAMIENTO SOBRE LA ADENDA CHINCHERO<\/p>\n<p>La Comisi\u00f3n de Derecho Aeron\u00e1utico ha tenido un pronunciamiento sobre la Adenda Chinchero el 6 de Marzo del 2017.<\/p>\n<p>VI PRONUNCIAMIENTO SOBRE LA NECESIDAD DE QUE EL MTC<\/p>\n<p>NOMBRE UN COMIT\u00c9 CONSULTIVO AERONAUTICO CIVIL<\/p>\n<p>El Lunes 1 de Agosto del 2016 Como Presidente de la Comisi\u00f3n de Derecho Aeron\u00e1utico del CAL me pronuncie sobre la necesidad de que el #MTC nombre el Comit\u00e9 Consultivo de Aeron\u00e1utico Civil del Per\u00fa. Se Anexa Publicaci\u00f3n<\/p>\n<p>VII. RPP ENTREVISTO AL PRESIDENTE DE LA COMISION DE DERECHO AERONAUTICO SOBRE EL ACCIDENTE DE AVIACION DEL CHAPECOENSE<\/p>\n<p>El mi\u00e9rcoles 30 de Noviembre del 2016, #RPP Televisi\u00f3n a trav\u00e9s de los periodistas Luis Gomez y Patricia del Rio me entrevistaron como Presidente de la Comisi\u00f3n de Derecho Aeron\u00e1utico del CAL y dimos nuestra Opini\u00f3n Jur\u00eddica con trascendencia nacional e internacional.<\/p>\n<p><img decoding=\"async\" src=\"images\/stories\/17\/04\/070417\/distincion-cal.jpg\" border=\"0\" \/><\/p>\n","protected":false},"excerpt":{"rendered":"<p>(Aeronoticias) El Ilustre Colegio de Abogados de Lima (CAL), distingui\u00f3 a Juli\u00e1n Palacin Fern\u00e1ndez, dentro del marco oficial de las celebraciones por el d\u00eda del Abogado. La Resoluci\u00f3n Decanal se expidi\u00f3 de conformidad Articulo 31 del Estatuto de la Orden, y fue firmada por el Decano Dr. Pedro Angulo Arana y el Director de Comisiones [&hellip;]<\/p>\n","protected":false},"author":1,"featured_media":0,"comment_status":"open","ping_status":"open","sticky":false,"template":"","format":"standard","meta":{"tdm_status":"","tdm_grid_status":"","footnotes":""},"categories":[38],"tags":[],"class_list":{"0":"post-56497","1":"post","2":"type-post","3":"status-publish","4":"format-standard","6":"category-nacionales"},"yoast_head":"<!-- This site is optimized with the Yoast SEO plugin v25.1 - https:\/\/yoast.com\/wordpress\/plugins\/seo\/ -->\n<title>Colegio de Abogados de Lima (CAL) distingui\u00f3 a Juli\u00e1n Palacin<\/title>\n<meta name=\"description\" content=\"Portal de noticias del Per\u00fa sobre el transporte a\u00e9reo, aviaci\u00f3n, turismo, hoteleria, actualidad.\" \/>\n<meta name=\"robots\" content=\"index, follow, max-snippet:-1, max-image-preview:large, max-video-preview:-1\" \/>\n<link rel=\"canonical\" href=\"https:\/\/aeronoticias.com.pe\/noticiero\/nacionales\/colegio-de-abogados-de-lima-cal-distinguio-a-julian-palacin\/\" \/>\n<meta property=\"og:locale\" content=\"es_ES\" \/>\n<meta property=\"og:type\" content=\"article\" \/>\n<meta property=\"og:title\" content=\"Colegio de Abogados de Lima (CAL) distingui\u00f3 a Juli\u00e1n Palacin\" \/>\n<meta property=\"og:description\" content=\"Portal de noticias del Per\u00fa sobre el transporte a\u00e9reo, aviaci\u00f3n, turismo, hoteleria, actualidad.\" \/>\n<meta property=\"og:url\" content=\"https:\/\/aeronoticias.com.pe\/noticiero\/nacionales\/colegio-de-abogados-de-lima-cal-distinguio-a-julian-palacin\/\" \/>\n<meta property=\"og:site_name\" content=\"Aeronoticias.com.pe\" \/>\n<meta property=\"article:publisher\" content=\"https:\/\/www.facebook.com\/Aeronoticias.com.pe\/\" \/>\n<meta property=\"article:published_time\" content=\"2017-04-07T18:19:50+00:00\" \/>\n<meta name=\"author\" content=\"Redacci\u00f3n Aeronoticias\" \/>\n<meta name=\"twitter:card\" content=\"summary_large_image\" \/>\n<meta name=\"twitter:creator\" content=\"@aeronoticias\" \/>\n<meta name=\"twitter:site\" content=\"@aeronoticias\" \/>\n<meta name=\"twitter:label1\" content=\"Escrito por\" \/>\n\t<meta name=\"twitter:data1\" content=\"Redacci\u00f3n Aeronoticias\" \/>\n\t<meta name=\"twitter:label2\" content=\"Tiempo de lectura\" \/>\n\t<meta name=\"twitter:data2\" content=\"5 minutos\" \/>\n<script type=\"application\/ld+json\" class=\"yoast-schema-graph\">{\"@context\":\"https:\/\/schema.org\",\"@graph\":[{\"@type\":\"WebPage\",\"@id\":\"https:\/\/aeronoticias.com.pe\/noticiero\/nacionales\/colegio-de-abogados-de-lima-cal-distinguio-a-julian-palacin\/\",\"url\":\"https:\/\/aeronoticias.com.pe\/noticiero\/nacionales\/colegio-de-abogados-de-lima-cal-distinguio-a-julian-palacin\/\",\"name\":\"Colegio de Abogados de Lima (CAL) distingui\u00f3 a Juli\u00e1n Palacin\",\"isPartOf\":{\"@id\":\"https:\/\/aeronoticias.com.pe\/noticiero\/#website\"},\"datePublished\":\"2017-04-07T18:19:50+00:00\",\"author\":{\"@id\":\"https:\/\/aeronoticias.com.pe\/noticiero\/#\/schema\/person\/fc1e5d578f4b62ba1cf7ac2bba1170a0\"},\"description\":\"Portal de noticias del Per\u00fa sobre el transporte a\u00e9reo, aviaci\u00f3n, turismo, hoteleria, actualidad.\",\"breadcrumb\":{\"@id\":\"https:\/\/aeronoticias.com.pe\/noticiero\/nacionales\/colegio-de-abogados-de-lima-cal-distinguio-a-julian-palacin\/#breadcrumb\"},\"inLanguage\":\"es\",\"potentialAction\":[{\"@type\":\"ReadAction\",\"target\":[\"https:\/\/aeronoticias.com.pe\/noticiero\/nacionales\/colegio-de-abogados-de-lima-cal-distinguio-a-julian-palacin\/\"]}]},{\"@type\":\"BreadcrumbList\",\"@id\":\"https:\/\/aeronoticias.com.pe\/noticiero\/nacionales\/colegio-de-abogados-de-lima-cal-distinguio-a-julian-palacin\/#breadcrumb\",\"itemListElement\":[{\"@type\":\"ListItem\",\"position\":1,\"name\":\"Portada\",\"item\":\"https:\/\/aeronoticias.com.pe\/noticiero\/\"},{\"@type\":\"ListItem\",\"position\":2,\"name\":\"Colegio de Abogados de Lima (CAL) distingui\u00f3 a Juli\u00e1n Palacin\"}]},{\"@type\":\"WebSite\",\"@id\":\"https:\/\/aeronoticias.com.pe\/noticiero\/#website\",\"url\":\"https:\/\/aeronoticias.com.pe\/noticiero\/\",\"name\":\"Aeronoticias.com.pe\",\"description\":\"Noticias de tranporte aereo, turismo, hoteles, gastronomia, actualidad, internacional\",\"potentialAction\":[{\"@type\":\"SearchAction\",\"target\":{\"@type\":\"EntryPoint\",\"urlTemplate\":\"https:\/\/aeronoticias.com.pe\/noticiero\/?s={search_term_string}\"},\"query-input\":{\"@type\":\"PropertyValueSpecification\",\"valueRequired\":true,\"valueName\":\"search_term_string\"}}],\"inLanguage\":\"es\"},{\"@type\":\"Person\",\"@id\":\"https:\/\/aeronoticias.com.pe\/noticiero\/#\/schema\/person\/fc1e5d578f4b62ba1cf7ac2bba1170a0\",\"name\":\"Redacci\u00f3n Aeronoticias\",\"url\":\"https:\/\/aeronoticias.com.pe\/noticiero\/author\/piloto\/\"}]}<\/script>\n<!-- \/ Yoast SEO plugin. -->","yoast_head_json":{"title":"Colegio de Abogados de Lima (CAL) distingui\u00f3 a Juli\u00e1n Palacin","description":"Portal de noticias del Per\u00fa sobre el transporte a\u00e9reo, aviaci\u00f3n, turismo, hoteleria, actualidad.","robots":{"index":"index","follow":"follow","max-snippet":"max-snippet:-1","max-image-preview":"max-image-preview:large","max-video-preview":"max-video-preview:-1"},"canonical":"https:\/\/aeronoticias.com.pe\/noticiero\/nacionales\/colegio-de-abogados-de-lima-cal-distinguio-a-julian-palacin\/","og_locale":"es_ES","og_type":"article","og_title":"Colegio de Abogados de Lima (CAL) distingui\u00f3 a Juli\u00e1n Palacin","og_description":"Portal de noticias del Per\u00fa sobre el transporte a\u00e9reo, aviaci\u00f3n, turismo, hoteleria, actualidad.","og_url":"https:\/\/aeronoticias.com.pe\/noticiero\/nacionales\/colegio-de-abogados-de-lima-cal-distinguio-a-julian-palacin\/","og_site_name":"Aeronoticias.com.pe","article_publisher":"https:\/\/www.facebook.com\/Aeronoticias.com.pe\/","article_published_time":"2017-04-07T18:19:50+00:00","author":"Redacci\u00f3n Aeronoticias","twitter_card":"summary_large_image","twitter_creator":"@aeronoticias","twitter_site":"@aeronoticias","twitter_misc":{"Escrito por":"Redacci\u00f3n Aeronoticias","Tiempo de lectura":"5 minutos"},"schema":{"@context":"https:\/\/schema.org","@graph":[{"@type":"WebPage","@id":"https:\/\/aeronoticias.com.pe\/noticiero\/nacionales\/colegio-de-abogados-de-lima-cal-distinguio-a-julian-palacin\/","url":"https:\/\/aeronoticias.com.pe\/noticiero\/nacionales\/colegio-de-abogados-de-lima-cal-distinguio-a-julian-palacin\/","name":"Colegio de Abogados de Lima (CAL) distingui\u00f3 a Juli\u00e1n Palacin","isPartOf":{"@id":"https:\/\/aeronoticias.com.pe\/noticiero\/#website"},"datePublished":"2017-04-07T18:19:50+00:00","author":{"@id":"https:\/\/aeronoticias.com.pe\/noticiero\/#\/schema\/person\/fc1e5d578f4b62ba1cf7ac2bba1170a0"},"description":"Portal de noticias del Per\u00fa sobre el transporte a\u00e9reo, aviaci\u00f3n, turismo, hoteleria, actualidad.","breadcrumb":{"@id":"https:\/\/aeronoticias.com.pe\/noticiero\/nacionales\/colegio-de-abogados-de-lima-cal-distinguio-a-julian-palacin\/#breadcrumb"},"inLanguage":"es","potentialAction":[{"@type":"ReadAction","target":["https:\/\/aeronoticias.com.pe\/noticiero\/nacionales\/colegio-de-abogados-de-lima-cal-distinguio-a-julian-palacin\/"]}]},{"@type":"BreadcrumbList","@id":"https:\/\/aeronoticias.com.pe\/noticiero\/nacionales\/colegio-de-abogados-de-lima-cal-distinguio-a-julian-palacin\/#breadcrumb","itemListElement":[{"@type":"ListItem","position":1,"name":"Portada","item":"https:\/\/aeronoticias.com.pe\/noticiero\/"},{"@type":"ListItem","position":2,"name":"Colegio de Abogados de Lima (CAL) distingui\u00f3 a Juli\u00e1n Palacin"}]},{"@type":"WebSite","@id":"https:\/\/aeronoticias.com.pe\/noticiero\/#website","url":"https:\/\/aeronoticias.com.pe\/noticiero\/","name":"Aeronoticias.com.pe","description":"Noticias de tranporte aereo, turismo, hoteles, gastronomia, actualidad, internacional","potentialAction":[{"@type":"SearchAction","target":{"@type":"EntryPoint","urlTemplate":"https:\/\/aeronoticias.com.pe\/noticiero\/?s={search_term_string}"},"query-input":{"@type":"PropertyValueSpecification","valueRequired":true,"valueName":"search_term_string"}}],"inLanguage":"es"},{"@type":"Person","@id":"https:\/\/aeronoticias.com.pe\/noticiero\/#\/schema\/person\/fc1e5d578f4b62ba1cf7ac2bba1170a0","name":"Redacci\u00f3n Aeronoticias","url":"https:\/\/aeronoticias.com.pe\/noticiero\/author\/piloto\/"}]}},"_links":{"self":[{"href":"https:\/\/aeronoticias.com.pe\/noticiero\/wp-json\/wp\/v2\/posts\/56497","targetHints":{"allow":["GET"]}}],"collection":[{"href":"https:\/\/aeronoticias.com.pe\/noticiero\/wp-json\/wp\/v2\/posts"}],"about":[{"href":"https:\/\/aeronoticias.com.pe\/noticiero\/wp-json\/wp\/v2\/types\/post"}],"author":[{"embeddable":true,"href":"https:\/\/aeronoticias.com.pe\/noticiero\/wp-json\/wp\/v2\/users\/1"}],"replies":[{"embeddable":true,"href":"https:\/\/aeronoticias.com.pe\/noticiero\/wp-json\/wp\/v2\/comments?post=56497"}],"version-history":[{"count":0,"href":"https:\/\/aeronoticias.com.pe\/noticiero\/wp-json\/wp\/v2\/posts\/56497\/revisions"}],"wp:attachment":[{"href":"https:\/\/aeronoticias.com.pe\/noticiero\/wp-json\/wp\/v2\/media?parent=56497"}],"wp:term":[{"taxonomy":"category","embeddable":true,"href":"https:\/\/aeronoticias.com.pe\/noticiero\/wp-json\/wp\/v2\/categories?post=56497"},{"taxonomy":"post_tag","embeddable":true,"href":"https:\/\/aeronoticias.com.pe\/noticiero\/wp-json\/wp\/v2\/tags?post=56497"}],"curies":[{"name":"wp","href":"https:\/\/api.w.org\/{rel}","templated":true}]}}