{"id":56498,"date":"2017-04-07T20:22:44","date_gmt":"2017-04-07T20:22:44","guid":{"rendered":"http:\/\/desarrollo.mcvicious.com\/aero2020\/2017\/04\/07\/trabajadores-de-latam-lan-denunciaron-en-el-2016-choque-de-2-aeronaves-por-falta-de-personal\/"},"modified":"2017-04-07T20:22:44","modified_gmt":"2017-04-07T20:22:44","slug":"trabajadores-de-latam-lan-denunciaron-en-el-2016-choque-de-2-aeronaves-por-falta-de-personal","status":"publish","type":"post","link":"https:\/\/aeronoticias.com.pe\/noticiero\/49\/trabajadores-de-latam-lan-denunciaron-en-el-2016-choque-de-2-aeronaves-por-falta-de-personal\/","title":{"rendered":"Trabajadores de Latam-LAN denunciaron en el 2016 choque de 2 aeronaves por falta de personal"},"content":{"rendered":"<p style=\"text-align: justify;\"><strong>(Aeronoticias) <\/strong>El sindicato denunci\u00f3 que en el 2016 donde trabajaban 3 personas, trabaja una, con la misma cantidad de vuelos y turnos extenuantes\u00bb.<\/p>\n<p style=\"text-align: justify;\">Dos aviones boeing 787 colisionaron en el 2016 sus alas en la base terrestre de la compa\u00f1\u00eda en el Aeropuerto de Santiago.<span style=\"font-size: 12.16px;\">La Red Sindical de Latam denunci\u00f3 que el a\u00f1o pasado, debido a la falta de personal, se produjo un choque entre dos aviones boeing 787 en la base terrestre de la compa\u00f1\u00eda en el Aeropuerto de Santiago.<\/span><\/p>\n<p style=\"text-align: justify;\">Las alas de ambas naves colisionaron provocando da\u00f1os que conllevaron retrasos en varios vuelos, seg\u00fan dio cuenta el gremio en un comunicado.<\/p>\n<p style=\"text-align: justify;\">Sobre esta situaci\u00f3n, la Red Sindicial enfatiz\u00f3 que \u00aben los \u00faltimos meses la Gerencia de Mantenimiento ha despedido aproximadamente 150 trabajadores, entre ellos, hace dos meses, personal del Departamento de Se\u00f1aleros, encargados de evitar colisiones como la de este domingo. Hoy, donde trabajaban 3 personas, trabaja una, con la misma cantidad de vuelos y turnos extenuantes\u00bb.<\/p>\n<p style=\"text-align: justify;\">\u00abEl accidente de este domingo es una expresi\u00f3n de lo que vienen denunciando los trabajadores en Chile y en Latinoam\u00e9rica hace meses\u00bb, remarca la Red que fustig\u00f3 la pol\u00edtica de reducci\u00f3n de personal de la compa\u00f1\u00eda.<\/p>\n<p style=\"text-align: justify;\">Seg\u00fan el gremio, el gerente general, Ignacio Cueto, les confirm\u00f3 que ya han sido despedidos 5.000 trabajadores anunciando \u00aba lo menos\u00bb 5.000 m\u00e1s.<\/p>\n<p style=\"text-align: justify;\">\u00abEl viraje de la compa\u00f1\u00eda hacia el sistema &#8216;low cost&#8217; o &#8216;bajo costo&#8217;, tambi\u00e9n anunciado por Cueto hace una semana, no ahorra costos, los traslada a los pasajeros con tarificaci\u00f3n por servicios, a los trabajadores con p\u00e9rdida de puestos de trabajo y al necesario control de las operaciones de vuelo para su seguridad en el aire\u00bb, a\u00f1ade el comunicado.<\/p>\n<p style=\"text-align: justify;\">\u00abPor cada trabajador despedido, manteniendo el mismo flujo de vuelos o m\u00e1s, se afectan los procedimientos internos y con ellos la seguridad de los vuelos\u00bb, remarc\u00f3 el gremio.<\/p>\n<p style=\"text-align: justify;\">subirAerol\u00ednea: En ning\u00fan momento signific\u00f3 riesgo para empleados<\/p>\n<p style=\"text-align: justify;\">A trav\u00e9s de una declaraci\u00f3n, la compa\u00f1\u00eda inform\u00f3 que \u00abdicho evento ocurri\u00f3 el d\u00eda de ayer (20 de noviembre) cuando una de las aeronaves se encontraba siendo trasladada a su posici\u00f3n en la base de mantenimiento de Latam en Santiago de Chile\u00bb.<\/p>\n<p style=\"text-align: justify;\">La empresa asegur\u00f3 que \u00abno hab\u00eda pasajeros ni miembros de tripulaci\u00f3n a bordo y en ning\u00fan momento signific\u00f3 un riesgo para nuestros empleados. Una vez que finalicen las respectivas inspecciones y reparaciones, la compa\u00f1\u00eda espera que ambos aviones puedan reanudar su operaci\u00f3n en el corto plazo\u00bb.<\/p>\n<p style=\"text-align: justify;\">\u00abLa compa\u00f1\u00eda reitera su compromiso con la seguridad como un valor intransable en el marco de sus est\u00e1ndares operacionales, por lo que inici\u00f3 de inmediato una profunda investigaci\u00f3n de lo ocurrido para evitar que incidentes de este tipo pudieran repetirse en el futuro\u00bb, concluye la declaraci\u00f3n.<\/p>\n<p style=\"text-align: justify;\"><strong style=\"font-size: 12.16px;\"><em>Fuente: http:\/\/www.cooperativa.cl\/noticias\/pais\/transportes\/aviacion\/trabajadores-de-latam-denuncian-choque-de-aviones-por-falta-de-personal\/2016-11-21\/212918.html<\/em><\/strong><\/p>\n<p><img decoding=\"async\" src=\"images\/stories\/17\/04\/070417\/latamchoque.jpg\" border=\"0\" \/><\/p>\n","protected":false},"excerpt":{"rendered":"<p>(Aeronoticias) El sindicato denunci\u00f3 que en el 2016 donde trabajaban 3 personas, trabaja una, con la misma cantidad de vuelos y turnos extenuantes\u00bb. Dos aviones boeing 787 colisionaron en el 2016 sus alas en la base terrestre de la compa\u00f1\u00eda en el Aeropuerto de Santiago.La Red Sindical de Latam denunci\u00f3 que el a\u00f1o pasado, debido [&hellip;]<\/p>\n","protected":false},"author":1,"featured_media":0,"comment_status":"open","ping_status":"open","sticky":false,"template":"","format":"standard","meta":{"tdm_status":"","tdm_grid_status":"","footnotes":""},"categories":[39],"tags":[],"class_list":{"0":"post-56498","1":"post","2":"type-post","3":"status-publish","4":"format-standard","6":"category-39"},"yoast_head":"<!-- This site is optimized with the Yoast SEO plugin v25.1 - https:\/\/yoast.com\/wordpress\/plugins\/seo\/ -->\n<title>Trabajadores de Latam-LAN denunciaron en el 2016 choque de 2 aeronaves por falta de personal<\/title>\n<meta name=\"description\" content=\"Portal de noticias del Per\u00fa sobre el transporte a\u00e9reo, aviaci\u00f3n, turismo, hoteleria, actualidad.\" \/>\n<meta name=\"robots\" content=\"index, follow, max-snippet:-1, max-image-preview:large, max-video-preview:-1\" \/>\n<link rel=\"canonical\" href=\"https:\/\/aeronoticias.com.pe\/noticiero\/49\/trabajadores-de-latam-lan-denunciaron-en-el-2016-choque-de-2-aeronaves-por-falta-de-personal\/\" \/>\n<meta property=\"og:locale\" content=\"es_ES\" \/>\n<meta property=\"og:type\" content=\"article\" \/>\n<meta property=\"og:title\" content=\"Trabajadores de Latam-LAN denunciaron en el 2016 choque de 2 aeronaves por falta de personal\" \/>\n<meta property=\"og:description\" content=\"Portal de noticias del Per\u00fa sobre el transporte a\u00e9reo, aviaci\u00f3n, turismo, hoteleria, actualidad.\" \/>\n<meta property=\"og:url\" content=\"https:\/\/aeronoticias.com.pe\/noticiero\/49\/trabajadores-de-latam-lan-denunciaron-en-el-2016-choque-de-2-aeronaves-por-falta-de-personal\/\" \/>\n<meta property=\"og:site_name\" content=\"Aeronoticias.com.pe\" \/>\n<meta property=\"article:publisher\" content=\"https:\/\/www.facebook.com\/Aeronoticias.com.pe\/\" \/>\n<meta property=\"article:published_time\" content=\"2017-04-07T20:22:44+00:00\" \/>\n<meta name=\"author\" content=\"Redacci\u00f3n Aeronoticias\" \/>\n<meta name=\"twitter:card\" content=\"summary_large_image\" \/>\n<meta name=\"twitter:creator\" content=\"@aeronoticias\" \/>\n<meta name=\"twitter:site\" content=\"@aeronoticias\" \/>\n<meta name=\"twitter:label1\" content=\"Escrito por\" \/>\n\t<meta name=\"twitter:data1\" content=\"Redacci\u00f3n Aeronoticias\" \/>\n\t<meta name=\"twitter:label2\" content=\"Tiempo de lectura\" \/>\n\t<meta name=\"twitter:data2\" content=\"2 minutos\" \/>\n<script type=\"application\/ld+json\" class=\"yoast-schema-graph\">{\"@context\":\"https:\/\/schema.org\",\"@graph\":[{\"@type\":\"WebPage\",\"@id\":\"https:\/\/aeronoticias.com.pe\/noticiero\/49\/trabajadores-de-latam-lan-denunciaron-en-el-2016-choque-de-2-aeronaves-por-falta-de-personal\/\",\"url\":\"https:\/\/aeronoticias.com.pe\/noticiero\/49\/trabajadores-de-latam-lan-denunciaron-en-el-2016-choque-de-2-aeronaves-por-falta-de-personal\/\",\"name\":\"Trabajadores de Latam-LAN denunciaron en el 2016 choque de 2 aeronaves por falta de personal\",\"isPartOf\":{\"@id\":\"https:\/\/aeronoticias.com.pe\/noticiero\/#website\"},\"datePublished\":\"2017-04-07T20:22:44+00:00\",\"author\":{\"@id\":\"https:\/\/aeronoticias.com.pe\/noticiero\/#\/schema\/person\/fc1e5d578f4b62ba1cf7ac2bba1170a0\"},\"description\":\"Portal de noticias del Per\u00fa sobre el transporte a\u00e9reo, aviaci\u00f3n, turismo, hoteleria, actualidad.\",\"breadcrumb\":{\"@id\":\"https:\/\/aeronoticias.com.pe\/noticiero\/49\/trabajadores-de-latam-lan-denunciaron-en-el-2016-choque-de-2-aeronaves-por-falta-de-personal\/#breadcrumb\"},\"inLanguage\":\"es\",\"potentialAction\":[{\"@type\":\"ReadAction\",\"target\":[\"https:\/\/aeronoticias.com.pe\/noticiero\/49\/trabajadores-de-latam-lan-denunciaron-en-el-2016-choque-de-2-aeronaves-por-falta-de-personal\/\"]}]},{\"@type\":\"BreadcrumbList\",\"@id\":\"https:\/\/aeronoticias.com.pe\/noticiero\/49\/trabajadores-de-latam-lan-denunciaron-en-el-2016-choque-de-2-aeronaves-por-falta-de-personal\/#breadcrumb\",\"itemListElement\":[{\"@type\":\"ListItem\",\"position\":1,\"name\":\"Portada\",\"item\":\"https:\/\/aeronoticias.com.pe\/noticiero\/\"},{\"@type\":\"ListItem\",\"position\":2,\"name\":\"Trabajadores de Latam-LAN denunciaron en el 2016 choque de 2 aeronaves por falta de personal\"}]},{\"@type\":\"WebSite\",\"@id\":\"https:\/\/aeronoticias.com.pe\/noticiero\/#website\",\"url\":\"https:\/\/aeronoticias.com.pe\/noticiero\/\",\"name\":\"Aeronoticias.com.pe\",\"description\":\"Noticias de tranporte aereo, turismo, hoteles, gastronomia, actualidad, internacional\",\"potentialAction\":[{\"@type\":\"SearchAction\",\"target\":{\"@type\":\"EntryPoint\",\"urlTemplate\":\"https:\/\/aeronoticias.com.pe\/noticiero\/?s={search_term_string}\"},\"query-input\":{\"@type\":\"PropertyValueSpecification\",\"valueRequired\":true,\"valueName\":\"search_term_string\"}}],\"inLanguage\":\"es\"},{\"@type\":\"Person\",\"@id\":\"https:\/\/aeronoticias.com.pe\/noticiero\/#\/schema\/person\/fc1e5d578f4b62ba1cf7ac2bba1170a0\",\"name\":\"Redacci\u00f3n Aeronoticias\",\"url\":\"https:\/\/aeronoticias.com.pe\/noticiero\/author\/piloto\/\"}]}<\/script>\n<!-- \/ Yoast SEO plugin. -->","yoast_head_json":{"title":"Trabajadores de Latam-LAN denunciaron en el 2016 choque de 2 aeronaves por falta de personal","description":"Portal de noticias del Per\u00fa sobre el transporte a\u00e9reo, aviaci\u00f3n, turismo, hoteleria, actualidad.","robots":{"index":"index","follow":"follow","max-snippet":"max-snippet:-1","max-image-preview":"max-image-preview:large","max-video-preview":"max-video-preview:-1"},"canonical":"https:\/\/aeronoticias.com.pe\/noticiero\/49\/trabajadores-de-latam-lan-denunciaron-en-el-2016-choque-de-2-aeronaves-por-falta-de-personal\/","og_locale":"es_ES","og_type":"article","og_title":"Trabajadores de Latam-LAN denunciaron en el 2016 choque de 2 aeronaves por falta de personal","og_description":"Portal de noticias del Per\u00fa sobre el transporte a\u00e9reo, aviaci\u00f3n, turismo, hoteleria, actualidad.","og_url":"https:\/\/aeronoticias.com.pe\/noticiero\/49\/trabajadores-de-latam-lan-denunciaron-en-el-2016-choque-de-2-aeronaves-por-falta-de-personal\/","og_site_name":"Aeronoticias.com.pe","article_publisher":"https:\/\/www.facebook.com\/Aeronoticias.com.pe\/","article_published_time":"2017-04-07T20:22:44+00:00","author":"Redacci\u00f3n Aeronoticias","twitter_card":"summary_large_image","twitter_creator":"@aeronoticias","twitter_site":"@aeronoticias","twitter_misc":{"Escrito por":"Redacci\u00f3n Aeronoticias","Tiempo de lectura":"2 minutos"},"schema":{"@context":"https:\/\/schema.org","@graph":[{"@type":"WebPage","@id":"https:\/\/aeronoticias.com.pe\/noticiero\/49\/trabajadores-de-latam-lan-denunciaron-en-el-2016-choque-de-2-aeronaves-por-falta-de-personal\/","url":"https:\/\/aeronoticias.com.pe\/noticiero\/49\/trabajadores-de-latam-lan-denunciaron-en-el-2016-choque-de-2-aeronaves-por-falta-de-personal\/","name":"Trabajadores de Latam-LAN denunciaron en el 2016 choque de 2 aeronaves por falta de personal","isPartOf":{"@id":"https:\/\/aeronoticias.com.pe\/noticiero\/#website"},"datePublished":"2017-04-07T20:22:44+00:00","author":{"@id":"https:\/\/aeronoticias.com.pe\/noticiero\/#\/schema\/person\/fc1e5d578f4b62ba1cf7ac2bba1170a0"},"description":"Portal de noticias del Per\u00fa sobre el transporte a\u00e9reo, aviaci\u00f3n, turismo, hoteleria, actualidad.","breadcrumb":{"@id":"https:\/\/aeronoticias.com.pe\/noticiero\/49\/trabajadores-de-latam-lan-denunciaron-en-el-2016-choque-de-2-aeronaves-por-falta-de-personal\/#breadcrumb"},"inLanguage":"es","potentialAction":[{"@type":"ReadAction","target":["https:\/\/aeronoticias.com.pe\/noticiero\/49\/trabajadores-de-latam-lan-denunciaron-en-el-2016-choque-de-2-aeronaves-por-falta-de-personal\/"]}]},{"@type":"BreadcrumbList","@id":"https:\/\/aeronoticias.com.pe\/noticiero\/49\/trabajadores-de-latam-lan-denunciaron-en-el-2016-choque-de-2-aeronaves-por-falta-de-personal\/#breadcrumb","itemListElement":[{"@type":"ListItem","position":1,"name":"Portada","item":"https:\/\/aeronoticias.com.pe\/noticiero\/"},{"@type":"ListItem","position":2,"name":"Trabajadores de Latam-LAN denunciaron en el 2016 choque de 2 aeronaves por falta de personal"}]},{"@type":"WebSite","@id":"https:\/\/aeronoticias.com.pe\/noticiero\/#website","url":"https:\/\/aeronoticias.com.pe\/noticiero\/","name":"Aeronoticias.com.pe","description":"Noticias de tranporte aereo, turismo, hoteles, gastronomia, actualidad, internacional","potentialAction":[{"@type":"SearchAction","target":{"@type":"EntryPoint","urlTemplate":"https:\/\/aeronoticias.com.pe\/noticiero\/?s={search_term_string}"},"query-input":{"@type":"PropertyValueSpecification","valueRequired":true,"valueName":"search_term_string"}}],"inLanguage":"es"},{"@type":"Person","@id":"https:\/\/aeronoticias.com.pe\/noticiero\/#\/schema\/person\/fc1e5d578f4b62ba1cf7ac2bba1170a0","name":"Redacci\u00f3n Aeronoticias","url":"https:\/\/aeronoticias.com.pe\/noticiero\/author\/piloto\/"}]}},"_links":{"self":[{"href":"https:\/\/aeronoticias.com.pe\/noticiero\/wp-json\/wp\/v2\/posts\/56498","targetHints":{"allow":["GET"]}}],"collection":[{"href":"https:\/\/aeronoticias.com.pe\/noticiero\/wp-json\/wp\/v2\/posts"}],"about":[{"href":"https:\/\/aeronoticias.com.pe\/noticiero\/wp-json\/wp\/v2\/types\/post"}],"author":[{"embeddable":true,"href":"https:\/\/aeronoticias.com.pe\/noticiero\/wp-json\/wp\/v2\/users\/1"}],"replies":[{"embeddable":true,"href":"https:\/\/aeronoticias.com.pe\/noticiero\/wp-json\/wp\/v2\/comments?post=56498"}],"version-history":[{"count":0,"href":"https:\/\/aeronoticias.com.pe\/noticiero\/wp-json\/wp\/v2\/posts\/56498\/revisions"}],"wp:attachment":[{"href":"https:\/\/aeronoticias.com.pe\/noticiero\/wp-json\/wp\/v2\/media?parent=56498"}],"wp:term":[{"taxonomy":"category","embeddable":true,"href":"https:\/\/aeronoticias.com.pe\/noticiero\/wp-json\/wp\/v2\/categories?post=56498"},{"taxonomy":"post_tag","embeddable":true,"href":"https:\/\/aeronoticias.com.pe\/noticiero\/wp-json\/wp\/v2\/tags?post=56498"}],"curies":[{"name":"wp","href":"https:\/\/api.w.org\/{rel}","templated":true}]}}