{"id":56501,"date":"2017-04-10T20:10:47","date_gmt":"2017-04-10T20:10:47","guid":{"rendered":"http:\/\/desarrollo.mcvicious.com\/aero2020\/2017\/04\/10\/los-abogados-del-peru-en-defensa-de-la-libertad-de-prensa\/"},"modified":"2020-09-11T15:27:32","modified_gmt":"2020-09-11T15:27:32","slug":"los-abogados-del-peru-en-defensa-de-la-libertad-de-prensa","status":"publish","type":"post","link":"https:\/\/aeronoticias.com.pe\/noticiero\/historia-derecho-aero-peruano\/los-abogados-del-peru-en-defensa-de-la-libertad-de-prensa\/","title":{"rendered":"Los abogados del Per\u00fa en defensa de la libertad de prensa"},"content":{"rendered":"<p style=\"text-align: justify;\"><strong>(Aeronoticias)<\/strong> El Proyecto de Ley Fujimorista \u00abLetona Aramayo\u00bb sobre los medios de comunicaci\u00f3n es Inconstitucional, y busca controlar los Medios de Comunicaci\u00f3n con el supuesto prop\u00f3sito de proteger \u00ablas Libertades y Derechos Informativos de la Poblaci\u00f3n\u00bb, expres\u00f3 Juli\u00e1n Palacin Fern\u00e1ndez, l\u00edder de <a href=\"http:\/\/www.abogadosconelcambio.pe\/\" target=\"_blank\" rel=\"noopener noreferrer\">Abogados con el cambio <\/a>y candidato al Decanato del Ilustre Colegio de Abogados de Lima (CAL), periodo 2018-2019.<\/p>\n<p style=\"text-align: justify;\">Dijo que, \u201cSe abre un peligroso camino para someter a los medios de comunicaci\u00f3n con denuncias contra Periodistas o Directores de Medios que por el simple hecho de tener una investigaci\u00f3n del Ministerio Publico o un Proceso Penal abierto, se les impedir\u00eda ocupar cargos dentro de estos Medios de Prensa\u201d.<\/p>\n<p style=\"text-align: justify;\">\u201cEl Estado violando el principio de la Libertad de Prensa intervendr\u00eda en los Medios de Comunicaci\u00f3n a trav\u00e9s de la creaci\u00f3n de una \u00abveedur\u00eda ciudadana\u00bb regulada por el Ministerio de Transportes (MTC), lo cual a los hombres de derecho, nos merece un rechazo que estoy seguro es compartido por mis agremiados del Ilustre Colegio de Abogados de Lima (CAL) y de los Colegios de Abogados de todo el Territorio de la La Rep\u00fablica del Per\u00fa\u201d.<\/p>\n<p style=\"text-align: justify;\">\u201cEste Proyecto pretende regular desde el Estado, la objetividad, veracidad, oportunidad y pluralidad de la informaci\u00f3n, en una Ley que ser\u00eda anticonstitucional, llev\u00e1ndonos al absurdo de no respetar el principio Constitucional de Inocencia\u201d.<\/p>\n<p style=\"text-align: justify;\">\u201cLa Constituci\u00f3n Peruana extiende expresamente el Derecho de Libertad de Informaci\u00f3n y expresi\u00f3n al Derecho de fundar y dirigir un medio de Comunicaciones, en consecuencia esto determina que la protecci\u00f3n tambi\u00e9n recae sobre las personas que deciden fundar o dirigir un medio, que incluye las p\u00e1ginas web y los blogueros, que tendr\u00edan una espada de Damocles, es decir pender\u00eda sobre sus cabezas el peligro inminente de ser denunciados penalmente para impedirles ejercer la noble profesi\u00f3n del Periodismo que es la garant\u00eda que tienen todas las democracias del mundo y sus ciudadanos para ejercer realmente la Libertad\u201d.<\/p>\n<p style=\"text-align: justify;\">\u201cEl rechazo de la Sociedad Interamericana de Prensa (SIP), refleja el Consenso Internacional que existe contra \u00e9ste Proyecto de Ley, que de ninguna manera va a prosperar ya que la Sociedad Civil, representada en la Junta de Decanos de los Colegios de Abogados del Per\u00fa y que representa a todos los hombres de Derecho del Per\u00fa, daremos una dura batalla en la opini\u00f3n p\u00fablica Nacional e Internacional y si es necesario tambi\u00e9n en el Poder Judicial y en la Jurisdicci\u00f3n Internacional\u201d.<\/p>\n<p style=\"text-align: justify;\">Creo que ha llegado el momento de pensar que el Congreso de la Rep\u00fablica deber\u00eda consultar al Ilustre Colegio de Abogados de Lima (CAL), los Proyectos de Ley en materia Constitucional, de Derechos Humanos y de temas que involucran la Soberan\u00eda.<\/p>\n<p style=\"text-align: justify;\">Por \u00faltimo, Juli\u00e1n Palacin Fern\u00e1ndez dijo que \u201cen el Per\u00fa es muy f\u00e1cil denunciar a alguien por corrupci\u00f3n y es m\u00e1s f\u00e1cil que le abran una investigaci\u00f3n, en consecuencia \u00e9sta Ley legitimar\u00eda la violaci\u00f3n del principio constitucional de Inocencia ya que un periodista podr\u00eda ser procesado durante varios a\u00f1os y durante este periodo no podr\u00edan ejercer, no importa que luego en sentencia consentida sea declarado inocente. En fin estamos ante un Proyecto de Ley de corte dictatorial que las mentes m\u00e1s ilustres que tiene el Per\u00fa estoy seguro va a rechazar, por lo pronto los Abogados de la Instituci\u00f3n Bicentenario que estuvo en la Independencia del Per\u00fa el Ilustre Colegio de Abogados de Lima (CAL), nos oponemos a este Proyecto de Ley que espero sea solamente una de las iniciativas anticonstitucionales que morir\u00e1 como naci\u00f3, es decir jur\u00eddicamente totalmente muerta\u201d.<\/p>\n<p style=\"text-align: justify;\"><img decoding=\"async\" src=\"images\/stories\/17\/04\/100417\/jpalacin.jpg\" border=\"0\" \/><\/p>\n","protected":false},"excerpt":{"rendered":"<p>(Aeronoticias) El Proyecto de Ley Fujimorista \u00abLetona Aramayo\u00bb sobre los medios de comunicaci\u00f3n es Inconstitucional, y busca controlar los Medios de Comunicaci\u00f3n con el supuesto prop\u00f3sito de proteger \u00ablas Libertades y Derechos Informativos de la Poblaci\u00f3n\u00bb, expres\u00f3 Juli\u00e1n Palacin Fern\u00e1ndez, l\u00edder de Abogados con el cambio y candidato al Decanato del Ilustre Colegio de Abogados [&hellip;]<\/p>\n","protected":false},"author":1,"featured_media":0,"comment_status":"open","ping_status":"open","sticky":false,"template":"","format":"standard","meta":{"tdm_status":"","tdm_grid_status":"","footnotes":""},"categories":[27],"tags":[],"class_list":{"0":"post-56501","1":"post","2":"type-post","3":"status-publish","4":"format-standard","6":"category-historia-derecho-aero-peruano"},"yoast_head":"<!-- This site is optimized with the Yoast SEO plugin v25.1 - https:\/\/yoast.com\/wordpress\/plugins\/seo\/ -->\n<title>Los abogados del Per\u00fa en defensa de la libertad de prensa<\/title>\n<meta name=\"description\" content=\"Portal de noticias del Per\u00fa sobre el transporte a\u00e9reo, aviaci\u00f3n, turismo, hoteleria, actualidad.\" \/>\n<meta name=\"robots\" content=\"index, follow, max-snippet:-1, max-image-preview:large, max-video-preview:-1\" \/>\n<link rel=\"canonical\" href=\"https:\/\/aeronoticias.com.pe\/noticiero\/historia-derecho-aero-peruano\/los-abogados-del-peru-en-defensa-de-la-libertad-de-prensa\/\" \/>\n<meta property=\"og:locale\" content=\"es_ES\" \/>\n<meta property=\"og:type\" content=\"article\" \/>\n<meta property=\"og:title\" content=\"Los abogados del Per\u00fa en defensa de la libertad de prensa\" \/>\n<meta property=\"og:description\" content=\"Portal de noticias del Per\u00fa sobre el transporte a\u00e9reo, aviaci\u00f3n, turismo, hoteleria, actualidad.\" \/>\n<meta property=\"og:url\" content=\"https:\/\/aeronoticias.com.pe\/noticiero\/historia-derecho-aero-peruano\/los-abogados-del-peru-en-defensa-de-la-libertad-de-prensa\/\" \/>\n<meta property=\"og:site_name\" content=\"Aeronoticias.com.pe\" \/>\n<meta property=\"article:publisher\" content=\"https:\/\/www.facebook.com\/Aeronoticias.com.pe\/\" \/>\n<meta property=\"article:published_time\" content=\"2017-04-10T20:10:47+00:00\" \/>\n<meta property=\"article:modified_time\" content=\"2020-09-11T15:27:32+00:00\" \/>\n<meta name=\"author\" content=\"Redacci\u00f3n Aeronoticias\" \/>\n<meta name=\"twitter:card\" content=\"summary_large_image\" \/>\n<meta name=\"twitter:creator\" content=\"@aeronoticias\" \/>\n<meta name=\"twitter:site\" content=\"@aeronoticias\" \/>\n<meta name=\"twitter:label1\" content=\"Escrito por\" \/>\n\t<meta name=\"twitter:data1\" content=\"Redacci\u00f3n Aeronoticias\" \/>\n\t<meta name=\"twitter:label2\" content=\"Tiempo de lectura\" \/>\n\t<meta name=\"twitter:data2\" content=\"3 minutos\" \/>\n<script type=\"application\/ld+json\" class=\"yoast-schema-graph\">{\"@context\":\"https:\/\/schema.org\",\"@graph\":[{\"@type\":\"WebPage\",\"@id\":\"https:\/\/aeronoticias.com.pe\/noticiero\/historia-derecho-aero-peruano\/los-abogados-del-peru-en-defensa-de-la-libertad-de-prensa\/\",\"url\":\"https:\/\/aeronoticias.com.pe\/noticiero\/historia-derecho-aero-peruano\/los-abogados-del-peru-en-defensa-de-la-libertad-de-prensa\/\",\"name\":\"Los abogados del Per\u00fa en defensa de la libertad de prensa\",\"isPartOf\":{\"@id\":\"https:\/\/aeronoticias.com.pe\/noticiero\/#website\"},\"datePublished\":\"2017-04-10T20:10:47+00:00\",\"dateModified\":\"2020-09-11T15:27:32+00:00\",\"author\":{\"@id\":\"https:\/\/aeronoticias.com.pe\/noticiero\/#\/schema\/person\/fc1e5d578f4b62ba1cf7ac2bba1170a0\"},\"description\":\"Portal de noticias del Per\u00fa sobre el transporte a\u00e9reo, aviaci\u00f3n, turismo, hoteleria, actualidad.\",\"breadcrumb\":{\"@id\":\"https:\/\/aeronoticias.com.pe\/noticiero\/historia-derecho-aero-peruano\/los-abogados-del-peru-en-defensa-de-la-libertad-de-prensa\/#breadcrumb\"},\"inLanguage\":\"es\",\"potentialAction\":[{\"@type\":\"ReadAction\",\"target\":[\"https:\/\/aeronoticias.com.pe\/noticiero\/historia-derecho-aero-peruano\/los-abogados-del-peru-en-defensa-de-la-libertad-de-prensa\/\"]}]},{\"@type\":\"BreadcrumbList\",\"@id\":\"https:\/\/aeronoticias.com.pe\/noticiero\/historia-derecho-aero-peruano\/los-abogados-del-peru-en-defensa-de-la-libertad-de-prensa\/#breadcrumb\",\"itemListElement\":[{\"@type\":\"ListItem\",\"position\":1,\"name\":\"Portada\",\"item\":\"https:\/\/aeronoticias.com.pe\/noticiero\/\"},{\"@type\":\"ListItem\",\"position\":2,\"name\":\"Los abogados del Per\u00fa en defensa de la libertad de prensa\"}]},{\"@type\":\"WebSite\",\"@id\":\"https:\/\/aeronoticias.com.pe\/noticiero\/#website\",\"url\":\"https:\/\/aeronoticias.com.pe\/noticiero\/\",\"name\":\"Aeronoticias.com.pe\",\"description\":\"Noticias de tranporte aereo, turismo, hoteles, gastronomia, actualidad, internacional\",\"potentialAction\":[{\"@type\":\"SearchAction\",\"target\":{\"@type\":\"EntryPoint\",\"urlTemplate\":\"https:\/\/aeronoticias.com.pe\/noticiero\/?s={search_term_string}\"},\"query-input\":{\"@type\":\"PropertyValueSpecification\",\"valueRequired\":true,\"valueName\":\"search_term_string\"}}],\"inLanguage\":\"es\"},{\"@type\":\"Person\",\"@id\":\"https:\/\/aeronoticias.com.pe\/noticiero\/#\/schema\/person\/fc1e5d578f4b62ba1cf7ac2bba1170a0\",\"name\":\"Redacci\u00f3n Aeronoticias\",\"url\":\"https:\/\/aeronoticias.com.pe\/noticiero\/author\/piloto\/\"}]}<\/script>\n<!-- \/ Yoast SEO plugin. -->","yoast_head_json":{"title":"Los abogados del Per\u00fa en defensa de la libertad de prensa","description":"Portal de noticias del Per\u00fa sobre el transporte a\u00e9reo, aviaci\u00f3n, turismo, hoteleria, actualidad.","robots":{"index":"index","follow":"follow","max-snippet":"max-snippet:-1","max-image-preview":"max-image-preview:large","max-video-preview":"max-video-preview:-1"},"canonical":"https:\/\/aeronoticias.com.pe\/noticiero\/historia-derecho-aero-peruano\/los-abogados-del-peru-en-defensa-de-la-libertad-de-prensa\/","og_locale":"es_ES","og_type":"article","og_title":"Los abogados del Per\u00fa en defensa de la libertad de prensa","og_description":"Portal de noticias del Per\u00fa sobre el transporte a\u00e9reo, aviaci\u00f3n, turismo, hoteleria, actualidad.","og_url":"https:\/\/aeronoticias.com.pe\/noticiero\/historia-derecho-aero-peruano\/los-abogados-del-peru-en-defensa-de-la-libertad-de-prensa\/","og_site_name":"Aeronoticias.com.pe","article_publisher":"https:\/\/www.facebook.com\/Aeronoticias.com.pe\/","article_published_time":"2017-04-10T20:10:47+00:00","article_modified_time":"2020-09-11T15:27:32+00:00","author":"Redacci\u00f3n Aeronoticias","twitter_card":"summary_large_image","twitter_creator":"@aeronoticias","twitter_site":"@aeronoticias","twitter_misc":{"Escrito por":"Redacci\u00f3n Aeronoticias","Tiempo de lectura":"3 minutos"},"schema":{"@context":"https:\/\/schema.org","@graph":[{"@type":"WebPage","@id":"https:\/\/aeronoticias.com.pe\/noticiero\/historia-derecho-aero-peruano\/los-abogados-del-peru-en-defensa-de-la-libertad-de-prensa\/","url":"https:\/\/aeronoticias.com.pe\/noticiero\/historia-derecho-aero-peruano\/los-abogados-del-peru-en-defensa-de-la-libertad-de-prensa\/","name":"Los abogados del Per\u00fa en defensa de la libertad de prensa","isPartOf":{"@id":"https:\/\/aeronoticias.com.pe\/noticiero\/#website"},"datePublished":"2017-04-10T20:10:47+00:00","dateModified":"2020-09-11T15:27:32+00:00","author":{"@id":"https:\/\/aeronoticias.com.pe\/noticiero\/#\/schema\/person\/fc1e5d578f4b62ba1cf7ac2bba1170a0"},"description":"Portal de noticias del Per\u00fa sobre el transporte a\u00e9reo, aviaci\u00f3n, turismo, hoteleria, actualidad.","breadcrumb":{"@id":"https:\/\/aeronoticias.com.pe\/noticiero\/historia-derecho-aero-peruano\/los-abogados-del-peru-en-defensa-de-la-libertad-de-prensa\/#breadcrumb"},"inLanguage":"es","potentialAction":[{"@type":"ReadAction","target":["https:\/\/aeronoticias.com.pe\/noticiero\/historia-derecho-aero-peruano\/los-abogados-del-peru-en-defensa-de-la-libertad-de-prensa\/"]}]},{"@type":"BreadcrumbList","@id":"https:\/\/aeronoticias.com.pe\/noticiero\/historia-derecho-aero-peruano\/los-abogados-del-peru-en-defensa-de-la-libertad-de-prensa\/#breadcrumb","itemListElement":[{"@type":"ListItem","position":1,"name":"Portada","item":"https:\/\/aeronoticias.com.pe\/noticiero\/"},{"@type":"ListItem","position":2,"name":"Los abogados del Per\u00fa en defensa de la libertad de prensa"}]},{"@type":"WebSite","@id":"https:\/\/aeronoticias.com.pe\/noticiero\/#website","url":"https:\/\/aeronoticias.com.pe\/noticiero\/","name":"Aeronoticias.com.pe","description":"Noticias de tranporte aereo, turismo, hoteles, gastronomia, actualidad, internacional","potentialAction":[{"@type":"SearchAction","target":{"@type":"EntryPoint","urlTemplate":"https:\/\/aeronoticias.com.pe\/noticiero\/?s={search_term_string}"},"query-input":{"@type":"PropertyValueSpecification","valueRequired":true,"valueName":"search_term_string"}}],"inLanguage":"es"},{"@type":"Person","@id":"https:\/\/aeronoticias.com.pe\/noticiero\/#\/schema\/person\/fc1e5d578f4b62ba1cf7ac2bba1170a0","name":"Redacci\u00f3n Aeronoticias","url":"https:\/\/aeronoticias.com.pe\/noticiero\/author\/piloto\/"}]}},"_links":{"self":[{"href":"https:\/\/aeronoticias.com.pe\/noticiero\/wp-json\/wp\/v2\/posts\/56501","targetHints":{"allow":["GET"]}}],"collection":[{"href":"https:\/\/aeronoticias.com.pe\/noticiero\/wp-json\/wp\/v2\/posts"}],"about":[{"href":"https:\/\/aeronoticias.com.pe\/noticiero\/wp-json\/wp\/v2\/types\/post"}],"author":[{"embeddable":true,"href":"https:\/\/aeronoticias.com.pe\/noticiero\/wp-json\/wp\/v2\/users\/1"}],"replies":[{"embeddable":true,"href":"https:\/\/aeronoticias.com.pe\/noticiero\/wp-json\/wp\/v2\/comments?post=56501"}],"version-history":[{"count":0,"href":"https:\/\/aeronoticias.com.pe\/noticiero\/wp-json\/wp\/v2\/posts\/56501\/revisions"}],"wp:attachment":[{"href":"https:\/\/aeronoticias.com.pe\/noticiero\/wp-json\/wp\/v2\/media?parent=56501"}],"wp:term":[{"taxonomy":"category","embeddable":true,"href":"https:\/\/aeronoticias.com.pe\/noticiero\/wp-json\/wp\/v2\/categories?post=56501"},{"taxonomy":"post_tag","embeddable":true,"href":"https:\/\/aeronoticias.com.pe\/noticiero\/wp-json\/wp\/v2\/tags?post=56501"}],"curies":[{"name":"wp","href":"https:\/\/api.w.org\/{rel}","templated":true}]}}