{"id":56505,"date":"2017-04-12T16:25:39","date_gmt":"2017-04-12T16:25:39","guid":{"rendered":"http:\/\/desarrollo.mcvicious.com\/aero2020\/2017\/04\/12\/el-65-de-personas-que-viajan-por-semana-santa-se-deciden-por-destinos-internacionales\/"},"modified":"2017-04-12T16:25:39","modified_gmt":"2017-04-12T16:25:39","slug":"el-65-de-personas-que-viajan-por-semana-santa-se-deciden-por-destinos-internacionales","status":"publish","type":"post","link":"https:\/\/aeronoticias.com.pe\/noticiero\/turismo\/13\/el-65-de-personas-que-viajan-por-semana-santa-se-deciden-por-destinos-internacionales\/","title":{"rendered":"El 65% de personas que viajan por semana santa se deciden por destinos internacionales"},"content":{"rendered":"<p style=\"text-align: justify;\"><strong>(Aeronoticias) <\/strong><span style=\"font-size: 12.16px;\">Con motivo del feriado largo por Semana Santa, muchos peruanos aprovechan para emprender viajes al exterior del pa\u00eds y seg\u00fan una investigaci\u00f3n de Hopper, aplicativo m\u00f3vil para compra de pasajes, el 65% de personas que deciden viajar durante Semana Santa tienen mayor inter\u00e9s en destinos internacionales.<\/span><\/p>\n<p style=\"text-align: justify;\"><span style=\"font-size: 12.16px;\">Entre esos destinos internacionales figuran Buenos Aires (Argentina), Santiago de Chile, Cartagena (Colombia), Ciudad de Panam\u00e1 y Canc\u00fan (M\u00e9xico).<\/span><\/p>\n<p style=\"text-align: justify;\"><span style=\"font-size: 12.16px;\">Obtener un seguro viajero permite cubrir gastos ante imprevistos como accidentes personales, p\u00e9rdidas de equipaje, cancelaci\u00f3n de viaje, etc, se\u00f1al\u00f3 La Positiva<\/span><\/p>\n<p style=\"text-align: justify;\">\u201cSi est\u00e1s considerando viajar al extranjero en estas cortas vacaciones, es importante tomar las medidas preventivas ante situaciones que pondr\u00edan en peligro nuestra integridad personal o que podr\u00edan arruinar todas las actividades planeadas\u201d, indic\u00f3 La Positiva Seguros.<\/p>\n<p style=\"text-align: justify;\"><span style=\"font-size: 12.16px;\">La empresa brind\u00f3 cinco consejos de seguridad para realizar un viaje de manera segura:<\/span><\/p>\n<p style=\"text-align: justify;\"><span style=\"font-size: 12.16px;\">1. Organiza y separa tu dinero.- Evita traer todo el dinero con el que cuentas para disfrutar de tu viaje en un solo lugar. Distrib\u00fayelo en varios compartimientos, ya sea en la billetera, el monedero o la mochila y lleva s\u00f3lo lo necesario a cada lugar que visites. De esta manera, te proteges de quedarte sin provisiones ante el extrav\u00edo de una de tus pertenencias o, de alg\u00fan imprevisto, como un robo.<\/span><\/p>\n<p style=\"text-align: justify;\"><span style=\"font-size: 12.16px;\">2. Escanea todos tus documentos.- Pasaporte, partida de nacimiento, p\u00f3liza de seguro de m\u00e9dico nacional, seguro de viaje internacional, licencia de conducir, DNI, etc. Escan\u00e9alos, gu\u00e1rdalos en tu email, env\u00eda una copia de ese email a tus pap\u00e1s o mejor amigo y adem\u00e1s guarda una copia adicional en un USB para tenerlos a la mano en todo momento.<\/span><\/p>\n<p style=\"text-align: justify;\"><span style=\"font-size: 12.16px;\">3. Cierra tu bolso o mochila todo el tiempo.- La mayor\u00eda de los objetos perdidos se debe a que no prestan atenci\u00f3n en cerrar sus bolsos luego de sacar alguna de sus pertenencias. En ocasiones, no quiere decir que te hayan robado, simplemente caminar es m\u00e1s que suficiente para que alguna de tus cosas salten a la calle sin que te des cuenta.<\/span><\/p>\n<p style=\"text-align: justify;\"><span style=\"font-size: 12.16px;\">4. Lleva ropa adicional en tu bolso de mano.- Ante los feriados largos, siempre ser\u00e1 importante cubrir cualquier imprevisto, como la p\u00e9rdida de equipaje. Por ello, siempre lleva un peque\u00f1o kit de aseo y ropa adicional en caso tu maleta no llegue a tiempo.<\/span><\/p>\n<p style=\"text-align: justify;\"><span style=\"font-size: 12.16px;\">5. Obt\u00e9n un Seguro Viajero.- Hoy en d\u00eda, la demanda de este tipo de seguros ha crecido mucho, no s\u00f3lo por la facilidad de adquirirlos, sino tambi\u00e9n por su bajo costo. Por ejemplo, La Positiva Seguros ofrece planes adecuados a cada perfil e incluye primas desde US$ 27 d\u00f3lares.<\/span><\/p>\n<p style=\"text-align: justify;\"><span style=\"font-size: 12.16px;\"><strong><em>Fuente: Gesti\u00f3n<\/em><\/strong><\/span><\/p>\n<p style=\"text-align: justify;\"><span style=\"font-size: 12.16px;\"><strong><em><img decoding=\"async\" src=\"images\/stories\/17\/04\/120417\/internacionales.jpg\" border=\"0\" \/><br \/><\/em><\/strong><\/span><\/p>\n","protected":false},"excerpt":{"rendered":"<p>(Aeronoticias) Con motivo del feriado largo por Semana Santa, muchos peruanos aprovechan para emprender viajes al exterior del pa\u00eds y seg\u00fan una investigaci\u00f3n de Hopper, aplicativo m\u00f3vil para compra de pasajes, el 65% de personas que deciden viajar durante Semana Santa tienen mayor inter\u00e9s en destinos internacionales. Entre esos destinos internacionales figuran Buenos Aires (Argentina), [&hellip;]<\/p>\n","protected":false},"author":1,"featured_media":0,"comment_status":"open","ping_status":"open","sticky":false,"template":"","format":"standard","meta":{"tdm_status":"","tdm_grid_status":"","footnotes":""},"categories":[31],"tags":[],"class_list":{"0":"post-56505","1":"post","2":"type-post","3":"status-publish","4":"format-standard","6":"category-31"},"yoast_head":"<!-- This site is optimized with the Yoast SEO plugin v25.1 - https:\/\/yoast.com\/wordpress\/plugins\/seo\/ -->\n<title>El 65% de personas que viajan por semana santa se deciden por destinos internacionales<\/title>\n<meta name=\"description\" content=\"Portal de noticias del Per\u00fa sobre el transporte a\u00e9reo, aviaci\u00f3n, turismo, hoteleria, actualidad.\" \/>\n<meta name=\"robots\" content=\"index, follow, max-snippet:-1, max-image-preview:large, max-video-preview:-1\" \/>\n<link rel=\"canonical\" href=\"https:\/\/aeronoticias.com.pe\/noticiero\/turismo\/13\/el-65-de-personas-que-viajan-por-semana-santa-se-deciden-por-destinos-internacionales\/\" \/>\n<meta property=\"og:locale\" content=\"es_ES\" \/>\n<meta property=\"og:type\" content=\"article\" \/>\n<meta property=\"og:title\" content=\"El 65% de personas que viajan por semana santa se deciden por destinos internacionales\" \/>\n<meta property=\"og:description\" content=\"Portal de noticias del Per\u00fa sobre el transporte a\u00e9reo, aviaci\u00f3n, turismo, hoteleria, actualidad.\" \/>\n<meta property=\"og:url\" content=\"https:\/\/aeronoticias.com.pe\/noticiero\/turismo\/13\/el-65-de-personas-que-viajan-por-semana-santa-se-deciden-por-destinos-internacionales\/\" \/>\n<meta property=\"og:site_name\" content=\"Aeronoticias.com.pe\" \/>\n<meta property=\"article:publisher\" content=\"https:\/\/www.facebook.com\/Aeronoticias.com.pe\/\" \/>\n<meta property=\"article:published_time\" content=\"2017-04-12T16:25:39+00:00\" \/>\n<meta name=\"author\" content=\"Redacci\u00f3n Aeronoticias\" \/>\n<meta name=\"twitter:card\" content=\"summary_large_image\" \/>\n<meta name=\"twitter:creator\" content=\"@aeronoticias\" \/>\n<meta name=\"twitter:site\" content=\"@aeronoticias\" \/>\n<meta name=\"twitter:label1\" content=\"Escrito por\" \/>\n\t<meta name=\"twitter:data1\" content=\"Redacci\u00f3n Aeronoticias\" \/>\n\t<meta name=\"twitter:label2\" content=\"Tiempo de lectura\" \/>\n\t<meta name=\"twitter:data2\" content=\"2 minutos\" \/>\n<script type=\"application\/ld+json\" class=\"yoast-schema-graph\">{\"@context\":\"https:\/\/schema.org\",\"@graph\":[{\"@type\":\"WebPage\",\"@id\":\"https:\/\/aeronoticias.com.pe\/noticiero\/turismo\/13\/el-65-de-personas-que-viajan-por-semana-santa-se-deciden-por-destinos-internacionales\/\",\"url\":\"https:\/\/aeronoticias.com.pe\/noticiero\/turismo\/13\/el-65-de-personas-que-viajan-por-semana-santa-se-deciden-por-destinos-internacionales\/\",\"name\":\"El 65% de personas que viajan por semana santa se deciden por destinos internacionales\",\"isPartOf\":{\"@id\":\"https:\/\/aeronoticias.com.pe\/noticiero\/#website\"},\"datePublished\":\"2017-04-12T16:25:39+00:00\",\"author\":{\"@id\":\"https:\/\/aeronoticias.com.pe\/noticiero\/#\/schema\/person\/fc1e5d578f4b62ba1cf7ac2bba1170a0\"},\"description\":\"Portal de noticias del Per\u00fa sobre el transporte a\u00e9reo, aviaci\u00f3n, turismo, hoteleria, actualidad.\",\"breadcrumb\":{\"@id\":\"https:\/\/aeronoticias.com.pe\/noticiero\/turismo\/13\/el-65-de-personas-que-viajan-por-semana-santa-se-deciden-por-destinos-internacionales\/#breadcrumb\"},\"inLanguage\":\"es\",\"potentialAction\":[{\"@type\":\"ReadAction\",\"target\":[\"https:\/\/aeronoticias.com.pe\/noticiero\/turismo\/13\/el-65-de-personas-que-viajan-por-semana-santa-se-deciden-por-destinos-internacionales\/\"]}]},{\"@type\":\"BreadcrumbList\",\"@id\":\"https:\/\/aeronoticias.com.pe\/noticiero\/turismo\/13\/el-65-de-personas-que-viajan-por-semana-santa-se-deciden-por-destinos-internacionales\/#breadcrumb\",\"itemListElement\":[{\"@type\":\"ListItem\",\"position\":1,\"name\":\"Portada\",\"item\":\"https:\/\/aeronoticias.com.pe\/noticiero\/\"},{\"@type\":\"ListItem\",\"position\":2,\"name\":\"El 65% de personas que viajan por semana santa se deciden por destinos internacionales\"}]},{\"@type\":\"WebSite\",\"@id\":\"https:\/\/aeronoticias.com.pe\/noticiero\/#website\",\"url\":\"https:\/\/aeronoticias.com.pe\/noticiero\/\",\"name\":\"Aeronoticias.com.pe\",\"description\":\"Noticias de tranporte aereo, turismo, hoteles, gastronomia, actualidad, internacional\",\"potentialAction\":[{\"@type\":\"SearchAction\",\"target\":{\"@type\":\"EntryPoint\",\"urlTemplate\":\"https:\/\/aeronoticias.com.pe\/noticiero\/?s={search_term_string}\"},\"query-input\":{\"@type\":\"PropertyValueSpecification\",\"valueRequired\":true,\"valueName\":\"search_term_string\"}}],\"inLanguage\":\"es\"},{\"@type\":\"Person\",\"@id\":\"https:\/\/aeronoticias.com.pe\/noticiero\/#\/schema\/person\/fc1e5d578f4b62ba1cf7ac2bba1170a0\",\"name\":\"Redacci\u00f3n Aeronoticias\",\"url\":\"https:\/\/aeronoticias.com.pe\/noticiero\/author\/piloto\/\"}]}<\/script>\n<!-- \/ Yoast SEO plugin. -->","yoast_head_json":{"title":"El 65% de personas que viajan por semana santa se deciden por destinos internacionales","description":"Portal de noticias del Per\u00fa sobre el transporte a\u00e9reo, aviaci\u00f3n, turismo, hoteleria, actualidad.","robots":{"index":"index","follow":"follow","max-snippet":"max-snippet:-1","max-image-preview":"max-image-preview:large","max-video-preview":"max-video-preview:-1"},"canonical":"https:\/\/aeronoticias.com.pe\/noticiero\/turismo\/13\/el-65-de-personas-que-viajan-por-semana-santa-se-deciden-por-destinos-internacionales\/","og_locale":"es_ES","og_type":"article","og_title":"El 65% de personas que viajan por semana santa se deciden por destinos internacionales","og_description":"Portal de noticias del Per\u00fa sobre el transporte a\u00e9reo, aviaci\u00f3n, turismo, hoteleria, actualidad.","og_url":"https:\/\/aeronoticias.com.pe\/noticiero\/turismo\/13\/el-65-de-personas-que-viajan-por-semana-santa-se-deciden-por-destinos-internacionales\/","og_site_name":"Aeronoticias.com.pe","article_publisher":"https:\/\/www.facebook.com\/Aeronoticias.com.pe\/","article_published_time":"2017-04-12T16:25:39+00:00","author":"Redacci\u00f3n Aeronoticias","twitter_card":"summary_large_image","twitter_creator":"@aeronoticias","twitter_site":"@aeronoticias","twitter_misc":{"Escrito por":"Redacci\u00f3n Aeronoticias","Tiempo de lectura":"2 minutos"},"schema":{"@context":"https:\/\/schema.org","@graph":[{"@type":"WebPage","@id":"https:\/\/aeronoticias.com.pe\/noticiero\/turismo\/13\/el-65-de-personas-que-viajan-por-semana-santa-se-deciden-por-destinos-internacionales\/","url":"https:\/\/aeronoticias.com.pe\/noticiero\/turismo\/13\/el-65-de-personas-que-viajan-por-semana-santa-se-deciden-por-destinos-internacionales\/","name":"El 65% de personas que viajan por semana santa se deciden por destinos internacionales","isPartOf":{"@id":"https:\/\/aeronoticias.com.pe\/noticiero\/#website"},"datePublished":"2017-04-12T16:25:39+00:00","author":{"@id":"https:\/\/aeronoticias.com.pe\/noticiero\/#\/schema\/person\/fc1e5d578f4b62ba1cf7ac2bba1170a0"},"description":"Portal de noticias del Per\u00fa sobre el transporte a\u00e9reo, aviaci\u00f3n, turismo, hoteleria, actualidad.","breadcrumb":{"@id":"https:\/\/aeronoticias.com.pe\/noticiero\/turismo\/13\/el-65-de-personas-que-viajan-por-semana-santa-se-deciden-por-destinos-internacionales\/#breadcrumb"},"inLanguage":"es","potentialAction":[{"@type":"ReadAction","target":["https:\/\/aeronoticias.com.pe\/noticiero\/turismo\/13\/el-65-de-personas-que-viajan-por-semana-santa-se-deciden-por-destinos-internacionales\/"]}]},{"@type":"BreadcrumbList","@id":"https:\/\/aeronoticias.com.pe\/noticiero\/turismo\/13\/el-65-de-personas-que-viajan-por-semana-santa-se-deciden-por-destinos-internacionales\/#breadcrumb","itemListElement":[{"@type":"ListItem","position":1,"name":"Portada","item":"https:\/\/aeronoticias.com.pe\/noticiero\/"},{"@type":"ListItem","position":2,"name":"El 65% de personas que viajan por semana santa se deciden por destinos internacionales"}]},{"@type":"WebSite","@id":"https:\/\/aeronoticias.com.pe\/noticiero\/#website","url":"https:\/\/aeronoticias.com.pe\/noticiero\/","name":"Aeronoticias.com.pe","description":"Noticias de tranporte aereo, turismo, hoteles, gastronomia, actualidad, internacional","potentialAction":[{"@type":"SearchAction","target":{"@type":"EntryPoint","urlTemplate":"https:\/\/aeronoticias.com.pe\/noticiero\/?s={search_term_string}"},"query-input":{"@type":"PropertyValueSpecification","valueRequired":true,"valueName":"search_term_string"}}],"inLanguage":"es"},{"@type":"Person","@id":"https:\/\/aeronoticias.com.pe\/noticiero\/#\/schema\/person\/fc1e5d578f4b62ba1cf7ac2bba1170a0","name":"Redacci\u00f3n Aeronoticias","url":"https:\/\/aeronoticias.com.pe\/noticiero\/author\/piloto\/"}]}},"_links":{"self":[{"href":"https:\/\/aeronoticias.com.pe\/noticiero\/wp-json\/wp\/v2\/posts\/56505","targetHints":{"allow":["GET"]}}],"collection":[{"href":"https:\/\/aeronoticias.com.pe\/noticiero\/wp-json\/wp\/v2\/posts"}],"about":[{"href":"https:\/\/aeronoticias.com.pe\/noticiero\/wp-json\/wp\/v2\/types\/post"}],"author":[{"embeddable":true,"href":"https:\/\/aeronoticias.com.pe\/noticiero\/wp-json\/wp\/v2\/users\/1"}],"replies":[{"embeddable":true,"href":"https:\/\/aeronoticias.com.pe\/noticiero\/wp-json\/wp\/v2\/comments?post=56505"}],"version-history":[{"count":0,"href":"https:\/\/aeronoticias.com.pe\/noticiero\/wp-json\/wp\/v2\/posts\/56505\/revisions"}],"wp:attachment":[{"href":"https:\/\/aeronoticias.com.pe\/noticiero\/wp-json\/wp\/v2\/media?parent=56505"}],"wp:term":[{"taxonomy":"category","embeddable":true,"href":"https:\/\/aeronoticias.com.pe\/noticiero\/wp-json\/wp\/v2\/categories?post=56505"},{"taxonomy":"post_tag","embeddable":true,"href":"https:\/\/aeronoticias.com.pe\/noticiero\/wp-json\/wp\/v2\/tags?post=56505"}],"curies":[{"name":"wp","href":"https:\/\/api.w.org\/{rel}","templated":true}]}}