{"id":56506,"date":"2017-04-12T16:33:13","date_gmt":"2017-04-12T16:33:13","guid":{"rendered":"http:\/\/desarrollo.mcvicious.com\/aero2020\/2017\/04\/12\/viva-air-registra-mas-de-18000-reservas-en-su-primera-semana-de-ventas\/"},"modified":"2017-04-12T16:33:13","modified_gmt":"2017-04-12T16:33:13","slug":"viva-air-registra-mas-de-18000-reservas-en-su-primera-semana-de-ventas","status":"publish","type":"post","link":"https:\/\/aeronoticias.com.pe\/noticiero\/economia\/viva-air-registra-mas-de-18000-reservas-en-su-primera-semana-de-ventas\/","title":{"rendered":"Viva Air registra m\u00e1s de 18,000 reservas en su primera semana de ventas"},"content":{"rendered":"<p style=\"text-align: justify;\"><strong>(Aeronoticias) <\/strong><span style=\"font-size: 12.16px;\">La aerol\u00ednea de bajo costo inform\u00f3 que fueron tres las rutas nacionales m\u00e1s vendidas, con m\u00e1s de 4,000 reservas. \u00bfCu\u00e1les son? Mire aqu\u00ed los detalles. El vuelo inaugural ser\u00e1 el pr\u00f3ximo 9 de mayo.<\/span><\/p>\n<p style=\"text-align: justify;\">A una semana el inicio de la venta de sus pasajes a\u00e9reos, la l\u00ednea \u00e1rea de bajo costo Viva Air Per\u00fa registra m\u00e1s de 18,000 reservas, lo que implica que similar n\u00famero de persona se encuentran listas para volar bajo este nuevo formato.<\/p>\n<p style=\"text-align: justify;\"><span style=\"font-size: 12.16px;\">As\u00ed, el nivel de aceptaci\u00f3n fue tal que 40 minutos despu\u00e9s de salir en vivo la p\u00e1gina web www.vivaair.com colaps\u00f3 ya que hab\u00edan m\u00e1s de 6,000 personas buscando los pasajes m\u00e1s baratos.<\/span><\/p>\n<p style=\"text-align: justify;\"><span style=\"font-size: 12.16px;\">\u201cNos sentimos muy emocionados por la respuesta de todos los peruanos, la aceptaci\u00f3n que hemos tenido desde el primer d\u00eda ha superado nuestras expectativas y estamos seguros que lograremos hacer historia dentro de la industria aeron\u00e1utica, democratizando este sector\u201d, afirm\u00f3 el CEO de Viva Air, William Shaw.<\/span><\/p>\n<p style=\"text-align: justify;\"><span style=\"font-size: 12.16px;\">\u00bfCu\u00e1les son las rutas m\u00e1s vendidas? Durante la primera semana, las tres rutas m\u00e1s vendidas fueron Arequipa \u2013 Lima, con m\u00e1s de 4,200 pasajeros y Lima \u2013 Piura y Cusco \u2013 Lima con m\u00e1s de 3,300 pasajeros cada una.<\/span><\/p>\n<p style=\"text-align: justify;\"><span style=\"font-size: 12.16px;\">Desde el 4 de abril a la fecha, la p\u00e1gina web de Viva Air Per\u00fa recibi\u00f3 m\u00e1s de 577,000 visitas y el n\u00famero de seguidores en Facebook aument\u00f3 de 87,000 a m\u00e1s de 146,000 seguidores.<\/span><\/p>\n<p style=\"text-align: justify;\"><span style=\"font-size: 12.16px;\">Viva Air Per\u00fa espera movilizar m\u00e1s de 700,000 pasajeros en su primer a\u00f1o de operaciones y as\u00ed generar una disminuci\u00f3n por encima del 50% en las tarifas a\u00e9reas y un crecimiento del mercado superior al 40%.<\/span><\/p>\n<p style=\"text-align: justify;\"><span style=\"font-size: 12.16px;\">La aerol\u00ednea detall\u00f3 que para facilitar la compra de pasajes, pone a disposici\u00f3n la opci\u00f3n de pago en efectivo o a trav\u00e9s de banca por internet o banca m\u00f3vil en BCP, Interbank, BBVA, Scotiabank, Caja Trujillo, Caja Tacna o Kasnet hasta 3 horas despu\u00e9s de haber generado la reserva.<\/span><\/p>\n<p style=\"text-align: justify;\"><span style=\"font-size: 12.16px;\">Esto gracias al convenio con la plataforma de pagos global SafetyPay.<\/span><\/p>\n<p style=\"text-align: justify;\"><span style=\"font-size: 12.16px;\"><strong><em>Fuente: Gesti\u00f3n<\/em><\/strong><\/span><\/p>\n<p style=\"text-align: justify;\"><img decoding=\"async\" src=\"images\/stories\/17\/04\/120417\/vivaair.jpg\" border=\"0\" \/><\/p>\n","protected":false},"excerpt":{"rendered":"<p>(Aeronoticias) La aerol\u00ednea de bajo costo inform\u00f3 que fueron tres las rutas nacionales m\u00e1s vendidas, con m\u00e1s de 4,000 reservas. \u00bfCu\u00e1les son? Mire aqu\u00ed los detalles. El vuelo inaugural ser\u00e1 el pr\u00f3ximo 9 de mayo. A una semana el inicio de la venta de sus pasajes a\u00e9reos, la l\u00ednea \u00e1rea de bajo costo Viva Air [&hellip;]<\/p>\n","protected":false},"author":1,"featured_media":0,"comment_status":"open","ping_status":"open","sticky":false,"template":"","format":"standard","meta":{"tdm_status":"","tdm_grid_status":"","footnotes":""},"categories":[33],"tags":[],"class_list":{"0":"post-56506","1":"post","2":"type-post","3":"status-publish","4":"format-standard","6":"category-economia"},"yoast_head":"<!-- This site is optimized with the Yoast SEO plugin v25.1 - https:\/\/yoast.com\/wordpress\/plugins\/seo\/ -->\n<title>Viva Air registra m\u00e1s de 18,000 reservas en su primera semana de ventas<\/title>\n<meta name=\"description\" content=\"Portal de noticias del Per\u00fa sobre el transporte a\u00e9reo, aviaci\u00f3n, turismo, hoteleria, actualidad.\" \/>\n<meta name=\"robots\" content=\"index, follow, max-snippet:-1, max-image-preview:large, max-video-preview:-1\" \/>\n<link rel=\"canonical\" href=\"https:\/\/aeronoticias.com.pe\/noticiero\/economia\/viva-air-registra-mas-de-18000-reservas-en-su-primera-semana-de-ventas\/\" \/>\n<meta property=\"og:locale\" content=\"es_ES\" \/>\n<meta property=\"og:type\" content=\"article\" \/>\n<meta property=\"og:title\" content=\"Viva Air registra m\u00e1s de 18,000 reservas en su primera semana de ventas\" \/>\n<meta property=\"og:description\" content=\"Portal de noticias del Per\u00fa sobre el transporte a\u00e9reo, aviaci\u00f3n, turismo, hoteleria, actualidad.\" \/>\n<meta property=\"og:url\" content=\"https:\/\/aeronoticias.com.pe\/noticiero\/economia\/viva-air-registra-mas-de-18000-reservas-en-su-primera-semana-de-ventas\/\" \/>\n<meta property=\"og:site_name\" content=\"Aeronoticias.com.pe\" \/>\n<meta property=\"article:publisher\" content=\"https:\/\/www.facebook.com\/Aeronoticias.com.pe\/\" \/>\n<meta property=\"article:published_time\" content=\"2017-04-12T16:33:13+00:00\" \/>\n<meta name=\"author\" content=\"Redacci\u00f3n Aeronoticias\" \/>\n<meta name=\"twitter:card\" content=\"summary_large_image\" \/>\n<meta name=\"twitter:creator\" content=\"@aeronoticias\" \/>\n<meta name=\"twitter:site\" content=\"@aeronoticias\" \/>\n<meta name=\"twitter:label1\" content=\"Escrito por\" \/>\n\t<meta name=\"twitter:data1\" content=\"Redacci\u00f3n Aeronoticias\" \/>\n\t<meta name=\"twitter:label2\" content=\"Tiempo de lectura\" \/>\n\t<meta name=\"twitter:data2\" content=\"2 minutos\" \/>\n<script type=\"application\/ld+json\" class=\"yoast-schema-graph\">{\"@context\":\"https:\/\/schema.org\",\"@graph\":[{\"@type\":\"WebPage\",\"@id\":\"https:\/\/aeronoticias.com.pe\/noticiero\/economia\/viva-air-registra-mas-de-18000-reservas-en-su-primera-semana-de-ventas\/\",\"url\":\"https:\/\/aeronoticias.com.pe\/noticiero\/economia\/viva-air-registra-mas-de-18000-reservas-en-su-primera-semana-de-ventas\/\",\"name\":\"Viva Air registra m\u00e1s de 18,000 reservas en su primera semana de ventas\",\"isPartOf\":{\"@id\":\"https:\/\/aeronoticias.com.pe\/noticiero\/#website\"},\"datePublished\":\"2017-04-12T16:33:13+00:00\",\"author\":{\"@id\":\"https:\/\/aeronoticias.com.pe\/noticiero\/#\/schema\/person\/fc1e5d578f4b62ba1cf7ac2bba1170a0\"},\"description\":\"Portal de noticias del Per\u00fa sobre el transporte a\u00e9reo, aviaci\u00f3n, turismo, hoteleria, actualidad.\",\"breadcrumb\":{\"@id\":\"https:\/\/aeronoticias.com.pe\/noticiero\/economia\/viva-air-registra-mas-de-18000-reservas-en-su-primera-semana-de-ventas\/#breadcrumb\"},\"inLanguage\":\"es\",\"potentialAction\":[{\"@type\":\"ReadAction\",\"target\":[\"https:\/\/aeronoticias.com.pe\/noticiero\/economia\/viva-air-registra-mas-de-18000-reservas-en-su-primera-semana-de-ventas\/\"]}]},{\"@type\":\"BreadcrumbList\",\"@id\":\"https:\/\/aeronoticias.com.pe\/noticiero\/economia\/viva-air-registra-mas-de-18000-reservas-en-su-primera-semana-de-ventas\/#breadcrumb\",\"itemListElement\":[{\"@type\":\"ListItem\",\"position\":1,\"name\":\"Portada\",\"item\":\"https:\/\/aeronoticias.com.pe\/noticiero\/\"},{\"@type\":\"ListItem\",\"position\":2,\"name\":\"Viva Air registra m\u00e1s de 18,000 reservas en su primera semana de ventas\"}]},{\"@type\":\"WebSite\",\"@id\":\"https:\/\/aeronoticias.com.pe\/noticiero\/#website\",\"url\":\"https:\/\/aeronoticias.com.pe\/noticiero\/\",\"name\":\"Aeronoticias.com.pe\",\"description\":\"Noticias de tranporte aereo, turismo, hoteles, gastronomia, actualidad, internacional\",\"potentialAction\":[{\"@type\":\"SearchAction\",\"target\":{\"@type\":\"EntryPoint\",\"urlTemplate\":\"https:\/\/aeronoticias.com.pe\/noticiero\/?s={search_term_string}\"},\"query-input\":{\"@type\":\"PropertyValueSpecification\",\"valueRequired\":true,\"valueName\":\"search_term_string\"}}],\"inLanguage\":\"es\"},{\"@type\":\"Person\",\"@id\":\"https:\/\/aeronoticias.com.pe\/noticiero\/#\/schema\/person\/fc1e5d578f4b62ba1cf7ac2bba1170a0\",\"name\":\"Redacci\u00f3n Aeronoticias\",\"url\":\"https:\/\/aeronoticias.com.pe\/noticiero\/author\/piloto\/\"}]}<\/script>\n<!-- \/ Yoast SEO plugin. -->","yoast_head_json":{"title":"Viva Air registra m\u00e1s de 18,000 reservas en su primera semana de ventas","description":"Portal de noticias del Per\u00fa sobre el transporte a\u00e9reo, aviaci\u00f3n, turismo, hoteleria, actualidad.","robots":{"index":"index","follow":"follow","max-snippet":"max-snippet:-1","max-image-preview":"max-image-preview:large","max-video-preview":"max-video-preview:-1"},"canonical":"https:\/\/aeronoticias.com.pe\/noticiero\/economia\/viva-air-registra-mas-de-18000-reservas-en-su-primera-semana-de-ventas\/","og_locale":"es_ES","og_type":"article","og_title":"Viva Air registra m\u00e1s de 18,000 reservas en su primera semana de ventas","og_description":"Portal de noticias del Per\u00fa sobre el transporte a\u00e9reo, aviaci\u00f3n, turismo, hoteleria, actualidad.","og_url":"https:\/\/aeronoticias.com.pe\/noticiero\/economia\/viva-air-registra-mas-de-18000-reservas-en-su-primera-semana-de-ventas\/","og_site_name":"Aeronoticias.com.pe","article_publisher":"https:\/\/www.facebook.com\/Aeronoticias.com.pe\/","article_published_time":"2017-04-12T16:33:13+00:00","author":"Redacci\u00f3n Aeronoticias","twitter_card":"summary_large_image","twitter_creator":"@aeronoticias","twitter_site":"@aeronoticias","twitter_misc":{"Escrito por":"Redacci\u00f3n Aeronoticias","Tiempo de lectura":"2 minutos"},"schema":{"@context":"https:\/\/schema.org","@graph":[{"@type":"WebPage","@id":"https:\/\/aeronoticias.com.pe\/noticiero\/economia\/viva-air-registra-mas-de-18000-reservas-en-su-primera-semana-de-ventas\/","url":"https:\/\/aeronoticias.com.pe\/noticiero\/economia\/viva-air-registra-mas-de-18000-reservas-en-su-primera-semana-de-ventas\/","name":"Viva Air registra m\u00e1s de 18,000 reservas en su primera semana de ventas","isPartOf":{"@id":"https:\/\/aeronoticias.com.pe\/noticiero\/#website"},"datePublished":"2017-04-12T16:33:13+00:00","author":{"@id":"https:\/\/aeronoticias.com.pe\/noticiero\/#\/schema\/person\/fc1e5d578f4b62ba1cf7ac2bba1170a0"},"description":"Portal de noticias del Per\u00fa sobre el transporte a\u00e9reo, aviaci\u00f3n, turismo, hoteleria, actualidad.","breadcrumb":{"@id":"https:\/\/aeronoticias.com.pe\/noticiero\/economia\/viva-air-registra-mas-de-18000-reservas-en-su-primera-semana-de-ventas\/#breadcrumb"},"inLanguage":"es","potentialAction":[{"@type":"ReadAction","target":["https:\/\/aeronoticias.com.pe\/noticiero\/economia\/viva-air-registra-mas-de-18000-reservas-en-su-primera-semana-de-ventas\/"]}]},{"@type":"BreadcrumbList","@id":"https:\/\/aeronoticias.com.pe\/noticiero\/economia\/viva-air-registra-mas-de-18000-reservas-en-su-primera-semana-de-ventas\/#breadcrumb","itemListElement":[{"@type":"ListItem","position":1,"name":"Portada","item":"https:\/\/aeronoticias.com.pe\/noticiero\/"},{"@type":"ListItem","position":2,"name":"Viva Air registra m\u00e1s de 18,000 reservas en su primera semana de ventas"}]},{"@type":"WebSite","@id":"https:\/\/aeronoticias.com.pe\/noticiero\/#website","url":"https:\/\/aeronoticias.com.pe\/noticiero\/","name":"Aeronoticias.com.pe","description":"Noticias de tranporte aereo, turismo, hoteles, gastronomia, actualidad, internacional","potentialAction":[{"@type":"SearchAction","target":{"@type":"EntryPoint","urlTemplate":"https:\/\/aeronoticias.com.pe\/noticiero\/?s={search_term_string}"},"query-input":{"@type":"PropertyValueSpecification","valueRequired":true,"valueName":"search_term_string"}}],"inLanguage":"es"},{"@type":"Person","@id":"https:\/\/aeronoticias.com.pe\/noticiero\/#\/schema\/person\/fc1e5d578f4b62ba1cf7ac2bba1170a0","name":"Redacci\u00f3n Aeronoticias","url":"https:\/\/aeronoticias.com.pe\/noticiero\/author\/piloto\/"}]}},"_links":{"self":[{"href":"https:\/\/aeronoticias.com.pe\/noticiero\/wp-json\/wp\/v2\/posts\/56506","targetHints":{"allow":["GET"]}}],"collection":[{"href":"https:\/\/aeronoticias.com.pe\/noticiero\/wp-json\/wp\/v2\/posts"}],"about":[{"href":"https:\/\/aeronoticias.com.pe\/noticiero\/wp-json\/wp\/v2\/types\/post"}],"author":[{"embeddable":true,"href":"https:\/\/aeronoticias.com.pe\/noticiero\/wp-json\/wp\/v2\/users\/1"}],"replies":[{"embeddable":true,"href":"https:\/\/aeronoticias.com.pe\/noticiero\/wp-json\/wp\/v2\/comments?post=56506"}],"version-history":[{"count":0,"href":"https:\/\/aeronoticias.com.pe\/noticiero\/wp-json\/wp\/v2\/posts\/56506\/revisions"}],"wp:attachment":[{"href":"https:\/\/aeronoticias.com.pe\/noticiero\/wp-json\/wp\/v2\/media?parent=56506"}],"wp:term":[{"taxonomy":"category","embeddable":true,"href":"https:\/\/aeronoticias.com.pe\/noticiero\/wp-json\/wp\/v2\/categories?post=56506"},{"taxonomy":"post_tag","embeddable":true,"href":"https:\/\/aeronoticias.com.pe\/noticiero\/wp-json\/wp\/v2\/tags?post=56506"}],"curies":[{"name":"wp","href":"https:\/\/api.w.org\/{rel}","templated":true}]}}