{"id":56519,"date":"2017-04-20T16:22:47","date_gmt":"2017-04-20T16:22:47","guid":{"rendered":"http:\/\/desarrollo.mcvicious.com\/aero2020\/2017\/04\/20\/emirates-reducira-vuelos-a-estados-unidos-tras-restricciones-de-trump\/"},"modified":"2017-04-20T16:22:47","modified_gmt":"2017-04-20T16:22:47","slug":"emirates-reducira-vuelos-a-estados-unidos-tras-restricciones-de-trump","status":"publish","type":"post","link":"https:\/\/aeronoticias.com.pe\/noticiero\/transporte-aereo\/internacional\/emirates-reducira-vuelos-a-estados-unidos-tras-restricciones-de-trump\/","title":{"rendered":"Emirates reducir\u00e1 vuelos a Estados Unidos tras restricciones de Trump"},"content":{"rendered":"<p style=\"text-align: justify;\"><strong>(Aeronoticias) <\/strong><span style=\"font-size: 12.16px;\">Emirates, la mayor aerol\u00ednea del Oriente Medio, va a reducir el n\u00famero de sus vuelos a Estados Unidos a causa de una baja en la demanda luego de un endurecimiento de las medidas de seguridad por parte de Washington y gestiones del gobierno de Donald Trump para prohibir el ingreso de viajeros de varias naciones musulmanas.<\/span><\/p>\n<p style=\"text-align: justify;\"><span style=\"font-size: 12.16px;\">La decisi\u00f3n de la aerol\u00ednea estatal de Dub\u00e1i es el indicio m\u00e1s fuerte hasta ahora de que las restricciones impuestas por Estados Unidos en vuelos procedentes del Oriente Medio est\u00e1n teniendo un costo financiero para aerol\u00edneas del Golfo que se han expandido r\u00e1pidamente en Estados Unidos en a\u00f1os recientes.<\/span><\/p>\n<p style=\"text-align: justify;\"><span style=\"font-size: 12.16px;\">Dub\u00e1i es una de 10 ciudades en pa\u00edses musulmanes afectadas por una prohibici\u00f3n de laptops y otros aparatos electr\u00f3nicos portables a bordo de esos vuelos.<\/span><\/p>\n<p style=\"text-align: justify;\"><span style=\"font-size: 12.16px;\">La base de Emirates, el Aeropuerto Internacional de Dub\u00e1i, es el tercer aeropuerto m\u00e1s transitado del mundo y un vital punto de tr\u00e1nsito para viajeros afectados por las \u00f3rdenes ejecutivas del presidente Trump para suspender temporalmente el ingreso de ciudadanos de seis pa\u00edses mayoritariamente isl\u00e1micos.<\/span><\/p>\n<p style=\"text-align: justify;\"><span style=\"font-size: 12.16px;\">La m\u00e1s reciente prohibici\u00f3n suspendi\u00f3 nuevas visas para personas de Ir\u00e1n, Libia, Somalia, Sud\u00e1n, Siria y Yemen y congel\u00f3 el programa de refugiados del pa\u00eds. Al igual que una orden anterior que incluy\u00f3 a los iraqu\u00edes, fue bloqueada por las cortes federales.<\/span><\/p>\n<p style=\"text-align: justify;\"><span style=\"font-size: 12.16px;\">Emirates dijo el mi\u00e9rcoles que las reducciones afectar\u00e1n a cinco de sus 12 destinos en Estados Unidos a partir del mes pr\u00f3ximo. Agreg\u00f3 que se trata de una \u201cdecisi\u00f3n comercial en respuesta a una debilitada demanda de viajes\u201d en los tres meses desde la llegada de Trump a la presidencia.<\/span><\/p>\n<p style=\"text-align: justify;\"><span style=\"font-size: 12.16px;\">\u201cLas medidas recientes del gobierno estadounidense en relaci\u00f3n con el asunto de las visas, mayores restricciones de seguridad y a los aparatos electr\u00f3nicos en aviones han tenido un impacto directo en el inter\u00e9s de los consumidores y la demanda de viajes a\u00e9reos a Estados Unidos\u201d, dijo Emirates.<\/span><\/p>\n<p style=\"text-align: justify;\"><span style=\"font-size: 12.16px;\">La empresa va a reducir de dos a uno diario sus vuelos a Boston, Los \u00c1ngeles y Seattle. Los vuelos diarios a Ft. Lauderdale y Orlando ser\u00e1n reducidos a cinco a la semana.<\/span><\/p>\n<p style=\"text-align: justify;\"><span style=\"font-size: 12.16px;\"><strong><em>Fuente: El Economista<\/em><\/strong><\/span><\/p>\n<p style=\"text-align: justify;\"><span style=\"font-size: 12.16px;\"><strong><em><img decoding=\"async\" src=\"images\/stories\/17\/04\/200417\/emirates.jpg\" border=\"0\" \/><br \/><\/em><\/strong><\/span><\/p>\n","protected":false},"excerpt":{"rendered":"<p>(Aeronoticias) Emirates, la mayor aerol\u00ednea del Oriente Medio, va a reducir el n\u00famero de sus vuelos a Estados Unidos a causa de una baja en la demanda luego de un endurecimiento de las medidas de seguridad por parte de Washington y gestiones del gobierno de Donald Trump para prohibir el ingreso de viajeros de varias [&hellip;]<\/p>\n","protected":false},"author":1,"featured_media":0,"comment_status":"open","ping_status":"open","sticky":false,"template":"","format":"standard","meta":{"tdm_status":"","tdm_grid_status":"","footnotes":""},"categories":[32],"tags":[],"class_list":{"0":"post-56519","1":"post","2":"type-post","3":"status-publish","4":"format-standard","6":"category-internacional"},"yoast_head":"<!-- This site is optimized with the Yoast SEO plugin v25.1 - https:\/\/yoast.com\/wordpress\/plugins\/seo\/ -->\n<title>Emirates reducir\u00e1 vuelos a Estados Unidos tras restricciones de Trump<\/title>\n<meta name=\"description\" content=\"Portal de noticias del Per\u00fa sobre el transporte a\u00e9reo, aviaci\u00f3n, turismo, hoteleria, actualidad.\" \/>\n<meta name=\"robots\" content=\"index, follow, max-snippet:-1, max-image-preview:large, max-video-preview:-1\" \/>\n<link rel=\"canonical\" href=\"https:\/\/aeronoticias.com.pe\/noticiero\/transporte-aereo\/internacional\/emirates-reducira-vuelos-a-estados-unidos-tras-restricciones-de-trump\/\" \/>\n<meta property=\"og:locale\" content=\"es_ES\" \/>\n<meta property=\"og:type\" content=\"article\" \/>\n<meta property=\"og:title\" content=\"Emirates reducir\u00e1 vuelos a Estados Unidos tras restricciones de Trump\" \/>\n<meta property=\"og:description\" content=\"Portal de noticias del Per\u00fa sobre el transporte a\u00e9reo, aviaci\u00f3n, turismo, hoteleria, actualidad.\" \/>\n<meta property=\"og:url\" content=\"https:\/\/aeronoticias.com.pe\/noticiero\/transporte-aereo\/internacional\/emirates-reducira-vuelos-a-estados-unidos-tras-restricciones-de-trump\/\" \/>\n<meta property=\"og:site_name\" content=\"Aeronoticias.com.pe\" \/>\n<meta property=\"article:publisher\" content=\"https:\/\/www.facebook.com\/Aeronoticias.com.pe\/\" \/>\n<meta property=\"article:published_time\" content=\"2017-04-20T16:22:47+00:00\" \/>\n<meta name=\"author\" content=\"Redacci\u00f3n Aeronoticias\" \/>\n<meta name=\"twitter:card\" content=\"summary_large_image\" \/>\n<meta name=\"twitter:creator\" content=\"@aeronoticias\" \/>\n<meta name=\"twitter:site\" content=\"@aeronoticias\" \/>\n<meta name=\"twitter:label1\" content=\"Escrito por\" \/>\n\t<meta name=\"twitter:data1\" content=\"Redacci\u00f3n Aeronoticias\" \/>\n\t<meta name=\"twitter:label2\" content=\"Tiempo de lectura\" \/>\n\t<meta name=\"twitter:data2\" content=\"2 minutos\" \/>\n<script type=\"application\/ld+json\" class=\"yoast-schema-graph\">{\"@context\":\"https:\/\/schema.org\",\"@graph\":[{\"@type\":\"WebPage\",\"@id\":\"https:\/\/aeronoticias.com.pe\/noticiero\/transporte-aereo\/internacional\/emirates-reducira-vuelos-a-estados-unidos-tras-restricciones-de-trump\/\",\"url\":\"https:\/\/aeronoticias.com.pe\/noticiero\/transporte-aereo\/internacional\/emirates-reducira-vuelos-a-estados-unidos-tras-restricciones-de-trump\/\",\"name\":\"Emirates reducir\u00e1 vuelos a Estados Unidos tras restricciones de Trump\",\"isPartOf\":{\"@id\":\"https:\/\/aeronoticias.com.pe\/noticiero\/#website\"},\"datePublished\":\"2017-04-20T16:22:47+00:00\",\"author\":{\"@id\":\"https:\/\/aeronoticias.com.pe\/noticiero\/#\/schema\/person\/fc1e5d578f4b62ba1cf7ac2bba1170a0\"},\"description\":\"Portal de noticias del Per\u00fa sobre el transporte a\u00e9reo, aviaci\u00f3n, turismo, hoteleria, actualidad.\",\"breadcrumb\":{\"@id\":\"https:\/\/aeronoticias.com.pe\/noticiero\/transporte-aereo\/internacional\/emirates-reducira-vuelos-a-estados-unidos-tras-restricciones-de-trump\/#breadcrumb\"},\"inLanguage\":\"es\",\"potentialAction\":[{\"@type\":\"ReadAction\",\"target\":[\"https:\/\/aeronoticias.com.pe\/noticiero\/transporte-aereo\/internacional\/emirates-reducira-vuelos-a-estados-unidos-tras-restricciones-de-trump\/\"]}]},{\"@type\":\"BreadcrumbList\",\"@id\":\"https:\/\/aeronoticias.com.pe\/noticiero\/transporte-aereo\/internacional\/emirates-reducira-vuelos-a-estados-unidos-tras-restricciones-de-trump\/#breadcrumb\",\"itemListElement\":[{\"@type\":\"ListItem\",\"position\":1,\"name\":\"Portada\",\"item\":\"https:\/\/aeronoticias.com.pe\/noticiero\/\"},{\"@type\":\"ListItem\",\"position\":2,\"name\":\"Emirates reducir\u00e1 vuelos a Estados Unidos tras restricciones de Trump\"}]},{\"@type\":\"WebSite\",\"@id\":\"https:\/\/aeronoticias.com.pe\/noticiero\/#website\",\"url\":\"https:\/\/aeronoticias.com.pe\/noticiero\/\",\"name\":\"Aeronoticias.com.pe\",\"description\":\"Noticias de tranporte aereo, turismo, hoteles, gastronomia, actualidad, internacional\",\"potentialAction\":[{\"@type\":\"SearchAction\",\"target\":{\"@type\":\"EntryPoint\",\"urlTemplate\":\"https:\/\/aeronoticias.com.pe\/noticiero\/?s={search_term_string}\"},\"query-input\":{\"@type\":\"PropertyValueSpecification\",\"valueRequired\":true,\"valueName\":\"search_term_string\"}}],\"inLanguage\":\"es\"},{\"@type\":\"Person\",\"@id\":\"https:\/\/aeronoticias.com.pe\/noticiero\/#\/schema\/person\/fc1e5d578f4b62ba1cf7ac2bba1170a0\",\"name\":\"Redacci\u00f3n Aeronoticias\",\"url\":\"https:\/\/aeronoticias.com.pe\/noticiero\/author\/piloto\/\"}]}<\/script>\n<!-- \/ Yoast SEO plugin. -->","yoast_head_json":{"title":"Emirates reducir\u00e1 vuelos a Estados Unidos tras restricciones de Trump","description":"Portal de noticias del Per\u00fa sobre el transporte a\u00e9reo, aviaci\u00f3n, turismo, hoteleria, actualidad.","robots":{"index":"index","follow":"follow","max-snippet":"max-snippet:-1","max-image-preview":"max-image-preview:large","max-video-preview":"max-video-preview:-1"},"canonical":"https:\/\/aeronoticias.com.pe\/noticiero\/transporte-aereo\/internacional\/emirates-reducira-vuelos-a-estados-unidos-tras-restricciones-de-trump\/","og_locale":"es_ES","og_type":"article","og_title":"Emirates reducir\u00e1 vuelos a Estados Unidos tras restricciones de Trump","og_description":"Portal de noticias del Per\u00fa sobre el transporte a\u00e9reo, aviaci\u00f3n, turismo, hoteleria, actualidad.","og_url":"https:\/\/aeronoticias.com.pe\/noticiero\/transporte-aereo\/internacional\/emirates-reducira-vuelos-a-estados-unidos-tras-restricciones-de-trump\/","og_site_name":"Aeronoticias.com.pe","article_publisher":"https:\/\/www.facebook.com\/Aeronoticias.com.pe\/","article_published_time":"2017-04-20T16:22:47+00:00","author":"Redacci\u00f3n Aeronoticias","twitter_card":"summary_large_image","twitter_creator":"@aeronoticias","twitter_site":"@aeronoticias","twitter_misc":{"Escrito por":"Redacci\u00f3n Aeronoticias","Tiempo de lectura":"2 minutos"},"schema":{"@context":"https:\/\/schema.org","@graph":[{"@type":"WebPage","@id":"https:\/\/aeronoticias.com.pe\/noticiero\/transporte-aereo\/internacional\/emirates-reducira-vuelos-a-estados-unidos-tras-restricciones-de-trump\/","url":"https:\/\/aeronoticias.com.pe\/noticiero\/transporte-aereo\/internacional\/emirates-reducira-vuelos-a-estados-unidos-tras-restricciones-de-trump\/","name":"Emirates reducir\u00e1 vuelos a Estados Unidos tras restricciones de Trump","isPartOf":{"@id":"https:\/\/aeronoticias.com.pe\/noticiero\/#website"},"datePublished":"2017-04-20T16:22:47+00:00","author":{"@id":"https:\/\/aeronoticias.com.pe\/noticiero\/#\/schema\/person\/fc1e5d578f4b62ba1cf7ac2bba1170a0"},"description":"Portal de noticias del Per\u00fa sobre el transporte a\u00e9reo, aviaci\u00f3n, turismo, hoteleria, actualidad.","breadcrumb":{"@id":"https:\/\/aeronoticias.com.pe\/noticiero\/transporte-aereo\/internacional\/emirates-reducira-vuelos-a-estados-unidos-tras-restricciones-de-trump\/#breadcrumb"},"inLanguage":"es","potentialAction":[{"@type":"ReadAction","target":["https:\/\/aeronoticias.com.pe\/noticiero\/transporte-aereo\/internacional\/emirates-reducira-vuelos-a-estados-unidos-tras-restricciones-de-trump\/"]}]},{"@type":"BreadcrumbList","@id":"https:\/\/aeronoticias.com.pe\/noticiero\/transporte-aereo\/internacional\/emirates-reducira-vuelos-a-estados-unidos-tras-restricciones-de-trump\/#breadcrumb","itemListElement":[{"@type":"ListItem","position":1,"name":"Portada","item":"https:\/\/aeronoticias.com.pe\/noticiero\/"},{"@type":"ListItem","position":2,"name":"Emirates reducir\u00e1 vuelos a Estados Unidos tras restricciones de Trump"}]},{"@type":"WebSite","@id":"https:\/\/aeronoticias.com.pe\/noticiero\/#website","url":"https:\/\/aeronoticias.com.pe\/noticiero\/","name":"Aeronoticias.com.pe","description":"Noticias de tranporte aereo, turismo, hoteles, gastronomia, actualidad, internacional","potentialAction":[{"@type":"SearchAction","target":{"@type":"EntryPoint","urlTemplate":"https:\/\/aeronoticias.com.pe\/noticiero\/?s={search_term_string}"},"query-input":{"@type":"PropertyValueSpecification","valueRequired":true,"valueName":"search_term_string"}}],"inLanguage":"es"},{"@type":"Person","@id":"https:\/\/aeronoticias.com.pe\/noticiero\/#\/schema\/person\/fc1e5d578f4b62ba1cf7ac2bba1170a0","name":"Redacci\u00f3n Aeronoticias","url":"https:\/\/aeronoticias.com.pe\/noticiero\/author\/piloto\/"}]}},"_links":{"self":[{"href":"https:\/\/aeronoticias.com.pe\/noticiero\/wp-json\/wp\/v2\/posts\/56519","targetHints":{"allow":["GET"]}}],"collection":[{"href":"https:\/\/aeronoticias.com.pe\/noticiero\/wp-json\/wp\/v2\/posts"}],"about":[{"href":"https:\/\/aeronoticias.com.pe\/noticiero\/wp-json\/wp\/v2\/types\/post"}],"author":[{"embeddable":true,"href":"https:\/\/aeronoticias.com.pe\/noticiero\/wp-json\/wp\/v2\/users\/1"}],"replies":[{"embeddable":true,"href":"https:\/\/aeronoticias.com.pe\/noticiero\/wp-json\/wp\/v2\/comments?post=56519"}],"version-history":[{"count":0,"href":"https:\/\/aeronoticias.com.pe\/noticiero\/wp-json\/wp\/v2\/posts\/56519\/revisions"}],"wp:attachment":[{"href":"https:\/\/aeronoticias.com.pe\/noticiero\/wp-json\/wp\/v2\/media?parent=56519"}],"wp:term":[{"taxonomy":"category","embeddable":true,"href":"https:\/\/aeronoticias.com.pe\/noticiero\/wp-json\/wp\/v2\/categories?post=56519"},{"taxonomy":"post_tag","embeddable":true,"href":"https:\/\/aeronoticias.com.pe\/noticiero\/wp-json\/wp\/v2\/tags?post=56519"}],"curies":[{"name":"wp","href":"https:\/\/api.w.org\/{rel}","templated":true}]}}