{"id":56520,"date":"2017-04-20T20:00:00","date_gmt":"2017-04-20T20:00:00","guid":{"rendered":"http:\/\/desarrollo.mcvicious.com\/aero2020\/2017\/04\/20\/cerca-de-650-aviones-de-airbus-operan-actualmente-en-latinoamerica-y-caribe\/"},"modified":"2017-04-20T20:00:00","modified_gmt":"2017-04-20T20:00:00","slug":"cerca-de-650-aviones-de-airbus-operan-actualmente-en-latinoamerica-y-caribe","status":"publish","type":"post","link":"https:\/\/aeronoticias.com.pe\/noticiero\/internacionales\/cerca-de-650-aviones-de-airbus-operan-actualmente-en-latinoamerica-y-caribe\/","title":{"rendered":"Airbus, decanos globales y UNESCO unen fuerzas para una mayor diversidad en ingenier\u00eda"},"content":{"rendered":"<p style=\"text-align: justify;\"><strong>(Aeronoticias) <\/strong><span style=\"font-size: 12.16px;\">Airbus, el fabricante l\u00edder de aviones, y el Global Engineering Deans Council (GEDC) han lanzado una convocatoria de nominaciones para la edici\u00f3n 2017 del \u201cAirbus Diversity Award\u201d. Este premio pretende poner de relieve aquellos proyectos de \u00e9xito que han animado a j\u00f3venes de todos los perfiles y procedencias a estudiar y triunfar en el campo de la ingenier\u00eda. El desarrollo y la financiaci\u00f3n del premio ha estado a cargo de Airbus en asociaci\u00f3n con el GEDC, la principal organizaci\u00f3n internacional de escuelas y colegios de ingenier\u00eda. En esta edici\u00f3n conmemorativa de su quinto aniversario, el premio contar\u00e1 con el patrocinio de la UNESCO.<\/span><\/p>\n<p style=\"text-align: justify;\">El objetivo a largo plazo es una mayor diversidad dentro de la comunidad mundial de ingenieros, de modo que esta refleje la diversidad de las comunidades a las que sirve, teni\u00e9ndose a esta como motor de la innovaci\u00f3n y el crecimiento.<\/p>\n<p style=\"text-align: justify;\">\u201cEn Airbus somos conscientes que una cultura diversa e inclusiva constituye un activo,\u201d comenta Jean Brice Dumont, Executive Vice President Engineering Airbus Helicopters y promotor del premio. \u201cEstimula la actitud innovadora que sustenta los tremendos avances tecnol\u00f3gicos que se est\u00e1n produciendo en los sectores aeron\u00e1utico y aeroespacial. Nos hemos propuesto desarrollar la siguiente generaci\u00f3n de talentos en ingenier\u00eda y estamos orgullosos de asociarnos con la UNESCO y con escuelas de ingenier\u00eda de todo el mundo para lograrlo.\u201d<\/p>\n<p style=\"text-align: justify;\">\u201cNecesitamos que cada vez m\u00e1s j\u00f3venes de todo tipo de procedencia y perfil adquieran las competencias que el mundo precisa para resolver nuestros principales retos globales y sacar el m\u00e1ximo provecho de las nuevas oportunidades,\u201d manifiesta Flavia Schlegel, Subdirectora General de Ciencias Naturales de la UNESCO. \u201cDe modo que estoy encantada de aportar el apoyo de la UNESCO a esta valiosa asociaci\u00f3n.\u201d<\/p>\n<p style=\"text-align: justify;\">En noviembre pasado, Yacob Astatke, de la Morgan State University de Estados Unidos obtuvo el Airbus Diversity Award por su impresionante introducci\u00f3n de iniciativas tecnol\u00f3gicas y educativas en universidades de toda Etiop\u00eda con el fin de mejorar la ense\u00f1anza de la ingenier\u00eda en \u00c1frica.<\/p>\n<p style=\"text-align: justify;\">\u201cEn 2017 invitamos a todos los que trabajan para mejorar la diversidad en la ense\u00f1anza de la ingenier\u00eda en todo el mundo a presentar sus proyectos de \u00e9xito, compartir sus buenas ideas y enfoques innovadores e inspirar a los dem\u00e1s para seguir avanzando en este campo tan crucial,\u201d ha dicho Peter Kilpatrick, McCloskey Dean of Engineering en la University of Notre Dame, Estados Unidos, y Presidente del GEDC.<\/p>\n<p style=\"text-align: justify;\"><span style=\"font-size: 12.16px;\">El plazo de presentaciones para este nuevo premio se cierra el 10 de julio, y el proyecto ganador se anunciar\u00e1 en la Conferencia Anual del GEDC, que tendr\u00e1 lugar en Niagara Falls, Canad\u00e1, en octubre de 2017. Las presentaciones se podr\u00e1n realizar online por cualquier persona o equipo que trabaje en o con una escuela\/facultad de ingenier\u00eda cuyo proyecto haya producido resultados tangibles a la hora de lograr una mayor diversidad entre los estudiantes y\/o graduados en ingenier\u00eda.<\/span><\/p>\n<p style=\"text-align: justify;\"><span style=\"font-size: 12.16px;\"><img decoding=\"async\" src=\"images\/stories\/17\/04\/200417\/jeanbrice.jpg\" border=\"0\" \/><br \/><\/span><\/p>\n","protected":false},"excerpt":{"rendered":"<p>(Aeronoticias) Airbus, el fabricante l\u00edder de aviones, y el Global Engineering Deans Council (GEDC) han lanzado una convocatoria de nominaciones para la edici\u00f3n 2017 del \u201cAirbus Diversity Award\u201d. Este premio pretende poner de relieve aquellos proyectos de \u00e9xito que han animado a j\u00f3venes de todos los perfiles y procedencias a estudiar y triunfar en el [&hellip;]<\/p>\n","protected":false},"author":1,"featured_media":0,"comment_status":"open","ping_status":"open","sticky":false,"template":"","format":"standard","meta":{"tdm_status":"","tdm_grid_status":"","footnotes":""},"categories":[34],"tags":[],"class_list":{"0":"post-56520","1":"post","2":"type-post","3":"status-publish","4":"format-standard","6":"category-internacionales"},"yoast_head":"<!-- This site is optimized with the Yoast SEO plugin v25.1 - https:\/\/yoast.com\/wordpress\/plugins\/seo\/ -->\n<title>Airbus, decanos globales y UNESCO unen fuerzas para una mayor diversidad en ingenier\u00eda<\/title>\n<meta name=\"description\" content=\"Portal de noticias del Per\u00fa sobre el transporte a\u00e9reo, aviaci\u00f3n, turismo, hoteleria, actualidad.\" \/>\n<meta name=\"robots\" content=\"index, follow, max-snippet:-1, max-image-preview:large, max-video-preview:-1\" \/>\n<link rel=\"canonical\" href=\"https:\/\/aeronoticias.com.pe\/noticiero\/internacionales\/cerca-de-650-aviones-de-airbus-operan-actualmente-en-latinoamerica-y-caribe\/\" \/>\n<meta property=\"og:locale\" content=\"es_ES\" \/>\n<meta property=\"og:type\" content=\"article\" \/>\n<meta property=\"og:title\" content=\"Airbus, decanos globales y UNESCO unen fuerzas para una mayor diversidad en ingenier\u00eda\" \/>\n<meta property=\"og:description\" content=\"Portal de noticias del Per\u00fa sobre el transporte a\u00e9reo, aviaci\u00f3n, turismo, hoteleria, actualidad.\" \/>\n<meta property=\"og:url\" content=\"https:\/\/aeronoticias.com.pe\/noticiero\/internacionales\/cerca-de-650-aviones-de-airbus-operan-actualmente-en-latinoamerica-y-caribe\/\" \/>\n<meta property=\"og:site_name\" content=\"Aeronoticias.com.pe\" \/>\n<meta property=\"article:publisher\" content=\"https:\/\/www.facebook.com\/Aeronoticias.com.pe\/\" \/>\n<meta property=\"article:published_time\" content=\"2017-04-20T20:00:00+00:00\" \/>\n<meta name=\"author\" content=\"Redacci\u00f3n Aeronoticias\" \/>\n<meta name=\"twitter:card\" content=\"summary_large_image\" \/>\n<meta name=\"twitter:creator\" content=\"@aeronoticias\" \/>\n<meta name=\"twitter:site\" content=\"@aeronoticias\" \/>\n<meta name=\"twitter:label1\" content=\"Escrito por\" \/>\n\t<meta name=\"twitter:data1\" content=\"Redacci\u00f3n Aeronoticias\" \/>\n\t<meta name=\"twitter:label2\" content=\"Tiempo de lectura\" \/>\n\t<meta name=\"twitter:data2\" content=\"3 minutos\" \/>\n<script type=\"application\/ld+json\" class=\"yoast-schema-graph\">{\"@context\":\"https:\/\/schema.org\",\"@graph\":[{\"@type\":\"WebPage\",\"@id\":\"https:\/\/aeronoticias.com.pe\/noticiero\/internacionales\/cerca-de-650-aviones-de-airbus-operan-actualmente-en-latinoamerica-y-caribe\/\",\"url\":\"https:\/\/aeronoticias.com.pe\/noticiero\/internacionales\/cerca-de-650-aviones-de-airbus-operan-actualmente-en-latinoamerica-y-caribe\/\",\"name\":\"Airbus, decanos globales y UNESCO unen fuerzas para una mayor diversidad en ingenier\u00eda\",\"isPartOf\":{\"@id\":\"https:\/\/aeronoticias.com.pe\/noticiero\/#website\"},\"datePublished\":\"2017-04-20T20:00:00+00:00\",\"author\":{\"@id\":\"https:\/\/aeronoticias.com.pe\/noticiero\/#\/schema\/person\/fc1e5d578f4b62ba1cf7ac2bba1170a0\"},\"description\":\"Portal de noticias del Per\u00fa sobre el transporte a\u00e9reo, aviaci\u00f3n, turismo, hoteleria, actualidad.\",\"breadcrumb\":{\"@id\":\"https:\/\/aeronoticias.com.pe\/noticiero\/internacionales\/cerca-de-650-aviones-de-airbus-operan-actualmente-en-latinoamerica-y-caribe\/#breadcrumb\"},\"inLanguage\":\"es\",\"potentialAction\":[{\"@type\":\"ReadAction\",\"target\":[\"https:\/\/aeronoticias.com.pe\/noticiero\/internacionales\/cerca-de-650-aviones-de-airbus-operan-actualmente-en-latinoamerica-y-caribe\/\"]}]},{\"@type\":\"BreadcrumbList\",\"@id\":\"https:\/\/aeronoticias.com.pe\/noticiero\/internacionales\/cerca-de-650-aviones-de-airbus-operan-actualmente-en-latinoamerica-y-caribe\/#breadcrumb\",\"itemListElement\":[{\"@type\":\"ListItem\",\"position\":1,\"name\":\"Portada\",\"item\":\"https:\/\/aeronoticias.com.pe\/noticiero\/\"},{\"@type\":\"ListItem\",\"position\":2,\"name\":\"Airbus, decanos globales y UNESCO unen fuerzas para una mayor diversidad en ingenier\u00eda\"}]},{\"@type\":\"WebSite\",\"@id\":\"https:\/\/aeronoticias.com.pe\/noticiero\/#website\",\"url\":\"https:\/\/aeronoticias.com.pe\/noticiero\/\",\"name\":\"Aeronoticias.com.pe\",\"description\":\"Noticias de tranporte aereo, turismo, hoteles, gastronomia, actualidad, internacional\",\"potentialAction\":[{\"@type\":\"SearchAction\",\"target\":{\"@type\":\"EntryPoint\",\"urlTemplate\":\"https:\/\/aeronoticias.com.pe\/noticiero\/?s={search_term_string}\"},\"query-input\":{\"@type\":\"PropertyValueSpecification\",\"valueRequired\":true,\"valueName\":\"search_term_string\"}}],\"inLanguage\":\"es\"},{\"@type\":\"Person\",\"@id\":\"https:\/\/aeronoticias.com.pe\/noticiero\/#\/schema\/person\/fc1e5d578f4b62ba1cf7ac2bba1170a0\",\"name\":\"Redacci\u00f3n Aeronoticias\",\"url\":\"https:\/\/aeronoticias.com.pe\/noticiero\/author\/piloto\/\"}]}<\/script>\n<!-- \/ Yoast SEO plugin. -->","yoast_head_json":{"title":"Airbus, decanos globales y UNESCO unen fuerzas para una mayor diversidad en ingenier\u00eda","description":"Portal de noticias del Per\u00fa sobre el transporte a\u00e9reo, aviaci\u00f3n, turismo, hoteleria, actualidad.","robots":{"index":"index","follow":"follow","max-snippet":"max-snippet:-1","max-image-preview":"max-image-preview:large","max-video-preview":"max-video-preview:-1"},"canonical":"https:\/\/aeronoticias.com.pe\/noticiero\/internacionales\/cerca-de-650-aviones-de-airbus-operan-actualmente-en-latinoamerica-y-caribe\/","og_locale":"es_ES","og_type":"article","og_title":"Airbus, decanos globales y UNESCO unen fuerzas para una mayor diversidad en ingenier\u00eda","og_description":"Portal de noticias del Per\u00fa sobre el transporte a\u00e9reo, aviaci\u00f3n, turismo, hoteleria, actualidad.","og_url":"https:\/\/aeronoticias.com.pe\/noticiero\/internacionales\/cerca-de-650-aviones-de-airbus-operan-actualmente-en-latinoamerica-y-caribe\/","og_site_name":"Aeronoticias.com.pe","article_publisher":"https:\/\/www.facebook.com\/Aeronoticias.com.pe\/","article_published_time":"2017-04-20T20:00:00+00:00","author":"Redacci\u00f3n Aeronoticias","twitter_card":"summary_large_image","twitter_creator":"@aeronoticias","twitter_site":"@aeronoticias","twitter_misc":{"Escrito por":"Redacci\u00f3n Aeronoticias","Tiempo de lectura":"3 minutos"},"schema":{"@context":"https:\/\/schema.org","@graph":[{"@type":"WebPage","@id":"https:\/\/aeronoticias.com.pe\/noticiero\/internacionales\/cerca-de-650-aviones-de-airbus-operan-actualmente-en-latinoamerica-y-caribe\/","url":"https:\/\/aeronoticias.com.pe\/noticiero\/internacionales\/cerca-de-650-aviones-de-airbus-operan-actualmente-en-latinoamerica-y-caribe\/","name":"Airbus, decanos globales y UNESCO unen fuerzas para una mayor diversidad en ingenier\u00eda","isPartOf":{"@id":"https:\/\/aeronoticias.com.pe\/noticiero\/#website"},"datePublished":"2017-04-20T20:00:00+00:00","author":{"@id":"https:\/\/aeronoticias.com.pe\/noticiero\/#\/schema\/person\/fc1e5d578f4b62ba1cf7ac2bba1170a0"},"description":"Portal de noticias del Per\u00fa sobre el transporte a\u00e9reo, aviaci\u00f3n, turismo, hoteleria, actualidad.","breadcrumb":{"@id":"https:\/\/aeronoticias.com.pe\/noticiero\/internacionales\/cerca-de-650-aviones-de-airbus-operan-actualmente-en-latinoamerica-y-caribe\/#breadcrumb"},"inLanguage":"es","potentialAction":[{"@type":"ReadAction","target":["https:\/\/aeronoticias.com.pe\/noticiero\/internacionales\/cerca-de-650-aviones-de-airbus-operan-actualmente-en-latinoamerica-y-caribe\/"]}]},{"@type":"BreadcrumbList","@id":"https:\/\/aeronoticias.com.pe\/noticiero\/internacionales\/cerca-de-650-aviones-de-airbus-operan-actualmente-en-latinoamerica-y-caribe\/#breadcrumb","itemListElement":[{"@type":"ListItem","position":1,"name":"Portada","item":"https:\/\/aeronoticias.com.pe\/noticiero\/"},{"@type":"ListItem","position":2,"name":"Airbus, decanos globales y UNESCO unen fuerzas para una mayor diversidad en ingenier\u00eda"}]},{"@type":"WebSite","@id":"https:\/\/aeronoticias.com.pe\/noticiero\/#website","url":"https:\/\/aeronoticias.com.pe\/noticiero\/","name":"Aeronoticias.com.pe","description":"Noticias de tranporte aereo, turismo, hoteles, gastronomia, actualidad, internacional","potentialAction":[{"@type":"SearchAction","target":{"@type":"EntryPoint","urlTemplate":"https:\/\/aeronoticias.com.pe\/noticiero\/?s={search_term_string}"},"query-input":{"@type":"PropertyValueSpecification","valueRequired":true,"valueName":"search_term_string"}}],"inLanguage":"es"},{"@type":"Person","@id":"https:\/\/aeronoticias.com.pe\/noticiero\/#\/schema\/person\/fc1e5d578f4b62ba1cf7ac2bba1170a0","name":"Redacci\u00f3n Aeronoticias","url":"https:\/\/aeronoticias.com.pe\/noticiero\/author\/piloto\/"}]}},"_links":{"self":[{"href":"https:\/\/aeronoticias.com.pe\/noticiero\/wp-json\/wp\/v2\/posts\/56520","targetHints":{"allow":["GET"]}}],"collection":[{"href":"https:\/\/aeronoticias.com.pe\/noticiero\/wp-json\/wp\/v2\/posts"}],"about":[{"href":"https:\/\/aeronoticias.com.pe\/noticiero\/wp-json\/wp\/v2\/types\/post"}],"author":[{"embeddable":true,"href":"https:\/\/aeronoticias.com.pe\/noticiero\/wp-json\/wp\/v2\/users\/1"}],"replies":[{"embeddable":true,"href":"https:\/\/aeronoticias.com.pe\/noticiero\/wp-json\/wp\/v2\/comments?post=56520"}],"version-history":[{"count":0,"href":"https:\/\/aeronoticias.com.pe\/noticiero\/wp-json\/wp\/v2\/posts\/56520\/revisions"}],"wp:attachment":[{"href":"https:\/\/aeronoticias.com.pe\/noticiero\/wp-json\/wp\/v2\/media?parent=56520"}],"wp:term":[{"taxonomy":"category","embeddable":true,"href":"https:\/\/aeronoticias.com.pe\/noticiero\/wp-json\/wp\/v2\/categories?post=56520"},{"taxonomy":"post_tag","embeddable":true,"href":"https:\/\/aeronoticias.com.pe\/noticiero\/wp-json\/wp\/v2\/tags?post=56520"}],"curies":[{"name":"wp","href":"https:\/\/api.w.org\/{rel}","templated":true}]}}