{"id":56521,"date":"2017-04-21T17:46:48","date_gmt":"2017-04-21T17:46:48","guid":{"rendered":"http:\/\/desarrollo.mcvicious.com\/aero2020\/2017\/04\/21\/obras-en-aeropuerto-jorge-chavez-iniciarian-en-segundo-semestre-del-ano\/"},"modified":"2017-04-21T17:46:48","modified_gmt":"2017-04-21T17:46:48","slug":"obras-en-aeropuerto-jorge-chavez-iniciarian-en-segundo-semestre-del-ano","status":"publish","type":"post","link":"https:\/\/aeronoticias.com.pe\/noticiero\/nacionales\/obras-en-aeropuerto-jorge-chavez-iniciarian-en-segundo-semestre-del-ano\/","title":{"rendered":"Obras en Aeropuerto Jorge Ch\u00e1vez iniciar\u00edan en segundo semestre del a\u00f1o"},"content":{"rendered":"<p style=\"text-align: justify;\"><strong>(Aeronoticias) <\/strong><span style=\"font-size: 12.16px;\">El ministro de Transportes y primer Vicepresidente del Per\u00fa, Mart\u00edn Vizcarra, adelant\u00f3 que las obras para la ampliaci\u00f3n del Aeropuerto Internacional Jorge Ch\u00e1vez podr\u00edan iniciar en el segundo semestre del a\u00f1o, luego de la firma de la s\u00e9ptima adenda al contrato con la concesionaria Lima Airport Partners (LAP).<\/span><\/p>\n<p style=\"text-align: justify;\"><span style=\"font-size: 12.16px;\">\u201cNuestra meta y as\u00ed lo anunciamos era de que este a\u00f1o deber\u00edan empezarse la construcci\u00f3n de la ampliaci\u00f3n del Aeropuerto Internacional Jorge Ch\u00e1vez con el nuevo terminal y una nueva pista de aterrizaje\u201d, indic\u00f3 Vizcarra Cornejo sobre el proyecto que requiere una inversi\u00f3n de m\u00e1s de US$1,200 millones.<\/span><\/p>\n<p style=\"text-align: justify;\"><span style=\"font-size: 12.16px;\">En su presentaci\u00f3n durante la CADE 2016, el ministro indic\u00f3 que la construcci\u00f3n de la segunda pista de aterrizaje iba a iniciar en los tres primeros meses del a\u00f1o, sin embargo, el contrato de modernizaci\u00f3n estaba condicionado por la reubicaci\u00f3n de instalaciones de gas natural, agua y alcantarillado y por el cruce con las obras del t\u00fanel de la Av. N\u00e9stor Gambetta.<\/span><\/p>\n<p style=\"text-align: justify;\"><span style=\"font-size: 12.16px;\">\u201cEst\u00e1 establecido que el periodo de construcci\u00f3n tomar\u00e1 cinco a\u00f1os, pero se iniciar\u00e1 este a\u00f1o. Una vez que firmemos el documento, el concesionario tiene que darnos el cronograma de ejecuci\u00f3n de las obras\u201d, precis\u00f3.<\/span><\/p>\n<p style=\"text-align: justify;\"><span style=\"font-size: 12.16px;\"><strong><em>Fuente: Inofoturper\u00fa<\/em><\/strong><\/span><\/p>\n<p style=\"text-align: justify;\"><span style=\"font-size: 12.16px;\"><strong><em><img decoding=\"async\" src=\"images\/stories\/17\/04\/210417\/jchavez.jpg\" border=\"0\" \/><br \/><\/em><\/strong><\/span><\/p>\n","protected":false},"excerpt":{"rendered":"<p>(Aeronoticias) El ministro de Transportes y primer Vicepresidente del Per\u00fa, Mart\u00edn Vizcarra, adelant\u00f3 que las obras para la ampliaci\u00f3n del Aeropuerto Internacional Jorge Ch\u00e1vez podr\u00edan iniciar en el segundo semestre del a\u00f1o, luego de la firma de la s\u00e9ptima adenda al contrato con la concesionaria Lima Airport Partners (LAP). \u201cNuestra meta y as\u00ed lo anunciamos [&hellip;]<\/p>\n","protected":false},"author":1,"featured_media":0,"comment_status":"open","ping_status":"open","sticky":false,"template":"","format":"standard","meta":{"tdm_status":"","tdm_grid_status":"","footnotes":""},"categories":[38],"tags":[],"class_list":{"0":"post-56521","1":"post","2":"type-post","3":"status-publish","4":"format-standard","6":"category-nacionales"},"yoast_head":"<!-- This site is optimized with the Yoast SEO plugin v25.1 - https:\/\/yoast.com\/wordpress\/plugins\/seo\/ -->\n<title>Obras en Aeropuerto Jorge Ch\u00e1vez iniciar\u00edan en segundo semestre del a\u00f1o<\/title>\n<meta name=\"description\" content=\"Portal de noticias del Per\u00fa sobre el transporte a\u00e9reo, aviaci\u00f3n, turismo, hoteleria, actualidad.\" \/>\n<meta name=\"robots\" content=\"index, follow, max-snippet:-1, max-image-preview:large, max-video-preview:-1\" \/>\n<link rel=\"canonical\" href=\"https:\/\/aeronoticias.com.pe\/noticiero\/nacionales\/obras-en-aeropuerto-jorge-chavez-iniciarian-en-segundo-semestre-del-ano\/\" \/>\n<meta property=\"og:locale\" content=\"es_ES\" \/>\n<meta property=\"og:type\" content=\"article\" \/>\n<meta property=\"og:title\" content=\"Obras en Aeropuerto Jorge Ch\u00e1vez iniciar\u00edan en segundo semestre del a\u00f1o\" \/>\n<meta property=\"og:description\" content=\"Portal de noticias del Per\u00fa sobre el transporte a\u00e9reo, aviaci\u00f3n, turismo, hoteleria, actualidad.\" \/>\n<meta property=\"og:url\" content=\"https:\/\/aeronoticias.com.pe\/noticiero\/nacionales\/obras-en-aeropuerto-jorge-chavez-iniciarian-en-segundo-semestre-del-ano\/\" \/>\n<meta property=\"og:site_name\" content=\"Aeronoticias.com.pe\" \/>\n<meta property=\"article:publisher\" content=\"https:\/\/www.facebook.com\/Aeronoticias.com.pe\/\" \/>\n<meta property=\"article:published_time\" content=\"2017-04-21T17:46:48+00:00\" \/>\n<meta name=\"author\" content=\"Redacci\u00f3n Aeronoticias\" \/>\n<meta name=\"twitter:card\" content=\"summary_large_image\" \/>\n<meta name=\"twitter:creator\" content=\"@aeronoticias\" \/>\n<meta name=\"twitter:site\" content=\"@aeronoticias\" \/>\n<meta name=\"twitter:label1\" content=\"Escrito por\" \/>\n\t<meta name=\"twitter:data1\" content=\"Redacci\u00f3n Aeronoticias\" \/>\n\t<meta name=\"twitter:label2\" content=\"Tiempo de lectura\" \/>\n\t<meta name=\"twitter:data2\" content=\"1 minuto\" \/>\n<script type=\"application\/ld+json\" class=\"yoast-schema-graph\">{\"@context\":\"https:\/\/schema.org\",\"@graph\":[{\"@type\":\"WebPage\",\"@id\":\"https:\/\/aeronoticias.com.pe\/noticiero\/nacionales\/obras-en-aeropuerto-jorge-chavez-iniciarian-en-segundo-semestre-del-ano\/\",\"url\":\"https:\/\/aeronoticias.com.pe\/noticiero\/nacionales\/obras-en-aeropuerto-jorge-chavez-iniciarian-en-segundo-semestre-del-ano\/\",\"name\":\"Obras en Aeropuerto Jorge Ch\u00e1vez iniciar\u00edan en segundo semestre del a\u00f1o\",\"isPartOf\":{\"@id\":\"https:\/\/aeronoticias.com.pe\/noticiero\/#website\"},\"datePublished\":\"2017-04-21T17:46:48+00:00\",\"author\":{\"@id\":\"https:\/\/aeronoticias.com.pe\/noticiero\/#\/schema\/person\/fc1e5d578f4b62ba1cf7ac2bba1170a0\"},\"description\":\"Portal de noticias del Per\u00fa sobre el transporte a\u00e9reo, aviaci\u00f3n, turismo, hoteleria, actualidad.\",\"breadcrumb\":{\"@id\":\"https:\/\/aeronoticias.com.pe\/noticiero\/nacionales\/obras-en-aeropuerto-jorge-chavez-iniciarian-en-segundo-semestre-del-ano\/#breadcrumb\"},\"inLanguage\":\"es\",\"potentialAction\":[{\"@type\":\"ReadAction\",\"target\":[\"https:\/\/aeronoticias.com.pe\/noticiero\/nacionales\/obras-en-aeropuerto-jorge-chavez-iniciarian-en-segundo-semestre-del-ano\/\"]}]},{\"@type\":\"BreadcrumbList\",\"@id\":\"https:\/\/aeronoticias.com.pe\/noticiero\/nacionales\/obras-en-aeropuerto-jorge-chavez-iniciarian-en-segundo-semestre-del-ano\/#breadcrumb\",\"itemListElement\":[{\"@type\":\"ListItem\",\"position\":1,\"name\":\"Portada\",\"item\":\"https:\/\/aeronoticias.com.pe\/noticiero\/\"},{\"@type\":\"ListItem\",\"position\":2,\"name\":\"Obras en Aeropuerto Jorge Ch\u00e1vez iniciar\u00edan en segundo semestre del a\u00f1o\"}]},{\"@type\":\"WebSite\",\"@id\":\"https:\/\/aeronoticias.com.pe\/noticiero\/#website\",\"url\":\"https:\/\/aeronoticias.com.pe\/noticiero\/\",\"name\":\"Aeronoticias.com.pe\",\"description\":\"Noticias de tranporte aereo, turismo, hoteles, gastronomia, actualidad, internacional\",\"potentialAction\":[{\"@type\":\"SearchAction\",\"target\":{\"@type\":\"EntryPoint\",\"urlTemplate\":\"https:\/\/aeronoticias.com.pe\/noticiero\/?s={search_term_string}\"},\"query-input\":{\"@type\":\"PropertyValueSpecification\",\"valueRequired\":true,\"valueName\":\"search_term_string\"}}],\"inLanguage\":\"es\"},{\"@type\":\"Person\",\"@id\":\"https:\/\/aeronoticias.com.pe\/noticiero\/#\/schema\/person\/fc1e5d578f4b62ba1cf7ac2bba1170a0\",\"name\":\"Redacci\u00f3n Aeronoticias\",\"url\":\"https:\/\/aeronoticias.com.pe\/noticiero\/author\/piloto\/\"}]}<\/script>\n<!-- \/ Yoast SEO plugin. -->","yoast_head_json":{"title":"Obras en Aeropuerto Jorge Ch\u00e1vez iniciar\u00edan en segundo semestre del a\u00f1o","description":"Portal de noticias del Per\u00fa sobre el transporte a\u00e9reo, aviaci\u00f3n, turismo, hoteleria, actualidad.","robots":{"index":"index","follow":"follow","max-snippet":"max-snippet:-1","max-image-preview":"max-image-preview:large","max-video-preview":"max-video-preview:-1"},"canonical":"https:\/\/aeronoticias.com.pe\/noticiero\/nacionales\/obras-en-aeropuerto-jorge-chavez-iniciarian-en-segundo-semestre-del-ano\/","og_locale":"es_ES","og_type":"article","og_title":"Obras en Aeropuerto Jorge Ch\u00e1vez iniciar\u00edan en segundo semestre del a\u00f1o","og_description":"Portal de noticias del Per\u00fa sobre el transporte a\u00e9reo, aviaci\u00f3n, turismo, hoteleria, actualidad.","og_url":"https:\/\/aeronoticias.com.pe\/noticiero\/nacionales\/obras-en-aeropuerto-jorge-chavez-iniciarian-en-segundo-semestre-del-ano\/","og_site_name":"Aeronoticias.com.pe","article_publisher":"https:\/\/www.facebook.com\/Aeronoticias.com.pe\/","article_published_time":"2017-04-21T17:46:48+00:00","author":"Redacci\u00f3n Aeronoticias","twitter_card":"summary_large_image","twitter_creator":"@aeronoticias","twitter_site":"@aeronoticias","twitter_misc":{"Escrito por":"Redacci\u00f3n Aeronoticias","Tiempo de lectura":"1 minuto"},"schema":{"@context":"https:\/\/schema.org","@graph":[{"@type":"WebPage","@id":"https:\/\/aeronoticias.com.pe\/noticiero\/nacionales\/obras-en-aeropuerto-jorge-chavez-iniciarian-en-segundo-semestre-del-ano\/","url":"https:\/\/aeronoticias.com.pe\/noticiero\/nacionales\/obras-en-aeropuerto-jorge-chavez-iniciarian-en-segundo-semestre-del-ano\/","name":"Obras en Aeropuerto Jorge Ch\u00e1vez iniciar\u00edan en segundo semestre del a\u00f1o","isPartOf":{"@id":"https:\/\/aeronoticias.com.pe\/noticiero\/#website"},"datePublished":"2017-04-21T17:46:48+00:00","author":{"@id":"https:\/\/aeronoticias.com.pe\/noticiero\/#\/schema\/person\/fc1e5d578f4b62ba1cf7ac2bba1170a0"},"description":"Portal de noticias del Per\u00fa sobre el transporte a\u00e9reo, aviaci\u00f3n, turismo, hoteleria, actualidad.","breadcrumb":{"@id":"https:\/\/aeronoticias.com.pe\/noticiero\/nacionales\/obras-en-aeropuerto-jorge-chavez-iniciarian-en-segundo-semestre-del-ano\/#breadcrumb"},"inLanguage":"es","potentialAction":[{"@type":"ReadAction","target":["https:\/\/aeronoticias.com.pe\/noticiero\/nacionales\/obras-en-aeropuerto-jorge-chavez-iniciarian-en-segundo-semestre-del-ano\/"]}]},{"@type":"BreadcrumbList","@id":"https:\/\/aeronoticias.com.pe\/noticiero\/nacionales\/obras-en-aeropuerto-jorge-chavez-iniciarian-en-segundo-semestre-del-ano\/#breadcrumb","itemListElement":[{"@type":"ListItem","position":1,"name":"Portada","item":"https:\/\/aeronoticias.com.pe\/noticiero\/"},{"@type":"ListItem","position":2,"name":"Obras en Aeropuerto Jorge Ch\u00e1vez iniciar\u00edan en segundo semestre del a\u00f1o"}]},{"@type":"WebSite","@id":"https:\/\/aeronoticias.com.pe\/noticiero\/#website","url":"https:\/\/aeronoticias.com.pe\/noticiero\/","name":"Aeronoticias.com.pe","description":"Noticias de tranporte aereo, turismo, hoteles, gastronomia, actualidad, internacional","potentialAction":[{"@type":"SearchAction","target":{"@type":"EntryPoint","urlTemplate":"https:\/\/aeronoticias.com.pe\/noticiero\/?s={search_term_string}"},"query-input":{"@type":"PropertyValueSpecification","valueRequired":true,"valueName":"search_term_string"}}],"inLanguage":"es"},{"@type":"Person","@id":"https:\/\/aeronoticias.com.pe\/noticiero\/#\/schema\/person\/fc1e5d578f4b62ba1cf7ac2bba1170a0","name":"Redacci\u00f3n Aeronoticias","url":"https:\/\/aeronoticias.com.pe\/noticiero\/author\/piloto\/"}]}},"_links":{"self":[{"href":"https:\/\/aeronoticias.com.pe\/noticiero\/wp-json\/wp\/v2\/posts\/56521","targetHints":{"allow":["GET"]}}],"collection":[{"href":"https:\/\/aeronoticias.com.pe\/noticiero\/wp-json\/wp\/v2\/posts"}],"about":[{"href":"https:\/\/aeronoticias.com.pe\/noticiero\/wp-json\/wp\/v2\/types\/post"}],"author":[{"embeddable":true,"href":"https:\/\/aeronoticias.com.pe\/noticiero\/wp-json\/wp\/v2\/users\/1"}],"replies":[{"embeddable":true,"href":"https:\/\/aeronoticias.com.pe\/noticiero\/wp-json\/wp\/v2\/comments?post=56521"}],"version-history":[{"count":0,"href":"https:\/\/aeronoticias.com.pe\/noticiero\/wp-json\/wp\/v2\/posts\/56521\/revisions"}],"wp:attachment":[{"href":"https:\/\/aeronoticias.com.pe\/noticiero\/wp-json\/wp\/v2\/media?parent=56521"}],"wp:term":[{"taxonomy":"category","embeddable":true,"href":"https:\/\/aeronoticias.com.pe\/noticiero\/wp-json\/wp\/v2\/categories?post=56521"},{"taxonomy":"post_tag","embeddable":true,"href":"https:\/\/aeronoticias.com.pe\/noticiero\/wp-json\/wp\/v2\/tags?post=56521"}],"curies":[{"name":"wp","href":"https:\/\/api.w.org\/{rel}","templated":true}]}}