{"id":56522,"date":"2017-04-21T20:05:41","date_gmt":"2017-04-21T20:05:41","guid":{"rendered":"http:\/\/desarrollo.mcvicious.com\/aero2020\/2017\/04\/21\/en-defensa-de-los-derechos-a-eliminar-el-ruido-aeronautico-de-los-ciudadanos-de-san-miguel\/"},"modified":"2017-04-21T20:05:41","modified_gmt":"2017-04-21T20:05:41","slug":"en-defensa-de-los-derechos-a-eliminar-el-ruido-aeronautico-de-los-ciudadanos-de-san-miguel","status":"publish","type":"post","link":"https:\/\/aeronoticias.com.pe\/noticiero\/ultimas\/1\/en-defensa-de-los-derechos-a-eliminar-el-ruido-aeronautico-de-los-ciudadanos-de-san-miguel\/","title":{"rendered":"En defensa de los derechos a eliminar el ruido aeron\u00e1utico de los ciudadanos de San Miguel"},"content":{"rendered":"<p style=\"text-align: justify;\"><strong>(Aeronoticias)<\/strong> <span style=\"font-size: 12.16px;\">El d\u00eda de hoy el Alcalde de San Miguel, Eduardo Javier Bless Cabrejas, visit\u00f3 el <a href=\"http:\/\/www.estudiojuridicopalacin.com\/\" target=\"_blank\" rel=\"noopener noreferrer\">Estudio Jur\u00eddico Juli\u00e1n Palacin Abogados<\/a> y convers\u00f3 con su titular Juli\u00e1n Palacin Fern\u00e1ndez, quien preside la Comisi\u00f3n de Derecho Aeron\u00e1utico, del Espacio y la Aviaci\u00f3n Comercial del Ilustre Colegio de Abogados de Lima (CAL).<\/span><\/p>\n<p style=\"text-align: justify;\">Recordaron que hace 26 a\u00f1os, Juli\u00e1n Palacin public\u00f3 el libro \u201cCurso de Post Grado en Derecho A\u00e9reo y Espacial\u201d Tomo I, en donde en el Cap\u00edtulo III se trat\u00f3 los Apuntes del pensamientos franc\u00e9s en materias de da\u00f1os causados por el ruido de aeronaves, destac\u00e1ndose la c\u00e9lebre sentencia ERVE contra Air France promovido por los vecinos del aeropuerto de Niza a fines de 1960.<\/p>\n<p style=\"text-align: justify;\">La Ley de Aeron\u00e1utica Civil del Per\u00fa establece en su Art\u00edculo 130, la Responsabilidad del transportador a\u00e9reo por los da\u00f1os y perjuicios que causa el ruido de las aeronaves a \u00a0los terceros en la superficie, en este caso los vecinos de San Miguel.<\/p>\n<p style=\"text-align: justify;\">Juli\u00e1n Palacin Fern\u00e1ndez, se comprometi\u00f3 a apoyar a la Municipalidad de San Miguel en la defensa de los derechos de los vecinos a solucionar el problema del ruido aeron\u00e1utico, para lo cual se desarrollar\u00e1 una hoja de ruta legal, que incluir\u00e1 una conferencia magistral, reuniones con la Corporaci\u00f3n Peruana de Aeropuertos y Aviaci\u00f3n Comercial (CORPAC), con la Direcci\u00f3n General de Aeron\u00e1utica Civil (DGAC) del MTC con la OACI y con la Comisi\u00f3n Consultiva de Derecho Aeron\u00e1utico del Ilustre Colegio de Abogados de Lima (CAL).<\/p>\n<p style=\"text-align: justify;\"><img decoding=\"async\" src=\"images\/stories\/17\/04\/210417\/palacinybless.jpg\" border=\"0\" \/><\/p>\n","protected":false},"excerpt":{"rendered":"<p>(Aeronoticias) El d\u00eda de hoy el Alcalde de San Miguel, Eduardo Javier Bless Cabrejas, visit\u00f3 el Estudio Jur\u00eddico Juli\u00e1n Palacin Abogados y convers\u00f3 con su titular Juli\u00e1n Palacin Fern\u00e1ndez, quien preside la Comisi\u00f3n de Derecho Aeron\u00e1utico, del Espacio y la Aviaci\u00f3n Comercial del Ilustre Colegio de Abogados de Lima (CAL). Recordaron que hace 26 a\u00f1os, [&hellip;]<\/p>\n","protected":false},"author":1,"featured_media":0,"comment_status":"open","ping_status":"open","sticky":false,"template":"","format":"standard","meta":{"tdm_status":"","tdm_grid_status":"","footnotes":""},"categories":[30],"tags":[],"class_list":{"0":"post-56522","1":"post","2":"type-post","3":"status-publish","4":"format-standard","6":"category-30"},"yoast_head":"<!-- This site is optimized with the Yoast SEO plugin v25.1 - https:\/\/yoast.com\/wordpress\/plugins\/seo\/ -->\n<title>En defensa de los derechos a eliminar el ruido aeron\u00e1utico de los ciudadanos de San Miguel<\/title>\n<meta name=\"description\" content=\"Portal de noticias del Per\u00fa sobre el transporte a\u00e9reo, aviaci\u00f3n, turismo, hoteleria, actualidad.\" \/>\n<meta name=\"robots\" content=\"index, follow, max-snippet:-1, max-image-preview:large, max-video-preview:-1\" \/>\n<link rel=\"canonical\" href=\"https:\/\/aeronoticias.com.pe\/noticiero\/ultimas\/1\/en-defensa-de-los-derechos-a-eliminar-el-ruido-aeronautico-de-los-ciudadanos-de-san-miguel\/\" \/>\n<meta property=\"og:locale\" content=\"es_ES\" \/>\n<meta property=\"og:type\" content=\"article\" \/>\n<meta property=\"og:title\" content=\"En defensa de los derechos a eliminar el ruido aeron\u00e1utico de los ciudadanos de San Miguel\" \/>\n<meta property=\"og:description\" content=\"Portal de noticias del Per\u00fa sobre el transporte a\u00e9reo, aviaci\u00f3n, turismo, hoteleria, actualidad.\" \/>\n<meta property=\"og:url\" content=\"https:\/\/aeronoticias.com.pe\/noticiero\/ultimas\/1\/en-defensa-de-los-derechos-a-eliminar-el-ruido-aeronautico-de-los-ciudadanos-de-san-miguel\/\" \/>\n<meta property=\"og:site_name\" content=\"Aeronoticias.com.pe\" \/>\n<meta property=\"article:publisher\" content=\"https:\/\/www.facebook.com\/Aeronoticias.com.pe\/\" \/>\n<meta property=\"article:published_time\" content=\"2017-04-21T20:05:41+00:00\" \/>\n<meta name=\"author\" content=\"Redacci\u00f3n Aeronoticias\" \/>\n<meta name=\"twitter:card\" content=\"summary_large_image\" \/>\n<meta name=\"twitter:creator\" content=\"@aeronoticias\" \/>\n<meta name=\"twitter:site\" content=\"@aeronoticias\" \/>\n<meta name=\"twitter:label1\" content=\"Escrito por\" \/>\n\t<meta name=\"twitter:data1\" content=\"Redacci\u00f3n Aeronoticias\" \/>\n\t<meta name=\"twitter:label2\" content=\"Tiempo de lectura\" \/>\n\t<meta name=\"twitter:data2\" content=\"1 minuto\" \/>\n<script type=\"application\/ld+json\" class=\"yoast-schema-graph\">{\"@context\":\"https:\/\/schema.org\",\"@graph\":[{\"@type\":\"WebPage\",\"@id\":\"https:\/\/aeronoticias.com.pe\/noticiero\/ultimas\/1\/en-defensa-de-los-derechos-a-eliminar-el-ruido-aeronautico-de-los-ciudadanos-de-san-miguel\/\",\"url\":\"https:\/\/aeronoticias.com.pe\/noticiero\/ultimas\/1\/en-defensa-de-los-derechos-a-eliminar-el-ruido-aeronautico-de-los-ciudadanos-de-san-miguel\/\",\"name\":\"En defensa de los derechos a eliminar el ruido aeron\u00e1utico de los ciudadanos de San Miguel\",\"isPartOf\":{\"@id\":\"https:\/\/aeronoticias.com.pe\/noticiero\/#website\"},\"datePublished\":\"2017-04-21T20:05:41+00:00\",\"author\":{\"@id\":\"https:\/\/aeronoticias.com.pe\/noticiero\/#\/schema\/person\/fc1e5d578f4b62ba1cf7ac2bba1170a0\"},\"description\":\"Portal de noticias del Per\u00fa sobre el transporte a\u00e9reo, aviaci\u00f3n, turismo, hoteleria, actualidad.\",\"breadcrumb\":{\"@id\":\"https:\/\/aeronoticias.com.pe\/noticiero\/ultimas\/1\/en-defensa-de-los-derechos-a-eliminar-el-ruido-aeronautico-de-los-ciudadanos-de-san-miguel\/#breadcrumb\"},\"inLanguage\":\"es\",\"potentialAction\":[{\"@type\":\"ReadAction\",\"target\":[\"https:\/\/aeronoticias.com.pe\/noticiero\/ultimas\/1\/en-defensa-de-los-derechos-a-eliminar-el-ruido-aeronautico-de-los-ciudadanos-de-san-miguel\/\"]}]},{\"@type\":\"BreadcrumbList\",\"@id\":\"https:\/\/aeronoticias.com.pe\/noticiero\/ultimas\/1\/en-defensa-de-los-derechos-a-eliminar-el-ruido-aeronautico-de-los-ciudadanos-de-san-miguel\/#breadcrumb\",\"itemListElement\":[{\"@type\":\"ListItem\",\"position\":1,\"name\":\"Portada\",\"item\":\"https:\/\/aeronoticias.com.pe\/noticiero\/\"},{\"@type\":\"ListItem\",\"position\":2,\"name\":\"En defensa de los derechos a eliminar el ruido aeron\u00e1utico de los ciudadanos de San Miguel\"}]},{\"@type\":\"WebSite\",\"@id\":\"https:\/\/aeronoticias.com.pe\/noticiero\/#website\",\"url\":\"https:\/\/aeronoticias.com.pe\/noticiero\/\",\"name\":\"Aeronoticias.com.pe\",\"description\":\"Noticias de tranporte aereo, turismo, hoteles, gastronomia, actualidad, internacional\",\"potentialAction\":[{\"@type\":\"SearchAction\",\"target\":{\"@type\":\"EntryPoint\",\"urlTemplate\":\"https:\/\/aeronoticias.com.pe\/noticiero\/?s={search_term_string}\"},\"query-input\":{\"@type\":\"PropertyValueSpecification\",\"valueRequired\":true,\"valueName\":\"search_term_string\"}}],\"inLanguage\":\"es\"},{\"@type\":\"Person\",\"@id\":\"https:\/\/aeronoticias.com.pe\/noticiero\/#\/schema\/person\/fc1e5d578f4b62ba1cf7ac2bba1170a0\",\"name\":\"Redacci\u00f3n Aeronoticias\",\"url\":\"https:\/\/aeronoticias.com.pe\/noticiero\/author\/piloto\/\"}]}<\/script>\n<!-- \/ Yoast SEO plugin. -->","yoast_head_json":{"title":"En defensa de los derechos a eliminar el ruido aeron\u00e1utico de los ciudadanos de San Miguel","description":"Portal de noticias del Per\u00fa sobre el transporte a\u00e9reo, aviaci\u00f3n, turismo, hoteleria, actualidad.","robots":{"index":"index","follow":"follow","max-snippet":"max-snippet:-1","max-image-preview":"max-image-preview:large","max-video-preview":"max-video-preview:-1"},"canonical":"https:\/\/aeronoticias.com.pe\/noticiero\/ultimas\/1\/en-defensa-de-los-derechos-a-eliminar-el-ruido-aeronautico-de-los-ciudadanos-de-san-miguel\/","og_locale":"es_ES","og_type":"article","og_title":"En defensa de los derechos a eliminar el ruido aeron\u00e1utico de los ciudadanos de San Miguel","og_description":"Portal de noticias del Per\u00fa sobre el transporte a\u00e9reo, aviaci\u00f3n, turismo, hoteleria, actualidad.","og_url":"https:\/\/aeronoticias.com.pe\/noticiero\/ultimas\/1\/en-defensa-de-los-derechos-a-eliminar-el-ruido-aeronautico-de-los-ciudadanos-de-san-miguel\/","og_site_name":"Aeronoticias.com.pe","article_publisher":"https:\/\/www.facebook.com\/Aeronoticias.com.pe\/","article_published_time":"2017-04-21T20:05:41+00:00","author":"Redacci\u00f3n Aeronoticias","twitter_card":"summary_large_image","twitter_creator":"@aeronoticias","twitter_site":"@aeronoticias","twitter_misc":{"Escrito por":"Redacci\u00f3n Aeronoticias","Tiempo de lectura":"1 minuto"},"schema":{"@context":"https:\/\/schema.org","@graph":[{"@type":"WebPage","@id":"https:\/\/aeronoticias.com.pe\/noticiero\/ultimas\/1\/en-defensa-de-los-derechos-a-eliminar-el-ruido-aeronautico-de-los-ciudadanos-de-san-miguel\/","url":"https:\/\/aeronoticias.com.pe\/noticiero\/ultimas\/1\/en-defensa-de-los-derechos-a-eliminar-el-ruido-aeronautico-de-los-ciudadanos-de-san-miguel\/","name":"En defensa de los derechos a eliminar el ruido aeron\u00e1utico de los ciudadanos de San Miguel","isPartOf":{"@id":"https:\/\/aeronoticias.com.pe\/noticiero\/#website"},"datePublished":"2017-04-21T20:05:41+00:00","author":{"@id":"https:\/\/aeronoticias.com.pe\/noticiero\/#\/schema\/person\/fc1e5d578f4b62ba1cf7ac2bba1170a0"},"description":"Portal de noticias del Per\u00fa sobre el transporte a\u00e9reo, aviaci\u00f3n, turismo, hoteleria, actualidad.","breadcrumb":{"@id":"https:\/\/aeronoticias.com.pe\/noticiero\/ultimas\/1\/en-defensa-de-los-derechos-a-eliminar-el-ruido-aeronautico-de-los-ciudadanos-de-san-miguel\/#breadcrumb"},"inLanguage":"es","potentialAction":[{"@type":"ReadAction","target":["https:\/\/aeronoticias.com.pe\/noticiero\/ultimas\/1\/en-defensa-de-los-derechos-a-eliminar-el-ruido-aeronautico-de-los-ciudadanos-de-san-miguel\/"]}]},{"@type":"BreadcrumbList","@id":"https:\/\/aeronoticias.com.pe\/noticiero\/ultimas\/1\/en-defensa-de-los-derechos-a-eliminar-el-ruido-aeronautico-de-los-ciudadanos-de-san-miguel\/#breadcrumb","itemListElement":[{"@type":"ListItem","position":1,"name":"Portada","item":"https:\/\/aeronoticias.com.pe\/noticiero\/"},{"@type":"ListItem","position":2,"name":"En defensa de los derechos a eliminar el ruido aeron\u00e1utico de los ciudadanos de San Miguel"}]},{"@type":"WebSite","@id":"https:\/\/aeronoticias.com.pe\/noticiero\/#website","url":"https:\/\/aeronoticias.com.pe\/noticiero\/","name":"Aeronoticias.com.pe","description":"Noticias de tranporte aereo, turismo, hoteles, gastronomia, actualidad, internacional","potentialAction":[{"@type":"SearchAction","target":{"@type":"EntryPoint","urlTemplate":"https:\/\/aeronoticias.com.pe\/noticiero\/?s={search_term_string}"},"query-input":{"@type":"PropertyValueSpecification","valueRequired":true,"valueName":"search_term_string"}}],"inLanguage":"es"},{"@type":"Person","@id":"https:\/\/aeronoticias.com.pe\/noticiero\/#\/schema\/person\/fc1e5d578f4b62ba1cf7ac2bba1170a0","name":"Redacci\u00f3n Aeronoticias","url":"https:\/\/aeronoticias.com.pe\/noticiero\/author\/piloto\/"}]}},"_links":{"self":[{"href":"https:\/\/aeronoticias.com.pe\/noticiero\/wp-json\/wp\/v2\/posts\/56522","targetHints":{"allow":["GET"]}}],"collection":[{"href":"https:\/\/aeronoticias.com.pe\/noticiero\/wp-json\/wp\/v2\/posts"}],"about":[{"href":"https:\/\/aeronoticias.com.pe\/noticiero\/wp-json\/wp\/v2\/types\/post"}],"author":[{"embeddable":true,"href":"https:\/\/aeronoticias.com.pe\/noticiero\/wp-json\/wp\/v2\/users\/1"}],"replies":[{"embeddable":true,"href":"https:\/\/aeronoticias.com.pe\/noticiero\/wp-json\/wp\/v2\/comments?post=56522"}],"version-history":[{"count":0,"href":"https:\/\/aeronoticias.com.pe\/noticiero\/wp-json\/wp\/v2\/posts\/56522\/revisions"}],"wp:attachment":[{"href":"https:\/\/aeronoticias.com.pe\/noticiero\/wp-json\/wp\/v2\/media?parent=56522"}],"wp:term":[{"taxonomy":"category","embeddable":true,"href":"https:\/\/aeronoticias.com.pe\/noticiero\/wp-json\/wp\/v2\/categories?post=56522"},{"taxonomy":"post_tag","embeddable":true,"href":"https:\/\/aeronoticias.com.pe\/noticiero\/wp-json\/wp\/v2\/tags?post=56522"}],"curies":[{"name":"wp","href":"https:\/\/api.w.org\/{rel}","templated":true}]}}