{"id":56524,"date":"2017-04-24T19:52:10","date_gmt":"2017-04-24T19:52:10","guid":{"rendered":"http:\/\/desarrollo.mcvicious.com\/aero2020\/2017\/04\/24\/peru-sienta-posicion-respecto-a-venezuela-apreciaciones-sobre-la-entrevista-realizada-al-ministro-de-relaciones-exteriores-sobre-venezuela\/"},"modified":"2020-09-11T15:21:56","modified_gmt":"2020-09-11T15:21:56","slug":"peru-sienta-posicion-respecto-a-venezuela-apreciaciones-sobre-la-entrevista-realizada-al-ministro-de-relaciones-exteriores-sobre-venezuela","status":"publish","type":"post","link":"https:\/\/aeronoticias.com.pe\/noticiero\/diplomatica\/peru-sienta-posicion-respecto-a-venezuela-apreciaciones-sobre-la-entrevista-realizada-al-ministro-de-relaciones-exteriores-sobre-venezuela\/","title":{"rendered":"Per\u00fa sienta posici\u00f3n respecto a Venezuela: Apreciaciones sobre la entrevista realizada al  Ministro de Relaciones Exteriores sobre Venezuela"},"content":{"rendered":"<p style=\"text-align: justify;\"><strong>(Aeronoticias) <\/strong><span style=\"font-size: 12.16px;\">La Canciller\u00eda del Per\u00fa ha sentado una posici\u00f3n respecto a la situaci\u00f3n de \u00a0Venezuela, pues as\u00ed lo hemos podido apreciar, en la entrevista \u00a0publicada en el \u00a0Diario Per\u00fa 21 de fecha 23 de abril de 2017, \u00a0al Ministro de Relaciones Exteriores Ricardo Luna, cuyos puntos son muy claros y firmes sobre todo en el manejo de los cauces diplom\u00e1ticos \u00a0y la pol\u00edtica de Estado para arribar a una soluci\u00f3n respecto del restablecimiento del orden constitucional y democr\u00e1tico en Venezuela. \u00a0Sin embargo, considero que habr\u00eda todav\u00eda algunos aspectos que profundizar. \u00a0Veamos:<\/span><\/p>\n<p style=\"text-align: justify;\">&#8211; El Ministro ha destacado en primera l\u00ednea de su entrevista, los esfuerzos de la OEA para resolver la situaci\u00f3n interna de Venezuela, lo cual es evidente que lo est\u00e1 haciendo por decisi\u00f3n y voluntad de aproximadamente 18 pa\u00edses tal que pensar\u00eda como el Per\u00fa, como se esgrime de la propia entrevista. \u00a0Sin embargo, debo se\u00f1alar, que la OEA no se preocup\u00f3 en nada desde la \u00e9poca de Ch\u00e1vez, y que desde entonces ya se hab\u00eda dado la ruptura del orden constitucional. Esta \u00a0ruptura no es de ahora, \u00a0se ha convertido en el tiempo en un hecho sistem\u00e1tico, en donde el rol de la \u00a0OEA ha sido nula, m\u00e1s que d\u00e9bil. \u00a0Entonces me pregunto \u00bfD\u00f3nde estaban los Estados que ahora con mayor claridad y firmeza se vienen preocupando por la situaci\u00f3n interna de Venezuela?. \u00a0\u00bfPor qu\u00e9 no lo hicieron antes? \u00bfPor qu\u00e9 se permiti\u00f3 como organismo internacional que la situaci\u00f3n se polarizara a tal grado para reci\u00e9n adoptar una posici\u00f3n mas clara? \u00bfser\u00e1 acaso para salvar una conciencia pol\u00edtica de Estado o de gobierno pues qu\u00e9 no hizo antes y qu\u00e9 es lo que ahora se pretende hacer? \u00bfO acaso es para justificar la burocr\u00e1tica existencia de un organismo internacional llamado OEA?; considero que en este contexto, los Estados deber\u00edan no solo adoptar una postura firme y decidida respecto de la situaci\u00f3n interna de Venezuela amparados en la Carta Democr\u00e1tica Interamericana y otros; sino que adem\u00e1s, se deber\u00eda exigir que la OEA como organismo internacional del Hemisferio y de \u00a0car\u00e1cter regional denote su eficacia en los principios que la rigen siendo uno de ellos la defensa de la democracia y en los roles de mediaci\u00f3n, cautelando adem\u00e1s la defensa de los derechos humanos de los pueblos de las Am\u00e9ricas, \u00a0Todo ello, se logra primero en la medida que la OEA asuma una capacidad de autocr\u00edtica, \u00a0qu\u00e9 no se hizo y qu\u00e9 si se pudo hacer, y no solapar omisiones o inacciones de anteriores Secretarios Generales o Jefes de Estados que pasaron y no hicieron nada, No se puede avanzar en esta mediaci\u00f3n si es que antes no se asume con decisi\u00f3n pol\u00edtica el cumplimiento de los prop\u00f3sitos para lo que fue creada la OEA.<\/p>\n<p style=\"text-align: justify;\">\u00a0<\/p>\n<p style=\"text-align: justify;\">&#8211;<span style=\"white-space: pre;\"> <\/span>Una mediaci\u00f3n \u00a0que se prolongue en el tiempo deviene en ineficaz y el gran y gravemente perjudicado es Venezuela que por las consideraciones de su contexto, \u00a0creo que el pueblo venezolano ser\u00e1 quien finalmente derrote el autoritarismo en su pa\u00eds. Ojala que Venezuela no luche sola en el intento de restablecer su democracia, \u00a0esperemos que los Estados asuman el firme compromiso de ayudarla. \u00a0Los pueblos de las Am\u00e9ricas deben ser hoy la voz por Venezuela, ma\u00f1ana lo ser\u00e1n por otros. \u00a0A medida de que esa voz firme se consolide en el tiempo, dejar\u00e1n de existir las dictaduras, porque el pueblo \u00a0ser\u00e1 el propio guardi\u00e1n de la democracia, y me preguntar\u00e9 para cuando llegue el d\u00eda si tiene \u00a0raz\u00f3n de ser la existencia de la OEA.<\/p>\n<p style=\"text-align: justify;\"><span style=\"font-size: 12.16px;\">&#8211; <\/span><span style=\"font-size: 12.16px;\">El Ministro, en su entrevista se\u00f1ala que la \u00a0OEA es siempre la suma de la voluntad de sus miembros, \u00a0siendo ello as\u00ed, me pregunto en la \u00e9poca de Ch\u00e1vez, los miembros de la OEA \u00bferan chavistas? Porque nada se hizo.<\/span><\/p>\n<p style=\"text-align: justify;\"><span style=\"font-size: 12.16px;\">&#8211; <\/span><span style=\"font-size: 12.16px;\">Estamos de acuerdo, que la ruptura del orden constitucional es una responsabilidad del gobierno, y siendo ello as\u00ed, me pregunto \u00bfpor qu\u00e9 no se aplic\u00f3 la Carta Democr\u00e1tica Interamericana desde el gobierno de Ch\u00e1vez, que prev\u00e9 sanciones a quien altera el orden constitucional? \u00bfEra temor a Ch\u00e1vez? \u00bfo es que Ch\u00e1vez ten\u00eda muy entretenido a algunos l\u00edderes pol\u00edticos de la regi\u00f3n \u00a0con el petr\u00f3leo incluyendo a la propia OEA?<\/span><\/p>\n<p style=\"text-align: justify;\"><span style=\"font-size: 12.16px;\">&#8211; <\/span><span style=\"font-size: 12.16px;\">Otro de los aspectos es que el hecho de que se pida que la OEA sea eficiente no quiere ni debe entenderse que tenga un rol \u201cgolpista\u201d o \u201cusurpador\u201d. Pero s\u00ed firme \u00a0y decidido con aquiescencia de los Estados o por lo menos con la mayor\u00eda de ellos. Lo \u00a0que \u00a0ha habido es una falta de liderazgos de anteriores secretarios generales y lideres pol\u00edticos de la regi\u00f3n que ahora se ve pero de manera aun tibia. <\/span><\/p>\n<p style=\"text-align: justify;\"><span style=\"font-size: 12.16px;\">&#8211; <\/span><span style=\"font-size: 12.16px;\">La Carta Democr\u00e1tica Interamericana prev\u00e9 sanci\u00f3n para quien quebrante el orden constitucional, sino se sanciona me pregunto \u00bfen que casos entonces, la OEA Deber\u00eda sancionar, cuando haya mas derramamiento de sangre o muertos? \u00bfEntonces para que existe este instrumento regional si no es para aplicarlo. Hay que partir que los hechos que se viven en Venezuela son \u00a0sistem\u00e1ticos, continuos desde el gobierno de Hugo Ch\u00e1vez, por consiguiente, amerita aplicar las sanciones que correspondan por violar el orden constitucional y democr\u00e1tico; la inacci\u00f3n en el uso y aplicaci\u00f3n de este instrumento interamericano la convierte en letra muerta. <\/span><\/p>\n<p style=\"text-align: justify;\"><span style=\"font-size: 12.16px;\">&#8211; <\/span><span style=\"font-size: 12.16px;\">Un aspecto muy importante que ha se\u00f1alado el Ministro, es que ante la pregunta formulada \u00bfPor qu\u00e9 la OEA hab\u00eda sido indiferente incluido el r\u00e9gimen de Humala?, \u00a0contest\u00f3 que hab\u00edan simpat\u00edas ideol\u00f3gicas que primaban incluido el gobierno de Humala. \u00a0Al respecto, saludo esta respuesta del Se\u00f1or Ministro porque no recuero que su antecesores hayan tenido las agallas para decirlo, y eso es as\u00ed, entonces con mucha raz\u00f3n me reafirmo en la necesidad de que los Estados hoy en d\u00eda asuman un liderazgo pol\u00edtico gubernamental con prioridad en la defensa de la democracia y los derechos humanos de los pueblos de las Am\u00e9ricas. <\/span><\/p>\n<p style=\"text-align: justify;\"><span style=\"font-size: 12.16px;\">&#8211; <\/span><span style=\"font-size: 12.16px;\">Es una responsabilidad de los Estados o jefes de gobierno quienes por su convicci\u00f3n ideol\u00f3gica permitieron que hoy Venezuela se degrade y desangre. Esto es un hecho que no deber\u00eda volver a repetirse en la historia de la OEA. \u00a0Es de responsabilidad tambi\u00e9n de los Estados proponer a candidatos a Secretario General que vislumbre un liderazgo comprobado y no con tendencias ideol\u00f3gicas que les acomoda a algunos y a otros no. Sino se aborda \u00a0al tema estructural la OEA tendr\u00eda que dejar de existir, porque de nada va a servir tener a un organismo solo por burocracia, porque los derechos humanos \u00a0y la democracia no est\u00e1n en funci\u00f3n ni de las ideolog\u00edas, ni de la burocracia. <\/span><\/p>\n<p style=\"text-align: justify;\"><span style=\"font-size: 12.16px;\">&#8211; <\/span><span style=\"font-size: 12.16px;\">La pregunta es si el propio Ministro ha se\u00f1alado que ve dif\u00edcil el acercamiento de \u00a0la OEA con maduro, entonces \u00bfc\u00f3mo le van hacer para ayudar a la restituci\u00f3n del orden? Lo que nos preocupa es que los canales diplom\u00e1ticos de mediaci\u00f3n se prolonguen y devengan en \u00a0ineficaz. \u00a0Aqu\u00ed por ejemplo, considerar\u00eda que a la par que se manejan las cosas con la OEA, pueda adicionarse o sumarse estrategias que se convengan en naciones unidas, la condena no ser\u00eda solo continental sino planetaria. Si bien las Naciones Unidas tiene sus propias imperfecciones, sin embargo, tiene mayor alcance de eficacia que la propia OEA. <\/span><\/p>\n<p style=\"text-align: justify;\"><span style=\"font-size: 12.16px;\">&#8211; <\/span><span style=\"font-size: 12.16px;\">Recordemos que \u00a0iniciativa del Estado peruano en el a\u00f1o 2012, se aprob\u00f3 en el seno del Consejo de Derechos Humanos de las Naciones Unidas la resoluci\u00f3n sobre \u00a0Estado de Derecho, Democracia y Derechos Humanos, un consenso internacional en la que atendiendo al car\u00e1cter interdependiente e indivisible de los derechos humanos, opera que si se viola la democracia, se viola adem\u00e1s los derechos humanos y el estado de derecho y viceversa. (resoluci\u00f3n 19\/36 del 23 de marzo de 2012 consejo de derechos humanos de las naciones unidas). <\/span><\/p>\n<p style=\"text-align: justify;\"><span style=\"font-size: 12.16px;\">&#8211; <\/span><span style=\"font-size: 12.16px;\">VER LA ENTREVISTA AL MINISTRO DE RELACIONES EXTERIORES.- <a href=\"http:\/\/peru21.pe\/politica\/ricardo-luna-canciller-nicolas-maduro-esta-fuera-si-no-busca-dialogo-entrevista-2278833\" target=\"_blank\" rel=\"noopener noreferrer\">http:\/\/peru21.pe\/politica\/ricardo-luna-canciller-nicolas-maduro-esta-fuera-si-no-busca-dialogo-entrevista-2278833<\/a>.<br \/><\/span><\/p>\n<p style=\"text-align: justify;\"><span style=\"font-size: 12.16px;\"><strong><em>Por: Lesly Llatas \u00a0Ram\u00edrez, abogada, catedr\u00e1tica, defensora de \u00a0derechos humanos catedraddhh1073@gmail.com.<\/em><\/strong><\/span><\/p>\n<p style=\"text-align: justify;\"><span style=\"font-size: 12.16px;\"><strong><em><img decoding=\"async\" src=\"images\/stories\/17\/04\/230417\/lelsy.jpg\" border=\"0\" \/><br \/><\/em><\/strong><\/span><\/p>\n","protected":false},"excerpt":{"rendered":"<p>(Aeronoticias) La Canciller\u00eda del Per\u00fa ha sentado una posici\u00f3n respecto a la situaci\u00f3n de \u00a0Venezuela, pues as\u00ed lo hemos podido apreciar, en la entrevista \u00a0publicada en el \u00a0Diario Per\u00fa 21 de fecha 23 de abril de 2017, \u00a0al Ministro de Relaciones Exteriores Ricardo Luna, cuyos puntos son muy claros y firmes sobre todo en el [&hellip;]<\/p>\n","protected":false},"author":1,"featured_media":0,"comment_status":"open","ping_status":"open","sticky":false,"template":"","format":"standard","meta":{"tdm_status":"","tdm_grid_status":"","footnotes":""},"categories":[25],"tags":[],"class_list":{"0":"post-56524","1":"post","2":"type-post","3":"status-publish","4":"format-standard","6":"category-diplomatica"},"yoast_head":"<!-- This site is optimized with the Yoast SEO plugin v25.1 - https:\/\/yoast.com\/wordpress\/plugins\/seo\/ -->\n<title>Per\u00fa sienta posici\u00f3n respecto a Venezuela: Apreciaciones sobre la entrevista realizada al Ministro de Relaciones Exteriores sobre Venezuela<\/title>\n<meta name=\"description\" content=\"Portal de noticias del Per\u00fa sobre el transporte a\u00e9reo, aviaci\u00f3n, turismo, hoteleria, actualidad.\" \/>\n<meta name=\"robots\" content=\"index, follow, max-snippet:-1, max-image-preview:large, max-video-preview:-1\" \/>\n<link rel=\"canonical\" href=\"https:\/\/aeronoticias.com.pe\/noticiero\/diplomatica\/peru-sienta-posicion-respecto-a-venezuela-apreciaciones-sobre-la-entrevista-realizada-al-ministro-de-relaciones-exteriores-sobre-venezuela\/\" \/>\n<meta property=\"og:locale\" content=\"es_ES\" \/>\n<meta property=\"og:type\" content=\"article\" \/>\n<meta property=\"og:title\" content=\"Per\u00fa sienta posici\u00f3n respecto a Venezuela: Apreciaciones sobre la entrevista realizada al Ministro de Relaciones Exteriores sobre Venezuela\" \/>\n<meta property=\"og:description\" content=\"Portal de noticias del Per\u00fa sobre el transporte a\u00e9reo, aviaci\u00f3n, turismo, hoteleria, actualidad.\" \/>\n<meta property=\"og:url\" content=\"https:\/\/aeronoticias.com.pe\/noticiero\/diplomatica\/peru-sienta-posicion-respecto-a-venezuela-apreciaciones-sobre-la-entrevista-realizada-al-ministro-de-relaciones-exteriores-sobre-venezuela\/\" \/>\n<meta property=\"og:site_name\" content=\"Aeronoticias.com.pe\" \/>\n<meta property=\"article:publisher\" content=\"https:\/\/www.facebook.com\/Aeronoticias.com.pe\/\" \/>\n<meta property=\"article:published_time\" content=\"2017-04-24T19:52:10+00:00\" \/>\n<meta property=\"article:modified_time\" content=\"2020-09-11T15:21:56+00:00\" \/>\n<meta name=\"author\" content=\"Redacci\u00f3n Aeronoticias\" \/>\n<meta name=\"twitter:card\" content=\"summary_large_image\" \/>\n<meta name=\"twitter:creator\" content=\"@aeronoticias\" \/>\n<meta name=\"twitter:site\" content=\"@aeronoticias\" \/>\n<meta name=\"twitter:label1\" content=\"Escrito por\" \/>\n\t<meta name=\"twitter:data1\" content=\"Redacci\u00f3n Aeronoticias\" \/>\n\t<meta name=\"twitter:label2\" content=\"Tiempo de lectura\" \/>\n\t<meta name=\"twitter:data2\" content=\"7 minutos\" \/>\n<script type=\"application\/ld+json\" class=\"yoast-schema-graph\">{\"@context\":\"https:\/\/schema.org\",\"@graph\":[{\"@type\":\"WebPage\",\"@id\":\"https:\/\/aeronoticias.com.pe\/noticiero\/diplomatica\/peru-sienta-posicion-respecto-a-venezuela-apreciaciones-sobre-la-entrevista-realizada-al-ministro-de-relaciones-exteriores-sobre-venezuela\/\",\"url\":\"https:\/\/aeronoticias.com.pe\/noticiero\/diplomatica\/peru-sienta-posicion-respecto-a-venezuela-apreciaciones-sobre-la-entrevista-realizada-al-ministro-de-relaciones-exteriores-sobre-venezuela\/\",\"name\":\"Per\u00fa sienta posici\u00f3n respecto a Venezuela: Apreciaciones sobre la entrevista realizada al Ministro de Relaciones Exteriores sobre Venezuela\",\"isPartOf\":{\"@id\":\"https:\/\/aeronoticias.com.pe\/noticiero\/#website\"},\"datePublished\":\"2017-04-24T19:52:10+00:00\",\"dateModified\":\"2020-09-11T15:21:56+00:00\",\"author\":{\"@id\":\"https:\/\/aeronoticias.com.pe\/noticiero\/#\/schema\/person\/fc1e5d578f4b62ba1cf7ac2bba1170a0\"},\"description\":\"Portal de noticias del Per\u00fa sobre el transporte a\u00e9reo, aviaci\u00f3n, turismo, hoteleria, actualidad.\",\"breadcrumb\":{\"@id\":\"https:\/\/aeronoticias.com.pe\/noticiero\/diplomatica\/peru-sienta-posicion-respecto-a-venezuela-apreciaciones-sobre-la-entrevista-realizada-al-ministro-de-relaciones-exteriores-sobre-venezuela\/#breadcrumb\"},\"inLanguage\":\"es\",\"potentialAction\":[{\"@type\":\"ReadAction\",\"target\":[\"https:\/\/aeronoticias.com.pe\/noticiero\/diplomatica\/peru-sienta-posicion-respecto-a-venezuela-apreciaciones-sobre-la-entrevista-realizada-al-ministro-de-relaciones-exteriores-sobre-venezuela\/\"]}]},{\"@type\":\"BreadcrumbList\",\"@id\":\"https:\/\/aeronoticias.com.pe\/noticiero\/diplomatica\/peru-sienta-posicion-respecto-a-venezuela-apreciaciones-sobre-la-entrevista-realizada-al-ministro-de-relaciones-exteriores-sobre-venezuela\/#breadcrumb\",\"itemListElement\":[{\"@type\":\"ListItem\",\"position\":1,\"name\":\"Portada\",\"item\":\"https:\/\/aeronoticias.com.pe\/noticiero\/\"},{\"@type\":\"ListItem\",\"position\":2,\"name\":\"Per\u00fa sienta posici\u00f3n respecto a Venezuela: Apreciaciones sobre la entrevista realizada al Ministro de Relaciones Exteriores sobre Venezuela\"}]},{\"@type\":\"WebSite\",\"@id\":\"https:\/\/aeronoticias.com.pe\/noticiero\/#website\",\"url\":\"https:\/\/aeronoticias.com.pe\/noticiero\/\",\"name\":\"Aeronoticias.com.pe\",\"description\":\"Noticias de tranporte aereo, turismo, hoteles, gastronomia, actualidad, internacional\",\"potentialAction\":[{\"@type\":\"SearchAction\",\"target\":{\"@type\":\"EntryPoint\",\"urlTemplate\":\"https:\/\/aeronoticias.com.pe\/noticiero\/?s={search_term_string}\"},\"query-input\":{\"@type\":\"PropertyValueSpecification\",\"valueRequired\":true,\"valueName\":\"search_term_string\"}}],\"inLanguage\":\"es\"},{\"@type\":\"Person\",\"@id\":\"https:\/\/aeronoticias.com.pe\/noticiero\/#\/schema\/person\/fc1e5d578f4b62ba1cf7ac2bba1170a0\",\"name\":\"Redacci\u00f3n Aeronoticias\",\"url\":\"https:\/\/aeronoticias.com.pe\/noticiero\/author\/piloto\/\"}]}<\/script>\n<!-- \/ Yoast SEO plugin. -->","yoast_head_json":{"title":"Per\u00fa sienta posici\u00f3n respecto a Venezuela: Apreciaciones sobre la entrevista realizada al Ministro de Relaciones Exteriores sobre Venezuela","description":"Portal de noticias del Per\u00fa sobre el transporte a\u00e9reo, aviaci\u00f3n, turismo, hoteleria, actualidad.","robots":{"index":"index","follow":"follow","max-snippet":"max-snippet:-1","max-image-preview":"max-image-preview:large","max-video-preview":"max-video-preview:-1"},"canonical":"https:\/\/aeronoticias.com.pe\/noticiero\/diplomatica\/peru-sienta-posicion-respecto-a-venezuela-apreciaciones-sobre-la-entrevista-realizada-al-ministro-de-relaciones-exteriores-sobre-venezuela\/","og_locale":"es_ES","og_type":"article","og_title":"Per\u00fa sienta posici\u00f3n respecto a Venezuela: Apreciaciones sobre la entrevista realizada al Ministro de Relaciones Exteriores sobre Venezuela","og_description":"Portal de noticias del Per\u00fa sobre el transporte a\u00e9reo, aviaci\u00f3n, turismo, hoteleria, actualidad.","og_url":"https:\/\/aeronoticias.com.pe\/noticiero\/diplomatica\/peru-sienta-posicion-respecto-a-venezuela-apreciaciones-sobre-la-entrevista-realizada-al-ministro-de-relaciones-exteriores-sobre-venezuela\/","og_site_name":"Aeronoticias.com.pe","article_publisher":"https:\/\/www.facebook.com\/Aeronoticias.com.pe\/","article_published_time":"2017-04-24T19:52:10+00:00","article_modified_time":"2020-09-11T15:21:56+00:00","author":"Redacci\u00f3n Aeronoticias","twitter_card":"summary_large_image","twitter_creator":"@aeronoticias","twitter_site":"@aeronoticias","twitter_misc":{"Escrito por":"Redacci\u00f3n Aeronoticias","Tiempo de lectura":"7 minutos"},"schema":{"@context":"https:\/\/schema.org","@graph":[{"@type":"WebPage","@id":"https:\/\/aeronoticias.com.pe\/noticiero\/diplomatica\/peru-sienta-posicion-respecto-a-venezuela-apreciaciones-sobre-la-entrevista-realizada-al-ministro-de-relaciones-exteriores-sobre-venezuela\/","url":"https:\/\/aeronoticias.com.pe\/noticiero\/diplomatica\/peru-sienta-posicion-respecto-a-venezuela-apreciaciones-sobre-la-entrevista-realizada-al-ministro-de-relaciones-exteriores-sobre-venezuela\/","name":"Per\u00fa sienta posici\u00f3n respecto a Venezuela: Apreciaciones sobre la entrevista realizada al Ministro de Relaciones Exteriores sobre Venezuela","isPartOf":{"@id":"https:\/\/aeronoticias.com.pe\/noticiero\/#website"},"datePublished":"2017-04-24T19:52:10+00:00","dateModified":"2020-09-11T15:21:56+00:00","author":{"@id":"https:\/\/aeronoticias.com.pe\/noticiero\/#\/schema\/person\/fc1e5d578f4b62ba1cf7ac2bba1170a0"},"description":"Portal de noticias del Per\u00fa sobre el transporte a\u00e9reo, aviaci\u00f3n, turismo, hoteleria, actualidad.","breadcrumb":{"@id":"https:\/\/aeronoticias.com.pe\/noticiero\/diplomatica\/peru-sienta-posicion-respecto-a-venezuela-apreciaciones-sobre-la-entrevista-realizada-al-ministro-de-relaciones-exteriores-sobre-venezuela\/#breadcrumb"},"inLanguage":"es","potentialAction":[{"@type":"ReadAction","target":["https:\/\/aeronoticias.com.pe\/noticiero\/diplomatica\/peru-sienta-posicion-respecto-a-venezuela-apreciaciones-sobre-la-entrevista-realizada-al-ministro-de-relaciones-exteriores-sobre-venezuela\/"]}]},{"@type":"BreadcrumbList","@id":"https:\/\/aeronoticias.com.pe\/noticiero\/diplomatica\/peru-sienta-posicion-respecto-a-venezuela-apreciaciones-sobre-la-entrevista-realizada-al-ministro-de-relaciones-exteriores-sobre-venezuela\/#breadcrumb","itemListElement":[{"@type":"ListItem","position":1,"name":"Portada","item":"https:\/\/aeronoticias.com.pe\/noticiero\/"},{"@type":"ListItem","position":2,"name":"Per\u00fa sienta posici\u00f3n respecto a Venezuela: Apreciaciones sobre la entrevista realizada al Ministro de Relaciones Exteriores sobre Venezuela"}]},{"@type":"WebSite","@id":"https:\/\/aeronoticias.com.pe\/noticiero\/#website","url":"https:\/\/aeronoticias.com.pe\/noticiero\/","name":"Aeronoticias.com.pe","description":"Noticias de tranporte aereo, turismo, hoteles, gastronomia, actualidad, internacional","potentialAction":[{"@type":"SearchAction","target":{"@type":"EntryPoint","urlTemplate":"https:\/\/aeronoticias.com.pe\/noticiero\/?s={search_term_string}"},"query-input":{"@type":"PropertyValueSpecification","valueRequired":true,"valueName":"search_term_string"}}],"inLanguage":"es"},{"@type":"Person","@id":"https:\/\/aeronoticias.com.pe\/noticiero\/#\/schema\/person\/fc1e5d578f4b62ba1cf7ac2bba1170a0","name":"Redacci\u00f3n Aeronoticias","url":"https:\/\/aeronoticias.com.pe\/noticiero\/author\/piloto\/"}]}},"_links":{"self":[{"href":"https:\/\/aeronoticias.com.pe\/noticiero\/wp-json\/wp\/v2\/posts\/56524","targetHints":{"allow":["GET"]}}],"collection":[{"href":"https:\/\/aeronoticias.com.pe\/noticiero\/wp-json\/wp\/v2\/posts"}],"about":[{"href":"https:\/\/aeronoticias.com.pe\/noticiero\/wp-json\/wp\/v2\/types\/post"}],"author":[{"embeddable":true,"href":"https:\/\/aeronoticias.com.pe\/noticiero\/wp-json\/wp\/v2\/users\/1"}],"replies":[{"embeddable":true,"href":"https:\/\/aeronoticias.com.pe\/noticiero\/wp-json\/wp\/v2\/comments?post=56524"}],"version-history":[{"count":0,"href":"https:\/\/aeronoticias.com.pe\/noticiero\/wp-json\/wp\/v2\/posts\/56524\/revisions"}],"wp:attachment":[{"href":"https:\/\/aeronoticias.com.pe\/noticiero\/wp-json\/wp\/v2\/media?parent=56524"}],"wp:term":[{"taxonomy":"category","embeddable":true,"href":"https:\/\/aeronoticias.com.pe\/noticiero\/wp-json\/wp\/v2\/categories?post=56524"},{"taxonomy":"post_tag","embeddable":true,"href":"https:\/\/aeronoticias.com.pe\/noticiero\/wp-json\/wp\/v2\/tags?post=56524"}],"curies":[{"name":"wp","href":"https:\/\/api.w.org\/{rel}","templated":true}]}}