{"id":56526,"date":"2017-04-26T16:00:13","date_gmt":"2017-04-26T16:00:13","guid":{"rendered":"http:\/\/desarrollo.mcvicious.com\/aero2020\/2017\/04\/26\/airbus-perlan-mission-ii-arranca-su-segunda-temporada-explorando-el-cielo-sobre-sierra-nevada\/"},"modified":"2017-04-26T16:00:13","modified_gmt":"2017-04-26T16:00:13","slug":"airbus-perlan-mission-ii-arranca-su-segunda-temporada-explorando-el-cielo-sobre-sierra-nevada","status":"publish","type":"post","link":"https:\/\/aeronoticias.com.pe\/noticiero\/transporte-aereo\/internacional\/airbus-perlan-mission-ii-arranca-su-segunda-temporada-explorando-el-cielo-sobre-sierra-nevada\/","title":{"rendered":"Airbus Perlan Mission II arranca su segunda temporada explorando el cielo sobre Sierra Nevada"},"content":{"rendered":"<p style=\"text-align: justify;\"><strong>(Aeronoticias) <\/strong><span style=\"font-size: 12.16px;\">Airbus Perlan Mission II, una iniciativa para llevar a un planeador sin motor hasta el l\u00edmite con el espacio para recabar informaci\u00f3n hasta ahora desconocida sobre el vuelo de gran altitud, la meteorolog\u00eda y el cambio clim\u00e1tico, reanud\u00f3 sus vuelos esta semana desde su base estadounidense del aeropuerto Minden-Tahoe. Los pilotos del Proyecto Perlan, Jim Payne y Miguel Iturmendi, llevaron al planeador presurizado a su mayor altitud hasta la fecha alcanzando los 30.615 pies (9.331 metros).<\/span><\/p>\n<p style=\"text-align: justify;\">Perlan 2 pasar\u00e1 la primavera ascendiendo por corrientes de viento \u2013 denominadas ondas de monta\u00f1a \u2013 en los cielos de Sierra Nevada, EE.UU., antes de dirigirse en mayo a Argentina para llevar a cabo su segundo a\u00f1o de operaciones de vuelo en la Patagonia.<\/p>\n<p style=\"text-align: justify;\">Ed Warnock, CEO del Proyecto Perlan, declar\u00f3: \u201cEl a\u00f1o pasado, nuestro equipo adquiri\u00f3 una experiencia y un conocimiento muy valiosos sobre el vuelo del planeador en los Andes. Gracias a esta informaci\u00f3n hemos realizado mejoras en la aeronave, lo que nos va a permitir conseguir todav\u00eda mayores \u00e9xitos este a\u00f1o, primero en Nevada, EE.UU., y despu\u00e9s en Argentina, si las condiciones de las ondas y de la meteorolog\u00eda son \u00f3ptimas\u201d.<\/p>\n<p style=\"text-align: justify;\">El equipo est\u00e1 a la b\u00fasqueda de ondas de monta\u00f1a estratosf\u00e9ricas que solo se dan en unos pocos lugares de la Tierra, como la Patagonia, y \u00fanicamente unas cuantas semanas al a\u00f1o, para alcanzar la altitud que permitir\u00e1 a la aeronave realizar su investigaci\u00f3n.<\/p>\n<p style=\"text-align: justify;\">\u201cEstamos entusiasmados con la vuelta a los cielos del planeador Perlan 2 para iniciar otra temporada de exploraciones porque esta empresa nos inspira a todos a ampliar los l\u00edmites de nuestro pensamiento\u201d, declar\u00f3 Allan McArtor, presidente de Airbus Americas. \u201cEn un entorno competitivo como el actual, la innovaci\u00f3n no puede ser \u00fanicamente una palabra de moda y Airbus Perlan Mission II es solo un ejemplo de c\u00f3mo nosotros ponemos las ideas en pr\u00e1ctica\u201d.<\/p>\n<p style=\"text-align: justify;\">El equipo del Proyecto Perlan, compuesto exclusivamente por voluntarios, ha modernizado recientemente el planeador experimental Perlan 2, que cuenta con una cabina de pilotos presurizada, avi\u00f3nica mejorada y sistemas de soporte vital. Las mejoras m\u00e1s importantes consisten en:<\/p>\n<p style=\"text-align: justify;\">\u2022<span style=\"white-space: pre;\"> <\/span>Calefacci\u00f3n para elementos cr\u00edticos \u2013 En base a los datos recogidos durante la primera temporada de operaciones en Argentina, el equipo ha instalado un sistema de calefacci\u00f3n adicional para asegurar que los sistemas cr\u00edticos para la misi\u00f3n, como la bater\u00eda y los reguladores de aire y ox\u00edgeno, no se vean afectados por las temperaturas extremadamente bajas que se dan a gran altitud.<\/p>\n<p style=\"text-align: justify;\">\u2022<span style=\"white-space: pre;\"> <\/span>Mejoras en la palanca de mando \u2013 Se han realizado modificaciones en las palancas de mando para mejorar la interfaz piloto-aeronave.<\/p>\n<p style=\"text-align: justify;\">\u2022<span style=\"white-space: pre;\"> <\/span>Actualizaciones del simulador de vuelo \u2013 El simulador de vuelo del equipo se ha actualizado para mejorar el entrenamiento de los pilotos cuando preparan vuelos de gran altitud.<\/p>\n<p style=\"text-align: justify;\"><img decoding=\"async\" src=\"images\/stories\/17\/04\/260417\/perlan_elcalafate_2_0895_e.jpg\" border=\"0\" \/><\/p>\n","protected":false},"excerpt":{"rendered":"<p>(Aeronoticias) Airbus Perlan Mission II, una iniciativa para llevar a un planeador sin motor hasta el l\u00edmite con el espacio para recabar informaci\u00f3n hasta ahora desconocida sobre el vuelo de gran altitud, la meteorolog\u00eda y el cambio clim\u00e1tico, reanud\u00f3 sus vuelos esta semana desde su base estadounidense del aeropuerto Minden-Tahoe. Los pilotos del Proyecto Perlan, [&hellip;]<\/p>\n","protected":false},"author":1,"featured_media":0,"comment_status":"open","ping_status":"open","sticky":false,"template":"","format":"standard","meta":{"tdm_status":"","tdm_grid_status":"","footnotes":""},"categories":[32],"tags":[],"class_list":{"0":"post-56526","1":"post","2":"type-post","3":"status-publish","4":"format-standard","6":"category-internacional"},"yoast_head":"<!-- This site is optimized with the Yoast SEO plugin v25.1 - https:\/\/yoast.com\/wordpress\/plugins\/seo\/ -->\n<title>Airbus Perlan Mission II arranca su segunda temporada explorando el cielo sobre Sierra Nevada<\/title>\n<meta name=\"description\" content=\"Portal de noticias del Per\u00fa sobre el transporte a\u00e9reo, aviaci\u00f3n, turismo, hoteleria, actualidad.\" \/>\n<meta name=\"robots\" content=\"index, follow, max-snippet:-1, max-image-preview:large, max-video-preview:-1\" \/>\n<link rel=\"canonical\" href=\"https:\/\/aeronoticias.com.pe\/noticiero\/transporte-aereo\/internacional\/airbus-perlan-mission-ii-arranca-su-segunda-temporada-explorando-el-cielo-sobre-sierra-nevada\/\" \/>\n<meta property=\"og:locale\" content=\"es_ES\" \/>\n<meta property=\"og:type\" content=\"article\" \/>\n<meta property=\"og:title\" content=\"Airbus Perlan Mission II arranca su segunda temporada explorando el cielo sobre Sierra Nevada\" \/>\n<meta property=\"og:description\" content=\"Portal de noticias del Per\u00fa sobre el transporte a\u00e9reo, aviaci\u00f3n, turismo, hoteleria, actualidad.\" \/>\n<meta property=\"og:url\" content=\"https:\/\/aeronoticias.com.pe\/noticiero\/transporte-aereo\/internacional\/airbus-perlan-mission-ii-arranca-su-segunda-temporada-explorando-el-cielo-sobre-sierra-nevada\/\" \/>\n<meta property=\"og:site_name\" content=\"Aeronoticias.com.pe\" \/>\n<meta property=\"article:publisher\" content=\"https:\/\/www.facebook.com\/Aeronoticias.com.pe\/\" \/>\n<meta property=\"article:published_time\" content=\"2017-04-26T16:00:13+00:00\" \/>\n<meta name=\"author\" content=\"Redacci\u00f3n Aeronoticias\" \/>\n<meta name=\"twitter:card\" content=\"summary_large_image\" \/>\n<meta name=\"twitter:creator\" content=\"@aeronoticias\" \/>\n<meta name=\"twitter:site\" content=\"@aeronoticias\" \/>\n<meta name=\"twitter:label1\" content=\"Escrito por\" \/>\n\t<meta name=\"twitter:data1\" content=\"Redacci\u00f3n Aeronoticias\" \/>\n\t<meta name=\"twitter:label2\" content=\"Tiempo de lectura\" \/>\n\t<meta name=\"twitter:data2\" content=\"2 minutos\" \/>\n<script type=\"application\/ld+json\" class=\"yoast-schema-graph\">{\"@context\":\"https:\/\/schema.org\",\"@graph\":[{\"@type\":\"WebPage\",\"@id\":\"https:\/\/aeronoticias.com.pe\/noticiero\/transporte-aereo\/internacional\/airbus-perlan-mission-ii-arranca-su-segunda-temporada-explorando-el-cielo-sobre-sierra-nevada\/\",\"url\":\"https:\/\/aeronoticias.com.pe\/noticiero\/transporte-aereo\/internacional\/airbus-perlan-mission-ii-arranca-su-segunda-temporada-explorando-el-cielo-sobre-sierra-nevada\/\",\"name\":\"Airbus Perlan Mission II arranca su segunda temporada explorando el cielo sobre Sierra Nevada\",\"isPartOf\":{\"@id\":\"https:\/\/aeronoticias.com.pe\/noticiero\/#website\"},\"datePublished\":\"2017-04-26T16:00:13+00:00\",\"author\":{\"@id\":\"https:\/\/aeronoticias.com.pe\/noticiero\/#\/schema\/person\/fc1e5d578f4b62ba1cf7ac2bba1170a0\"},\"description\":\"Portal de noticias del Per\u00fa sobre el transporte a\u00e9reo, aviaci\u00f3n, turismo, hoteleria, actualidad.\",\"breadcrumb\":{\"@id\":\"https:\/\/aeronoticias.com.pe\/noticiero\/transporte-aereo\/internacional\/airbus-perlan-mission-ii-arranca-su-segunda-temporada-explorando-el-cielo-sobre-sierra-nevada\/#breadcrumb\"},\"inLanguage\":\"es\",\"potentialAction\":[{\"@type\":\"ReadAction\",\"target\":[\"https:\/\/aeronoticias.com.pe\/noticiero\/transporte-aereo\/internacional\/airbus-perlan-mission-ii-arranca-su-segunda-temporada-explorando-el-cielo-sobre-sierra-nevada\/\"]}]},{\"@type\":\"BreadcrumbList\",\"@id\":\"https:\/\/aeronoticias.com.pe\/noticiero\/transporte-aereo\/internacional\/airbus-perlan-mission-ii-arranca-su-segunda-temporada-explorando-el-cielo-sobre-sierra-nevada\/#breadcrumb\",\"itemListElement\":[{\"@type\":\"ListItem\",\"position\":1,\"name\":\"Portada\",\"item\":\"https:\/\/aeronoticias.com.pe\/noticiero\/\"},{\"@type\":\"ListItem\",\"position\":2,\"name\":\"Airbus Perlan Mission II arranca su segunda temporada explorando el cielo sobre Sierra Nevada\"}]},{\"@type\":\"WebSite\",\"@id\":\"https:\/\/aeronoticias.com.pe\/noticiero\/#website\",\"url\":\"https:\/\/aeronoticias.com.pe\/noticiero\/\",\"name\":\"Aeronoticias.com.pe\",\"description\":\"Noticias de tranporte aereo, turismo, hoteles, gastronomia, actualidad, internacional\",\"potentialAction\":[{\"@type\":\"SearchAction\",\"target\":{\"@type\":\"EntryPoint\",\"urlTemplate\":\"https:\/\/aeronoticias.com.pe\/noticiero\/?s={search_term_string}\"},\"query-input\":{\"@type\":\"PropertyValueSpecification\",\"valueRequired\":true,\"valueName\":\"search_term_string\"}}],\"inLanguage\":\"es\"},{\"@type\":\"Person\",\"@id\":\"https:\/\/aeronoticias.com.pe\/noticiero\/#\/schema\/person\/fc1e5d578f4b62ba1cf7ac2bba1170a0\",\"name\":\"Redacci\u00f3n Aeronoticias\",\"url\":\"https:\/\/aeronoticias.com.pe\/noticiero\/author\/piloto\/\"}]}<\/script>\n<!-- \/ Yoast SEO plugin. -->","yoast_head_json":{"title":"Airbus Perlan Mission II arranca su segunda temporada explorando el cielo sobre Sierra Nevada","description":"Portal de noticias del Per\u00fa sobre el transporte a\u00e9reo, aviaci\u00f3n, turismo, hoteleria, actualidad.","robots":{"index":"index","follow":"follow","max-snippet":"max-snippet:-1","max-image-preview":"max-image-preview:large","max-video-preview":"max-video-preview:-1"},"canonical":"https:\/\/aeronoticias.com.pe\/noticiero\/transporte-aereo\/internacional\/airbus-perlan-mission-ii-arranca-su-segunda-temporada-explorando-el-cielo-sobre-sierra-nevada\/","og_locale":"es_ES","og_type":"article","og_title":"Airbus Perlan Mission II arranca su segunda temporada explorando el cielo sobre Sierra Nevada","og_description":"Portal de noticias del Per\u00fa sobre el transporte a\u00e9reo, aviaci\u00f3n, turismo, hoteleria, actualidad.","og_url":"https:\/\/aeronoticias.com.pe\/noticiero\/transporte-aereo\/internacional\/airbus-perlan-mission-ii-arranca-su-segunda-temporada-explorando-el-cielo-sobre-sierra-nevada\/","og_site_name":"Aeronoticias.com.pe","article_publisher":"https:\/\/www.facebook.com\/Aeronoticias.com.pe\/","article_published_time":"2017-04-26T16:00:13+00:00","author":"Redacci\u00f3n Aeronoticias","twitter_card":"summary_large_image","twitter_creator":"@aeronoticias","twitter_site":"@aeronoticias","twitter_misc":{"Escrito por":"Redacci\u00f3n Aeronoticias","Tiempo de lectura":"2 minutos"},"schema":{"@context":"https:\/\/schema.org","@graph":[{"@type":"WebPage","@id":"https:\/\/aeronoticias.com.pe\/noticiero\/transporte-aereo\/internacional\/airbus-perlan-mission-ii-arranca-su-segunda-temporada-explorando-el-cielo-sobre-sierra-nevada\/","url":"https:\/\/aeronoticias.com.pe\/noticiero\/transporte-aereo\/internacional\/airbus-perlan-mission-ii-arranca-su-segunda-temporada-explorando-el-cielo-sobre-sierra-nevada\/","name":"Airbus Perlan Mission II arranca su segunda temporada explorando el cielo sobre Sierra Nevada","isPartOf":{"@id":"https:\/\/aeronoticias.com.pe\/noticiero\/#website"},"datePublished":"2017-04-26T16:00:13+00:00","author":{"@id":"https:\/\/aeronoticias.com.pe\/noticiero\/#\/schema\/person\/fc1e5d578f4b62ba1cf7ac2bba1170a0"},"description":"Portal de noticias del Per\u00fa sobre el transporte a\u00e9reo, aviaci\u00f3n, turismo, hoteleria, actualidad.","breadcrumb":{"@id":"https:\/\/aeronoticias.com.pe\/noticiero\/transporte-aereo\/internacional\/airbus-perlan-mission-ii-arranca-su-segunda-temporada-explorando-el-cielo-sobre-sierra-nevada\/#breadcrumb"},"inLanguage":"es","potentialAction":[{"@type":"ReadAction","target":["https:\/\/aeronoticias.com.pe\/noticiero\/transporte-aereo\/internacional\/airbus-perlan-mission-ii-arranca-su-segunda-temporada-explorando-el-cielo-sobre-sierra-nevada\/"]}]},{"@type":"BreadcrumbList","@id":"https:\/\/aeronoticias.com.pe\/noticiero\/transporte-aereo\/internacional\/airbus-perlan-mission-ii-arranca-su-segunda-temporada-explorando-el-cielo-sobre-sierra-nevada\/#breadcrumb","itemListElement":[{"@type":"ListItem","position":1,"name":"Portada","item":"https:\/\/aeronoticias.com.pe\/noticiero\/"},{"@type":"ListItem","position":2,"name":"Airbus Perlan Mission II arranca su segunda temporada explorando el cielo sobre Sierra Nevada"}]},{"@type":"WebSite","@id":"https:\/\/aeronoticias.com.pe\/noticiero\/#website","url":"https:\/\/aeronoticias.com.pe\/noticiero\/","name":"Aeronoticias.com.pe","description":"Noticias de tranporte aereo, turismo, hoteles, gastronomia, actualidad, internacional","potentialAction":[{"@type":"SearchAction","target":{"@type":"EntryPoint","urlTemplate":"https:\/\/aeronoticias.com.pe\/noticiero\/?s={search_term_string}"},"query-input":{"@type":"PropertyValueSpecification","valueRequired":true,"valueName":"search_term_string"}}],"inLanguage":"es"},{"@type":"Person","@id":"https:\/\/aeronoticias.com.pe\/noticiero\/#\/schema\/person\/fc1e5d578f4b62ba1cf7ac2bba1170a0","name":"Redacci\u00f3n Aeronoticias","url":"https:\/\/aeronoticias.com.pe\/noticiero\/author\/piloto\/"}]}},"_links":{"self":[{"href":"https:\/\/aeronoticias.com.pe\/noticiero\/wp-json\/wp\/v2\/posts\/56526","targetHints":{"allow":["GET"]}}],"collection":[{"href":"https:\/\/aeronoticias.com.pe\/noticiero\/wp-json\/wp\/v2\/posts"}],"about":[{"href":"https:\/\/aeronoticias.com.pe\/noticiero\/wp-json\/wp\/v2\/types\/post"}],"author":[{"embeddable":true,"href":"https:\/\/aeronoticias.com.pe\/noticiero\/wp-json\/wp\/v2\/users\/1"}],"replies":[{"embeddable":true,"href":"https:\/\/aeronoticias.com.pe\/noticiero\/wp-json\/wp\/v2\/comments?post=56526"}],"version-history":[{"count":0,"href":"https:\/\/aeronoticias.com.pe\/noticiero\/wp-json\/wp\/v2\/posts\/56526\/revisions"}],"wp:attachment":[{"href":"https:\/\/aeronoticias.com.pe\/noticiero\/wp-json\/wp\/v2\/media?parent=56526"}],"wp:term":[{"taxonomy":"category","embeddable":true,"href":"https:\/\/aeronoticias.com.pe\/noticiero\/wp-json\/wp\/v2\/categories?post=56526"},{"taxonomy":"post_tag","embeddable":true,"href":"https:\/\/aeronoticias.com.pe\/noticiero\/wp-json\/wp\/v2\/tags?post=56526"}],"curies":[{"name":"wp","href":"https:\/\/api.w.org\/{rel}","templated":true}]}}