{"id":56528,"date":"2017-04-27T16:27:28","date_gmt":"2017-04-27T16:27:28","guid":{"rendered":"http:\/\/desarrollo.mcvicious.com\/aero2020\/2017\/04\/27\/candidato-al-decanato-del-cal-defiende-causa-justa-de-korina-rivadeneira\/"},"modified":"2017-04-27T16:27:28","modified_gmt":"2017-04-27T16:27:28","slug":"candidato-al-decanato-del-cal-defiende-causa-justa-de-korina-rivadeneira","status":"publish","type":"post","link":"https:\/\/aeronoticias.com.pe\/noticiero\/nacionales\/candidato-al-decanato-del-cal-defiende-causa-justa-de-korina-rivadeneira\/","title":{"rendered":"Candidato al Decanato del CAL defiende causa justa de Korina Rivadeneira"},"content":{"rendered":"<p style=\"text-align: justify;\"><strong>(Aeronoticias) <\/strong>Juli\u00e1n Palacin Fern\u00e1ndez, candidato al Decanato del Ilustre Colegio de Abogados de Lima (CAL), en las pr\u00f3ximas elecciones del 30\/11\/2017, se pronunci\u00f3 contra el acoso medi\u00e1tico injusto que viene sufriendo la joven venezolana Korina Rivadeneira.<\/p>\n<p style=\"text-align: justify;\">Dijo: \u201cLos abogados somos defensores de la Justicia y colaboradores de su administraci\u00f3n y nuestro deber profesional es defender, con estricta observancia de las normas jur\u00eddicas y morales\u201d.<\/p>\n<p style=\"text-align: justify;\">\u201cEs lamentable las opiniones de algunos colegas que no han tenido en cuenta que la Constituci\u00f3n Pol\u00edtica del Per\u00fa en su Art\u00edculo 2 inciso 11, garantiza a esta joven a elegir al Per\u00fa como su lugar de residencia y m\u00e1s a\u00fan si es casada con un ciudadano peruano, tiene derecho a que se le respete su integridad moral, ps\u00edquica y su libre desarrollo y bienestar Art\u00edculo 2 inciso 1 de la Constituci\u00f3n Pol\u00edtica del Per\u00fa\u201d.<\/p>\n<p style=\"text-align: justify;\">\u201cEl Art\u00edculo 5 de la Constituci\u00f3n protege el matrimonio y el hogar, es por ello que emplazo al Ministro del Interior, Carlos Basombrio Iglesias, para que constitucionalmente garantice a trav\u00e9s de la Superintendencia Nacional de Migraciones, los derechos constitucionales de esta ciudadana venezolana que ama al Per\u00fa y que tiene el derecho a fijar su residencia y m\u00e1s adelante adquirir la nacionalidad peruana por su matrimonio con un ciudadano peruano\u201d.<\/p>\n<p style=\"text-align: justify;\">\u201cEl Per\u00fa se construye con solidaridad y amor y los hombres de Derecho que integramos al instituci\u00f3n bicentenaria \u201cel Ilustre Colegio de Abogados de Lima\u201d le decimos no a la violencia, al odio, a la discriminaci\u00f3n porque este Per\u00fa maravilloso, lo tenemos que construir respetando los derechos humanos\u201d.<\/p>\n<p style=\"text-align: justify;\">\u201cEspero que el Ministro del Interior cuya trayectoria democr\u00e1tica nadie puede poner en duda garantice los derechos constitucionales de esta ciudadana venezolana v\u00edctima de un bullying medi\u00e1tico de personas intolerantes\u201d.<\/p>\n<p style=\"text-align: justify;\">Por \u00faltimo, dijo que los turistas extranjeros que trabajan ilegalmente en el pa\u00eds y que incurren en la violaci\u00f3n y del Art\u00edculo V del T\u00edtulo Preliminar del C\u00f3digo Civil, incurren en nulidad de los actos jur\u00eddicos contrario a las leyes que interesan al orden p\u00fablico o a las buenas costumbres, sin embargo la sanci\u00f3n es la nulidad o en todo caso una multa en la esfera administrativa no una deportaci\u00f3n, recordando que existe la Convenci\u00f3n Americana de Derechos Humanos cuyos principios han sido aplicados por el Tribunal Constitucional reconociendo en forma expresa la jerarqu\u00eda de los tratados sobre Derechos Humanos.<\/p>\n<p style=\"text-align: justify;\">Al respecto, cabe destacar que la Ley de Migraciones actualmente vigente en Per\u00fa (Decreto Legislativo N\u00b0 1350 expresamente dispone en su art\u00edculo 3 que su finalidad consiste en \u00abcontribuir a la integraci\u00f3n de los migrantes y garantizar \u00a0los derechos a todas las personas nacionales o extranjeras en el territorio peruano, conforme al ordenamiento jur\u00eddico vigente\u00bb.<\/p>\n<p style=\"text-align: justify;\">Asimismo, en su T\u00edtulo Preliminar la norma establece una serie de principios que indefectiblemente deben ser tenidos en consideraci\u00f3n al momento de analizar la legislaci\u00f3n migratoria, como ser los de respeto a los derechos fundamentales, reconocimiento del aporte de los migrantes en el desarrollo del pa\u00eds, integraci\u00f3n del migrante, no criminalizaci\u00f3n de la migraci\u00f3n irregular y no discriminaci\u00f3n. En consecuencia, la normativa migratoria origina la nulidad de los actos jur\u00eddicos, sin embargo soy de la opini\u00f3n que no alcanza la deportaci\u00f3n salvo la Comisi\u00f3n de Delitos por integrar asociaciones il\u00edcitas para delinquir o bandas delincuenciales y por orden judicial en base a Sentencia consentida y ejecutoriada.<\/p>\n<p style=\"text-align: justify;\"><img decoding=\"async\" src=\"images\/stories\/17\/04\/270417\/palacin-rivadeneira.jpg\" border=\"0\" \/><\/p>\n","protected":false},"excerpt":{"rendered":"<p>(Aeronoticias) Juli\u00e1n Palacin Fern\u00e1ndez, candidato al Decanato del Ilustre Colegio de Abogados de Lima (CAL), en las pr\u00f3ximas elecciones del 30\/11\/2017, se pronunci\u00f3 contra el acoso medi\u00e1tico injusto que viene sufriendo la joven venezolana Korina Rivadeneira. Dijo: \u201cLos abogados somos defensores de la Justicia y colaboradores de su administraci\u00f3n y nuestro deber profesional es defender, [&hellip;]<\/p>\n","protected":false},"author":1,"featured_media":0,"comment_status":"open","ping_status":"open","sticky":false,"template":"","format":"standard","meta":{"tdm_status":"","tdm_grid_status":"","footnotes":""},"categories":[38],"tags":[],"class_list":{"0":"post-56528","1":"post","2":"type-post","3":"status-publish","4":"format-standard","6":"category-nacionales"},"yoast_head":"<!-- This site is optimized with the Yoast SEO plugin v25.1 - https:\/\/yoast.com\/wordpress\/plugins\/seo\/ -->\n<title>Candidato al Decanato del CAL defiende causa justa de Korina Rivadeneira<\/title>\n<meta name=\"description\" content=\"Portal de noticias del Per\u00fa sobre el transporte a\u00e9reo, aviaci\u00f3n, turismo, hoteleria, actualidad.\" \/>\n<meta name=\"robots\" content=\"index, follow, max-snippet:-1, max-image-preview:large, max-video-preview:-1\" \/>\n<link rel=\"canonical\" href=\"https:\/\/aeronoticias.com.pe\/noticiero\/nacionales\/candidato-al-decanato-del-cal-defiende-causa-justa-de-korina-rivadeneira\/\" \/>\n<meta property=\"og:locale\" content=\"es_ES\" \/>\n<meta property=\"og:type\" content=\"article\" \/>\n<meta property=\"og:title\" content=\"Candidato al Decanato del CAL defiende causa justa de Korina Rivadeneira\" \/>\n<meta property=\"og:description\" content=\"Portal de noticias del Per\u00fa sobre el transporte a\u00e9reo, aviaci\u00f3n, turismo, hoteleria, actualidad.\" \/>\n<meta property=\"og:url\" content=\"https:\/\/aeronoticias.com.pe\/noticiero\/nacionales\/candidato-al-decanato-del-cal-defiende-causa-justa-de-korina-rivadeneira\/\" \/>\n<meta property=\"og:site_name\" content=\"Aeronoticias.com.pe\" \/>\n<meta property=\"article:publisher\" content=\"https:\/\/www.facebook.com\/Aeronoticias.com.pe\/\" \/>\n<meta property=\"article:published_time\" content=\"2017-04-27T16:27:28+00:00\" \/>\n<meta name=\"author\" content=\"Redacci\u00f3n Aeronoticias\" \/>\n<meta name=\"twitter:card\" content=\"summary_large_image\" \/>\n<meta name=\"twitter:creator\" content=\"@aeronoticias\" \/>\n<meta name=\"twitter:site\" content=\"@aeronoticias\" \/>\n<meta name=\"twitter:label1\" content=\"Escrito por\" \/>\n\t<meta name=\"twitter:data1\" content=\"Redacci\u00f3n Aeronoticias\" \/>\n\t<meta name=\"twitter:label2\" content=\"Tiempo de lectura\" \/>\n\t<meta name=\"twitter:data2\" content=\"3 minutos\" \/>\n<script type=\"application\/ld+json\" class=\"yoast-schema-graph\">{\"@context\":\"https:\/\/schema.org\",\"@graph\":[{\"@type\":\"WebPage\",\"@id\":\"https:\/\/aeronoticias.com.pe\/noticiero\/nacionales\/candidato-al-decanato-del-cal-defiende-causa-justa-de-korina-rivadeneira\/\",\"url\":\"https:\/\/aeronoticias.com.pe\/noticiero\/nacionales\/candidato-al-decanato-del-cal-defiende-causa-justa-de-korina-rivadeneira\/\",\"name\":\"Candidato al Decanato del CAL defiende causa justa de Korina Rivadeneira\",\"isPartOf\":{\"@id\":\"https:\/\/aeronoticias.com.pe\/noticiero\/#website\"},\"datePublished\":\"2017-04-27T16:27:28+00:00\",\"author\":{\"@id\":\"https:\/\/aeronoticias.com.pe\/noticiero\/#\/schema\/person\/fc1e5d578f4b62ba1cf7ac2bba1170a0\"},\"description\":\"Portal de noticias del Per\u00fa sobre el transporte a\u00e9reo, aviaci\u00f3n, turismo, hoteleria, actualidad.\",\"breadcrumb\":{\"@id\":\"https:\/\/aeronoticias.com.pe\/noticiero\/nacionales\/candidato-al-decanato-del-cal-defiende-causa-justa-de-korina-rivadeneira\/#breadcrumb\"},\"inLanguage\":\"es\",\"potentialAction\":[{\"@type\":\"ReadAction\",\"target\":[\"https:\/\/aeronoticias.com.pe\/noticiero\/nacionales\/candidato-al-decanato-del-cal-defiende-causa-justa-de-korina-rivadeneira\/\"]}]},{\"@type\":\"BreadcrumbList\",\"@id\":\"https:\/\/aeronoticias.com.pe\/noticiero\/nacionales\/candidato-al-decanato-del-cal-defiende-causa-justa-de-korina-rivadeneira\/#breadcrumb\",\"itemListElement\":[{\"@type\":\"ListItem\",\"position\":1,\"name\":\"Portada\",\"item\":\"https:\/\/aeronoticias.com.pe\/noticiero\/\"},{\"@type\":\"ListItem\",\"position\":2,\"name\":\"Candidato al Decanato del CAL defiende causa justa de Korina Rivadeneira\"}]},{\"@type\":\"WebSite\",\"@id\":\"https:\/\/aeronoticias.com.pe\/noticiero\/#website\",\"url\":\"https:\/\/aeronoticias.com.pe\/noticiero\/\",\"name\":\"Aeronoticias.com.pe\",\"description\":\"Noticias de tranporte aereo, turismo, hoteles, gastronomia, actualidad, internacional\",\"potentialAction\":[{\"@type\":\"SearchAction\",\"target\":{\"@type\":\"EntryPoint\",\"urlTemplate\":\"https:\/\/aeronoticias.com.pe\/noticiero\/?s={search_term_string}\"},\"query-input\":{\"@type\":\"PropertyValueSpecification\",\"valueRequired\":true,\"valueName\":\"search_term_string\"}}],\"inLanguage\":\"es\"},{\"@type\":\"Person\",\"@id\":\"https:\/\/aeronoticias.com.pe\/noticiero\/#\/schema\/person\/fc1e5d578f4b62ba1cf7ac2bba1170a0\",\"name\":\"Redacci\u00f3n Aeronoticias\",\"url\":\"https:\/\/aeronoticias.com.pe\/noticiero\/author\/piloto\/\"}]}<\/script>\n<!-- \/ Yoast SEO plugin. -->","yoast_head_json":{"title":"Candidato al Decanato del CAL defiende causa justa de Korina Rivadeneira","description":"Portal de noticias del Per\u00fa sobre el transporte a\u00e9reo, aviaci\u00f3n, turismo, hoteleria, actualidad.","robots":{"index":"index","follow":"follow","max-snippet":"max-snippet:-1","max-image-preview":"max-image-preview:large","max-video-preview":"max-video-preview:-1"},"canonical":"https:\/\/aeronoticias.com.pe\/noticiero\/nacionales\/candidato-al-decanato-del-cal-defiende-causa-justa-de-korina-rivadeneira\/","og_locale":"es_ES","og_type":"article","og_title":"Candidato al Decanato del CAL defiende causa justa de Korina Rivadeneira","og_description":"Portal de noticias del Per\u00fa sobre el transporte a\u00e9reo, aviaci\u00f3n, turismo, hoteleria, actualidad.","og_url":"https:\/\/aeronoticias.com.pe\/noticiero\/nacionales\/candidato-al-decanato-del-cal-defiende-causa-justa-de-korina-rivadeneira\/","og_site_name":"Aeronoticias.com.pe","article_publisher":"https:\/\/www.facebook.com\/Aeronoticias.com.pe\/","article_published_time":"2017-04-27T16:27:28+00:00","author":"Redacci\u00f3n Aeronoticias","twitter_card":"summary_large_image","twitter_creator":"@aeronoticias","twitter_site":"@aeronoticias","twitter_misc":{"Escrito por":"Redacci\u00f3n Aeronoticias","Tiempo de lectura":"3 minutos"},"schema":{"@context":"https:\/\/schema.org","@graph":[{"@type":"WebPage","@id":"https:\/\/aeronoticias.com.pe\/noticiero\/nacionales\/candidato-al-decanato-del-cal-defiende-causa-justa-de-korina-rivadeneira\/","url":"https:\/\/aeronoticias.com.pe\/noticiero\/nacionales\/candidato-al-decanato-del-cal-defiende-causa-justa-de-korina-rivadeneira\/","name":"Candidato al Decanato del CAL defiende causa justa de Korina Rivadeneira","isPartOf":{"@id":"https:\/\/aeronoticias.com.pe\/noticiero\/#website"},"datePublished":"2017-04-27T16:27:28+00:00","author":{"@id":"https:\/\/aeronoticias.com.pe\/noticiero\/#\/schema\/person\/fc1e5d578f4b62ba1cf7ac2bba1170a0"},"description":"Portal de noticias del Per\u00fa sobre el transporte a\u00e9reo, aviaci\u00f3n, turismo, hoteleria, actualidad.","breadcrumb":{"@id":"https:\/\/aeronoticias.com.pe\/noticiero\/nacionales\/candidato-al-decanato-del-cal-defiende-causa-justa-de-korina-rivadeneira\/#breadcrumb"},"inLanguage":"es","potentialAction":[{"@type":"ReadAction","target":["https:\/\/aeronoticias.com.pe\/noticiero\/nacionales\/candidato-al-decanato-del-cal-defiende-causa-justa-de-korina-rivadeneira\/"]}]},{"@type":"BreadcrumbList","@id":"https:\/\/aeronoticias.com.pe\/noticiero\/nacionales\/candidato-al-decanato-del-cal-defiende-causa-justa-de-korina-rivadeneira\/#breadcrumb","itemListElement":[{"@type":"ListItem","position":1,"name":"Portada","item":"https:\/\/aeronoticias.com.pe\/noticiero\/"},{"@type":"ListItem","position":2,"name":"Candidato al Decanato del CAL defiende causa justa de Korina Rivadeneira"}]},{"@type":"WebSite","@id":"https:\/\/aeronoticias.com.pe\/noticiero\/#website","url":"https:\/\/aeronoticias.com.pe\/noticiero\/","name":"Aeronoticias.com.pe","description":"Noticias de tranporte aereo, turismo, hoteles, gastronomia, actualidad, internacional","potentialAction":[{"@type":"SearchAction","target":{"@type":"EntryPoint","urlTemplate":"https:\/\/aeronoticias.com.pe\/noticiero\/?s={search_term_string}"},"query-input":{"@type":"PropertyValueSpecification","valueRequired":true,"valueName":"search_term_string"}}],"inLanguage":"es"},{"@type":"Person","@id":"https:\/\/aeronoticias.com.pe\/noticiero\/#\/schema\/person\/fc1e5d578f4b62ba1cf7ac2bba1170a0","name":"Redacci\u00f3n Aeronoticias","url":"https:\/\/aeronoticias.com.pe\/noticiero\/author\/piloto\/"}]}},"_links":{"self":[{"href":"https:\/\/aeronoticias.com.pe\/noticiero\/wp-json\/wp\/v2\/posts\/56528","targetHints":{"allow":["GET"]}}],"collection":[{"href":"https:\/\/aeronoticias.com.pe\/noticiero\/wp-json\/wp\/v2\/posts"}],"about":[{"href":"https:\/\/aeronoticias.com.pe\/noticiero\/wp-json\/wp\/v2\/types\/post"}],"author":[{"embeddable":true,"href":"https:\/\/aeronoticias.com.pe\/noticiero\/wp-json\/wp\/v2\/users\/1"}],"replies":[{"embeddable":true,"href":"https:\/\/aeronoticias.com.pe\/noticiero\/wp-json\/wp\/v2\/comments?post=56528"}],"version-history":[{"count":0,"href":"https:\/\/aeronoticias.com.pe\/noticiero\/wp-json\/wp\/v2\/posts\/56528\/revisions"}],"wp:attachment":[{"href":"https:\/\/aeronoticias.com.pe\/noticiero\/wp-json\/wp\/v2\/media?parent=56528"}],"wp:term":[{"taxonomy":"category","embeddable":true,"href":"https:\/\/aeronoticias.com.pe\/noticiero\/wp-json\/wp\/v2\/categories?post=56528"},{"taxonomy":"post_tag","embeddable":true,"href":"https:\/\/aeronoticias.com.pe\/noticiero\/wp-json\/wp\/v2\/tags?post=56528"}],"curies":[{"name":"wp","href":"https:\/\/api.w.org\/{rel}","templated":true}]}}