{"id":56529,"date":"2017-04-27T17:13:31","date_gmt":"2017-04-27T17:13:31","guid":{"rendered":"http:\/\/desarrollo.mcvicious.com\/aero2020\/2017\/04\/27\/uber-y-embraer-sellan-acuerdo-para-la-creacion-de-taxis-aereos\/"},"modified":"2017-04-27T17:13:31","modified_gmt":"2017-04-27T17:13:31","slug":"uber-y-embraer-sellan-acuerdo-para-la-creacion-de-taxis-aereos","status":"publish","type":"post","link":"https:\/\/aeronoticias.com.pe\/noticiero\/27\/uber-y-embraer-sellan-acuerdo-para-la-creacion-de-taxis-aereos\/","title":{"rendered":"Uber y Embraer sellan acuerdo para la creaci\u00f3n de taxis a\u00e9reos"},"content":{"rendered":"<p style=\"text-align: justify;\"><strong>(Aeronoticias) <\/strong><span style=\"font-size: 12.16px;\">La aplicaci\u00f3n de transporte Uber y la compa\u00f1\u00eda brasile\u00f1a Embraer sellaron un acuerdo que permitir\u00e1 el desarrollo de aeronaves el\u00e9ctricas de uso urbano, seg\u00fan anunci\u00f3 este martes la fabricante de aviones en un comunicado.<\/span><\/p>\n<p style=\"text-align: justify;\"><span style=\"font-size: 12.16px;\">De acuerdo con Embraer -la tercera mayor fabricante de aviones comerciales del mundo-, la asociaci\u00f3n con Uber permitir\u00e1 la creaci\u00f3n de \u201cpeque\u00f1os veh\u00edculos el\u00e9ctricos con despegue y aterrizaje vertical\u201d.<\/span><\/p>\n<p style=\"text-align: justify;\"><span style=\"font-size: 12.16px;\">\u201cCompartimos la visi\u00f3n de que la situaci\u00f3n del transporte en regiones urbanas congestionadas est\u00e1 preparada para soluciones innovadoras, con aviaci\u00f3n bajo demanda\u201d, afirm\u00f3 Antonio Campello, director de Innovaci\u00f3n Corporativa de Embraer, citado en la nota.<\/span><\/p>\n<p style=\"text-align: justify;\"><span style=\"font-size: 12.16px;\">De acuerdo con informaci\u00f3n publicada por Efe, el director de Ingenier\u00eda de Aviaci\u00f3n de Uber, Mark Moore, destac\u00f3 en la nota la experiencia de Embraer, firma que lidera la fabricaci\u00f3n mundial de aviones comerciales de hasta 130 plazas.<\/span><\/p>\n<p style=\"text-align: justify;\"><span style=\"font-size: 12.16px;\">\u201cSu conocimiento de certificaci\u00f3n de aeronave con tecnolog\u00eda \u2018fly-by-wire\u2019 (controlado por comandos el\u00e9ctricos) y la confianza en que har\u00e1n esa tecnolog\u00eda accesible a aeronaves mucho menores es un ingrediente esencial para nuestro \u00e9xito\u201d, afirm\u00f3 Moore.<\/span><\/p>\n<p style=\"text-align: justify;\"><span style=\"font-size: 12.16px;\">Uber espera implementar los taxis a\u00e9reos antes de 2020, seg\u00fan dijo este martes el director de productos de Uber, Jeff Holden, durante el Uber Elevate Summit, celebrado en Dallas (Estados Unidos).<\/span><\/p>\n<p style=\"text-align: justify;\"><span style=\"font-size: 12.16px;\"><strong><em>Fuente: El Mundo<\/em><\/strong><\/span><\/p>\n<p><img decoding=\"async\" src=\"images\/stories\/17\/04\/270417\/taxi-volador.jpg\" border=\"0\" \/><\/p>\n","protected":false},"excerpt":{"rendered":"<p>(Aeronoticias) La aplicaci\u00f3n de transporte Uber y la compa\u00f1\u00eda brasile\u00f1a Embraer sellaron un acuerdo que permitir\u00e1 el desarrollo de aeronaves el\u00e9ctricas de uso urbano, seg\u00fan anunci\u00f3 este martes la fabricante de aviones en un comunicado. De acuerdo con Embraer -la tercera mayor fabricante de aviones comerciales del mundo-, la asociaci\u00f3n con Uber permitir\u00e1 la creaci\u00f3n [&hellip;]<\/p>\n","protected":false},"author":1,"featured_media":0,"comment_status":"open","ping_status":"open","sticky":false,"template":"","format":"standard","meta":{"tdm_status":"","tdm_grid_status":"","footnotes":""},"categories":[35],"tags":[],"class_list":{"0":"post-56529","1":"post","2":"type-post","3":"status-publish","4":"format-standard","6":"category-35"},"yoast_head":"<!-- This site is optimized with the Yoast SEO plugin v25.1 - https:\/\/yoast.com\/wordpress\/plugins\/seo\/ -->\n<title>Uber y Embraer sellan acuerdo para la creaci\u00f3n de taxis a\u00e9reos<\/title>\n<meta name=\"description\" content=\"Portal de noticias del Per\u00fa sobre el transporte a\u00e9reo, aviaci\u00f3n, turismo, hoteleria, actualidad.\" \/>\n<meta name=\"robots\" content=\"index, follow, max-snippet:-1, max-image-preview:large, max-video-preview:-1\" \/>\n<link rel=\"canonical\" href=\"https:\/\/aeronoticias.com.pe\/noticiero\/27\/uber-y-embraer-sellan-acuerdo-para-la-creacion-de-taxis-aereos\/\" \/>\n<meta property=\"og:locale\" content=\"es_ES\" \/>\n<meta property=\"og:type\" content=\"article\" \/>\n<meta property=\"og:title\" content=\"Uber y Embraer sellan acuerdo para la creaci\u00f3n de taxis a\u00e9reos\" \/>\n<meta property=\"og:description\" content=\"Portal de noticias del Per\u00fa sobre el transporte a\u00e9reo, aviaci\u00f3n, turismo, hoteleria, actualidad.\" \/>\n<meta property=\"og:url\" content=\"https:\/\/aeronoticias.com.pe\/noticiero\/27\/uber-y-embraer-sellan-acuerdo-para-la-creacion-de-taxis-aereos\/\" \/>\n<meta property=\"og:site_name\" content=\"Aeronoticias.com.pe\" \/>\n<meta property=\"article:publisher\" content=\"https:\/\/www.facebook.com\/Aeronoticias.com.pe\/\" \/>\n<meta property=\"article:published_time\" content=\"2017-04-27T17:13:31+00:00\" \/>\n<meta name=\"author\" content=\"Redacci\u00f3n Aeronoticias\" \/>\n<meta name=\"twitter:card\" content=\"summary_large_image\" \/>\n<meta name=\"twitter:creator\" content=\"@aeronoticias\" \/>\n<meta name=\"twitter:site\" content=\"@aeronoticias\" \/>\n<meta name=\"twitter:label1\" content=\"Escrito por\" \/>\n\t<meta name=\"twitter:data1\" content=\"Redacci\u00f3n Aeronoticias\" \/>\n\t<meta name=\"twitter:label2\" content=\"Tiempo de lectura\" \/>\n\t<meta name=\"twitter:data2\" content=\"1 minuto\" \/>\n<script type=\"application\/ld+json\" class=\"yoast-schema-graph\">{\"@context\":\"https:\/\/schema.org\",\"@graph\":[{\"@type\":\"WebPage\",\"@id\":\"https:\/\/aeronoticias.com.pe\/noticiero\/27\/uber-y-embraer-sellan-acuerdo-para-la-creacion-de-taxis-aereos\/\",\"url\":\"https:\/\/aeronoticias.com.pe\/noticiero\/27\/uber-y-embraer-sellan-acuerdo-para-la-creacion-de-taxis-aereos\/\",\"name\":\"Uber y Embraer sellan acuerdo para la creaci\u00f3n de taxis a\u00e9reos\",\"isPartOf\":{\"@id\":\"https:\/\/aeronoticias.com.pe\/noticiero\/#website\"},\"datePublished\":\"2017-04-27T17:13:31+00:00\",\"author\":{\"@id\":\"https:\/\/aeronoticias.com.pe\/noticiero\/#\/schema\/person\/fc1e5d578f4b62ba1cf7ac2bba1170a0\"},\"description\":\"Portal de noticias del Per\u00fa sobre el transporte a\u00e9reo, aviaci\u00f3n, turismo, hoteleria, actualidad.\",\"breadcrumb\":{\"@id\":\"https:\/\/aeronoticias.com.pe\/noticiero\/27\/uber-y-embraer-sellan-acuerdo-para-la-creacion-de-taxis-aereos\/#breadcrumb\"},\"inLanguage\":\"es\",\"potentialAction\":[{\"@type\":\"ReadAction\",\"target\":[\"https:\/\/aeronoticias.com.pe\/noticiero\/27\/uber-y-embraer-sellan-acuerdo-para-la-creacion-de-taxis-aereos\/\"]}]},{\"@type\":\"BreadcrumbList\",\"@id\":\"https:\/\/aeronoticias.com.pe\/noticiero\/27\/uber-y-embraer-sellan-acuerdo-para-la-creacion-de-taxis-aereos\/#breadcrumb\",\"itemListElement\":[{\"@type\":\"ListItem\",\"position\":1,\"name\":\"Portada\",\"item\":\"https:\/\/aeronoticias.com.pe\/noticiero\/\"},{\"@type\":\"ListItem\",\"position\":2,\"name\":\"Uber y Embraer sellan acuerdo para la creaci\u00f3n de taxis a\u00e9reos\"}]},{\"@type\":\"WebSite\",\"@id\":\"https:\/\/aeronoticias.com.pe\/noticiero\/#website\",\"url\":\"https:\/\/aeronoticias.com.pe\/noticiero\/\",\"name\":\"Aeronoticias.com.pe\",\"description\":\"Noticias de tranporte aereo, turismo, hoteles, gastronomia, actualidad, internacional\",\"potentialAction\":[{\"@type\":\"SearchAction\",\"target\":{\"@type\":\"EntryPoint\",\"urlTemplate\":\"https:\/\/aeronoticias.com.pe\/noticiero\/?s={search_term_string}\"},\"query-input\":{\"@type\":\"PropertyValueSpecification\",\"valueRequired\":true,\"valueName\":\"search_term_string\"}}],\"inLanguage\":\"es\"},{\"@type\":\"Person\",\"@id\":\"https:\/\/aeronoticias.com.pe\/noticiero\/#\/schema\/person\/fc1e5d578f4b62ba1cf7ac2bba1170a0\",\"name\":\"Redacci\u00f3n Aeronoticias\",\"url\":\"https:\/\/aeronoticias.com.pe\/noticiero\/author\/piloto\/\"}]}<\/script>\n<!-- \/ Yoast SEO plugin. -->","yoast_head_json":{"title":"Uber y Embraer sellan acuerdo para la creaci\u00f3n de taxis a\u00e9reos","description":"Portal de noticias del Per\u00fa sobre el transporte a\u00e9reo, aviaci\u00f3n, turismo, hoteleria, actualidad.","robots":{"index":"index","follow":"follow","max-snippet":"max-snippet:-1","max-image-preview":"max-image-preview:large","max-video-preview":"max-video-preview:-1"},"canonical":"https:\/\/aeronoticias.com.pe\/noticiero\/27\/uber-y-embraer-sellan-acuerdo-para-la-creacion-de-taxis-aereos\/","og_locale":"es_ES","og_type":"article","og_title":"Uber y Embraer sellan acuerdo para la creaci\u00f3n de taxis a\u00e9reos","og_description":"Portal de noticias del Per\u00fa sobre el transporte a\u00e9reo, aviaci\u00f3n, turismo, hoteleria, actualidad.","og_url":"https:\/\/aeronoticias.com.pe\/noticiero\/27\/uber-y-embraer-sellan-acuerdo-para-la-creacion-de-taxis-aereos\/","og_site_name":"Aeronoticias.com.pe","article_publisher":"https:\/\/www.facebook.com\/Aeronoticias.com.pe\/","article_published_time":"2017-04-27T17:13:31+00:00","author":"Redacci\u00f3n Aeronoticias","twitter_card":"summary_large_image","twitter_creator":"@aeronoticias","twitter_site":"@aeronoticias","twitter_misc":{"Escrito por":"Redacci\u00f3n Aeronoticias","Tiempo de lectura":"1 minuto"},"schema":{"@context":"https:\/\/schema.org","@graph":[{"@type":"WebPage","@id":"https:\/\/aeronoticias.com.pe\/noticiero\/27\/uber-y-embraer-sellan-acuerdo-para-la-creacion-de-taxis-aereos\/","url":"https:\/\/aeronoticias.com.pe\/noticiero\/27\/uber-y-embraer-sellan-acuerdo-para-la-creacion-de-taxis-aereos\/","name":"Uber y Embraer sellan acuerdo para la creaci\u00f3n de taxis a\u00e9reos","isPartOf":{"@id":"https:\/\/aeronoticias.com.pe\/noticiero\/#website"},"datePublished":"2017-04-27T17:13:31+00:00","author":{"@id":"https:\/\/aeronoticias.com.pe\/noticiero\/#\/schema\/person\/fc1e5d578f4b62ba1cf7ac2bba1170a0"},"description":"Portal de noticias del Per\u00fa sobre el transporte a\u00e9reo, aviaci\u00f3n, turismo, hoteleria, actualidad.","breadcrumb":{"@id":"https:\/\/aeronoticias.com.pe\/noticiero\/27\/uber-y-embraer-sellan-acuerdo-para-la-creacion-de-taxis-aereos\/#breadcrumb"},"inLanguage":"es","potentialAction":[{"@type":"ReadAction","target":["https:\/\/aeronoticias.com.pe\/noticiero\/27\/uber-y-embraer-sellan-acuerdo-para-la-creacion-de-taxis-aereos\/"]}]},{"@type":"BreadcrumbList","@id":"https:\/\/aeronoticias.com.pe\/noticiero\/27\/uber-y-embraer-sellan-acuerdo-para-la-creacion-de-taxis-aereos\/#breadcrumb","itemListElement":[{"@type":"ListItem","position":1,"name":"Portada","item":"https:\/\/aeronoticias.com.pe\/noticiero\/"},{"@type":"ListItem","position":2,"name":"Uber y Embraer sellan acuerdo para la creaci\u00f3n de taxis a\u00e9reos"}]},{"@type":"WebSite","@id":"https:\/\/aeronoticias.com.pe\/noticiero\/#website","url":"https:\/\/aeronoticias.com.pe\/noticiero\/","name":"Aeronoticias.com.pe","description":"Noticias de tranporte aereo, turismo, hoteles, gastronomia, actualidad, internacional","potentialAction":[{"@type":"SearchAction","target":{"@type":"EntryPoint","urlTemplate":"https:\/\/aeronoticias.com.pe\/noticiero\/?s={search_term_string}"},"query-input":{"@type":"PropertyValueSpecification","valueRequired":true,"valueName":"search_term_string"}}],"inLanguage":"es"},{"@type":"Person","@id":"https:\/\/aeronoticias.com.pe\/noticiero\/#\/schema\/person\/fc1e5d578f4b62ba1cf7ac2bba1170a0","name":"Redacci\u00f3n Aeronoticias","url":"https:\/\/aeronoticias.com.pe\/noticiero\/author\/piloto\/"}]}},"_links":{"self":[{"href":"https:\/\/aeronoticias.com.pe\/noticiero\/wp-json\/wp\/v2\/posts\/56529","targetHints":{"allow":["GET"]}}],"collection":[{"href":"https:\/\/aeronoticias.com.pe\/noticiero\/wp-json\/wp\/v2\/posts"}],"about":[{"href":"https:\/\/aeronoticias.com.pe\/noticiero\/wp-json\/wp\/v2\/types\/post"}],"author":[{"embeddable":true,"href":"https:\/\/aeronoticias.com.pe\/noticiero\/wp-json\/wp\/v2\/users\/1"}],"replies":[{"embeddable":true,"href":"https:\/\/aeronoticias.com.pe\/noticiero\/wp-json\/wp\/v2\/comments?post=56529"}],"version-history":[{"count":0,"href":"https:\/\/aeronoticias.com.pe\/noticiero\/wp-json\/wp\/v2\/posts\/56529\/revisions"}],"wp:attachment":[{"href":"https:\/\/aeronoticias.com.pe\/noticiero\/wp-json\/wp\/v2\/media?parent=56529"}],"wp:term":[{"taxonomy":"category","embeddable":true,"href":"https:\/\/aeronoticias.com.pe\/noticiero\/wp-json\/wp\/v2\/categories?post=56529"},{"taxonomy":"post_tag","embeddable":true,"href":"https:\/\/aeronoticias.com.pe\/noticiero\/wp-json\/wp\/v2\/tags?post=56529"}],"curies":[{"name":"wp","href":"https:\/\/api.w.org\/{rel}","templated":true}]}}