{"id":56547,"date":"2017-05-08T03:45:25","date_gmt":"2017-05-08T03:45:25","guid":{"rendered":"http:\/\/desarrollo.mcvicious.com\/aero2020\/2017\/05\/08\/julian-palacin-qaeropuertos-andinos-del-peru-tendria-responsabilidad-en-la-muerte-de-willy-cotaq\/"},"modified":"2017-05-08T03:45:25","modified_gmt":"2017-05-08T03:45:25","slug":"julian-palacin-qaeropuertos-andinos-del-peru-tendria-responsabilidad-en-la-muerte-de-willy-cotaq","status":"publish","type":"post","link":"https:\/\/aeronoticias.com.pe\/noticiero\/ultimas\/1\/julian-palacin-qaeropuertos-andinos-del-peru-tendria-responsabilidad-en-la-muerte-de-willy-cotaq\/","title":{"rendered":"Juli\u00e1n Palacin: \u00abAeropuertos Andinos del Per\u00fa tendr\u00eda responsabilidad en la muerte de Willy Cota\u00bb"},"content":{"rendered":"<p style=\"text-align: justify;\"><strong>(Aeronoticias)<\/strong> El Presidente de la Comisi\u00f3n de Derecho Aeron\u00e1utico del Ilustre Colegio de Abogados de Lima (CAL), Juli\u00e1n Palacin Fern\u00e1ndez, quien es miembro honorario del Colegio de Abogados de Arequipa y socio del <a href=\"http:\/\/www.estudiojuridicopalacin.com\/\" target=\"_blank\" rel=\"noopener noreferrer\">Estudio Jur\u00eddico Juli\u00e1n Palacin Abogados<\/a> especializado en Aviaci\u00f3n y Aeropuertos, expres\u00f3 que Aeropuertos Andinos del Per\u00fa ser\u00eda responsable de la muerte del se\u00f1or Willy Cota Encinas de 57 a\u00f1os, quien ten\u00eda que recibir asistencia m\u00e9dica a los 3 minutos de conformidad a la Normativa de la Direcci\u00f3n General de Aeron\u00e1utica Civil del Per\u00fa.<\/p>\n<p style=\"text-align: justify;\">El concesionario Aeropuertos Andinos est\u00e1 incumpliendo la concesi\u00f3n en raz\u00f3n a que estaba obligada a implementar una Unidad M\u00e9dica que deb\u00eda ser financiada con las tasas aeroportuarias que cobra a los pasajeros.<\/p>\n<p style=\"text-align: justify;\">Agrava su responsabilidad el hecho de que Aeropuertos Andinos no tenga licencia de funcionamiento para operar en Arequipa y es lamentable que se tenga que sufrir la muerte de un pasajero para que reci\u00e9n la Municipalidad de Cerro Colorado en Arequipa lo intervenga.<\/p>\n<p style=\"text-align: justify;\">El jurista Palacin, que es ex Presidente de CORPAC y fue en su momento en el 2002 quien puso la luces de balizaje provisional a este terminal a\u00e9reo luego del arequipazo, dijo que el concesionario Aeropuertos Andinos del Per\u00fa, opera hace 5 a\u00f1os sin licencia de funcionamiento, por lo que la DGAC y la Direcci\u00f3n de Concesiones le tienen que abrir un procedimiento administrativo sancionador por su responsabilidad en la muerte de este pasajero. <a href=\"http:\/\/ojo.pe\/policial\/hombre-murio-en-el-aeropuerto-de-arequipa-ante-indeferencia-total-video-241176\/\">VER VIDEO<\/a>.<\/p>\n<p style=\"text-align: justify;\"><img decoding=\"async\" src=\"images\/stories\/17\/05\/070517\/palacin-arequipa.jpg\" border=\"0\" \/><\/p>\n","protected":false},"excerpt":{"rendered":"<p>(Aeronoticias) El Presidente de la Comisi\u00f3n de Derecho Aeron\u00e1utico del Ilustre Colegio de Abogados de Lima (CAL), Juli\u00e1n Palacin Fern\u00e1ndez, quien es miembro honorario del Colegio de Abogados de Arequipa y socio del Estudio Jur\u00eddico Juli\u00e1n Palacin Abogados especializado en Aviaci\u00f3n y Aeropuertos, expres\u00f3 que Aeropuertos Andinos del Per\u00fa ser\u00eda responsable de la muerte del [&hellip;]<\/p>\n","protected":false},"author":1,"featured_media":0,"comment_status":"open","ping_status":"open","sticky":false,"template":"","format":"standard","meta":{"tdm_status":"","tdm_grid_status":"","footnotes":""},"categories":[30],"tags":[],"class_list":{"0":"post-56547","1":"post","2":"type-post","3":"status-publish","4":"format-standard","6":"category-30"},"yoast_head":"<!-- This site is optimized with the Yoast SEO plugin v25.1 - https:\/\/yoast.com\/wordpress\/plugins\/seo\/ -->\n<title>Juli\u00e1n Palacin: &quot;Aeropuertos Andinos del Per\u00fa tendr\u00eda responsabilidad en la muerte de Willy Cota&quot;<\/title>\n<meta name=\"description\" content=\"Portal de noticias del Per\u00fa sobre el transporte a\u00e9reo, aviaci\u00f3n, turismo, hoteleria, actualidad.\" \/>\n<meta name=\"robots\" content=\"index, follow, max-snippet:-1, max-image-preview:large, max-video-preview:-1\" \/>\n<link rel=\"canonical\" href=\"https:\/\/aeronoticias.com.pe\/noticiero\/ultimas\/1\/julian-palacin-qaeropuertos-andinos-del-peru-tendria-responsabilidad-en-la-muerte-de-willy-cotaq\/\" \/>\n<meta property=\"og:locale\" content=\"es_ES\" \/>\n<meta property=\"og:type\" content=\"article\" \/>\n<meta property=\"og:title\" content=\"Juli\u00e1n Palacin: &quot;Aeropuertos Andinos del Per\u00fa tendr\u00eda responsabilidad en la muerte de Willy Cota&quot;\" \/>\n<meta property=\"og:description\" content=\"Portal de noticias del Per\u00fa sobre el transporte a\u00e9reo, aviaci\u00f3n, turismo, hoteleria, actualidad.\" \/>\n<meta property=\"og:url\" content=\"https:\/\/aeronoticias.com.pe\/noticiero\/ultimas\/1\/julian-palacin-qaeropuertos-andinos-del-peru-tendria-responsabilidad-en-la-muerte-de-willy-cotaq\/\" \/>\n<meta property=\"og:site_name\" content=\"Aeronoticias.com.pe\" \/>\n<meta property=\"article:publisher\" content=\"https:\/\/www.facebook.com\/Aeronoticias.com.pe\/\" \/>\n<meta property=\"article:published_time\" content=\"2017-05-08T03:45:25+00:00\" \/>\n<meta name=\"author\" content=\"Redacci\u00f3n Aeronoticias\" \/>\n<meta name=\"twitter:card\" content=\"summary_large_image\" \/>\n<meta name=\"twitter:creator\" content=\"@aeronoticias\" \/>\n<meta name=\"twitter:site\" content=\"@aeronoticias\" \/>\n<meta name=\"twitter:label1\" content=\"Escrito por\" \/>\n\t<meta name=\"twitter:data1\" content=\"Redacci\u00f3n Aeronoticias\" \/>\n\t<meta name=\"twitter:label2\" content=\"Tiempo de lectura\" \/>\n\t<meta name=\"twitter:data2\" content=\"1 minuto\" \/>\n<script type=\"application\/ld+json\" class=\"yoast-schema-graph\">{\"@context\":\"https:\/\/schema.org\",\"@graph\":[{\"@type\":\"WebPage\",\"@id\":\"https:\/\/aeronoticias.com.pe\/noticiero\/ultimas\/1\/julian-palacin-qaeropuertos-andinos-del-peru-tendria-responsabilidad-en-la-muerte-de-willy-cotaq\/\",\"url\":\"https:\/\/aeronoticias.com.pe\/noticiero\/ultimas\/1\/julian-palacin-qaeropuertos-andinos-del-peru-tendria-responsabilidad-en-la-muerte-de-willy-cotaq\/\",\"name\":\"Juli\u00e1n Palacin: \\\"Aeropuertos Andinos del Per\u00fa tendr\u00eda responsabilidad en la muerte de Willy Cota\\\"\",\"isPartOf\":{\"@id\":\"https:\/\/aeronoticias.com.pe\/noticiero\/#website\"},\"datePublished\":\"2017-05-08T03:45:25+00:00\",\"author\":{\"@id\":\"https:\/\/aeronoticias.com.pe\/noticiero\/#\/schema\/person\/fc1e5d578f4b62ba1cf7ac2bba1170a0\"},\"description\":\"Portal de noticias del Per\u00fa sobre el transporte a\u00e9reo, aviaci\u00f3n, turismo, hoteleria, actualidad.\",\"breadcrumb\":{\"@id\":\"https:\/\/aeronoticias.com.pe\/noticiero\/ultimas\/1\/julian-palacin-qaeropuertos-andinos-del-peru-tendria-responsabilidad-en-la-muerte-de-willy-cotaq\/#breadcrumb\"},\"inLanguage\":\"es\",\"potentialAction\":[{\"@type\":\"ReadAction\",\"target\":[\"https:\/\/aeronoticias.com.pe\/noticiero\/ultimas\/1\/julian-palacin-qaeropuertos-andinos-del-peru-tendria-responsabilidad-en-la-muerte-de-willy-cotaq\/\"]}]},{\"@type\":\"BreadcrumbList\",\"@id\":\"https:\/\/aeronoticias.com.pe\/noticiero\/ultimas\/1\/julian-palacin-qaeropuertos-andinos-del-peru-tendria-responsabilidad-en-la-muerte-de-willy-cotaq\/#breadcrumb\",\"itemListElement\":[{\"@type\":\"ListItem\",\"position\":1,\"name\":\"Portada\",\"item\":\"https:\/\/aeronoticias.com.pe\/noticiero\/\"},{\"@type\":\"ListItem\",\"position\":2,\"name\":\"Juli\u00e1n Palacin: \u00abAeropuertos Andinos del Per\u00fa tendr\u00eda responsabilidad en la muerte de Willy Cota\u00bb\"}]},{\"@type\":\"WebSite\",\"@id\":\"https:\/\/aeronoticias.com.pe\/noticiero\/#website\",\"url\":\"https:\/\/aeronoticias.com.pe\/noticiero\/\",\"name\":\"Aeronoticias.com.pe\",\"description\":\"Noticias de tranporte aereo, turismo, hoteles, gastronomia, actualidad, internacional\",\"potentialAction\":[{\"@type\":\"SearchAction\",\"target\":{\"@type\":\"EntryPoint\",\"urlTemplate\":\"https:\/\/aeronoticias.com.pe\/noticiero\/?s={search_term_string}\"},\"query-input\":{\"@type\":\"PropertyValueSpecification\",\"valueRequired\":true,\"valueName\":\"search_term_string\"}}],\"inLanguage\":\"es\"},{\"@type\":\"Person\",\"@id\":\"https:\/\/aeronoticias.com.pe\/noticiero\/#\/schema\/person\/fc1e5d578f4b62ba1cf7ac2bba1170a0\",\"name\":\"Redacci\u00f3n Aeronoticias\",\"url\":\"https:\/\/aeronoticias.com.pe\/noticiero\/author\/piloto\/\"}]}<\/script>\n<!-- \/ Yoast SEO plugin. -->","yoast_head_json":{"title":"Juli\u00e1n Palacin: \"Aeropuertos Andinos del Per\u00fa tendr\u00eda responsabilidad en la muerte de Willy Cota\"","description":"Portal de noticias del Per\u00fa sobre el transporte a\u00e9reo, aviaci\u00f3n, turismo, hoteleria, actualidad.","robots":{"index":"index","follow":"follow","max-snippet":"max-snippet:-1","max-image-preview":"max-image-preview:large","max-video-preview":"max-video-preview:-1"},"canonical":"https:\/\/aeronoticias.com.pe\/noticiero\/ultimas\/1\/julian-palacin-qaeropuertos-andinos-del-peru-tendria-responsabilidad-en-la-muerte-de-willy-cotaq\/","og_locale":"es_ES","og_type":"article","og_title":"Juli\u00e1n Palacin: \"Aeropuertos Andinos del Per\u00fa tendr\u00eda responsabilidad en la muerte de Willy Cota\"","og_description":"Portal de noticias del Per\u00fa sobre el transporte a\u00e9reo, aviaci\u00f3n, turismo, hoteleria, actualidad.","og_url":"https:\/\/aeronoticias.com.pe\/noticiero\/ultimas\/1\/julian-palacin-qaeropuertos-andinos-del-peru-tendria-responsabilidad-en-la-muerte-de-willy-cotaq\/","og_site_name":"Aeronoticias.com.pe","article_publisher":"https:\/\/www.facebook.com\/Aeronoticias.com.pe\/","article_published_time":"2017-05-08T03:45:25+00:00","author":"Redacci\u00f3n Aeronoticias","twitter_card":"summary_large_image","twitter_creator":"@aeronoticias","twitter_site":"@aeronoticias","twitter_misc":{"Escrito por":"Redacci\u00f3n Aeronoticias","Tiempo de lectura":"1 minuto"},"schema":{"@context":"https:\/\/schema.org","@graph":[{"@type":"WebPage","@id":"https:\/\/aeronoticias.com.pe\/noticiero\/ultimas\/1\/julian-palacin-qaeropuertos-andinos-del-peru-tendria-responsabilidad-en-la-muerte-de-willy-cotaq\/","url":"https:\/\/aeronoticias.com.pe\/noticiero\/ultimas\/1\/julian-palacin-qaeropuertos-andinos-del-peru-tendria-responsabilidad-en-la-muerte-de-willy-cotaq\/","name":"Juli\u00e1n Palacin: \"Aeropuertos Andinos del Per\u00fa tendr\u00eda responsabilidad en la muerte de Willy Cota\"","isPartOf":{"@id":"https:\/\/aeronoticias.com.pe\/noticiero\/#website"},"datePublished":"2017-05-08T03:45:25+00:00","author":{"@id":"https:\/\/aeronoticias.com.pe\/noticiero\/#\/schema\/person\/fc1e5d578f4b62ba1cf7ac2bba1170a0"},"description":"Portal de noticias del Per\u00fa sobre el transporte a\u00e9reo, aviaci\u00f3n, turismo, hoteleria, actualidad.","breadcrumb":{"@id":"https:\/\/aeronoticias.com.pe\/noticiero\/ultimas\/1\/julian-palacin-qaeropuertos-andinos-del-peru-tendria-responsabilidad-en-la-muerte-de-willy-cotaq\/#breadcrumb"},"inLanguage":"es","potentialAction":[{"@type":"ReadAction","target":["https:\/\/aeronoticias.com.pe\/noticiero\/ultimas\/1\/julian-palacin-qaeropuertos-andinos-del-peru-tendria-responsabilidad-en-la-muerte-de-willy-cotaq\/"]}]},{"@type":"BreadcrumbList","@id":"https:\/\/aeronoticias.com.pe\/noticiero\/ultimas\/1\/julian-palacin-qaeropuertos-andinos-del-peru-tendria-responsabilidad-en-la-muerte-de-willy-cotaq\/#breadcrumb","itemListElement":[{"@type":"ListItem","position":1,"name":"Portada","item":"https:\/\/aeronoticias.com.pe\/noticiero\/"},{"@type":"ListItem","position":2,"name":"Juli\u00e1n Palacin: \u00abAeropuertos Andinos del Per\u00fa tendr\u00eda responsabilidad en la muerte de Willy Cota\u00bb"}]},{"@type":"WebSite","@id":"https:\/\/aeronoticias.com.pe\/noticiero\/#website","url":"https:\/\/aeronoticias.com.pe\/noticiero\/","name":"Aeronoticias.com.pe","description":"Noticias de tranporte aereo, turismo, hoteles, gastronomia, actualidad, internacional","potentialAction":[{"@type":"SearchAction","target":{"@type":"EntryPoint","urlTemplate":"https:\/\/aeronoticias.com.pe\/noticiero\/?s={search_term_string}"},"query-input":{"@type":"PropertyValueSpecification","valueRequired":true,"valueName":"search_term_string"}}],"inLanguage":"es"},{"@type":"Person","@id":"https:\/\/aeronoticias.com.pe\/noticiero\/#\/schema\/person\/fc1e5d578f4b62ba1cf7ac2bba1170a0","name":"Redacci\u00f3n Aeronoticias","url":"https:\/\/aeronoticias.com.pe\/noticiero\/author\/piloto\/"}]}},"_links":{"self":[{"href":"https:\/\/aeronoticias.com.pe\/noticiero\/wp-json\/wp\/v2\/posts\/56547","targetHints":{"allow":["GET"]}}],"collection":[{"href":"https:\/\/aeronoticias.com.pe\/noticiero\/wp-json\/wp\/v2\/posts"}],"about":[{"href":"https:\/\/aeronoticias.com.pe\/noticiero\/wp-json\/wp\/v2\/types\/post"}],"author":[{"embeddable":true,"href":"https:\/\/aeronoticias.com.pe\/noticiero\/wp-json\/wp\/v2\/users\/1"}],"replies":[{"embeddable":true,"href":"https:\/\/aeronoticias.com.pe\/noticiero\/wp-json\/wp\/v2\/comments?post=56547"}],"version-history":[{"count":0,"href":"https:\/\/aeronoticias.com.pe\/noticiero\/wp-json\/wp\/v2\/posts\/56547\/revisions"}],"wp:attachment":[{"href":"https:\/\/aeronoticias.com.pe\/noticiero\/wp-json\/wp\/v2\/media?parent=56547"}],"wp:term":[{"taxonomy":"category","embeddable":true,"href":"https:\/\/aeronoticias.com.pe\/noticiero\/wp-json\/wp\/v2\/categories?post=56547"},{"taxonomy":"post_tag","embeddable":true,"href":"https:\/\/aeronoticias.com.pe\/noticiero\/wp-json\/wp\/v2\/tags?post=56547"}],"curies":[{"name":"wp","href":"https:\/\/api.w.org\/{rel}","templated":true}]}}