{"id":56558,"date":"2017-05-09T17:44:01","date_gmt":"2017-05-09T17:44:01","guid":{"rendered":"http:\/\/desarrollo.mcvicious.com\/aero2020\/2017\/05\/09\/tc-declara-inconstitucional-la-falta-de-procedimiento-migratorio-sancionador\/"},"modified":"2017-05-09T17:44:01","modified_gmt":"2017-05-09T17:44:01","slug":"tc-declara-inconstitucional-la-falta-de-procedimiento-migratorio-sancionador","status":"publish","type":"post","link":"https:\/\/aeronoticias.com.pe\/noticiero\/nacionales\/tc-declara-inconstitucional-la-falta-de-procedimiento-migratorio-sancionador\/","title":{"rendered":"TC declara inconstitucional la falta de procedimiento migratorio sancionador"},"content":{"rendered":"<p style=\"text-align: justify;\"><strong>(Aeronoticias)<\/strong> El candidato al Decanato del Colegio de Abogados de Lima (CAL) 2018-2019, Juli\u00e1n Palacin Fern\u00e1ndez, expres\u00f3 que en el Expediente 02744-2015-AA, el Tribunal Constitucional (TC), establece la obligaci\u00f3n de respetar los Derechos Constitucionales de la familia, en tal sentido exhort\u00f3 al Ministro del Interior, Carlos Basombrio, a que a trav\u00e9s de su Jefatura de Gabinete revise este precedente constitucional que debe cumplir el Poder Ejecutivo respetando los derechos constitucionales de todos los migrantes.<\/p>\n<p style=\"text-align: justify;\">Es innegable la relevancia constitucional, dice la sentencia que adquiere la situaci\u00f3n de los migrantes cuya condici\u00f3n jur\u00eddica es irregular, pues tiene una especial condici\u00f3n de vulnerabilidad. \u00a0Y ello, porque, al no encontrarse en sus pa\u00edses de procedencia enfrentan diversas barreras, adem\u00e1s de dificultades econ\u00f3micas y sociales y porque dada su situaci\u00f3n de irregularidad, se encuentran expuestos a ser v\u00edctimas de violencia, xenofobia y otras formas de discriminaci\u00f3n o trato inhumano y degradante, pese a lo cual evitan ponerse en contacto con las autoridades por el temor a ser puestas a detenci\u00f3n migratoria y eventualmente deportada (Asamblea General de Naciones Unidas. Resoluci\u00f3n sobre Protecci\u00f3n de Inmigrantes, A\/RES\/54\/166, 24 de febrero del 2000 Pre\u00e1mbulo)<\/p>\n<p style=\"text-align: justify;\">En ese contexto el Tribunal Constitucional del Per\u00fa ha establecido que la pol\u00edtica migratoria del Estado no puede soslayarnos premisas esenciales.<\/p>\n<p style=\"text-align: justify;\">En primer lugar, que la entrada o residencia irregulares nunca deben considerarse delitos, sino tan solo faltas administrativas, por lo que el recurso a una eventual detenci\u00f3n administrativa debe ser excepcional y siempre que dicha medida se encuentre prescrita por la ley, adem\u00e1s de que sea necesaria, razonable y proporcional a los objetivos que se pretende alcanzar. La privaci\u00f3n de libertad de un migrante en situaci\u00f3n irregular solo se justificar\u00e1 cuando exista un riesgo inminente de que eluda futuros procesos judiciales o procedimientos administrativos o cuando la persona representa un peligro para su propia seguridad o para la seguridad p\u00fablica; ello durante el menor tiempo posible y a partir de una evaluaci\u00f3n individual de cada caso, con el respeto de las salvaguardias procesales que correspondan.<\/p>\n<p style=\"text-align: justify;\">En segundo lugar, que los derechos humanos de los migrantes constituyen un l\u00edmite infranqueable a su potestad migratoria.<\/p>\n<p style=\"text-align: justify;\">I)<span style=\"white-space: pre;\"> <\/span>En ese mismo sentido, y de acuerdo con la sentencia del caso V\u00e9lez Loor vs. Panam\u00e1, resuelto por la Corte Interamericana de Derechos Humanos establece que, en el marco de un procedimiento migratorio sancionador, resulta exigible reconocer a los extranjeros en situaci\u00f3n irregular las siguientes garant\u00edas formales m\u00ednimas:<\/p>\n<p style=\"text-align: justify;\">1.<span style=\"white-space: pre;\"> <\/span>El derecho a ser informado expresa y formalmente de los motivos que dieron lugar a la imposici\u00f3n de la sanci\u00f3n administrativa (multa, salida obligatoria, cancelaci\u00f3n de permanencia o residencia, o expulsi\u00f3n) y de los cargos en su contra, si los hubiere. La puesta en conocimiento puede darse mediante comunicaci\u00f3n escrita dirigida al \u00faltimo domicilio registrado por el extranjero ante la autoridad migratoria, y contendr\u00e1 copia \u00edntegra de la resoluci\u00f3n respectiva, o en su defecto, al momento en que el extranjero en situaci\u00f3n irregular se apersone a la autoridad competente para regularizar su permanencia en el pa\u00eds.<\/p>\n<p style=\"text-align: justify;\">Aqu\u00ed cobra especial importancia lo anotado respecto al car\u00e1cter excepcional de la detenci\u00f3n administrativa de un migrante en situaci\u00f3n irregular, la cual solo se justificar\u00e1 cuando exista un riesgo inminente de que a futuros procesos judiciales o procedimientos administrativos y no se adviertan medidas alternativas menos lesivas que garanticen su comparecencia ante la autoridad migratoria, o cuando la persona representa un peligro para su propia seguridad o para la seguridad p\u00fablica; ello durante el menor tiempo posible y a partir de una evaluaci\u00f3n individual de cada caso, con el respeto de las salvaguardias procesales que correspondan.<\/p>\n<p style=\"text-align: justify;\"><span style=\"font-size: 12.16px;\">2.<\/span><span style=\"white-space: pre;\"> <\/span><span style=\"font-size: 12.16px;\">La posibilidad de exponer y acreditar las razones que lo asistan en contra de la sanci\u00f3n administrativa impuesta.<\/span><\/p>\n<p style=\"text-align: justify;\"><span style=\"font-size: 12.16px;\">3.<\/span><span style=\"white-space: pre;\"> <\/span><span style=\"font-size: 12.16px;\">La posibilidad de solicitar y recibir asesor\u00eda legal, incluso a trav\u00e9s de servicio p\u00fablico gratuito de ser aplicable y, de ser el caso, traducci\u00f3n o interpretaci\u00f3n, as\u00ed como asistencia consular, si correspondiere.<\/span><\/p>\n<p style=\"text-align: justify;\"><span style=\"font-size: 12.16px;\">4.<\/span><span style=\"white-space: pre;\"> <\/span><span style=\"font-size: 12.16px;\">En caso de decisi\u00f3n desfavorable, el derecho a someter su caso a revisi\u00f3n ante una autoridad competente e imparcial, la cual se encuentra obligada a resolver los recursos que correspondan dentro de un plazo razonable. El migrante puede recurrir por derecho propio o a trav\u00e9s de un representante.<\/span><\/p>\n<p style=\"text-align: justify;\"><span style=\"font-size: 12.16px;\">5.<\/span><span style=\"white-space: pre;\"> <\/span><span style=\"font-size: 12.16px;\">La eventual expulsi\u00f3n solo podr\u00e1 efectuarse tras una decisi\u00f3n fundamentada conforme a la ley y debidamente notificada. Si bien, conforme con las normas migratorias la sanciones ser\u00eda la \u00a0consecuencia de aplicaci\u00f3n de las normas de extranjer\u00eda, citando esta sentencia del \u00a0TC, consideramos que la Superintendencia Nacional de Migraciones debe acreditar la existencia de motivos de inter\u00e9s p\u00fablico que tornen imprescindible la salida obligatoria de personas que son un peligro para la sociedad como ser\u00edan terroristas, narcotraficantes, sicarios, etc.<\/span><\/p>\n<p style=\"text-align: justify;\"><span style=\"font-size: 12.16px;\"><img decoding=\"async\" src=\"images\/stories\/17\/05\/090517\/miranda-palacin.jpg\" border=\"0\" \/><br \/><\/span><\/p>\n<p style=\"text-align: justify;\">\u00a0<\/p>\n<p>\u00a0<\/p>\n","protected":false},"excerpt":{"rendered":"<p>(Aeronoticias) El candidato al Decanato del Colegio de Abogados de Lima (CAL) 2018-2019, Juli\u00e1n Palacin Fern\u00e1ndez, expres\u00f3 que en el Expediente 02744-2015-AA, el Tribunal Constitucional (TC), establece la obligaci\u00f3n de respetar los Derechos Constitucionales de la familia, en tal sentido exhort\u00f3 al Ministro del Interior, Carlos Basombrio, a que a trav\u00e9s de su Jefatura de [&hellip;]<\/p>\n","protected":false},"author":1,"featured_media":0,"comment_status":"open","ping_status":"open","sticky":false,"template":"","format":"standard","meta":{"tdm_status":"","tdm_grid_status":"","footnotes":""},"categories":[38],"tags":[],"class_list":{"0":"post-56558","1":"post","2":"type-post","3":"status-publish","4":"format-standard","6":"category-nacionales"},"yoast_head":"<!-- This site is optimized with the Yoast SEO plugin v25.1 - https:\/\/yoast.com\/wordpress\/plugins\/seo\/ -->\n<title>TC declara inconstitucional la falta de procedimiento migratorio sancionador<\/title>\n<meta name=\"description\" content=\"Portal de noticias del Per\u00fa sobre el transporte a\u00e9reo, aviaci\u00f3n, turismo, hoteleria, actualidad.\" \/>\n<meta name=\"robots\" content=\"index, follow, max-snippet:-1, max-image-preview:large, max-video-preview:-1\" \/>\n<link rel=\"canonical\" href=\"https:\/\/aeronoticias.com.pe\/noticiero\/nacionales\/tc-declara-inconstitucional-la-falta-de-procedimiento-migratorio-sancionador\/\" \/>\n<meta property=\"og:locale\" content=\"es_ES\" \/>\n<meta property=\"og:type\" content=\"article\" \/>\n<meta property=\"og:title\" content=\"TC declara inconstitucional la falta de procedimiento migratorio sancionador\" \/>\n<meta property=\"og:description\" content=\"Portal de noticias del Per\u00fa sobre el transporte a\u00e9reo, aviaci\u00f3n, turismo, hoteleria, actualidad.\" \/>\n<meta property=\"og:url\" content=\"https:\/\/aeronoticias.com.pe\/noticiero\/nacionales\/tc-declara-inconstitucional-la-falta-de-procedimiento-migratorio-sancionador\/\" \/>\n<meta property=\"og:site_name\" content=\"Aeronoticias.com.pe\" \/>\n<meta property=\"article:publisher\" content=\"https:\/\/www.facebook.com\/Aeronoticias.com.pe\/\" \/>\n<meta property=\"article:published_time\" content=\"2017-05-09T17:44:01+00:00\" \/>\n<meta name=\"author\" content=\"Redacci\u00f3n Aeronoticias\" \/>\n<meta name=\"twitter:card\" content=\"summary_large_image\" \/>\n<meta name=\"twitter:creator\" content=\"@aeronoticias\" \/>\n<meta name=\"twitter:site\" content=\"@aeronoticias\" \/>\n<meta name=\"twitter:label1\" content=\"Escrito por\" \/>\n\t<meta name=\"twitter:data1\" content=\"Redacci\u00f3n Aeronoticias\" \/>\n\t<meta name=\"twitter:label2\" content=\"Tiempo de lectura\" \/>\n\t<meta name=\"twitter:data2\" content=\"4 minutos\" \/>\n<script type=\"application\/ld+json\" class=\"yoast-schema-graph\">{\"@context\":\"https:\/\/schema.org\",\"@graph\":[{\"@type\":\"WebPage\",\"@id\":\"https:\/\/aeronoticias.com.pe\/noticiero\/nacionales\/tc-declara-inconstitucional-la-falta-de-procedimiento-migratorio-sancionador\/\",\"url\":\"https:\/\/aeronoticias.com.pe\/noticiero\/nacionales\/tc-declara-inconstitucional-la-falta-de-procedimiento-migratorio-sancionador\/\",\"name\":\"TC declara inconstitucional la falta de procedimiento migratorio sancionador\",\"isPartOf\":{\"@id\":\"https:\/\/aeronoticias.com.pe\/noticiero\/#website\"},\"datePublished\":\"2017-05-09T17:44:01+00:00\",\"author\":{\"@id\":\"https:\/\/aeronoticias.com.pe\/noticiero\/#\/schema\/person\/fc1e5d578f4b62ba1cf7ac2bba1170a0\"},\"description\":\"Portal de noticias del Per\u00fa sobre el transporte a\u00e9reo, aviaci\u00f3n, turismo, hoteleria, actualidad.\",\"breadcrumb\":{\"@id\":\"https:\/\/aeronoticias.com.pe\/noticiero\/nacionales\/tc-declara-inconstitucional-la-falta-de-procedimiento-migratorio-sancionador\/#breadcrumb\"},\"inLanguage\":\"es\",\"potentialAction\":[{\"@type\":\"ReadAction\",\"target\":[\"https:\/\/aeronoticias.com.pe\/noticiero\/nacionales\/tc-declara-inconstitucional-la-falta-de-procedimiento-migratorio-sancionador\/\"]}]},{\"@type\":\"BreadcrumbList\",\"@id\":\"https:\/\/aeronoticias.com.pe\/noticiero\/nacionales\/tc-declara-inconstitucional-la-falta-de-procedimiento-migratorio-sancionador\/#breadcrumb\",\"itemListElement\":[{\"@type\":\"ListItem\",\"position\":1,\"name\":\"Portada\",\"item\":\"https:\/\/aeronoticias.com.pe\/noticiero\/\"},{\"@type\":\"ListItem\",\"position\":2,\"name\":\"TC declara inconstitucional la falta de procedimiento migratorio sancionador\"}]},{\"@type\":\"WebSite\",\"@id\":\"https:\/\/aeronoticias.com.pe\/noticiero\/#website\",\"url\":\"https:\/\/aeronoticias.com.pe\/noticiero\/\",\"name\":\"Aeronoticias.com.pe\",\"description\":\"Noticias de tranporte aereo, turismo, hoteles, gastronomia, actualidad, internacional\",\"potentialAction\":[{\"@type\":\"SearchAction\",\"target\":{\"@type\":\"EntryPoint\",\"urlTemplate\":\"https:\/\/aeronoticias.com.pe\/noticiero\/?s={search_term_string}\"},\"query-input\":{\"@type\":\"PropertyValueSpecification\",\"valueRequired\":true,\"valueName\":\"search_term_string\"}}],\"inLanguage\":\"es\"},{\"@type\":\"Person\",\"@id\":\"https:\/\/aeronoticias.com.pe\/noticiero\/#\/schema\/person\/fc1e5d578f4b62ba1cf7ac2bba1170a0\",\"name\":\"Redacci\u00f3n Aeronoticias\",\"url\":\"https:\/\/aeronoticias.com.pe\/noticiero\/author\/piloto\/\"}]}<\/script>\n<!-- \/ Yoast SEO plugin. -->","yoast_head_json":{"title":"TC declara inconstitucional la falta de procedimiento migratorio sancionador","description":"Portal de noticias del Per\u00fa sobre el transporte a\u00e9reo, aviaci\u00f3n, turismo, hoteleria, actualidad.","robots":{"index":"index","follow":"follow","max-snippet":"max-snippet:-1","max-image-preview":"max-image-preview:large","max-video-preview":"max-video-preview:-1"},"canonical":"https:\/\/aeronoticias.com.pe\/noticiero\/nacionales\/tc-declara-inconstitucional-la-falta-de-procedimiento-migratorio-sancionador\/","og_locale":"es_ES","og_type":"article","og_title":"TC declara inconstitucional la falta de procedimiento migratorio sancionador","og_description":"Portal de noticias del Per\u00fa sobre el transporte a\u00e9reo, aviaci\u00f3n, turismo, hoteleria, actualidad.","og_url":"https:\/\/aeronoticias.com.pe\/noticiero\/nacionales\/tc-declara-inconstitucional-la-falta-de-procedimiento-migratorio-sancionador\/","og_site_name":"Aeronoticias.com.pe","article_publisher":"https:\/\/www.facebook.com\/Aeronoticias.com.pe\/","article_published_time":"2017-05-09T17:44:01+00:00","author":"Redacci\u00f3n Aeronoticias","twitter_card":"summary_large_image","twitter_creator":"@aeronoticias","twitter_site":"@aeronoticias","twitter_misc":{"Escrito por":"Redacci\u00f3n Aeronoticias","Tiempo de lectura":"4 minutos"},"schema":{"@context":"https:\/\/schema.org","@graph":[{"@type":"WebPage","@id":"https:\/\/aeronoticias.com.pe\/noticiero\/nacionales\/tc-declara-inconstitucional-la-falta-de-procedimiento-migratorio-sancionador\/","url":"https:\/\/aeronoticias.com.pe\/noticiero\/nacionales\/tc-declara-inconstitucional-la-falta-de-procedimiento-migratorio-sancionador\/","name":"TC declara inconstitucional la falta de procedimiento migratorio sancionador","isPartOf":{"@id":"https:\/\/aeronoticias.com.pe\/noticiero\/#website"},"datePublished":"2017-05-09T17:44:01+00:00","author":{"@id":"https:\/\/aeronoticias.com.pe\/noticiero\/#\/schema\/person\/fc1e5d578f4b62ba1cf7ac2bba1170a0"},"description":"Portal de noticias del Per\u00fa sobre el transporte a\u00e9reo, aviaci\u00f3n, turismo, hoteleria, actualidad.","breadcrumb":{"@id":"https:\/\/aeronoticias.com.pe\/noticiero\/nacionales\/tc-declara-inconstitucional-la-falta-de-procedimiento-migratorio-sancionador\/#breadcrumb"},"inLanguage":"es","potentialAction":[{"@type":"ReadAction","target":["https:\/\/aeronoticias.com.pe\/noticiero\/nacionales\/tc-declara-inconstitucional-la-falta-de-procedimiento-migratorio-sancionador\/"]}]},{"@type":"BreadcrumbList","@id":"https:\/\/aeronoticias.com.pe\/noticiero\/nacionales\/tc-declara-inconstitucional-la-falta-de-procedimiento-migratorio-sancionador\/#breadcrumb","itemListElement":[{"@type":"ListItem","position":1,"name":"Portada","item":"https:\/\/aeronoticias.com.pe\/noticiero\/"},{"@type":"ListItem","position":2,"name":"TC declara inconstitucional la falta de procedimiento migratorio sancionador"}]},{"@type":"WebSite","@id":"https:\/\/aeronoticias.com.pe\/noticiero\/#website","url":"https:\/\/aeronoticias.com.pe\/noticiero\/","name":"Aeronoticias.com.pe","description":"Noticias de tranporte aereo, turismo, hoteles, gastronomia, actualidad, internacional","potentialAction":[{"@type":"SearchAction","target":{"@type":"EntryPoint","urlTemplate":"https:\/\/aeronoticias.com.pe\/noticiero\/?s={search_term_string}"},"query-input":{"@type":"PropertyValueSpecification","valueRequired":true,"valueName":"search_term_string"}}],"inLanguage":"es"},{"@type":"Person","@id":"https:\/\/aeronoticias.com.pe\/noticiero\/#\/schema\/person\/fc1e5d578f4b62ba1cf7ac2bba1170a0","name":"Redacci\u00f3n Aeronoticias","url":"https:\/\/aeronoticias.com.pe\/noticiero\/author\/piloto\/"}]}},"_links":{"self":[{"href":"https:\/\/aeronoticias.com.pe\/noticiero\/wp-json\/wp\/v2\/posts\/56558","targetHints":{"allow":["GET"]}}],"collection":[{"href":"https:\/\/aeronoticias.com.pe\/noticiero\/wp-json\/wp\/v2\/posts"}],"about":[{"href":"https:\/\/aeronoticias.com.pe\/noticiero\/wp-json\/wp\/v2\/types\/post"}],"author":[{"embeddable":true,"href":"https:\/\/aeronoticias.com.pe\/noticiero\/wp-json\/wp\/v2\/users\/1"}],"replies":[{"embeddable":true,"href":"https:\/\/aeronoticias.com.pe\/noticiero\/wp-json\/wp\/v2\/comments?post=56558"}],"version-history":[{"count":0,"href":"https:\/\/aeronoticias.com.pe\/noticiero\/wp-json\/wp\/v2\/posts\/56558\/revisions"}],"wp:attachment":[{"href":"https:\/\/aeronoticias.com.pe\/noticiero\/wp-json\/wp\/v2\/media?parent=56558"}],"wp:term":[{"taxonomy":"category","embeddable":true,"href":"https:\/\/aeronoticias.com.pe\/noticiero\/wp-json\/wp\/v2\/categories?post=56558"},{"taxonomy":"post_tag","embeddable":true,"href":"https:\/\/aeronoticias.com.pe\/noticiero\/wp-json\/wp\/v2\/tags?post=56558"}],"curies":[{"name":"wp","href":"https:\/\/api.w.org\/{rel}","templated":true}]}}