{"id":56559,"date":"2017-05-10T15:54:25","date_gmt":"2017-05-10T15:54:25","guid":{"rendered":"http:\/\/desarrollo.mcvicious.com\/aero2020\/2017\/05\/10\/se-llevo-a-cabo-el-vuelo-inaugural-de-viva-air-peru\/"},"modified":"2017-05-10T15:54:25","modified_gmt":"2017-05-10T15:54:25","slug":"se-llevo-a-cabo-el-vuelo-inaugural-de-viva-air-peru","status":"publish","type":"post","link":"https:\/\/aeronoticias.com.pe\/noticiero\/transporte-aereo\/nacional\/se-llevo-a-cabo-el-vuelo-inaugural-de-viva-air-peru\/","title":{"rendered":"Viva Air Per\u00fa inici\u00f3 operaciones con un sobrevuelo hist\u00f3rico por Lima"},"content":{"rendered":"<p style=\"text-align: justify;\"><strong>(Aeronoticias) <\/strong><span style=\"font-size: 12.16px;\">Viva Air Per\u00fa, la primera aerol\u00ednea de bajo costo del pa\u00eds, inici\u00f3 operaciones el d\u00eda de ayer con un sobrevuelo por la costa de Lima; un vuelo hist\u00f3rico en la industria aeron\u00e1utica. El 9 de mayo ser\u00e1 recordado por millones de peruanos como el d\u00eda que se acabaron los precios inalcanzables para viajar en avi\u00f3n y nace la nueva era de aviaci\u00f3n comercial en el Per\u00fa. <\/span><\/p>\n<p style=\"text-align: justify;\">La aerol\u00ednea tendr\u00e1 su primer vuelo comercial en la ruta Lima-Iquitos y adicionalmente comenzar\u00e1 a volar a partir de hoy en las rutas Lima- Arequipa y Lima\u2013 Piura. Durante la primera semana, entre los d\u00edas 9 y 16 de mayo, realizar\u00e1 62 vuelos en estas rutas.<\/p>\n<p style=\"text-align: justify;\">\u201cNos llena de orgullo ser parte de este hecho hist\u00f3rico que simboliza un antes y un despu\u00e9s dentro de la aviaci\u00f3n en el Per\u00fa; hoy iniciamos operaciones y empezamos a hacer realidad los sue\u00f1os de millones de peruanos y a democratizar la industria\u201d, declar\u00f3 William Shaw, CEO de Viva Air Per\u00fa. Adem\u00e1s, coment\u00f3 que el \u201cEfecto Viva\u201d se siente cada vez m\u00e1s y prueba de ello son las promociones de l\u00edneas de buses locales y la disminuci\u00f3n de las tarifas de la competencia hasta un 70% desde la salida a ventas de la aerol\u00ednea, a\u00fan sin haber iniciado operaciones.<\/p>\n<p style=\"text-align: justify;\">Como parte del inicio de operaciones de Viva Air Per\u00fa, se llev\u00f3 a cabo una rueda de prensa en la plataforma del Aeropuerto Jorge Ch\u00e1vez, donde estuvieron presentes Pedro Pablo Kuczynski, Presidente de la Rep\u00fablica del Per\u00fa; Roger Valencia, Viceministro de Turismo y Comercio exterior; Fiorella Molinelli, Viceministra de Transporte y Comunicaciones; Congresista Clemente Flores; y William Shaw, CEO de Viva Air Per\u00fa.<\/p>\n<p style=\"text-align: justify;\">\u201cEl ingreso de Viva Air Per\u00fa representa una alternativa de transporte a\u00e9reo en un mercado que ha venido creciendo consecutivamente en los \u00faltimos a\u00f1os. Luego de haber culminado el proceso de certificaci\u00f3n y obtenci\u00f3n de especificaciones T\u00e9cnicas de operaci\u00f3n bajo est\u00e1ndares de seguridad, est\u00e1n listos para que a partir de hoy sean millones de peruanos los que viajen en avi\u00f3n\u201d declar\u00f3 Juan Carlos Pavic, Director General de la Aeron\u00e1utica Civil.<\/p>\n<p style=\"text-align: justify;\">La aerol\u00ednea operar\u00e1 9 rutas en total, las cuales dar\u00e1n inicio: 10 de mayo: Lima-Chiclayo y Lima-Tarapoto; 11 de mayo: Lima \u2013 Trujillo; 20 de junio: Cuzco-Lima; 21 de junio: Arequipa-Cuzco; 6 de julio: Arequipa Tacna.<\/p>\n<p style=\"text-align: justify;\"><span style=\"font-size: 12.16px;\">Los pasajes para volar en Viva Air Per\u00fa se pueden adquirir desde S\/. 59.90 por tramo para reservas ida y vuelta, incluyendo impuestos y tasas aeroportuarias. La aerol\u00ednea espera movilizar m\u00e1s de 700 mil pasajeros en su primer a\u00f1o de operaciones y as\u00ed generar una disminuci\u00f3n por encima del 50% en las tarifas a\u00e9reas y un crecimiento del mercado superior al 40%.<\/span><\/p>\n<p style=\"text-align: justify;\"><img decoding=\"async\" src=\"images\/stories\/17\/05\/100517\/vueloinaugural.jpg\" border=\"0\" \/><\/p>\n<p style=\"text-align: justify;\">\u00a0<\/p>\n<p style=\"text-align: justify;\">\u00a0<\/p>\n<p style=\"text-align: justify;\">\u00a0<\/p>\n<p style=\"text-align: justify;\">\u00a0<\/p>\n<p style=\"text-align: justify;\">\u00a0<\/p>\n<p style=\"text-align: justify;\">\u00a0<\/p>\n<p style=\"text-align: justify;\">\u00a0<\/p>\n","protected":false},"excerpt":{"rendered":"<p>(Aeronoticias) Viva Air Per\u00fa, la primera aerol\u00ednea de bajo costo del pa\u00eds, inici\u00f3 operaciones el d\u00eda de ayer con un sobrevuelo por la costa de Lima; un vuelo hist\u00f3rico en la industria aeron\u00e1utica. El 9 de mayo ser\u00e1 recordado por millones de peruanos como el d\u00eda que se acabaron los precios inalcanzables para viajar en [&hellip;]<\/p>\n","protected":false},"author":1,"featured_media":0,"comment_status":"open","ping_status":"open","sticky":false,"template":"","format":"standard","meta":{"tdm_status":"","tdm_grid_status":"","footnotes":""},"categories":[51],"tags":[],"class_list":{"0":"post-56559","1":"post","2":"type-post","3":"status-publish","4":"format-standard","6":"category-nacional"},"yoast_head":"<!-- This site is optimized with the Yoast SEO plugin v25.1 - https:\/\/yoast.com\/wordpress\/plugins\/seo\/ -->\n<title>Viva Air Per\u00fa inici\u00f3 operaciones con un sobrevuelo hist\u00f3rico por Lima<\/title>\n<meta name=\"description\" content=\"Portal de noticias del Per\u00fa sobre el transporte a\u00e9reo, aviaci\u00f3n, turismo, hoteleria, actualidad.\" \/>\n<meta name=\"robots\" content=\"index, follow, max-snippet:-1, max-image-preview:large, max-video-preview:-1\" \/>\n<link rel=\"canonical\" href=\"https:\/\/aeronoticias.com.pe\/noticiero\/transporte-aereo\/nacional\/se-llevo-a-cabo-el-vuelo-inaugural-de-viva-air-peru\/\" \/>\n<meta property=\"og:locale\" content=\"es_ES\" \/>\n<meta property=\"og:type\" content=\"article\" \/>\n<meta property=\"og:title\" content=\"Viva Air Per\u00fa inici\u00f3 operaciones con un sobrevuelo hist\u00f3rico por Lima\" \/>\n<meta property=\"og:description\" content=\"Portal de noticias del Per\u00fa sobre el transporte a\u00e9reo, aviaci\u00f3n, turismo, hoteleria, actualidad.\" \/>\n<meta property=\"og:url\" content=\"https:\/\/aeronoticias.com.pe\/noticiero\/transporte-aereo\/nacional\/se-llevo-a-cabo-el-vuelo-inaugural-de-viva-air-peru\/\" \/>\n<meta property=\"og:site_name\" content=\"Aeronoticias.com.pe\" \/>\n<meta property=\"article:publisher\" content=\"https:\/\/www.facebook.com\/Aeronoticias.com.pe\/\" \/>\n<meta property=\"article:published_time\" content=\"2017-05-10T15:54:25+00:00\" \/>\n<meta name=\"author\" content=\"Redacci\u00f3n Aeronoticias\" \/>\n<meta name=\"twitter:card\" content=\"summary_large_image\" \/>\n<meta name=\"twitter:creator\" content=\"@aeronoticias\" \/>\n<meta name=\"twitter:site\" content=\"@aeronoticias\" \/>\n<meta name=\"twitter:label1\" content=\"Escrito por\" \/>\n\t<meta name=\"twitter:data1\" content=\"Redacci\u00f3n Aeronoticias\" \/>\n\t<meta name=\"twitter:label2\" content=\"Tiempo de lectura\" \/>\n\t<meta name=\"twitter:data2\" content=\"2 minutos\" \/>\n<script type=\"application\/ld+json\" class=\"yoast-schema-graph\">{\"@context\":\"https:\/\/schema.org\",\"@graph\":[{\"@type\":\"WebPage\",\"@id\":\"https:\/\/aeronoticias.com.pe\/noticiero\/transporte-aereo\/nacional\/se-llevo-a-cabo-el-vuelo-inaugural-de-viva-air-peru\/\",\"url\":\"https:\/\/aeronoticias.com.pe\/noticiero\/transporte-aereo\/nacional\/se-llevo-a-cabo-el-vuelo-inaugural-de-viva-air-peru\/\",\"name\":\"Viva Air Per\u00fa inici\u00f3 operaciones con un sobrevuelo hist\u00f3rico por Lima\",\"isPartOf\":{\"@id\":\"https:\/\/aeronoticias.com.pe\/noticiero\/#website\"},\"datePublished\":\"2017-05-10T15:54:25+00:00\",\"author\":{\"@id\":\"https:\/\/aeronoticias.com.pe\/noticiero\/#\/schema\/person\/fc1e5d578f4b62ba1cf7ac2bba1170a0\"},\"description\":\"Portal de noticias del Per\u00fa sobre el transporte a\u00e9reo, aviaci\u00f3n, turismo, hoteleria, actualidad.\",\"breadcrumb\":{\"@id\":\"https:\/\/aeronoticias.com.pe\/noticiero\/transporte-aereo\/nacional\/se-llevo-a-cabo-el-vuelo-inaugural-de-viva-air-peru\/#breadcrumb\"},\"inLanguage\":\"es\",\"potentialAction\":[{\"@type\":\"ReadAction\",\"target\":[\"https:\/\/aeronoticias.com.pe\/noticiero\/transporte-aereo\/nacional\/se-llevo-a-cabo-el-vuelo-inaugural-de-viva-air-peru\/\"]}]},{\"@type\":\"BreadcrumbList\",\"@id\":\"https:\/\/aeronoticias.com.pe\/noticiero\/transporte-aereo\/nacional\/se-llevo-a-cabo-el-vuelo-inaugural-de-viva-air-peru\/#breadcrumb\",\"itemListElement\":[{\"@type\":\"ListItem\",\"position\":1,\"name\":\"Portada\",\"item\":\"https:\/\/aeronoticias.com.pe\/noticiero\/\"},{\"@type\":\"ListItem\",\"position\":2,\"name\":\"Viva Air Per\u00fa inici\u00f3 operaciones con un sobrevuelo hist\u00f3rico por Lima\"}]},{\"@type\":\"WebSite\",\"@id\":\"https:\/\/aeronoticias.com.pe\/noticiero\/#website\",\"url\":\"https:\/\/aeronoticias.com.pe\/noticiero\/\",\"name\":\"Aeronoticias.com.pe\",\"description\":\"Noticias de tranporte aereo, turismo, hoteles, gastronomia, actualidad, internacional\",\"potentialAction\":[{\"@type\":\"SearchAction\",\"target\":{\"@type\":\"EntryPoint\",\"urlTemplate\":\"https:\/\/aeronoticias.com.pe\/noticiero\/?s={search_term_string}\"},\"query-input\":{\"@type\":\"PropertyValueSpecification\",\"valueRequired\":true,\"valueName\":\"search_term_string\"}}],\"inLanguage\":\"es\"},{\"@type\":\"Person\",\"@id\":\"https:\/\/aeronoticias.com.pe\/noticiero\/#\/schema\/person\/fc1e5d578f4b62ba1cf7ac2bba1170a0\",\"name\":\"Redacci\u00f3n Aeronoticias\",\"url\":\"https:\/\/aeronoticias.com.pe\/noticiero\/author\/piloto\/\"}]}<\/script>\n<!-- \/ Yoast SEO plugin. -->","yoast_head_json":{"title":"Viva Air Per\u00fa inici\u00f3 operaciones con un sobrevuelo hist\u00f3rico por Lima","description":"Portal de noticias del Per\u00fa sobre el transporte a\u00e9reo, aviaci\u00f3n, turismo, hoteleria, actualidad.","robots":{"index":"index","follow":"follow","max-snippet":"max-snippet:-1","max-image-preview":"max-image-preview:large","max-video-preview":"max-video-preview:-1"},"canonical":"https:\/\/aeronoticias.com.pe\/noticiero\/transporte-aereo\/nacional\/se-llevo-a-cabo-el-vuelo-inaugural-de-viva-air-peru\/","og_locale":"es_ES","og_type":"article","og_title":"Viva Air Per\u00fa inici\u00f3 operaciones con un sobrevuelo hist\u00f3rico por Lima","og_description":"Portal de noticias del Per\u00fa sobre el transporte a\u00e9reo, aviaci\u00f3n, turismo, hoteleria, actualidad.","og_url":"https:\/\/aeronoticias.com.pe\/noticiero\/transporte-aereo\/nacional\/se-llevo-a-cabo-el-vuelo-inaugural-de-viva-air-peru\/","og_site_name":"Aeronoticias.com.pe","article_publisher":"https:\/\/www.facebook.com\/Aeronoticias.com.pe\/","article_published_time":"2017-05-10T15:54:25+00:00","author":"Redacci\u00f3n Aeronoticias","twitter_card":"summary_large_image","twitter_creator":"@aeronoticias","twitter_site":"@aeronoticias","twitter_misc":{"Escrito por":"Redacci\u00f3n Aeronoticias","Tiempo de lectura":"2 minutos"},"schema":{"@context":"https:\/\/schema.org","@graph":[{"@type":"WebPage","@id":"https:\/\/aeronoticias.com.pe\/noticiero\/transporte-aereo\/nacional\/se-llevo-a-cabo-el-vuelo-inaugural-de-viva-air-peru\/","url":"https:\/\/aeronoticias.com.pe\/noticiero\/transporte-aereo\/nacional\/se-llevo-a-cabo-el-vuelo-inaugural-de-viva-air-peru\/","name":"Viva Air Per\u00fa inici\u00f3 operaciones con un sobrevuelo hist\u00f3rico por Lima","isPartOf":{"@id":"https:\/\/aeronoticias.com.pe\/noticiero\/#website"},"datePublished":"2017-05-10T15:54:25+00:00","author":{"@id":"https:\/\/aeronoticias.com.pe\/noticiero\/#\/schema\/person\/fc1e5d578f4b62ba1cf7ac2bba1170a0"},"description":"Portal de noticias del Per\u00fa sobre el transporte a\u00e9reo, aviaci\u00f3n, turismo, hoteleria, actualidad.","breadcrumb":{"@id":"https:\/\/aeronoticias.com.pe\/noticiero\/transporte-aereo\/nacional\/se-llevo-a-cabo-el-vuelo-inaugural-de-viva-air-peru\/#breadcrumb"},"inLanguage":"es","potentialAction":[{"@type":"ReadAction","target":["https:\/\/aeronoticias.com.pe\/noticiero\/transporte-aereo\/nacional\/se-llevo-a-cabo-el-vuelo-inaugural-de-viva-air-peru\/"]}]},{"@type":"BreadcrumbList","@id":"https:\/\/aeronoticias.com.pe\/noticiero\/transporte-aereo\/nacional\/se-llevo-a-cabo-el-vuelo-inaugural-de-viva-air-peru\/#breadcrumb","itemListElement":[{"@type":"ListItem","position":1,"name":"Portada","item":"https:\/\/aeronoticias.com.pe\/noticiero\/"},{"@type":"ListItem","position":2,"name":"Viva Air Per\u00fa inici\u00f3 operaciones con un sobrevuelo hist\u00f3rico por Lima"}]},{"@type":"WebSite","@id":"https:\/\/aeronoticias.com.pe\/noticiero\/#website","url":"https:\/\/aeronoticias.com.pe\/noticiero\/","name":"Aeronoticias.com.pe","description":"Noticias de tranporte aereo, turismo, hoteles, gastronomia, actualidad, internacional","potentialAction":[{"@type":"SearchAction","target":{"@type":"EntryPoint","urlTemplate":"https:\/\/aeronoticias.com.pe\/noticiero\/?s={search_term_string}"},"query-input":{"@type":"PropertyValueSpecification","valueRequired":true,"valueName":"search_term_string"}}],"inLanguage":"es"},{"@type":"Person","@id":"https:\/\/aeronoticias.com.pe\/noticiero\/#\/schema\/person\/fc1e5d578f4b62ba1cf7ac2bba1170a0","name":"Redacci\u00f3n Aeronoticias","url":"https:\/\/aeronoticias.com.pe\/noticiero\/author\/piloto\/"}]}},"_links":{"self":[{"href":"https:\/\/aeronoticias.com.pe\/noticiero\/wp-json\/wp\/v2\/posts\/56559","targetHints":{"allow":["GET"]}}],"collection":[{"href":"https:\/\/aeronoticias.com.pe\/noticiero\/wp-json\/wp\/v2\/posts"}],"about":[{"href":"https:\/\/aeronoticias.com.pe\/noticiero\/wp-json\/wp\/v2\/types\/post"}],"author":[{"embeddable":true,"href":"https:\/\/aeronoticias.com.pe\/noticiero\/wp-json\/wp\/v2\/users\/1"}],"replies":[{"embeddable":true,"href":"https:\/\/aeronoticias.com.pe\/noticiero\/wp-json\/wp\/v2\/comments?post=56559"}],"version-history":[{"count":0,"href":"https:\/\/aeronoticias.com.pe\/noticiero\/wp-json\/wp\/v2\/posts\/56559\/revisions"}],"wp:attachment":[{"href":"https:\/\/aeronoticias.com.pe\/noticiero\/wp-json\/wp\/v2\/media?parent=56559"}],"wp:term":[{"taxonomy":"category","embeddable":true,"href":"https:\/\/aeronoticias.com.pe\/noticiero\/wp-json\/wp\/v2\/categories?post=56559"},{"taxonomy":"post_tag","embeddable":true,"href":"https:\/\/aeronoticias.com.pe\/noticiero\/wp-json\/wp\/v2\/tags?post=56559"}],"curies":[{"name":"wp","href":"https:\/\/api.w.org\/{rel}","templated":true}]}}