{"id":56561,"date":"2017-05-10T17:31:17","date_gmt":"2017-05-10T17:31:17","guid":{"rendered":"http:\/\/desarrollo.mcvicious.com\/aero2020\/2017\/05\/10\/el-trafico-y-los-derechos-humanos\/"},"modified":"2020-09-11T15:21:55","modified_gmt":"2020-09-11T15:21:55","slug":"el-trafico-y-los-derechos-humanos","status":"publish","type":"post","link":"https:\/\/aeronoticias.com.pe\/noticiero\/diplomatica\/el-trafico-y-los-derechos-humanos\/","title":{"rendered":"El tr\u00e1fico y los derechos humanos"},"content":{"rendered":"<p style=\"text-align: justify;\"><span style=\"font-size: 12.16px;\"><strong>(Aeronoticias) <\/strong>Todos los d\u00edas consumimos estr\u00e9s muy elevado pues llegamos a nuestros centros laborales cansados y estresados por el trafico, debido a una enorme cantidad de veh\u00edculos y pocas v\u00edas alternativas para lidiarlo.<\/span><\/p>\n<p style=\"text-align: justify;\"><span style=\"font-size: 12.16px;\">El tr\u00e1fico se ha convertido en una constante violaci\u00f3n de derechos humanos y a su vez una clara demostraci\u00f3n de c\u00f3mo nuestros derechos se vinculan entre s\u00ed. Pues parece curioso, pero el trafico vehicular viene provocando un \u00abtr\u00e1fico de derechos humanos en nuestras vidas\u00bb.<\/span><\/p>\n<p style=\"text-align: justify;\"><span style=\"font-size: 12.16px;\">El estr\u00e9s con que llegamos a nuestros centros laborales suscita sin duda un bajo rendimiento en nuestra producci\u00f3n diaria; nuestro car\u00e1cter se altera afectando las relaciones entre compa\u00f1eros. El estr\u00e9s da\u00f1a la salud f\u00edsica y\/o emocional; ahora afecta nuestro derecho al trabajo y por ende la seguridad econ\u00f3mica de las familias. \u00abUn tr\u00e1fico de derechos vulnerados\u00bb<\/span><\/p>\n<p style=\"text-align: justify;\"><span style=\"font-size: 12.16px;\">Urge que las autoridades puedan redoblar el esfuerzo de construir m\u00e1s v\u00edas alternativas, modernizar el sistema de transporte, idear qu\u00e9 hacer con tantos veh\u00edculos c\u00f3mo nos ordenarnos, en fin urge atender este tema por la salud colectiva de todos nosotros.<\/span><\/p>\n<p style=\"text-align: justify;\"><span style=\"font-size: 12.16px;\">El metropolitano, si bien es un sistema de transporte r\u00e1pido no menos cierto es que no podemos pagar un costo muy alto de ir aplastados como sardinas, sin ventilaci\u00f3n suficiente y este hacinamiento es lo que conlleva al aprovechamiento de inescrupulosos con el acoso sexual.<\/span><\/p>\n<p style=\"text-align: justify;\"><span style=\"font-size: 12.16px;\">Se\u00f1or Alcalde de Lima, Se\u00f1ores Ministros, esperamos que dentro de sus gestiones esto pueda remediarse y dejar un sistema de transporte moderno para el goce efectivo de nuestros de derechos.<\/span><\/p>\n<p style=\"text-align: justify;\"><span style=\"font-size: 12.16px;\"><strong><em>Lesly Llatas Ram\u00edrez<br \/>Abogada jurista docente y defensora de DDHH.<\/em><\/strong><\/span><\/p>\n<p style=\"text-align: justify;\"><span style=\"font-size: 12.16px;\"><img decoding=\"async\" src=\"images\/stories\/17\/05\/100517\/llatas.jpg\" border=\"0\" \/><br \/><\/span><\/p>\n","protected":false},"excerpt":{"rendered":"<p>(Aeronoticias) Todos los d\u00edas consumimos estr\u00e9s muy elevado pues llegamos a nuestros centros laborales cansados y estresados por el trafico, debido a una enorme cantidad de veh\u00edculos y pocas v\u00edas alternativas para lidiarlo. El tr\u00e1fico se ha convertido en una constante violaci\u00f3n de derechos humanos y a su vez una clara demostraci\u00f3n de c\u00f3mo nuestros [&hellip;]<\/p>\n","protected":false},"author":1,"featured_media":0,"comment_status":"open","ping_status":"open","sticky":false,"template":"","format":"standard","meta":{"tdm_status":"","tdm_grid_status":"","footnotes":""},"categories":[25],"tags":[],"class_list":{"0":"post-56561","1":"post","2":"type-post","3":"status-publish","4":"format-standard","6":"category-diplomatica"},"yoast_head":"<!-- This site is optimized with the Yoast SEO plugin v25.1 - https:\/\/yoast.com\/wordpress\/plugins\/seo\/ -->\n<title>El tr\u00e1fico y los derechos humanos<\/title>\n<meta name=\"description\" content=\"Portal de noticias del Per\u00fa sobre el transporte a\u00e9reo, aviaci\u00f3n, turismo, hoteleria, actualidad.\" \/>\n<meta name=\"robots\" content=\"index, follow, max-snippet:-1, max-image-preview:large, max-video-preview:-1\" \/>\n<link rel=\"canonical\" href=\"https:\/\/aeronoticias.com.pe\/noticiero\/diplomatica\/el-trafico-y-los-derechos-humanos\/\" \/>\n<meta property=\"og:locale\" content=\"es_ES\" \/>\n<meta property=\"og:type\" content=\"article\" \/>\n<meta property=\"og:title\" content=\"El tr\u00e1fico y los derechos humanos\" \/>\n<meta property=\"og:description\" content=\"Portal de noticias del Per\u00fa sobre el transporte a\u00e9reo, aviaci\u00f3n, turismo, hoteleria, actualidad.\" \/>\n<meta property=\"og:url\" content=\"https:\/\/aeronoticias.com.pe\/noticiero\/diplomatica\/el-trafico-y-los-derechos-humanos\/\" \/>\n<meta property=\"og:site_name\" content=\"Aeronoticias.com.pe\" \/>\n<meta property=\"article:publisher\" content=\"https:\/\/www.facebook.com\/Aeronoticias.com.pe\/\" \/>\n<meta property=\"article:published_time\" content=\"2017-05-10T17:31:17+00:00\" \/>\n<meta property=\"article:modified_time\" content=\"2020-09-11T15:21:55+00:00\" \/>\n<meta name=\"author\" content=\"Redacci\u00f3n Aeronoticias\" \/>\n<meta name=\"twitter:card\" content=\"summary_large_image\" \/>\n<meta name=\"twitter:creator\" content=\"@aeronoticias\" \/>\n<meta name=\"twitter:site\" content=\"@aeronoticias\" \/>\n<meta name=\"twitter:label1\" content=\"Escrito por\" \/>\n\t<meta name=\"twitter:data1\" content=\"Redacci\u00f3n Aeronoticias\" \/>\n\t<meta name=\"twitter:label2\" content=\"Tiempo de lectura\" \/>\n\t<meta name=\"twitter:data2\" content=\"1 minuto\" \/>\n<script type=\"application\/ld+json\" class=\"yoast-schema-graph\">{\"@context\":\"https:\/\/schema.org\",\"@graph\":[{\"@type\":\"WebPage\",\"@id\":\"https:\/\/aeronoticias.com.pe\/noticiero\/diplomatica\/el-trafico-y-los-derechos-humanos\/\",\"url\":\"https:\/\/aeronoticias.com.pe\/noticiero\/diplomatica\/el-trafico-y-los-derechos-humanos\/\",\"name\":\"El tr\u00e1fico y los derechos humanos\",\"isPartOf\":{\"@id\":\"https:\/\/aeronoticias.com.pe\/noticiero\/#website\"},\"datePublished\":\"2017-05-10T17:31:17+00:00\",\"dateModified\":\"2020-09-11T15:21:55+00:00\",\"author\":{\"@id\":\"https:\/\/aeronoticias.com.pe\/noticiero\/#\/schema\/person\/fc1e5d578f4b62ba1cf7ac2bba1170a0\"},\"description\":\"Portal de noticias del Per\u00fa sobre el transporte a\u00e9reo, aviaci\u00f3n, turismo, hoteleria, actualidad.\",\"breadcrumb\":{\"@id\":\"https:\/\/aeronoticias.com.pe\/noticiero\/diplomatica\/el-trafico-y-los-derechos-humanos\/#breadcrumb\"},\"inLanguage\":\"es\",\"potentialAction\":[{\"@type\":\"ReadAction\",\"target\":[\"https:\/\/aeronoticias.com.pe\/noticiero\/diplomatica\/el-trafico-y-los-derechos-humanos\/\"]}]},{\"@type\":\"BreadcrumbList\",\"@id\":\"https:\/\/aeronoticias.com.pe\/noticiero\/diplomatica\/el-trafico-y-los-derechos-humanos\/#breadcrumb\",\"itemListElement\":[{\"@type\":\"ListItem\",\"position\":1,\"name\":\"Portada\",\"item\":\"https:\/\/aeronoticias.com.pe\/noticiero\/\"},{\"@type\":\"ListItem\",\"position\":2,\"name\":\"El tr\u00e1fico y los derechos humanos\"}]},{\"@type\":\"WebSite\",\"@id\":\"https:\/\/aeronoticias.com.pe\/noticiero\/#website\",\"url\":\"https:\/\/aeronoticias.com.pe\/noticiero\/\",\"name\":\"Aeronoticias.com.pe\",\"description\":\"Noticias de tranporte aereo, turismo, hoteles, gastronomia, actualidad, internacional\",\"potentialAction\":[{\"@type\":\"SearchAction\",\"target\":{\"@type\":\"EntryPoint\",\"urlTemplate\":\"https:\/\/aeronoticias.com.pe\/noticiero\/?s={search_term_string}\"},\"query-input\":{\"@type\":\"PropertyValueSpecification\",\"valueRequired\":true,\"valueName\":\"search_term_string\"}}],\"inLanguage\":\"es\"},{\"@type\":\"Person\",\"@id\":\"https:\/\/aeronoticias.com.pe\/noticiero\/#\/schema\/person\/fc1e5d578f4b62ba1cf7ac2bba1170a0\",\"name\":\"Redacci\u00f3n Aeronoticias\",\"url\":\"https:\/\/aeronoticias.com.pe\/noticiero\/author\/piloto\/\"}]}<\/script>\n<!-- \/ Yoast SEO plugin. -->","yoast_head_json":{"title":"El tr\u00e1fico y los derechos humanos","description":"Portal de noticias del Per\u00fa sobre el transporte a\u00e9reo, aviaci\u00f3n, turismo, hoteleria, actualidad.","robots":{"index":"index","follow":"follow","max-snippet":"max-snippet:-1","max-image-preview":"max-image-preview:large","max-video-preview":"max-video-preview:-1"},"canonical":"https:\/\/aeronoticias.com.pe\/noticiero\/diplomatica\/el-trafico-y-los-derechos-humanos\/","og_locale":"es_ES","og_type":"article","og_title":"El tr\u00e1fico y los derechos humanos","og_description":"Portal de noticias del Per\u00fa sobre el transporte a\u00e9reo, aviaci\u00f3n, turismo, hoteleria, actualidad.","og_url":"https:\/\/aeronoticias.com.pe\/noticiero\/diplomatica\/el-trafico-y-los-derechos-humanos\/","og_site_name":"Aeronoticias.com.pe","article_publisher":"https:\/\/www.facebook.com\/Aeronoticias.com.pe\/","article_published_time":"2017-05-10T17:31:17+00:00","article_modified_time":"2020-09-11T15:21:55+00:00","author":"Redacci\u00f3n Aeronoticias","twitter_card":"summary_large_image","twitter_creator":"@aeronoticias","twitter_site":"@aeronoticias","twitter_misc":{"Escrito por":"Redacci\u00f3n Aeronoticias","Tiempo de lectura":"1 minuto"},"schema":{"@context":"https:\/\/schema.org","@graph":[{"@type":"WebPage","@id":"https:\/\/aeronoticias.com.pe\/noticiero\/diplomatica\/el-trafico-y-los-derechos-humanos\/","url":"https:\/\/aeronoticias.com.pe\/noticiero\/diplomatica\/el-trafico-y-los-derechos-humanos\/","name":"El tr\u00e1fico y los derechos humanos","isPartOf":{"@id":"https:\/\/aeronoticias.com.pe\/noticiero\/#website"},"datePublished":"2017-05-10T17:31:17+00:00","dateModified":"2020-09-11T15:21:55+00:00","author":{"@id":"https:\/\/aeronoticias.com.pe\/noticiero\/#\/schema\/person\/fc1e5d578f4b62ba1cf7ac2bba1170a0"},"description":"Portal de noticias del Per\u00fa sobre el transporte a\u00e9reo, aviaci\u00f3n, turismo, hoteleria, actualidad.","breadcrumb":{"@id":"https:\/\/aeronoticias.com.pe\/noticiero\/diplomatica\/el-trafico-y-los-derechos-humanos\/#breadcrumb"},"inLanguage":"es","potentialAction":[{"@type":"ReadAction","target":["https:\/\/aeronoticias.com.pe\/noticiero\/diplomatica\/el-trafico-y-los-derechos-humanos\/"]}]},{"@type":"BreadcrumbList","@id":"https:\/\/aeronoticias.com.pe\/noticiero\/diplomatica\/el-trafico-y-los-derechos-humanos\/#breadcrumb","itemListElement":[{"@type":"ListItem","position":1,"name":"Portada","item":"https:\/\/aeronoticias.com.pe\/noticiero\/"},{"@type":"ListItem","position":2,"name":"El tr\u00e1fico y los derechos humanos"}]},{"@type":"WebSite","@id":"https:\/\/aeronoticias.com.pe\/noticiero\/#website","url":"https:\/\/aeronoticias.com.pe\/noticiero\/","name":"Aeronoticias.com.pe","description":"Noticias de tranporte aereo, turismo, hoteles, gastronomia, actualidad, internacional","potentialAction":[{"@type":"SearchAction","target":{"@type":"EntryPoint","urlTemplate":"https:\/\/aeronoticias.com.pe\/noticiero\/?s={search_term_string}"},"query-input":{"@type":"PropertyValueSpecification","valueRequired":true,"valueName":"search_term_string"}}],"inLanguage":"es"},{"@type":"Person","@id":"https:\/\/aeronoticias.com.pe\/noticiero\/#\/schema\/person\/fc1e5d578f4b62ba1cf7ac2bba1170a0","name":"Redacci\u00f3n Aeronoticias","url":"https:\/\/aeronoticias.com.pe\/noticiero\/author\/piloto\/"}]}},"_links":{"self":[{"href":"https:\/\/aeronoticias.com.pe\/noticiero\/wp-json\/wp\/v2\/posts\/56561","targetHints":{"allow":["GET"]}}],"collection":[{"href":"https:\/\/aeronoticias.com.pe\/noticiero\/wp-json\/wp\/v2\/posts"}],"about":[{"href":"https:\/\/aeronoticias.com.pe\/noticiero\/wp-json\/wp\/v2\/types\/post"}],"author":[{"embeddable":true,"href":"https:\/\/aeronoticias.com.pe\/noticiero\/wp-json\/wp\/v2\/users\/1"}],"replies":[{"embeddable":true,"href":"https:\/\/aeronoticias.com.pe\/noticiero\/wp-json\/wp\/v2\/comments?post=56561"}],"version-history":[{"count":0,"href":"https:\/\/aeronoticias.com.pe\/noticiero\/wp-json\/wp\/v2\/posts\/56561\/revisions"}],"wp:attachment":[{"href":"https:\/\/aeronoticias.com.pe\/noticiero\/wp-json\/wp\/v2\/media?parent=56561"}],"wp:term":[{"taxonomy":"category","embeddable":true,"href":"https:\/\/aeronoticias.com.pe\/noticiero\/wp-json\/wp\/v2\/categories?post=56561"},{"taxonomy":"post_tag","embeddable":true,"href":"https:\/\/aeronoticias.com.pe\/noticiero\/wp-json\/wp\/v2\/tags?post=56561"}],"curies":[{"name":"wp","href":"https:\/\/api.w.org\/{rel}","templated":true}]}}