{"id":56565,"date":"2017-05-12T14:50:19","date_gmt":"2017-05-12T14:50:19","guid":{"rendered":"http:\/\/desarrollo.mcvicious.com\/aero2020\/2017\/05\/12\/estudio-juridico-palacin-defendera-a-la-familia-del-pasajero-que-fallecio-en-el-aeropuerto-rodriguez-ballon-de-arequipa\/"},"modified":"2017-05-12T14:50:19","modified_gmt":"2017-05-12T14:50:19","slug":"estudio-juridico-palacin-defendera-a-la-familia-del-pasajero-que-fallecio-en-el-aeropuerto-rodriguez-ballon-de-arequipa","status":"publish","type":"post","link":"https:\/\/aeronoticias.com.pe\/noticiero\/ultimas\/1\/estudio-juridico-palacin-defendera-a-la-familia-del-pasajero-que-fallecio-en-el-aeropuerto-rodriguez-ballon-de-arequipa\/","title":{"rendered":"Estudio Jur\u00eddico Palacin defender\u00e1 a la familia del pasajero que falleci\u00f3 en el Aeropuerto Rodr\u00edguez Ball\u00f3n de Arequipa"},"content":{"rendered":"<p style=\"text-align: justify;\"><strong>(Aeronoticias)<\/strong> <span style=\"text-align: justify; font-size: 12.16px;\">El <a href=\"http:\/\/www.estudiojuridicopalacin.com\" target=\"_blank\" rel=\"noopener noreferrer\">Estudio Jur\u00eddico Juli\u00e1n Palacin Abogados<\/a>, especializado en asuntos de aviaci\u00f3n, asumi\u00f3 la defensa de los herederos de Willy Donato Cota Encinas, quien falleci\u00f3 por falta de atenci\u00f3n m\u00e9dica en el Aeropuerto Internacional Alfredo Rodr\u00edguez Ball\u00f3n de Arequipa el 23 de abril del 2017.<\/span><\/p>\n<p style=\"text-align: justify;\">Juli\u00e1n Palacin Fern\u00e1ndez, abogado del Estudio Palacin, solicit\u00f3 a la Direcci\u00f3n General de Aeron\u00e1utica Civil (DGAC) que inicie procedimiento disciplinario sancionador por incumplimiento de las normas vigentes por parte del Concesionario Aeropuertos Andinos del Per\u00fa (AAP), <strong>especialmente la Norma T\u00e9cnica Complementaria NTC 005-2013 de la DGAC, que lo obligaba a contratar servicios m\u00e9dicos de cl\u00ednicas privadas.<\/strong><\/p>\n<p style=\"text-align: justify;\"><span style=\"font-size: 12.16px;\">Agrava la situaci\u00f3n del comportamiento antijur\u00eddico de (AAP) el hecho de que no contaba con Licencia de Funcionamiento e incumpl\u00eda con sus obligaciones previstas en el Item 8 Regulaci\u00f3n de la Norma T\u00e9cnica de la NTC 005-2013, especialmente carec\u00eda del desfibrilador externo, semiautom\u00e1tico (DESA) que es el aparato electr\u00f3nico que trata la parada cardiorrespiratoria cuando es debida \u00a0a la fibrilaci\u00f3n ventricular o a una taquicardia ventricular sin pulso, restableciendo un ritmo card\u00edaco efectivo-el\u00e9ctrica y mec\u00e1nicamente que le pudo salvar la vida a Willy Donato Cota Encinas (57).<\/span><\/p>\n<p style=\"text-align: justify;\"><span style=\"font-size: 12.16px;\">Asimismo, el Concesionario APP ten\u00eda la obligaci\u00f3n de tener una respuesta a los 3 minutos, que es otro incumplimiento m\u00e1s que tendr\u00e1 que investigar la Junta de Infracciones y Sanciones de la DGAC, es decir, APP incumpli\u00f3 las disposiciones establecidas en la Norma T\u00e9cnica Complementaria NTC \u2013 2013 por no tener servicios m\u00e9dicos en el Aeropuerto Internacional Alfredo Rodr\u00edguez Ball\u00f3n de Arequipa, no ten\u00eda atenci\u00f3n m\u00e9dica, ni oficina de emergencia m\u00e9dica, no tiene plan maestro del aer\u00f3dromo con un \u00e1rea m\u00ednima de 20mt2 y un ancho m\u00ednimo de 3.30mt2 para servicio m\u00e9dico del aer\u00f3dromo, no obstante las tasas aeroportuarias que cobran, \u00a0no ten\u00eda un profesional de salud y una enfermera durante las horas de operaci\u00f3n se\u00f1aladas en el AIP vigente, e incumpli\u00f3 su obligaci\u00f3n prevista en el Inciso C del \u00edtem 8.1 de la NTC 005-2013, norma que la obligaba a coordinar con el Ministerio de Salud, Autoridad Regional de Salud, ESSALUD o entidades privadas para la provisi\u00f3n de servicios m\u00e9dicos en los Aer\u00f3dromos bajo su administraci\u00f3n . <\/span><\/p>\n<p style=\"text-align: justify;\"><span style=\"font-size: 12.16px;\">APP tampoco cumpli\u00f3 con su obligaci\u00f3n de designar un Profesional de Salud como Coordinador, quien era el responsable de la calidad, adquisici\u00f3n y verificaci\u00f3n del stock de insumos y f\u00e1rmacos del servicio m\u00e9dico del Aer\u00f3dromo .<\/span><\/p>\n<p style=\"text-align: justify;\"><span style=\"font-size: 12.16px;\">Asimismo AAP, estaba obligada a elaborar un informe dentro de los treinta (30) d\u00edas calendario de entrada en vigencia de la NTC 005-2013 indicando las cantidades a ser adquiridas de aquellos elementos de los ap\u00e9ndices 01 y 02 de la NTC 005-2013 y \u00e9stos incumplimientos normativos originaron la muerte del pasajero Willy Donato Cota Encinas ocurrida el 23 de Abril del 2017 en el Aer\u00f3dromo explotado por AAP.<\/span><\/p>\n<p style=\"text-align: justify;\"><span style=\"font-size: 12.16px;\">Por \u00faltimo, en el Programa Cuarto Poder de Canal 4 \u00a0difundi\u00f3 el domingo 07 de Mayo del 2017 y que se puede <a href=\"http:\/\/www.americatv.com.pe\/cuarto-poder\/reportajes\/arequipa-pasajero-murio-aeropuerto-rodriguez-ballon-falta-atencion-noticia-68675\" target=\"_blank\" rel=\"noopener noreferrer\">ver aqu\u00ed<\/a> , destac\u00f3 la declaraci\u00f3n el representante de Aeropuertos Andinos del Per\u00fa (AAP), que trat\u00f3 de justificar el incumplimiento de la Norma T\u00e9cnica Complementaria NTC 005-2013, afirmando que \u00e9sta sali\u00f3 luego de que ellos asumieran la Concesi\u00f3n y adem\u00e1s afirm\u00f3 que la Direcci\u00f3n de Salud no quer\u00eda proporcionarse los servicios m\u00e9dicos de la Autoridad \u00a0Regional de Salud, lo que es un claro caso de Violaci\u00f3n de Normas que interesan al Orden P\u00fablico Peruano en raz\u00f3n a que la NTC claramente dice que APP estaba obligada a coordinar con el Ministerio de Salud, Autoridad Regional de Salud, ESSALUD o Entidades Privadas, la Provisi\u00f3n de los Servicios M\u00e9dicos en los Aer\u00f3dromos bajo \u00a0su administraci\u00f3n y est\u00e1 probado que AAP que integra el Consorcio Kuntur Wasi incumpli\u00f3 frente al Estado Peruano con su obligaci\u00f3n de contratar a entidades privadas en este caso cl\u00ednicas privadas la provisi\u00f3n de estos servicios m\u00e9dicos, omisi\u00f3n que origin\u00f3 la tr\u00e1gica muerte del pasajero Willy Donato Cota Encinas que se tiene que tener en cuenta porque se trata nada m\u00e1s y nada menos del Consorcio que gan\u00f3 la Concesi\u00f3n del Aeropuerto Internacional de Chinchero que obviamente en este caso incumpli\u00f3 Normas de orden p\u00fablico en defensa de los servicios m\u00e9dicos y por ende de la vida de los pasajeros que usan esos aeropuertos <\/span>concesionarios<span style=\"font-size: 12.16px;\">.<\/span><\/p>\n<div style=\"text-align: justify;\"><img decoding=\"async\" src=\"images\/stories\/17\/05\/120517\/familiareswillycota.jpg\" border=\"0\" \/><\/div>\n<p>\u00a0<\/p>\n","protected":false},"excerpt":{"rendered":"<p>(Aeronoticias) El Estudio Jur\u00eddico Juli\u00e1n Palacin Abogados, especializado en asuntos de aviaci\u00f3n, asumi\u00f3 la defensa de los herederos de Willy Donato Cota Encinas, quien falleci\u00f3 por falta de atenci\u00f3n m\u00e9dica en el Aeropuerto Internacional Alfredo Rodr\u00edguez Ball\u00f3n de Arequipa el 23 de abril del 2017. Juli\u00e1n Palacin Fern\u00e1ndez, abogado del Estudio Palacin, solicit\u00f3 a la [&hellip;]<\/p>\n","protected":false},"author":1,"featured_media":0,"comment_status":"open","ping_status":"open","sticky":false,"template":"","format":"standard","meta":{"tdm_status":"","tdm_grid_status":"","footnotes":""},"categories":[30],"tags":[],"class_list":{"0":"post-56565","1":"post","2":"type-post","3":"status-publish","4":"format-standard","6":"category-30"},"yoast_head":"<!-- This site is optimized with the Yoast SEO plugin v25.1 - https:\/\/yoast.com\/wordpress\/plugins\/seo\/ -->\n<title>Estudio Jur\u00eddico Palacin defender\u00e1 a la familia del pasajero que falleci\u00f3 en el Aeropuerto Rodr\u00edguez Ball\u00f3n de Arequipa<\/title>\n<meta name=\"description\" content=\"Portal de noticias del Per\u00fa sobre el transporte a\u00e9reo, aviaci\u00f3n, turismo, hoteleria, actualidad.\" \/>\n<meta name=\"robots\" content=\"index, follow, max-snippet:-1, max-image-preview:large, max-video-preview:-1\" \/>\n<link rel=\"canonical\" href=\"https:\/\/aeronoticias.com.pe\/noticiero\/ultimas\/1\/estudio-juridico-palacin-defendera-a-la-familia-del-pasajero-que-fallecio-en-el-aeropuerto-rodriguez-ballon-de-arequipa\/\" \/>\n<meta property=\"og:locale\" content=\"es_ES\" \/>\n<meta property=\"og:type\" content=\"article\" \/>\n<meta property=\"og:title\" content=\"Estudio Jur\u00eddico Palacin defender\u00e1 a la familia del pasajero que falleci\u00f3 en el Aeropuerto Rodr\u00edguez Ball\u00f3n de Arequipa\" \/>\n<meta property=\"og:description\" content=\"Portal de noticias del Per\u00fa sobre el transporte a\u00e9reo, aviaci\u00f3n, turismo, hoteleria, actualidad.\" \/>\n<meta property=\"og:url\" content=\"https:\/\/aeronoticias.com.pe\/noticiero\/ultimas\/1\/estudio-juridico-palacin-defendera-a-la-familia-del-pasajero-que-fallecio-en-el-aeropuerto-rodriguez-ballon-de-arequipa\/\" \/>\n<meta property=\"og:site_name\" content=\"Aeronoticias.com.pe\" \/>\n<meta property=\"article:publisher\" content=\"https:\/\/www.facebook.com\/Aeronoticias.com.pe\/\" \/>\n<meta property=\"article:published_time\" content=\"2017-05-12T14:50:19+00:00\" \/>\n<meta name=\"author\" content=\"Redacci\u00f3n Aeronoticias\" \/>\n<meta name=\"twitter:card\" content=\"summary_large_image\" \/>\n<meta name=\"twitter:creator\" content=\"@aeronoticias\" \/>\n<meta name=\"twitter:site\" content=\"@aeronoticias\" \/>\n<meta name=\"twitter:label1\" content=\"Escrito por\" \/>\n\t<meta name=\"twitter:data1\" content=\"Redacci\u00f3n Aeronoticias\" \/>\n\t<meta name=\"twitter:label2\" content=\"Tiempo de lectura\" \/>\n\t<meta name=\"twitter:data2\" content=\"4 minutos\" \/>\n<script type=\"application\/ld+json\" class=\"yoast-schema-graph\">{\"@context\":\"https:\/\/schema.org\",\"@graph\":[{\"@type\":\"WebPage\",\"@id\":\"https:\/\/aeronoticias.com.pe\/noticiero\/ultimas\/1\/estudio-juridico-palacin-defendera-a-la-familia-del-pasajero-que-fallecio-en-el-aeropuerto-rodriguez-ballon-de-arequipa\/\",\"url\":\"https:\/\/aeronoticias.com.pe\/noticiero\/ultimas\/1\/estudio-juridico-palacin-defendera-a-la-familia-del-pasajero-que-fallecio-en-el-aeropuerto-rodriguez-ballon-de-arequipa\/\",\"name\":\"Estudio Jur\u00eddico Palacin defender\u00e1 a la familia del pasajero que falleci\u00f3 en el Aeropuerto Rodr\u00edguez Ball\u00f3n de Arequipa\",\"isPartOf\":{\"@id\":\"https:\/\/aeronoticias.com.pe\/noticiero\/#website\"},\"datePublished\":\"2017-05-12T14:50:19+00:00\",\"author\":{\"@id\":\"https:\/\/aeronoticias.com.pe\/noticiero\/#\/schema\/person\/fc1e5d578f4b62ba1cf7ac2bba1170a0\"},\"description\":\"Portal de noticias del Per\u00fa sobre el transporte a\u00e9reo, aviaci\u00f3n, turismo, hoteleria, actualidad.\",\"breadcrumb\":{\"@id\":\"https:\/\/aeronoticias.com.pe\/noticiero\/ultimas\/1\/estudio-juridico-palacin-defendera-a-la-familia-del-pasajero-que-fallecio-en-el-aeropuerto-rodriguez-ballon-de-arequipa\/#breadcrumb\"},\"inLanguage\":\"es\",\"potentialAction\":[{\"@type\":\"ReadAction\",\"target\":[\"https:\/\/aeronoticias.com.pe\/noticiero\/ultimas\/1\/estudio-juridico-palacin-defendera-a-la-familia-del-pasajero-que-fallecio-en-el-aeropuerto-rodriguez-ballon-de-arequipa\/\"]}]},{\"@type\":\"BreadcrumbList\",\"@id\":\"https:\/\/aeronoticias.com.pe\/noticiero\/ultimas\/1\/estudio-juridico-palacin-defendera-a-la-familia-del-pasajero-que-fallecio-en-el-aeropuerto-rodriguez-ballon-de-arequipa\/#breadcrumb\",\"itemListElement\":[{\"@type\":\"ListItem\",\"position\":1,\"name\":\"Portada\",\"item\":\"https:\/\/aeronoticias.com.pe\/noticiero\/\"},{\"@type\":\"ListItem\",\"position\":2,\"name\":\"Estudio Jur\u00eddico Palacin defender\u00e1 a la familia del pasajero que falleci\u00f3 en el Aeropuerto Rodr\u00edguez Ball\u00f3n de Arequipa\"}]},{\"@type\":\"WebSite\",\"@id\":\"https:\/\/aeronoticias.com.pe\/noticiero\/#website\",\"url\":\"https:\/\/aeronoticias.com.pe\/noticiero\/\",\"name\":\"Aeronoticias.com.pe\",\"description\":\"Noticias de tranporte aereo, turismo, hoteles, gastronomia, actualidad, internacional\",\"potentialAction\":[{\"@type\":\"SearchAction\",\"target\":{\"@type\":\"EntryPoint\",\"urlTemplate\":\"https:\/\/aeronoticias.com.pe\/noticiero\/?s={search_term_string}\"},\"query-input\":{\"@type\":\"PropertyValueSpecification\",\"valueRequired\":true,\"valueName\":\"search_term_string\"}}],\"inLanguage\":\"es\"},{\"@type\":\"Person\",\"@id\":\"https:\/\/aeronoticias.com.pe\/noticiero\/#\/schema\/person\/fc1e5d578f4b62ba1cf7ac2bba1170a0\",\"name\":\"Redacci\u00f3n Aeronoticias\",\"url\":\"https:\/\/aeronoticias.com.pe\/noticiero\/author\/piloto\/\"}]}<\/script>\n<!-- \/ Yoast SEO plugin. -->","yoast_head_json":{"title":"Estudio Jur\u00eddico Palacin defender\u00e1 a la familia del pasajero que falleci\u00f3 en el Aeropuerto Rodr\u00edguez Ball\u00f3n de Arequipa","description":"Portal de noticias del Per\u00fa sobre el transporte a\u00e9reo, aviaci\u00f3n, turismo, hoteleria, actualidad.","robots":{"index":"index","follow":"follow","max-snippet":"max-snippet:-1","max-image-preview":"max-image-preview:large","max-video-preview":"max-video-preview:-1"},"canonical":"https:\/\/aeronoticias.com.pe\/noticiero\/ultimas\/1\/estudio-juridico-palacin-defendera-a-la-familia-del-pasajero-que-fallecio-en-el-aeropuerto-rodriguez-ballon-de-arequipa\/","og_locale":"es_ES","og_type":"article","og_title":"Estudio Jur\u00eddico Palacin defender\u00e1 a la familia del pasajero que falleci\u00f3 en el Aeropuerto Rodr\u00edguez Ball\u00f3n de Arequipa","og_description":"Portal de noticias del Per\u00fa sobre el transporte a\u00e9reo, aviaci\u00f3n, turismo, hoteleria, actualidad.","og_url":"https:\/\/aeronoticias.com.pe\/noticiero\/ultimas\/1\/estudio-juridico-palacin-defendera-a-la-familia-del-pasajero-que-fallecio-en-el-aeropuerto-rodriguez-ballon-de-arequipa\/","og_site_name":"Aeronoticias.com.pe","article_publisher":"https:\/\/www.facebook.com\/Aeronoticias.com.pe\/","article_published_time":"2017-05-12T14:50:19+00:00","author":"Redacci\u00f3n Aeronoticias","twitter_card":"summary_large_image","twitter_creator":"@aeronoticias","twitter_site":"@aeronoticias","twitter_misc":{"Escrito por":"Redacci\u00f3n Aeronoticias","Tiempo de lectura":"4 minutos"},"schema":{"@context":"https:\/\/schema.org","@graph":[{"@type":"WebPage","@id":"https:\/\/aeronoticias.com.pe\/noticiero\/ultimas\/1\/estudio-juridico-palacin-defendera-a-la-familia-del-pasajero-que-fallecio-en-el-aeropuerto-rodriguez-ballon-de-arequipa\/","url":"https:\/\/aeronoticias.com.pe\/noticiero\/ultimas\/1\/estudio-juridico-palacin-defendera-a-la-familia-del-pasajero-que-fallecio-en-el-aeropuerto-rodriguez-ballon-de-arequipa\/","name":"Estudio Jur\u00eddico Palacin defender\u00e1 a la familia del pasajero que falleci\u00f3 en el Aeropuerto Rodr\u00edguez Ball\u00f3n de Arequipa","isPartOf":{"@id":"https:\/\/aeronoticias.com.pe\/noticiero\/#website"},"datePublished":"2017-05-12T14:50:19+00:00","author":{"@id":"https:\/\/aeronoticias.com.pe\/noticiero\/#\/schema\/person\/fc1e5d578f4b62ba1cf7ac2bba1170a0"},"description":"Portal de noticias del Per\u00fa sobre el transporte a\u00e9reo, aviaci\u00f3n, turismo, hoteleria, actualidad.","breadcrumb":{"@id":"https:\/\/aeronoticias.com.pe\/noticiero\/ultimas\/1\/estudio-juridico-palacin-defendera-a-la-familia-del-pasajero-que-fallecio-en-el-aeropuerto-rodriguez-ballon-de-arequipa\/#breadcrumb"},"inLanguage":"es","potentialAction":[{"@type":"ReadAction","target":["https:\/\/aeronoticias.com.pe\/noticiero\/ultimas\/1\/estudio-juridico-palacin-defendera-a-la-familia-del-pasajero-que-fallecio-en-el-aeropuerto-rodriguez-ballon-de-arequipa\/"]}]},{"@type":"BreadcrumbList","@id":"https:\/\/aeronoticias.com.pe\/noticiero\/ultimas\/1\/estudio-juridico-palacin-defendera-a-la-familia-del-pasajero-que-fallecio-en-el-aeropuerto-rodriguez-ballon-de-arequipa\/#breadcrumb","itemListElement":[{"@type":"ListItem","position":1,"name":"Portada","item":"https:\/\/aeronoticias.com.pe\/noticiero\/"},{"@type":"ListItem","position":2,"name":"Estudio Jur\u00eddico Palacin defender\u00e1 a la familia del pasajero que falleci\u00f3 en el Aeropuerto Rodr\u00edguez Ball\u00f3n de Arequipa"}]},{"@type":"WebSite","@id":"https:\/\/aeronoticias.com.pe\/noticiero\/#website","url":"https:\/\/aeronoticias.com.pe\/noticiero\/","name":"Aeronoticias.com.pe","description":"Noticias de tranporte aereo, turismo, hoteles, gastronomia, actualidad, internacional","potentialAction":[{"@type":"SearchAction","target":{"@type":"EntryPoint","urlTemplate":"https:\/\/aeronoticias.com.pe\/noticiero\/?s={search_term_string}"},"query-input":{"@type":"PropertyValueSpecification","valueRequired":true,"valueName":"search_term_string"}}],"inLanguage":"es"},{"@type":"Person","@id":"https:\/\/aeronoticias.com.pe\/noticiero\/#\/schema\/person\/fc1e5d578f4b62ba1cf7ac2bba1170a0","name":"Redacci\u00f3n Aeronoticias","url":"https:\/\/aeronoticias.com.pe\/noticiero\/author\/piloto\/"}]}},"_links":{"self":[{"href":"https:\/\/aeronoticias.com.pe\/noticiero\/wp-json\/wp\/v2\/posts\/56565","targetHints":{"allow":["GET"]}}],"collection":[{"href":"https:\/\/aeronoticias.com.pe\/noticiero\/wp-json\/wp\/v2\/posts"}],"about":[{"href":"https:\/\/aeronoticias.com.pe\/noticiero\/wp-json\/wp\/v2\/types\/post"}],"author":[{"embeddable":true,"href":"https:\/\/aeronoticias.com.pe\/noticiero\/wp-json\/wp\/v2\/users\/1"}],"replies":[{"embeddable":true,"href":"https:\/\/aeronoticias.com.pe\/noticiero\/wp-json\/wp\/v2\/comments?post=56565"}],"version-history":[{"count":0,"href":"https:\/\/aeronoticias.com.pe\/noticiero\/wp-json\/wp\/v2\/posts\/56565\/revisions"}],"wp:attachment":[{"href":"https:\/\/aeronoticias.com.pe\/noticiero\/wp-json\/wp\/v2\/media?parent=56565"}],"wp:term":[{"taxonomy":"category","embeddable":true,"href":"https:\/\/aeronoticias.com.pe\/noticiero\/wp-json\/wp\/v2\/categories?post=56565"},{"taxonomy":"post_tag","embeddable":true,"href":"https:\/\/aeronoticias.com.pe\/noticiero\/wp-json\/wp\/v2\/tags?post=56565"}],"curies":[{"name":"wp","href":"https:\/\/api.w.org\/{rel}","templated":true}]}}