{"id":56567,"date":"2017-05-12T16:24:08","date_gmt":"2017-05-12T16:24:08","guid":{"rendered":"http:\/\/desarrollo.mcvicious.com\/aero2020\/2017\/05\/12\/proteccion-al-extranjero-principio-de-no-devolucion\/"},"modified":"2020-09-11T15:21:55","modified_gmt":"2020-09-11T15:21:55","slug":"proteccion-al-extranjero-principio-de-no-devolucion","status":"publish","type":"post","link":"https:\/\/aeronoticias.com.pe\/noticiero\/diplomatica\/proteccion-al-extranjero-principio-de-no-devolucion\/","title":{"rendered":"Protecci\u00f3n al extranjero: principio de no devoluci\u00f3n"},"content":{"rendered":"<p style=\"text-align: justify;\"><span style=\"font-size: 12.16px;\"><strong>(Aeronoticias)<\/strong> En las recientes semanas hemos sido observadores del desenlace en especial del caso Korina Rivadeneira modelo venezolana y su cuestionada estancia en nuestro pa\u00eds. (entiendo que no deber ser el \u00fanico); versiones que por el lado de las autoridades del Estado alegan el incumplimiento de la ley y su irregular condici\u00f3n migratoria y por el lado de la defensa de la parte, la violaci\u00f3n de un debido proceso.<\/span><\/p>\n<p style=\"text-align: justify;\">En principio la ley se aplica para todos los nacionales o extranjeros que se encuentren dentro de la jurisdicci\u00f3n de un Estado, con sujeci\u00f3n al debido proceso. Pues recordemos el caso Julieta Rodriguez, modelo argentina que tambi\u00e9n tuvo problemas en su condici\u00f3n migratoria y fue expulsada del Per\u00fa. Aqu\u00ed no hubo ninguna demora en su deportaci\u00f3n y se complic\u00f3 m\u00e1s a\u00fan por el trato discriminatorio que prolifer\u00f3 la citada modelo hacia los peruanos y peruanas.<\/p>\n<p style=\"text-align: justify;\">Ahora bien, no porque un caso se torne medi\u00e1tico, deba ejercerse presi\u00f3n en las autoridades para cambiar el sentido de las decisiones adoptadas con arreglo a ley y respetando el debido proceso.<\/p>\n<p style=\"text-align: justify;\">El caso Korina Rivadeneira, tiene un particular sentido a diferencia del caso Julieta Rodriguez, porque se alude a que no fue correctamente notificada y no se le permiti\u00f3 el derecho a defenderse o probar. Adem\u00e1s en la modelo venezolana no se ha observado un comportamiento discriminatorio como si lo fue en el caso de la modelo argentina.<\/p>\n<p style=\"text-align: justify;\">Por ello, es importante que los funcionarios de Migraciones en especial, deber\u00edan tener en cuenta que los extranjeros no dejan de ser personas con derechos y deberes que deben ser respetados y si por hechos debidamente comprobados se cuestionase su condici\u00f3n migratoria tienen todo el derecho de conocer los hechos que se le imputan o se le atribuye debidamente motivados y notificados, el derecho de defenderse y de contar con un abogado de libre elecci\u00f3n.<\/p>\n<p style=\"text-align: justify;\">El debido proceso no solo comprende los principios garantistas de la administraci\u00f3n de justicia, sino que es un derecho fundamental de toda persona. Si se expide una decisi\u00f3n administrativa, migratoria, judiciales, entre otros vulnerando el debido proceso, deviene EN NULO TODO LO ACTUADO, y se vuelve a fojas cero-seg\u00fan sea el caso- o se retrotrae al acto procesal que fue viciado.<\/p>\n<p style=\"text-align: justify;\">Adem\u00e1s, me pregunto lo siguiente: la orden de expulsi\u00f3n significar\u00eda regresar a la modelo a su pa\u00eds es decir, a Venezuela y acaso no se sabe acerca de la situaci\u00f3n pol\u00edtica del pa\u00eds hermano y pretend\u00edan expulsarla a sabiendas que su vida o integridad podr\u00eda estar ante un inminente peligro.<\/p>\n<p style=\"text-align: justify;\">Si hay venezolanos en calidad de refugiados en el Per\u00fa precisamente por la grave situaci\u00f3n que atraviesan y las autoridades migratorias del Per\u00fa queriendo expulsar a su pa\u00eds. \u00bfY donde est\u00e1 el respeto del principio de no devoluci\u00f3n? Un Estado no puede devolver a una persona a su pa\u00eds de origen donde se sabe que correr\u00eda peligro la vida o su integridad. Tengo entendido que la modelo venezolana habr\u00eda pedido la condici\u00f3n de refugiada la misma que estar\u00eda en evaluaci\u00f3n, pues el principio de no devoluci\u00f3n es inherente a ello.<\/p>\n<p style=\"text-align: justify;\">Resulta todo esto contradictorio, porque por un lado, el Per\u00fa ha liderado iniciativas para el restablecimiento del orden constitucional en Venezuela y las autoridades migratorias del Per\u00fa pretendiendo expulsar a una venezolana a su pa\u00eds a sabiendas de la situaci\u00f3n pol\u00edtica de dicha Naci\u00f3n.<\/p>\n<p style=\"text-align: justify;\">Solo hago una llamamiento a una correcta decisi\u00f3n invocando el respeto al debido proceso y las instituciones del derecho internacional como es el caso del principio de no devoluci\u00f3n.<\/p>\n<p style=\"text-align: justify;\"><a href=\"http:\/\/www.refworld.org\/pdfid\/42a021ef4.pdf\" target=\"_blank\" rel=\"noopener noreferrer\">ACCEDER : GUIA PARA REFUGIADOS Y EL PRINCIPIO DE NO DEVOLUCI\u00d3N <\/a><\/p>\n<p style=\"text-align: justify;\"><a href=\"http:\/\/www.acnur.org\/\u2026\/fileadm\u2026\/Documentos\/BDL\/2013\/9390.pdf\" target=\"_blank\" rel=\"noopener noreferrer\">VEASE SENTANCIA DE LA CORTE IDEH.- PRINCIPIO DE NO DEVOLUCI\u00d3N <\/a><\/p>\n<p style=\"text-align: justify;\"><span style=\"font-size: 12.16px;\"><strong><em>Lesly Llatas Ram\u00edrez<br \/>Abogada jurista docente y defensora de DDHH.<\/em><\/strong><\/span><\/p>\n<p style=\"text-align: justify;\"><img decoding=\"async\" src=\"images\/stories\/17\/05\/120517\/lelsyllatas.jpg\" border=\"0\" \/><\/p>\n<p>\u00a0<\/p>\n","protected":false},"excerpt":{"rendered":"<p>(Aeronoticias) En las recientes semanas hemos sido observadores del desenlace en especial del caso Korina Rivadeneira modelo venezolana y su cuestionada estancia en nuestro pa\u00eds. (entiendo que no deber ser el \u00fanico); versiones que por el lado de las autoridades del Estado alegan el incumplimiento de la ley y su irregular condici\u00f3n migratoria y por [&hellip;]<\/p>\n","protected":false},"author":1,"featured_media":0,"comment_status":"open","ping_status":"open","sticky":false,"template":"","format":"standard","meta":{"tdm_status":"","tdm_grid_status":"","footnotes":""},"categories":[25],"tags":[],"class_list":{"0":"post-56567","1":"post","2":"type-post","3":"status-publish","4":"format-standard","6":"category-diplomatica"},"yoast_head":"<!-- This site is optimized with the Yoast SEO plugin v25.1 - https:\/\/yoast.com\/wordpress\/plugins\/seo\/ -->\n<title>Protecci\u00f3n al extranjero: principio de no devoluci\u00f3n<\/title>\n<meta name=\"description\" content=\"Portal de noticias del Per\u00fa sobre el transporte a\u00e9reo, aviaci\u00f3n, turismo, hoteleria, actualidad.\" \/>\n<meta name=\"robots\" content=\"index, follow, max-snippet:-1, max-image-preview:large, max-video-preview:-1\" \/>\n<link rel=\"canonical\" href=\"https:\/\/aeronoticias.com.pe\/noticiero\/diplomatica\/proteccion-al-extranjero-principio-de-no-devolucion\/\" \/>\n<meta property=\"og:locale\" content=\"es_ES\" \/>\n<meta property=\"og:type\" content=\"article\" \/>\n<meta property=\"og:title\" content=\"Protecci\u00f3n al extranjero: principio de no devoluci\u00f3n\" \/>\n<meta property=\"og:description\" content=\"Portal de noticias del Per\u00fa sobre el transporte a\u00e9reo, aviaci\u00f3n, turismo, hoteleria, actualidad.\" \/>\n<meta property=\"og:url\" content=\"https:\/\/aeronoticias.com.pe\/noticiero\/diplomatica\/proteccion-al-extranjero-principio-de-no-devolucion\/\" \/>\n<meta property=\"og:site_name\" content=\"Aeronoticias.com.pe\" \/>\n<meta property=\"article:publisher\" content=\"https:\/\/www.facebook.com\/Aeronoticias.com.pe\/\" \/>\n<meta property=\"article:published_time\" content=\"2017-05-12T16:24:08+00:00\" \/>\n<meta property=\"article:modified_time\" content=\"2020-09-11T15:21:55+00:00\" \/>\n<meta name=\"author\" content=\"Redacci\u00f3n Aeronoticias\" \/>\n<meta name=\"twitter:card\" content=\"summary_large_image\" \/>\n<meta name=\"twitter:creator\" content=\"@aeronoticias\" \/>\n<meta name=\"twitter:site\" content=\"@aeronoticias\" \/>\n<meta name=\"twitter:label1\" content=\"Escrito por\" \/>\n\t<meta name=\"twitter:data1\" content=\"Redacci\u00f3n Aeronoticias\" \/>\n\t<meta name=\"twitter:label2\" content=\"Tiempo de lectura\" \/>\n\t<meta name=\"twitter:data2\" content=\"3 minutos\" \/>\n<script type=\"application\/ld+json\" class=\"yoast-schema-graph\">{\"@context\":\"https:\/\/schema.org\",\"@graph\":[{\"@type\":\"WebPage\",\"@id\":\"https:\/\/aeronoticias.com.pe\/noticiero\/diplomatica\/proteccion-al-extranjero-principio-de-no-devolucion\/\",\"url\":\"https:\/\/aeronoticias.com.pe\/noticiero\/diplomatica\/proteccion-al-extranjero-principio-de-no-devolucion\/\",\"name\":\"Protecci\u00f3n al extranjero: principio de no devoluci\u00f3n\",\"isPartOf\":{\"@id\":\"https:\/\/aeronoticias.com.pe\/noticiero\/#website\"},\"datePublished\":\"2017-05-12T16:24:08+00:00\",\"dateModified\":\"2020-09-11T15:21:55+00:00\",\"author\":{\"@id\":\"https:\/\/aeronoticias.com.pe\/noticiero\/#\/schema\/person\/fc1e5d578f4b62ba1cf7ac2bba1170a0\"},\"description\":\"Portal de noticias del Per\u00fa sobre el transporte a\u00e9reo, aviaci\u00f3n, turismo, hoteleria, actualidad.\",\"breadcrumb\":{\"@id\":\"https:\/\/aeronoticias.com.pe\/noticiero\/diplomatica\/proteccion-al-extranjero-principio-de-no-devolucion\/#breadcrumb\"},\"inLanguage\":\"es\",\"potentialAction\":[{\"@type\":\"ReadAction\",\"target\":[\"https:\/\/aeronoticias.com.pe\/noticiero\/diplomatica\/proteccion-al-extranjero-principio-de-no-devolucion\/\"]}]},{\"@type\":\"BreadcrumbList\",\"@id\":\"https:\/\/aeronoticias.com.pe\/noticiero\/diplomatica\/proteccion-al-extranjero-principio-de-no-devolucion\/#breadcrumb\",\"itemListElement\":[{\"@type\":\"ListItem\",\"position\":1,\"name\":\"Portada\",\"item\":\"https:\/\/aeronoticias.com.pe\/noticiero\/\"},{\"@type\":\"ListItem\",\"position\":2,\"name\":\"Protecci\u00f3n al extranjero: principio de no devoluci\u00f3n\"}]},{\"@type\":\"WebSite\",\"@id\":\"https:\/\/aeronoticias.com.pe\/noticiero\/#website\",\"url\":\"https:\/\/aeronoticias.com.pe\/noticiero\/\",\"name\":\"Aeronoticias.com.pe\",\"description\":\"Noticias de tranporte aereo, turismo, hoteles, gastronomia, actualidad, internacional\",\"potentialAction\":[{\"@type\":\"SearchAction\",\"target\":{\"@type\":\"EntryPoint\",\"urlTemplate\":\"https:\/\/aeronoticias.com.pe\/noticiero\/?s={search_term_string}\"},\"query-input\":{\"@type\":\"PropertyValueSpecification\",\"valueRequired\":true,\"valueName\":\"search_term_string\"}}],\"inLanguage\":\"es\"},{\"@type\":\"Person\",\"@id\":\"https:\/\/aeronoticias.com.pe\/noticiero\/#\/schema\/person\/fc1e5d578f4b62ba1cf7ac2bba1170a0\",\"name\":\"Redacci\u00f3n Aeronoticias\",\"url\":\"https:\/\/aeronoticias.com.pe\/noticiero\/author\/piloto\/\"}]}<\/script>\n<!-- \/ Yoast SEO plugin. -->","yoast_head_json":{"title":"Protecci\u00f3n al extranjero: principio de no devoluci\u00f3n","description":"Portal de noticias del Per\u00fa sobre el transporte a\u00e9reo, aviaci\u00f3n, turismo, hoteleria, actualidad.","robots":{"index":"index","follow":"follow","max-snippet":"max-snippet:-1","max-image-preview":"max-image-preview:large","max-video-preview":"max-video-preview:-1"},"canonical":"https:\/\/aeronoticias.com.pe\/noticiero\/diplomatica\/proteccion-al-extranjero-principio-de-no-devolucion\/","og_locale":"es_ES","og_type":"article","og_title":"Protecci\u00f3n al extranjero: principio de no devoluci\u00f3n","og_description":"Portal de noticias del Per\u00fa sobre el transporte a\u00e9reo, aviaci\u00f3n, turismo, hoteleria, actualidad.","og_url":"https:\/\/aeronoticias.com.pe\/noticiero\/diplomatica\/proteccion-al-extranjero-principio-de-no-devolucion\/","og_site_name":"Aeronoticias.com.pe","article_publisher":"https:\/\/www.facebook.com\/Aeronoticias.com.pe\/","article_published_time":"2017-05-12T16:24:08+00:00","article_modified_time":"2020-09-11T15:21:55+00:00","author":"Redacci\u00f3n Aeronoticias","twitter_card":"summary_large_image","twitter_creator":"@aeronoticias","twitter_site":"@aeronoticias","twitter_misc":{"Escrito por":"Redacci\u00f3n Aeronoticias","Tiempo de lectura":"3 minutos"},"schema":{"@context":"https:\/\/schema.org","@graph":[{"@type":"WebPage","@id":"https:\/\/aeronoticias.com.pe\/noticiero\/diplomatica\/proteccion-al-extranjero-principio-de-no-devolucion\/","url":"https:\/\/aeronoticias.com.pe\/noticiero\/diplomatica\/proteccion-al-extranjero-principio-de-no-devolucion\/","name":"Protecci\u00f3n al extranjero: principio de no devoluci\u00f3n","isPartOf":{"@id":"https:\/\/aeronoticias.com.pe\/noticiero\/#website"},"datePublished":"2017-05-12T16:24:08+00:00","dateModified":"2020-09-11T15:21:55+00:00","author":{"@id":"https:\/\/aeronoticias.com.pe\/noticiero\/#\/schema\/person\/fc1e5d578f4b62ba1cf7ac2bba1170a0"},"description":"Portal de noticias del Per\u00fa sobre el transporte a\u00e9reo, aviaci\u00f3n, turismo, hoteleria, actualidad.","breadcrumb":{"@id":"https:\/\/aeronoticias.com.pe\/noticiero\/diplomatica\/proteccion-al-extranjero-principio-de-no-devolucion\/#breadcrumb"},"inLanguage":"es","potentialAction":[{"@type":"ReadAction","target":["https:\/\/aeronoticias.com.pe\/noticiero\/diplomatica\/proteccion-al-extranjero-principio-de-no-devolucion\/"]}]},{"@type":"BreadcrumbList","@id":"https:\/\/aeronoticias.com.pe\/noticiero\/diplomatica\/proteccion-al-extranjero-principio-de-no-devolucion\/#breadcrumb","itemListElement":[{"@type":"ListItem","position":1,"name":"Portada","item":"https:\/\/aeronoticias.com.pe\/noticiero\/"},{"@type":"ListItem","position":2,"name":"Protecci\u00f3n al extranjero: principio de no devoluci\u00f3n"}]},{"@type":"WebSite","@id":"https:\/\/aeronoticias.com.pe\/noticiero\/#website","url":"https:\/\/aeronoticias.com.pe\/noticiero\/","name":"Aeronoticias.com.pe","description":"Noticias de tranporte aereo, turismo, hoteles, gastronomia, actualidad, internacional","potentialAction":[{"@type":"SearchAction","target":{"@type":"EntryPoint","urlTemplate":"https:\/\/aeronoticias.com.pe\/noticiero\/?s={search_term_string}"},"query-input":{"@type":"PropertyValueSpecification","valueRequired":true,"valueName":"search_term_string"}}],"inLanguage":"es"},{"@type":"Person","@id":"https:\/\/aeronoticias.com.pe\/noticiero\/#\/schema\/person\/fc1e5d578f4b62ba1cf7ac2bba1170a0","name":"Redacci\u00f3n Aeronoticias","url":"https:\/\/aeronoticias.com.pe\/noticiero\/author\/piloto\/"}]}},"_links":{"self":[{"href":"https:\/\/aeronoticias.com.pe\/noticiero\/wp-json\/wp\/v2\/posts\/56567","targetHints":{"allow":["GET"]}}],"collection":[{"href":"https:\/\/aeronoticias.com.pe\/noticiero\/wp-json\/wp\/v2\/posts"}],"about":[{"href":"https:\/\/aeronoticias.com.pe\/noticiero\/wp-json\/wp\/v2\/types\/post"}],"author":[{"embeddable":true,"href":"https:\/\/aeronoticias.com.pe\/noticiero\/wp-json\/wp\/v2\/users\/1"}],"replies":[{"embeddable":true,"href":"https:\/\/aeronoticias.com.pe\/noticiero\/wp-json\/wp\/v2\/comments?post=56567"}],"version-history":[{"count":0,"href":"https:\/\/aeronoticias.com.pe\/noticiero\/wp-json\/wp\/v2\/posts\/56567\/revisions"}],"wp:attachment":[{"href":"https:\/\/aeronoticias.com.pe\/noticiero\/wp-json\/wp\/v2\/media?parent=56567"}],"wp:term":[{"taxonomy":"category","embeddable":true,"href":"https:\/\/aeronoticias.com.pe\/noticiero\/wp-json\/wp\/v2\/categories?post=56567"},{"taxonomy":"post_tag","embeddable":true,"href":"https:\/\/aeronoticias.com.pe\/noticiero\/wp-json\/wp\/v2\/tags?post=56567"}],"curies":[{"name":"wp","href":"https:\/\/api.w.org\/{rel}","templated":true}]}}