{"id":56570,"date":"2017-05-15T18:00:20","date_gmt":"2017-05-15T18:00:20","guid":{"rendered":"http:\/\/desarrollo.mcvicious.com\/aero2020\/2017\/05\/15\/politica-aerea-federal-argentina\/"},"modified":"2020-09-11T15:27:32","modified_gmt":"2020-09-11T15:27:32","slug":"politica-aerea-federal-argentina","status":"publish","type":"post","link":"https:\/\/aeronoticias.com.pe\/noticiero\/historia-derecho-aero-peruano\/politica-aerea-federal-argentina\/","title":{"rendered":"Pol\u00edtica A\u00e9rea Federal Argentina"},"content":{"rendered":"<p style=\"text-align: justify;\"><strong>(Aeronoticias) <\/strong><span style=\"text-align: justify; font-size: 12.16px;\">Hace 23 a\u00f1os, en Panam\u00e1 un grupo de Diputados y Senadores de la Rep\u00fablica Argentina escucharon una Conferencia que dio Juli\u00e1n Palacin Fern\u00e1ndez, candidato al Decanato del Colegio de Abogados de Lima 2018-2019, en Panam\u00e1 y luego recibi\u00f3 la oferta de un Contrato de Consultor\u00eda con la C\u00e1mara de Diputados de la provincia de Buenos Aires, para elaborar un estudio sobre la Pol\u00edtica A\u00e9rea Federal Argentina.<\/span><\/p>\n<p style=\"text-align: justify;\">Juli\u00e1n Palacin expres\u00f3: \u00abRealic\u00e9 la consultor\u00eda y fue publicada como libro por la C\u00e1mara de Diputados de la provincia de Buenos Aires y se convoc\u00f3 a un c\u00f3nclave de Diputados argentinos, en donde sustent\u00e9 la necesidad de que las provincias argentinas tengan aeropuertos internacionales y servicios de transporte a\u00e9reo directos a los mercados internacionales de #turismo y comercio exterior, de esta forma los fletes iban a bajar, para que las provincias no dependan para colocar sus productos de exportaci\u00f3n del Aeropuerto Internacional de Ezeiza en Buenos Aires\u00bb.<\/p>\n<p style=\"text-align: justify;\">\u00abEn esa \u00e9poca ya comenzamos a hablar del low cost internacional y la necesidad de bajar los fletes y los pasajes a\u00e9reos para que Am\u00e9ricaLatina sea m\u00e1s competitiva; creo que esta Doctrina debe ser estudiada por las nuevas generaciones especialistas en Derecho A\u00e9reo y aplicada por las provincias argentinas, que tienen que exigir que en las Actas o Memorandas de Entendimientos o Convenios Bilaterales, se consideren a estos aeropuertos internacionales como puntos de entrada o salida del pa\u00eds, despu\u00e9s de esta reuni\u00f3n se me invit\u00f3 a dar una Conferencia en la C\u00e1mara de Diputados de la provincia de Salta y luego expuse en la Sal\u00f3n Azul del Senado de la Naci\u00f3n argentina, dentro de la reuni\u00f3n de la Comisi\u00f3n Interamericana de Juristas Expertos en Derecho A\u00e9reo y Espacial (CIJEDAE)\u00bb, afirm\u00f3 Juli\u00e1n Palacin.<\/p>\n<p style=\"text-align: justify;\">\u00abEl 14 y 15 de junio del 2017 se cumplen 23 a\u00f1os de esta Conferencia que di en la C\u00e1mara de Diputados en la provincia de Buenos Aires\u00bb.<\/p>\n<p style=\"text-align: justify;\">\u00abEn los pr\u00f3ximos d\u00edas publicar\u00e9 la caratula del Libro, ellos en 500 ejemplares distribuyeron a los participantes y que hoy est\u00e1 agotado, pero deja el principio de una aeropol\u00edtica diferente aplicable a Argentina, y a otros pa\u00edses de la Regi\u00f3n, que tienen que entender que las conexiones a\u00e9reas internacionales tienen que descentralizarse en beneficio de provincias o regiones que tienen derecho a servicios de transporte a\u00e9reo internacional regular y no regular en forma directa\u00bb.<\/p>\n<p style=\"text-align: justify;\">\u00abHace 23 a\u00f1os dije adem\u00e1s, que los Estados en las concesiones de aeropuertos tienen que tener mucho cuidado en las cl\u00e1usulas monop\u00f3licas alrededor de los #aeropuertos concesionados, esa era una hipoteca hist\u00f3rica para el desarrollo regional, hoy me ratifico especialmente cuando necesitamos desarrollar una infraestructura aeroportuaria low cost, para que este fen\u00f3meno utilice aeropuertos de bajo costo, para que los pa\u00edses de Am\u00e9rica Latina puedan beneficiarse de estos flujos tur\u00edsticos internacionales que est\u00e1n revolucionando la econom\u00eda del transporte a\u00e9reo y el turismo mundial\u00bb.<\/p>\n<p style=\"text-align: justify;\">Por \u00faltimo dijo, \u00abRecomiendo a los pa\u00edses miembros de la Comisi\u00f3n Latinoamericana deAviaci\u00f3n Civil, que pongamos en agenda en el 2018 y 2019 las l\u00edneas a\u00e9reas y la infraestructura low cost que necesitamos para la pr\u00f3xima d\u00e9cada\u00bb.<\/p>\n<p style=\"text-align: justify;\"><img decoding=\"async\" src=\"images\/stories\/17\/05\/120517\/fotografia2130.jpg\" border=\"0\" \/><\/p>\n","protected":false},"excerpt":{"rendered":"<p>(Aeronoticias) Hace 23 a\u00f1os, en Panam\u00e1 un grupo de Diputados y Senadores de la Rep\u00fablica Argentina escucharon una Conferencia que dio Juli\u00e1n Palacin Fern\u00e1ndez, candidato al Decanato del Colegio de Abogados de Lima 2018-2019, en Panam\u00e1 y luego recibi\u00f3 la oferta de un Contrato de Consultor\u00eda con la C\u00e1mara de Diputados de la provincia de [&hellip;]<\/p>\n","protected":false},"author":1,"featured_media":0,"comment_status":"open","ping_status":"open","sticky":false,"template":"","format":"standard","meta":{"tdm_status":"","tdm_grid_status":"","footnotes":""},"categories":[27],"tags":[],"class_list":{"0":"post-56570","1":"post","2":"type-post","3":"status-publish","4":"format-standard","6":"category-historia-derecho-aero-peruano"},"yoast_head":"<!-- This site is optimized with the Yoast SEO plugin v25.1 - https:\/\/yoast.com\/wordpress\/plugins\/seo\/ -->\n<title>Pol\u00edtica A\u00e9rea Federal Argentina<\/title>\n<meta name=\"description\" content=\"Portal de noticias del Per\u00fa sobre el transporte a\u00e9reo, aviaci\u00f3n, turismo, hoteleria, actualidad.\" \/>\n<meta name=\"robots\" content=\"index, follow, max-snippet:-1, max-image-preview:large, max-video-preview:-1\" \/>\n<link rel=\"canonical\" href=\"https:\/\/aeronoticias.com.pe\/noticiero\/historia-derecho-aero-peruano\/politica-aerea-federal-argentina\/\" \/>\n<meta property=\"og:locale\" content=\"es_ES\" \/>\n<meta property=\"og:type\" content=\"article\" \/>\n<meta property=\"og:title\" content=\"Pol\u00edtica A\u00e9rea Federal Argentina\" \/>\n<meta property=\"og:description\" content=\"Portal de noticias del Per\u00fa sobre el transporte a\u00e9reo, aviaci\u00f3n, turismo, hoteleria, actualidad.\" \/>\n<meta property=\"og:url\" content=\"https:\/\/aeronoticias.com.pe\/noticiero\/historia-derecho-aero-peruano\/politica-aerea-federal-argentina\/\" \/>\n<meta property=\"og:site_name\" content=\"Aeronoticias.com.pe\" \/>\n<meta property=\"article:publisher\" content=\"https:\/\/www.facebook.com\/Aeronoticias.com.pe\/\" \/>\n<meta property=\"article:published_time\" content=\"2017-05-15T18:00:20+00:00\" \/>\n<meta property=\"article:modified_time\" content=\"2020-09-11T15:27:32+00:00\" \/>\n<meta name=\"author\" content=\"Redacci\u00f3n Aeronoticias\" \/>\n<meta name=\"twitter:card\" content=\"summary_large_image\" \/>\n<meta name=\"twitter:creator\" content=\"@aeronoticias\" \/>\n<meta name=\"twitter:site\" content=\"@aeronoticias\" \/>\n<meta name=\"twitter:label1\" content=\"Escrito por\" \/>\n\t<meta name=\"twitter:data1\" content=\"Redacci\u00f3n Aeronoticias\" \/>\n\t<meta name=\"twitter:label2\" content=\"Tiempo de lectura\" \/>\n\t<meta name=\"twitter:data2\" content=\"3 minutos\" \/>\n<script type=\"application\/ld+json\" class=\"yoast-schema-graph\">{\"@context\":\"https:\/\/schema.org\",\"@graph\":[{\"@type\":\"WebPage\",\"@id\":\"https:\/\/aeronoticias.com.pe\/noticiero\/historia-derecho-aero-peruano\/politica-aerea-federal-argentina\/\",\"url\":\"https:\/\/aeronoticias.com.pe\/noticiero\/historia-derecho-aero-peruano\/politica-aerea-federal-argentina\/\",\"name\":\"Pol\u00edtica A\u00e9rea Federal Argentina\",\"isPartOf\":{\"@id\":\"https:\/\/aeronoticias.com.pe\/noticiero\/#website\"},\"datePublished\":\"2017-05-15T18:00:20+00:00\",\"dateModified\":\"2020-09-11T15:27:32+00:00\",\"author\":{\"@id\":\"https:\/\/aeronoticias.com.pe\/noticiero\/#\/schema\/person\/fc1e5d578f4b62ba1cf7ac2bba1170a0\"},\"description\":\"Portal de noticias del Per\u00fa sobre el transporte a\u00e9reo, aviaci\u00f3n, turismo, hoteleria, actualidad.\",\"breadcrumb\":{\"@id\":\"https:\/\/aeronoticias.com.pe\/noticiero\/historia-derecho-aero-peruano\/politica-aerea-federal-argentina\/#breadcrumb\"},\"inLanguage\":\"es\",\"potentialAction\":[{\"@type\":\"ReadAction\",\"target\":[\"https:\/\/aeronoticias.com.pe\/noticiero\/historia-derecho-aero-peruano\/politica-aerea-federal-argentina\/\"]}]},{\"@type\":\"BreadcrumbList\",\"@id\":\"https:\/\/aeronoticias.com.pe\/noticiero\/historia-derecho-aero-peruano\/politica-aerea-federal-argentina\/#breadcrumb\",\"itemListElement\":[{\"@type\":\"ListItem\",\"position\":1,\"name\":\"Portada\",\"item\":\"https:\/\/aeronoticias.com.pe\/noticiero\/\"},{\"@type\":\"ListItem\",\"position\":2,\"name\":\"Pol\u00edtica A\u00e9rea Federal Argentina\"}]},{\"@type\":\"WebSite\",\"@id\":\"https:\/\/aeronoticias.com.pe\/noticiero\/#website\",\"url\":\"https:\/\/aeronoticias.com.pe\/noticiero\/\",\"name\":\"Aeronoticias.com.pe\",\"description\":\"Noticias de tranporte aereo, turismo, hoteles, gastronomia, actualidad, internacional\",\"potentialAction\":[{\"@type\":\"SearchAction\",\"target\":{\"@type\":\"EntryPoint\",\"urlTemplate\":\"https:\/\/aeronoticias.com.pe\/noticiero\/?s={search_term_string}\"},\"query-input\":{\"@type\":\"PropertyValueSpecification\",\"valueRequired\":true,\"valueName\":\"search_term_string\"}}],\"inLanguage\":\"es\"},{\"@type\":\"Person\",\"@id\":\"https:\/\/aeronoticias.com.pe\/noticiero\/#\/schema\/person\/fc1e5d578f4b62ba1cf7ac2bba1170a0\",\"name\":\"Redacci\u00f3n Aeronoticias\",\"url\":\"https:\/\/aeronoticias.com.pe\/noticiero\/author\/piloto\/\"}]}<\/script>\n<!-- \/ Yoast SEO plugin. -->","yoast_head_json":{"title":"Pol\u00edtica A\u00e9rea Federal Argentina","description":"Portal de noticias del Per\u00fa sobre el transporte a\u00e9reo, aviaci\u00f3n, turismo, hoteleria, actualidad.","robots":{"index":"index","follow":"follow","max-snippet":"max-snippet:-1","max-image-preview":"max-image-preview:large","max-video-preview":"max-video-preview:-1"},"canonical":"https:\/\/aeronoticias.com.pe\/noticiero\/historia-derecho-aero-peruano\/politica-aerea-federal-argentina\/","og_locale":"es_ES","og_type":"article","og_title":"Pol\u00edtica A\u00e9rea Federal Argentina","og_description":"Portal de noticias del Per\u00fa sobre el transporte a\u00e9reo, aviaci\u00f3n, turismo, hoteleria, actualidad.","og_url":"https:\/\/aeronoticias.com.pe\/noticiero\/historia-derecho-aero-peruano\/politica-aerea-federal-argentina\/","og_site_name":"Aeronoticias.com.pe","article_publisher":"https:\/\/www.facebook.com\/Aeronoticias.com.pe\/","article_published_time":"2017-05-15T18:00:20+00:00","article_modified_time":"2020-09-11T15:27:32+00:00","author":"Redacci\u00f3n Aeronoticias","twitter_card":"summary_large_image","twitter_creator":"@aeronoticias","twitter_site":"@aeronoticias","twitter_misc":{"Escrito por":"Redacci\u00f3n Aeronoticias","Tiempo de lectura":"3 minutos"},"schema":{"@context":"https:\/\/schema.org","@graph":[{"@type":"WebPage","@id":"https:\/\/aeronoticias.com.pe\/noticiero\/historia-derecho-aero-peruano\/politica-aerea-federal-argentina\/","url":"https:\/\/aeronoticias.com.pe\/noticiero\/historia-derecho-aero-peruano\/politica-aerea-federal-argentina\/","name":"Pol\u00edtica A\u00e9rea Federal Argentina","isPartOf":{"@id":"https:\/\/aeronoticias.com.pe\/noticiero\/#website"},"datePublished":"2017-05-15T18:00:20+00:00","dateModified":"2020-09-11T15:27:32+00:00","author":{"@id":"https:\/\/aeronoticias.com.pe\/noticiero\/#\/schema\/person\/fc1e5d578f4b62ba1cf7ac2bba1170a0"},"description":"Portal de noticias del Per\u00fa sobre el transporte a\u00e9reo, aviaci\u00f3n, turismo, hoteleria, actualidad.","breadcrumb":{"@id":"https:\/\/aeronoticias.com.pe\/noticiero\/historia-derecho-aero-peruano\/politica-aerea-federal-argentina\/#breadcrumb"},"inLanguage":"es","potentialAction":[{"@type":"ReadAction","target":["https:\/\/aeronoticias.com.pe\/noticiero\/historia-derecho-aero-peruano\/politica-aerea-federal-argentina\/"]}]},{"@type":"BreadcrumbList","@id":"https:\/\/aeronoticias.com.pe\/noticiero\/historia-derecho-aero-peruano\/politica-aerea-federal-argentina\/#breadcrumb","itemListElement":[{"@type":"ListItem","position":1,"name":"Portada","item":"https:\/\/aeronoticias.com.pe\/noticiero\/"},{"@type":"ListItem","position":2,"name":"Pol\u00edtica A\u00e9rea Federal Argentina"}]},{"@type":"WebSite","@id":"https:\/\/aeronoticias.com.pe\/noticiero\/#website","url":"https:\/\/aeronoticias.com.pe\/noticiero\/","name":"Aeronoticias.com.pe","description":"Noticias de tranporte aereo, turismo, hoteles, gastronomia, actualidad, internacional","potentialAction":[{"@type":"SearchAction","target":{"@type":"EntryPoint","urlTemplate":"https:\/\/aeronoticias.com.pe\/noticiero\/?s={search_term_string}"},"query-input":{"@type":"PropertyValueSpecification","valueRequired":true,"valueName":"search_term_string"}}],"inLanguage":"es"},{"@type":"Person","@id":"https:\/\/aeronoticias.com.pe\/noticiero\/#\/schema\/person\/fc1e5d578f4b62ba1cf7ac2bba1170a0","name":"Redacci\u00f3n Aeronoticias","url":"https:\/\/aeronoticias.com.pe\/noticiero\/author\/piloto\/"}]}},"_links":{"self":[{"href":"https:\/\/aeronoticias.com.pe\/noticiero\/wp-json\/wp\/v2\/posts\/56570","targetHints":{"allow":["GET"]}}],"collection":[{"href":"https:\/\/aeronoticias.com.pe\/noticiero\/wp-json\/wp\/v2\/posts"}],"about":[{"href":"https:\/\/aeronoticias.com.pe\/noticiero\/wp-json\/wp\/v2\/types\/post"}],"author":[{"embeddable":true,"href":"https:\/\/aeronoticias.com.pe\/noticiero\/wp-json\/wp\/v2\/users\/1"}],"replies":[{"embeddable":true,"href":"https:\/\/aeronoticias.com.pe\/noticiero\/wp-json\/wp\/v2\/comments?post=56570"}],"version-history":[{"count":0,"href":"https:\/\/aeronoticias.com.pe\/noticiero\/wp-json\/wp\/v2\/posts\/56570\/revisions"}],"wp:attachment":[{"href":"https:\/\/aeronoticias.com.pe\/noticiero\/wp-json\/wp\/v2\/media?parent=56570"}],"wp:term":[{"taxonomy":"category","embeddable":true,"href":"https:\/\/aeronoticias.com.pe\/noticiero\/wp-json\/wp\/v2\/categories?post=56570"},{"taxonomy":"post_tag","embeddable":true,"href":"https:\/\/aeronoticias.com.pe\/noticiero\/wp-json\/wp\/v2\/tags?post=56570"}],"curies":[{"name":"wp","href":"https:\/\/api.w.org\/{rel}","templated":true}]}}