{"id":56572,"date":"2017-05-15T19:28:04","date_gmt":"2017-05-15T19:28:04","guid":{"rendered":"http:\/\/desarrollo.mcvicious.com\/aero2020\/2017\/05\/15\/europa-se-prepara-para-la-prohibicion-de-dispositivos-electronicos-en-vuelos-a-eeuu\/"},"modified":"2017-05-15T19:28:04","modified_gmt":"2017-05-15T19:28:04","slug":"europa-se-prepara-para-la-prohibicion-de-dispositivos-electronicos-en-vuelos-a-eeuu","status":"publish","type":"post","link":"https:\/\/aeronoticias.com.pe\/noticiero\/internacionales\/europa-se-prepara-para-la-prohibicion-de-dispositivos-electronicos-en-vuelos-a-eeuu\/","title":{"rendered":"Europa se prepara para la prohibici\u00f3n de dispositivos electr\u00f3nicos en vuelos a EE.UU"},"content":{"rendered":"<p style=\"text-align: justify;\"><strong>(Aeronoticias) <\/strong><span style=\"font-size: 12.16px;\">Europa se prepara para grandes turbulencias: la prohibici\u00f3n de dispositivos electr\u00f3nicos en los vuelos a Estados Unidos.<\/span><\/p>\n<p style=\"text-align: justify;\"><span style=\"font-size: 12.16px;\">Compa\u00f1\u00edas a\u00e9reas y reguladores europeos se est\u00e1n preparando para la posibilidad de que el gobierno de Donald Trump proh\u00edba viajar con computadoras port\u00e1tiles y otros dispositivos de gran tama\u00f1o en las cabinas de los aviones desde Europa a los Estados Unidos.<\/span><\/p>\n<p style=\"text-align: justify;\"><span style=\"font-size: 12.16px;\">Tal medida representar\u00eda una masiva expansi\u00f3n de la prohibici\u00f3n impuesta en marzo a las aerol\u00edneas que vuelan desde 10 aeropuertos en Medio Oriente y \u00c1frica. Seg\u00fan las nuevas normas, los pasajeros de esos vuelos tienen que facturar los dispositivos electr\u00f3nicos que son m\u00e1s grandes que un tel\u00e9fono inteligente.<\/span><\/p>\n<p style=\"text-align: justify;\"><span style=\"font-size: 12.16px;\">En Estados Unidos, una fuente en el Congreso y una fuente de Seguridad Nacional dijeron a CNN el jueves que es cada vez m\u00e1s probable que la prohibici\u00f3n sea ampliada pronto. El secretario de Seguridad Nacional, John Kelly, se reuni\u00f3 con legisladores para discutir sobre seguridad en la aviaci\u00f3n.<\/span><\/p>\n<p style=\"text-align: justify;\"><span style=\"font-size: 12.16px;\">Las fuentes destacaron que la decisi\u00f3n final a\u00fan no se hab\u00eda tomado.<\/span><\/p>\n<p style=\"text-align: justify;\"><span style=\"font-size: 12.16px;\">Un funcionario de transporte europeo de alto rango dijo que la industria de la aviaci\u00f3n estaba esperando que EE.UU. extienda la prohibici\u00f3n a Europa, y describi\u00f3 la situaci\u00f3n como \u201cun desastre total\u201d.<\/span><\/p>\n<p style=\"text-align: justify;\"><span style=\"font-size: 12.16px;\">\u201cEstamos esperando que pase algo, simplemente no estamos seguros exactamente qu\u00e9 o cu\u00e1ndo\u201d, dijo un alto ejecutivo de una importante compa\u00f1\u00eda a\u00e9rea europea.<\/span><\/p>\n<p style=\"text-align: justify;\"><span style=\"font-size: 12.16px;\">Las pol\u00e9micas medidas de seguridad fueron criticadas por las compa\u00f1\u00edas a\u00e9reas de Medio Oriente y otros expertos en aviaci\u00f3n, que cuestionaron la justificaci\u00f3n de la pol\u00edtica, se quejaron del impacto en su negocio, y advirtieron de los riesgos de seguridad asociados con el transporte de un gran n\u00famero de bater\u00edas de litio en la bodega de carga de las aeronaves.<\/span><\/p>\n<p style=\"text-align: justify;\"><span style=\"font-size: 12.16px;\">Una fuente de Capitol Hill dijo que ser\u00eda dif\u00edcil implementar la prohibici\u00f3n en Europa sin extenderla a los vuelos que salen de Estados Unidos. Las medidas de seguridad en los aeropuertos europeos est\u00e1n estrechamente alineados con las medidas estadounidenses.<\/span><\/p>\n<p style=\"text-align: justify;\"><span style=\"font-size: 12.16px;\">Sin embargo, un funcionario de Estados Unidos no estuvo de acuerdo con esa evaluaci\u00f3n.<\/span><\/p>\n<p style=\"text-align: justify;\"><span style=\"font-size: 12.16px;\">\u201cLa raz\u00f3n por la que no estamos buscando ampliar la medida a los vuelos que salen de EE.UU. se debe a que la informaci\u00f3n de inteligencia sugiere que no es necesario\u201d, dijo el funcionario. \u201cEsta no es una acusaci\u00f3n sobre las medidas de seguridad en Europa. Estamos actuando sobre informaci\u00f3n de inteligencia espec\u00edfica\u201d.<\/span><\/p>\n<p style=\"text-align: justify;\"><span style=\"font-size: 12.16px;\">La extensi\u00f3n de las restricciones a Europa tendr\u00eda un impacto mucho mayor en la industria que la prohibici\u00f3n en Oriente Oriente.<\/span><\/p>\n<p style=\"text-align: justify;\"><span style=\"font-size: 12.16px;\">Aproximadamente el 40% de los viajeros extranjeros que llegan a EE.UU. vienen de Europa, cruzando el Atl\u00e1ntico en m\u00e1s de 350 vuelos al d\u00eda.<\/span><\/p>\n<p style=\"text-align: justify;\"><span style=\"font-size: 12.16px;\">Muchos de los vuelos son operados por aerol\u00edneas estadounidenses como Delta, United y American, o de sus socios europeos.<\/span><\/p>\n<p style=\"text-align: justify;\"><span style=\"font-size: 12.16px;\">Los detalles de las restricciones a\u00fan no est\u00e1n claros.<\/span><\/p>\n<p style=\"text-align: justify;\"><span style=\"font-size: 12.16px;\">El Departamento Seguridad Nacional dijo en un comunicado el mi\u00e9rcoles que la restricci\u00f3n estaba bajo consideraci\u00f3n.<\/span><\/p>\n<p style=\"text-align: justify;\"><span style=\"font-size: 12.16px;\"><img decoding=\"async\" src=\"images\/stories\/17\/05\/150517\/prohibicionelectronicos.jpg\" border=\"0\" \/><br \/><\/span><\/p>\n<p style=\"text-align: justify;\"><span style=\"font-size: 12.16px;\"><br \/><\/span><\/p>\n","protected":false},"excerpt":{"rendered":"<p>(Aeronoticias) Europa se prepara para grandes turbulencias: la prohibici\u00f3n de dispositivos electr\u00f3nicos en los vuelos a Estados Unidos. Compa\u00f1\u00edas a\u00e9reas y reguladores europeos se est\u00e1n preparando para la posibilidad de que el gobierno de Donald Trump proh\u00edba viajar con computadoras port\u00e1tiles y otros dispositivos de gran tama\u00f1o en las cabinas de los aviones desde Europa [&hellip;]<\/p>\n","protected":false},"author":1,"featured_media":0,"comment_status":"open","ping_status":"open","sticky":false,"template":"","format":"standard","meta":{"tdm_status":"","tdm_grid_status":"","footnotes":""},"categories":[34],"tags":[],"class_list":{"0":"post-56572","1":"post","2":"type-post","3":"status-publish","4":"format-standard","6":"category-internacionales"},"yoast_head":"<!-- This site is optimized with the Yoast SEO plugin v25.1 - https:\/\/yoast.com\/wordpress\/plugins\/seo\/ -->\n<title>Europa se prepara para la prohibici\u00f3n de dispositivos electr\u00f3nicos en vuelos a EE.UU<\/title>\n<meta name=\"description\" content=\"Portal de noticias del Per\u00fa sobre el transporte a\u00e9reo, aviaci\u00f3n, turismo, hoteleria, actualidad.\" \/>\n<meta name=\"robots\" content=\"index, follow, max-snippet:-1, max-image-preview:large, max-video-preview:-1\" \/>\n<link rel=\"canonical\" href=\"https:\/\/aeronoticias.com.pe\/noticiero\/internacionales\/europa-se-prepara-para-la-prohibicion-de-dispositivos-electronicos-en-vuelos-a-eeuu\/\" \/>\n<meta property=\"og:locale\" content=\"es_ES\" \/>\n<meta property=\"og:type\" content=\"article\" \/>\n<meta property=\"og:title\" content=\"Europa se prepara para la prohibici\u00f3n de dispositivos electr\u00f3nicos en vuelos a EE.UU\" \/>\n<meta property=\"og:description\" content=\"Portal de noticias del Per\u00fa sobre el transporte a\u00e9reo, aviaci\u00f3n, turismo, hoteleria, actualidad.\" \/>\n<meta property=\"og:url\" content=\"https:\/\/aeronoticias.com.pe\/noticiero\/internacionales\/europa-se-prepara-para-la-prohibicion-de-dispositivos-electronicos-en-vuelos-a-eeuu\/\" \/>\n<meta property=\"og:site_name\" content=\"Aeronoticias.com.pe\" \/>\n<meta property=\"article:publisher\" content=\"https:\/\/www.facebook.com\/Aeronoticias.com.pe\/\" \/>\n<meta property=\"article:published_time\" content=\"2017-05-15T19:28:04+00:00\" \/>\n<meta name=\"author\" content=\"Redacci\u00f3n Aeronoticias\" \/>\n<meta name=\"twitter:card\" content=\"summary_large_image\" \/>\n<meta name=\"twitter:creator\" content=\"@aeronoticias\" \/>\n<meta name=\"twitter:site\" content=\"@aeronoticias\" \/>\n<meta name=\"twitter:label1\" content=\"Escrito por\" \/>\n\t<meta name=\"twitter:data1\" content=\"Redacci\u00f3n Aeronoticias\" \/>\n\t<meta name=\"twitter:label2\" content=\"Tiempo de lectura\" \/>\n\t<meta name=\"twitter:data2\" content=\"3 minutos\" \/>\n<script type=\"application\/ld+json\" class=\"yoast-schema-graph\">{\"@context\":\"https:\/\/schema.org\",\"@graph\":[{\"@type\":\"WebPage\",\"@id\":\"https:\/\/aeronoticias.com.pe\/noticiero\/internacionales\/europa-se-prepara-para-la-prohibicion-de-dispositivos-electronicos-en-vuelos-a-eeuu\/\",\"url\":\"https:\/\/aeronoticias.com.pe\/noticiero\/internacionales\/europa-se-prepara-para-la-prohibicion-de-dispositivos-electronicos-en-vuelos-a-eeuu\/\",\"name\":\"Europa se prepara para la prohibici\u00f3n de dispositivos electr\u00f3nicos en vuelos a EE.UU\",\"isPartOf\":{\"@id\":\"https:\/\/aeronoticias.com.pe\/noticiero\/#website\"},\"datePublished\":\"2017-05-15T19:28:04+00:00\",\"author\":{\"@id\":\"https:\/\/aeronoticias.com.pe\/noticiero\/#\/schema\/person\/fc1e5d578f4b62ba1cf7ac2bba1170a0\"},\"description\":\"Portal de noticias del Per\u00fa sobre el transporte a\u00e9reo, aviaci\u00f3n, turismo, hoteleria, actualidad.\",\"breadcrumb\":{\"@id\":\"https:\/\/aeronoticias.com.pe\/noticiero\/internacionales\/europa-se-prepara-para-la-prohibicion-de-dispositivos-electronicos-en-vuelos-a-eeuu\/#breadcrumb\"},\"inLanguage\":\"es\",\"potentialAction\":[{\"@type\":\"ReadAction\",\"target\":[\"https:\/\/aeronoticias.com.pe\/noticiero\/internacionales\/europa-se-prepara-para-la-prohibicion-de-dispositivos-electronicos-en-vuelos-a-eeuu\/\"]}]},{\"@type\":\"BreadcrumbList\",\"@id\":\"https:\/\/aeronoticias.com.pe\/noticiero\/internacionales\/europa-se-prepara-para-la-prohibicion-de-dispositivos-electronicos-en-vuelos-a-eeuu\/#breadcrumb\",\"itemListElement\":[{\"@type\":\"ListItem\",\"position\":1,\"name\":\"Portada\",\"item\":\"https:\/\/aeronoticias.com.pe\/noticiero\/\"},{\"@type\":\"ListItem\",\"position\":2,\"name\":\"Europa se prepara para la prohibici\u00f3n de dispositivos electr\u00f3nicos en vuelos a EE.UU\"}]},{\"@type\":\"WebSite\",\"@id\":\"https:\/\/aeronoticias.com.pe\/noticiero\/#website\",\"url\":\"https:\/\/aeronoticias.com.pe\/noticiero\/\",\"name\":\"Aeronoticias.com.pe\",\"description\":\"Noticias de tranporte aereo, turismo, hoteles, gastronomia, actualidad, internacional\",\"potentialAction\":[{\"@type\":\"SearchAction\",\"target\":{\"@type\":\"EntryPoint\",\"urlTemplate\":\"https:\/\/aeronoticias.com.pe\/noticiero\/?s={search_term_string}\"},\"query-input\":{\"@type\":\"PropertyValueSpecification\",\"valueRequired\":true,\"valueName\":\"search_term_string\"}}],\"inLanguage\":\"es\"},{\"@type\":\"Person\",\"@id\":\"https:\/\/aeronoticias.com.pe\/noticiero\/#\/schema\/person\/fc1e5d578f4b62ba1cf7ac2bba1170a0\",\"name\":\"Redacci\u00f3n Aeronoticias\",\"url\":\"https:\/\/aeronoticias.com.pe\/noticiero\/author\/piloto\/\"}]}<\/script>\n<!-- \/ Yoast SEO plugin. -->","yoast_head_json":{"title":"Europa se prepara para la prohibici\u00f3n de dispositivos electr\u00f3nicos en vuelos a EE.UU","description":"Portal de noticias del Per\u00fa sobre el transporte a\u00e9reo, aviaci\u00f3n, turismo, hoteleria, actualidad.","robots":{"index":"index","follow":"follow","max-snippet":"max-snippet:-1","max-image-preview":"max-image-preview:large","max-video-preview":"max-video-preview:-1"},"canonical":"https:\/\/aeronoticias.com.pe\/noticiero\/internacionales\/europa-se-prepara-para-la-prohibicion-de-dispositivos-electronicos-en-vuelos-a-eeuu\/","og_locale":"es_ES","og_type":"article","og_title":"Europa se prepara para la prohibici\u00f3n de dispositivos electr\u00f3nicos en vuelos a EE.UU","og_description":"Portal de noticias del Per\u00fa sobre el transporte a\u00e9reo, aviaci\u00f3n, turismo, hoteleria, actualidad.","og_url":"https:\/\/aeronoticias.com.pe\/noticiero\/internacionales\/europa-se-prepara-para-la-prohibicion-de-dispositivos-electronicos-en-vuelos-a-eeuu\/","og_site_name":"Aeronoticias.com.pe","article_publisher":"https:\/\/www.facebook.com\/Aeronoticias.com.pe\/","article_published_time":"2017-05-15T19:28:04+00:00","author":"Redacci\u00f3n Aeronoticias","twitter_card":"summary_large_image","twitter_creator":"@aeronoticias","twitter_site":"@aeronoticias","twitter_misc":{"Escrito por":"Redacci\u00f3n Aeronoticias","Tiempo de lectura":"3 minutos"},"schema":{"@context":"https:\/\/schema.org","@graph":[{"@type":"WebPage","@id":"https:\/\/aeronoticias.com.pe\/noticiero\/internacionales\/europa-se-prepara-para-la-prohibicion-de-dispositivos-electronicos-en-vuelos-a-eeuu\/","url":"https:\/\/aeronoticias.com.pe\/noticiero\/internacionales\/europa-se-prepara-para-la-prohibicion-de-dispositivos-electronicos-en-vuelos-a-eeuu\/","name":"Europa se prepara para la prohibici\u00f3n de dispositivos electr\u00f3nicos en vuelos a EE.UU","isPartOf":{"@id":"https:\/\/aeronoticias.com.pe\/noticiero\/#website"},"datePublished":"2017-05-15T19:28:04+00:00","author":{"@id":"https:\/\/aeronoticias.com.pe\/noticiero\/#\/schema\/person\/fc1e5d578f4b62ba1cf7ac2bba1170a0"},"description":"Portal de noticias del Per\u00fa sobre el transporte a\u00e9reo, aviaci\u00f3n, turismo, hoteleria, actualidad.","breadcrumb":{"@id":"https:\/\/aeronoticias.com.pe\/noticiero\/internacionales\/europa-se-prepara-para-la-prohibicion-de-dispositivos-electronicos-en-vuelos-a-eeuu\/#breadcrumb"},"inLanguage":"es","potentialAction":[{"@type":"ReadAction","target":["https:\/\/aeronoticias.com.pe\/noticiero\/internacionales\/europa-se-prepara-para-la-prohibicion-de-dispositivos-electronicos-en-vuelos-a-eeuu\/"]}]},{"@type":"BreadcrumbList","@id":"https:\/\/aeronoticias.com.pe\/noticiero\/internacionales\/europa-se-prepara-para-la-prohibicion-de-dispositivos-electronicos-en-vuelos-a-eeuu\/#breadcrumb","itemListElement":[{"@type":"ListItem","position":1,"name":"Portada","item":"https:\/\/aeronoticias.com.pe\/noticiero\/"},{"@type":"ListItem","position":2,"name":"Europa se prepara para la prohibici\u00f3n de dispositivos electr\u00f3nicos en vuelos a EE.UU"}]},{"@type":"WebSite","@id":"https:\/\/aeronoticias.com.pe\/noticiero\/#website","url":"https:\/\/aeronoticias.com.pe\/noticiero\/","name":"Aeronoticias.com.pe","description":"Noticias de tranporte aereo, turismo, hoteles, gastronomia, actualidad, internacional","potentialAction":[{"@type":"SearchAction","target":{"@type":"EntryPoint","urlTemplate":"https:\/\/aeronoticias.com.pe\/noticiero\/?s={search_term_string}"},"query-input":{"@type":"PropertyValueSpecification","valueRequired":true,"valueName":"search_term_string"}}],"inLanguage":"es"},{"@type":"Person","@id":"https:\/\/aeronoticias.com.pe\/noticiero\/#\/schema\/person\/fc1e5d578f4b62ba1cf7ac2bba1170a0","name":"Redacci\u00f3n Aeronoticias","url":"https:\/\/aeronoticias.com.pe\/noticiero\/author\/piloto\/"}]}},"_links":{"self":[{"href":"https:\/\/aeronoticias.com.pe\/noticiero\/wp-json\/wp\/v2\/posts\/56572","targetHints":{"allow":["GET"]}}],"collection":[{"href":"https:\/\/aeronoticias.com.pe\/noticiero\/wp-json\/wp\/v2\/posts"}],"about":[{"href":"https:\/\/aeronoticias.com.pe\/noticiero\/wp-json\/wp\/v2\/types\/post"}],"author":[{"embeddable":true,"href":"https:\/\/aeronoticias.com.pe\/noticiero\/wp-json\/wp\/v2\/users\/1"}],"replies":[{"embeddable":true,"href":"https:\/\/aeronoticias.com.pe\/noticiero\/wp-json\/wp\/v2\/comments?post=56572"}],"version-history":[{"count":0,"href":"https:\/\/aeronoticias.com.pe\/noticiero\/wp-json\/wp\/v2\/posts\/56572\/revisions"}],"wp:attachment":[{"href":"https:\/\/aeronoticias.com.pe\/noticiero\/wp-json\/wp\/v2\/media?parent=56572"}],"wp:term":[{"taxonomy":"category","embeddable":true,"href":"https:\/\/aeronoticias.com.pe\/noticiero\/wp-json\/wp\/v2\/categories?post=56572"},{"taxonomy":"post_tag","embeddable":true,"href":"https:\/\/aeronoticias.com.pe\/noticiero\/wp-json\/wp\/v2\/tags?post=56572"}],"curies":[{"name":"wp","href":"https:\/\/api.w.org\/{rel}","templated":true}]}}