{"id":56575,"date":"2017-05-16T19:58:33","date_gmt":"2017-05-16T19:58:33","guid":{"rendered":"http:\/\/desarrollo.mcvicious.com\/aero2020\/2017\/05\/16\/american-tambien-fue-nombrada-la-mejor-aerolinea-de-carga-de-las-americas-por-10mo-ano-consecutivo\/"},"modified":"2020-09-11T15:55:38","modified_gmt":"2020-09-11T15:55:38","slug":"american-tambien-fue-nombrada-la-mejor-aerolinea-de-carga-de-las-americas-por-10mo-ano-consecutivo","status":"publish","type":"post","link":"https:\/\/aeronoticias.com.pe\/noticiero\/institucionales\/american-tambien-fue-nombrada-la-mejor-aerolinea-de-carga-de-las-americas-por-10mo-ano-consecutivo\/","title":{"rendered":"American tambi\u00e9n fue nombrada la Mejor Aerol\u00ednea de Carga de las Am\u00e9ricas por 10mo a\u00f1o consecutivo"},"content":{"rendered":"<p style=\"text-align: justify;\"><strong>(Aeronoticias) <\/strong><span style=\"text-align: justify; font-size: 12.16px;\">American Airlines fue nombrada Aerol\u00ednea de Carga del A\u00f1o 2017 por los lectores de la publicaci\u00f3n l\u00edder en la industria Air Cargo News, en un evento de gala en Londres el 22 de abril. Esta es la primera vez en los 34 a\u00f1os de historia de este premio que una aerol\u00ednea de norteamericana ha sido reconocida por tres a\u00f1os consecutivos. American tambi\u00e9n fue nombrada La Mejor Aerol\u00ednea de Carga de las Am\u00e9ricas por d\u00e9cimo a\u00f1o consecutivo durante la ceremonia.<\/span><\/p>\n<p style=\"text-align: justify;\"><span style=\"font-size: 12.16px;\">El premio a la Aerol\u00ednea de Carga del A\u00f1o, el cual es reconocido como uno de los m\u00e1s prestigiosos honores en la industria de carga, reconoce a las aerol\u00edneas que han proporcionado una experiencia del cliente extraordinaria basada en los resultados de la votaci\u00f3n de m\u00e1s de 20,000 profesionales de cadenas de suministro. Durante un per\u00edodo de dos meses, se les pidi\u00f3 a despachadores de carga y asociados de servicio que visitaran la p\u00e1gina de internet de la publicaci\u00f3n y emitieran su voto \u00a0por la aerol\u00ednea que proporcionaba la mejor experiencia del cliente en general y por el proveedor del mejor servicio en cada regi\u00f3n.<\/span><\/p>\n<p style=\"text-align: justify;\"><span style=\"font-size: 12.16px;\">\u201cEs un honor para American ser reconocida por expertos en carga a\u00e9rea por continuar ofreciendo el m\u00e1s alto nivel de servicio y cuidado al cliente. Estamos muy agradecidos con nuestros clientes por sus negocios y por elegirnos la Aerol\u00ednea de Carga del A\u00f1o por el record de tres a\u00f1os consecutivos y como la Mejor Aerol\u00ednea de Carga de las Am\u00e9ricas por d\u00e9cimo a\u00f1o consecutivo\u201d, dijo Rick Elieson, presidente de American Airlines Cargo. \u201cLos premios son un testimonio de las s\u00f3lidas relaciones de confianza que nuestro equipo global de Carga ha desarrollado con nuestros clientes a trav\u00e9s de nuestra extensa red y el cuidado que proveen al procesar m\u00e1s de 1,000 millones de libras de carga y correspondencia todos los a\u00f1os\u201d.<\/span><\/p>\n<p style=\"text-align: justify;\"><img decoding=\"async\" src=\"images\/stories\/17\/05\/160517\/americancargo.jpg\" border=\"0\" \/><\/p>\n","protected":false},"excerpt":{"rendered":"<p>(Aeronoticias) American Airlines fue nombrada Aerol\u00ednea de Carga del A\u00f1o 2017 por los lectores de la publicaci\u00f3n l\u00edder en la industria Air Cargo News, en un evento de gala en Londres el 22 de abril. Esta es la primera vez en los 34 a\u00f1os de historia de este premio que una aerol\u00ednea de norteamericana ha [&hellip;]<\/p>\n","protected":false},"author":1,"featured_media":0,"comment_status":"open","ping_status":"open","sticky":false,"template":"","format":"standard","meta":{"tdm_status":"","tdm_grid_status":"","footnotes":""},"categories":[45,18],"tags":[],"class_list":{"0":"post-56575","1":"post","2":"type-post","3":"status-publish","4":"format-standard","6":"category-eventos","7":"category-institucionales"},"yoast_head":"<!-- This site is optimized with the Yoast SEO plugin v25.1 - https:\/\/yoast.com\/wordpress\/plugins\/seo\/ -->\n<title>American tambi\u00e9n fue nombrada la Mejor Aerol\u00ednea de Carga de las Am\u00e9ricas por 10mo a\u00f1o consecutivo<\/title>\n<meta name=\"description\" content=\"Portal de noticias del Per\u00fa sobre el transporte a\u00e9reo, aviaci\u00f3n, turismo, hoteleria, actualidad.\" \/>\n<meta name=\"robots\" content=\"index, follow, max-snippet:-1, max-image-preview:large, max-video-preview:-1\" \/>\n<link rel=\"canonical\" href=\"https:\/\/aeronoticias.com.pe\/noticiero\/institucionales\/american-tambien-fue-nombrada-la-mejor-aerolinea-de-carga-de-las-americas-por-10mo-ano-consecutivo\/\" \/>\n<meta property=\"og:locale\" content=\"es_ES\" \/>\n<meta property=\"og:type\" content=\"article\" \/>\n<meta property=\"og:title\" content=\"American tambi\u00e9n fue nombrada la Mejor Aerol\u00ednea de Carga de las Am\u00e9ricas por 10mo a\u00f1o consecutivo\" \/>\n<meta property=\"og:description\" content=\"Portal de noticias del Per\u00fa sobre el transporte a\u00e9reo, aviaci\u00f3n, turismo, hoteleria, actualidad.\" \/>\n<meta property=\"og:url\" content=\"https:\/\/aeronoticias.com.pe\/noticiero\/institucionales\/american-tambien-fue-nombrada-la-mejor-aerolinea-de-carga-de-las-americas-por-10mo-ano-consecutivo\/\" \/>\n<meta property=\"og:site_name\" content=\"Aeronoticias.com.pe\" \/>\n<meta property=\"article:publisher\" content=\"https:\/\/www.facebook.com\/Aeronoticias.com.pe\/\" \/>\n<meta property=\"article:published_time\" content=\"2017-05-16T19:58:33+00:00\" \/>\n<meta property=\"article:modified_time\" content=\"2020-09-11T15:55:38+00:00\" \/>\n<meta name=\"author\" content=\"Redacci\u00f3n Aeronoticias\" \/>\n<meta name=\"twitter:card\" content=\"summary_large_image\" \/>\n<meta name=\"twitter:creator\" content=\"@aeronoticias\" \/>\n<meta name=\"twitter:site\" content=\"@aeronoticias\" \/>\n<meta name=\"twitter:label1\" content=\"Escrito por\" \/>\n\t<meta name=\"twitter:data1\" content=\"Redacci\u00f3n Aeronoticias\" \/>\n\t<meta name=\"twitter:label2\" content=\"Tiempo de lectura\" \/>\n\t<meta name=\"twitter:data2\" content=\"2 minutos\" \/>\n<script type=\"application\/ld+json\" class=\"yoast-schema-graph\">{\"@context\":\"https:\/\/schema.org\",\"@graph\":[{\"@type\":\"WebPage\",\"@id\":\"https:\/\/aeronoticias.com.pe\/noticiero\/institucionales\/american-tambien-fue-nombrada-la-mejor-aerolinea-de-carga-de-las-americas-por-10mo-ano-consecutivo\/\",\"url\":\"https:\/\/aeronoticias.com.pe\/noticiero\/institucionales\/american-tambien-fue-nombrada-la-mejor-aerolinea-de-carga-de-las-americas-por-10mo-ano-consecutivo\/\",\"name\":\"American tambi\u00e9n fue nombrada la Mejor Aerol\u00ednea de Carga de las Am\u00e9ricas por 10mo a\u00f1o consecutivo\",\"isPartOf\":{\"@id\":\"https:\/\/aeronoticias.com.pe\/noticiero\/#website\"},\"datePublished\":\"2017-05-16T19:58:33+00:00\",\"dateModified\":\"2020-09-11T15:55:38+00:00\",\"author\":{\"@id\":\"https:\/\/aeronoticias.com.pe\/noticiero\/#\/schema\/person\/fc1e5d578f4b62ba1cf7ac2bba1170a0\"},\"description\":\"Portal de noticias del Per\u00fa sobre el transporte a\u00e9reo, aviaci\u00f3n, turismo, hoteleria, actualidad.\",\"breadcrumb\":{\"@id\":\"https:\/\/aeronoticias.com.pe\/noticiero\/institucionales\/american-tambien-fue-nombrada-la-mejor-aerolinea-de-carga-de-las-americas-por-10mo-ano-consecutivo\/#breadcrumb\"},\"inLanguage\":\"es\",\"potentialAction\":[{\"@type\":\"ReadAction\",\"target\":[\"https:\/\/aeronoticias.com.pe\/noticiero\/institucionales\/american-tambien-fue-nombrada-la-mejor-aerolinea-de-carga-de-las-americas-por-10mo-ano-consecutivo\/\"]}]},{\"@type\":\"BreadcrumbList\",\"@id\":\"https:\/\/aeronoticias.com.pe\/noticiero\/institucionales\/american-tambien-fue-nombrada-la-mejor-aerolinea-de-carga-de-las-americas-por-10mo-ano-consecutivo\/#breadcrumb\",\"itemListElement\":[{\"@type\":\"ListItem\",\"position\":1,\"name\":\"Portada\",\"item\":\"https:\/\/aeronoticias.com.pe\/noticiero\/\"},{\"@type\":\"ListItem\",\"position\":2,\"name\":\"American tambi\u00e9n fue nombrada la Mejor Aerol\u00ednea de Carga de las Am\u00e9ricas por 10mo a\u00f1o consecutivo\"}]},{\"@type\":\"WebSite\",\"@id\":\"https:\/\/aeronoticias.com.pe\/noticiero\/#website\",\"url\":\"https:\/\/aeronoticias.com.pe\/noticiero\/\",\"name\":\"Aeronoticias.com.pe\",\"description\":\"Noticias de tranporte aereo, turismo, hoteles, gastronomia, actualidad, internacional\",\"potentialAction\":[{\"@type\":\"SearchAction\",\"target\":{\"@type\":\"EntryPoint\",\"urlTemplate\":\"https:\/\/aeronoticias.com.pe\/noticiero\/?s={search_term_string}\"},\"query-input\":{\"@type\":\"PropertyValueSpecification\",\"valueRequired\":true,\"valueName\":\"search_term_string\"}}],\"inLanguage\":\"es\"},{\"@type\":\"Person\",\"@id\":\"https:\/\/aeronoticias.com.pe\/noticiero\/#\/schema\/person\/fc1e5d578f4b62ba1cf7ac2bba1170a0\",\"name\":\"Redacci\u00f3n Aeronoticias\",\"url\":\"https:\/\/aeronoticias.com.pe\/noticiero\/author\/piloto\/\"}]}<\/script>\n<!-- \/ Yoast SEO plugin. -->","yoast_head_json":{"title":"American tambi\u00e9n fue nombrada la Mejor Aerol\u00ednea de Carga de las Am\u00e9ricas por 10mo a\u00f1o consecutivo","description":"Portal de noticias del Per\u00fa sobre el transporte a\u00e9reo, aviaci\u00f3n, turismo, hoteleria, actualidad.","robots":{"index":"index","follow":"follow","max-snippet":"max-snippet:-1","max-image-preview":"max-image-preview:large","max-video-preview":"max-video-preview:-1"},"canonical":"https:\/\/aeronoticias.com.pe\/noticiero\/institucionales\/american-tambien-fue-nombrada-la-mejor-aerolinea-de-carga-de-las-americas-por-10mo-ano-consecutivo\/","og_locale":"es_ES","og_type":"article","og_title":"American tambi\u00e9n fue nombrada la Mejor Aerol\u00ednea de Carga de las Am\u00e9ricas por 10mo a\u00f1o consecutivo","og_description":"Portal de noticias del Per\u00fa sobre el transporte a\u00e9reo, aviaci\u00f3n, turismo, hoteleria, actualidad.","og_url":"https:\/\/aeronoticias.com.pe\/noticiero\/institucionales\/american-tambien-fue-nombrada-la-mejor-aerolinea-de-carga-de-las-americas-por-10mo-ano-consecutivo\/","og_site_name":"Aeronoticias.com.pe","article_publisher":"https:\/\/www.facebook.com\/Aeronoticias.com.pe\/","article_published_time":"2017-05-16T19:58:33+00:00","article_modified_time":"2020-09-11T15:55:38+00:00","author":"Redacci\u00f3n Aeronoticias","twitter_card":"summary_large_image","twitter_creator":"@aeronoticias","twitter_site":"@aeronoticias","twitter_misc":{"Escrito por":"Redacci\u00f3n Aeronoticias","Tiempo de lectura":"2 minutos"},"schema":{"@context":"https:\/\/schema.org","@graph":[{"@type":"WebPage","@id":"https:\/\/aeronoticias.com.pe\/noticiero\/institucionales\/american-tambien-fue-nombrada-la-mejor-aerolinea-de-carga-de-las-americas-por-10mo-ano-consecutivo\/","url":"https:\/\/aeronoticias.com.pe\/noticiero\/institucionales\/american-tambien-fue-nombrada-la-mejor-aerolinea-de-carga-de-las-americas-por-10mo-ano-consecutivo\/","name":"American tambi\u00e9n fue nombrada la Mejor Aerol\u00ednea de Carga de las Am\u00e9ricas por 10mo a\u00f1o consecutivo","isPartOf":{"@id":"https:\/\/aeronoticias.com.pe\/noticiero\/#website"},"datePublished":"2017-05-16T19:58:33+00:00","dateModified":"2020-09-11T15:55:38+00:00","author":{"@id":"https:\/\/aeronoticias.com.pe\/noticiero\/#\/schema\/person\/fc1e5d578f4b62ba1cf7ac2bba1170a0"},"description":"Portal de noticias del Per\u00fa sobre el transporte a\u00e9reo, aviaci\u00f3n, turismo, hoteleria, actualidad.","breadcrumb":{"@id":"https:\/\/aeronoticias.com.pe\/noticiero\/institucionales\/american-tambien-fue-nombrada-la-mejor-aerolinea-de-carga-de-las-americas-por-10mo-ano-consecutivo\/#breadcrumb"},"inLanguage":"es","potentialAction":[{"@type":"ReadAction","target":["https:\/\/aeronoticias.com.pe\/noticiero\/institucionales\/american-tambien-fue-nombrada-la-mejor-aerolinea-de-carga-de-las-americas-por-10mo-ano-consecutivo\/"]}]},{"@type":"BreadcrumbList","@id":"https:\/\/aeronoticias.com.pe\/noticiero\/institucionales\/american-tambien-fue-nombrada-la-mejor-aerolinea-de-carga-de-las-americas-por-10mo-ano-consecutivo\/#breadcrumb","itemListElement":[{"@type":"ListItem","position":1,"name":"Portada","item":"https:\/\/aeronoticias.com.pe\/noticiero\/"},{"@type":"ListItem","position":2,"name":"American tambi\u00e9n fue nombrada la Mejor Aerol\u00ednea de Carga de las Am\u00e9ricas por 10mo a\u00f1o consecutivo"}]},{"@type":"WebSite","@id":"https:\/\/aeronoticias.com.pe\/noticiero\/#website","url":"https:\/\/aeronoticias.com.pe\/noticiero\/","name":"Aeronoticias.com.pe","description":"Noticias de tranporte aereo, turismo, hoteles, gastronomia, actualidad, internacional","potentialAction":[{"@type":"SearchAction","target":{"@type":"EntryPoint","urlTemplate":"https:\/\/aeronoticias.com.pe\/noticiero\/?s={search_term_string}"},"query-input":{"@type":"PropertyValueSpecification","valueRequired":true,"valueName":"search_term_string"}}],"inLanguage":"es"},{"@type":"Person","@id":"https:\/\/aeronoticias.com.pe\/noticiero\/#\/schema\/person\/fc1e5d578f4b62ba1cf7ac2bba1170a0","name":"Redacci\u00f3n Aeronoticias","url":"https:\/\/aeronoticias.com.pe\/noticiero\/author\/piloto\/"}]}},"_links":{"self":[{"href":"https:\/\/aeronoticias.com.pe\/noticiero\/wp-json\/wp\/v2\/posts\/56575","targetHints":{"allow":["GET"]}}],"collection":[{"href":"https:\/\/aeronoticias.com.pe\/noticiero\/wp-json\/wp\/v2\/posts"}],"about":[{"href":"https:\/\/aeronoticias.com.pe\/noticiero\/wp-json\/wp\/v2\/types\/post"}],"author":[{"embeddable":true,"href":"https:\/\/aeronoticias.com.pe\/noticiero\/wp-json\/wp\/v2\/users\/1"}],"replies":[{"embeddable":true,"href":"https:\/\/aeronoticias.com.pe\/noticiero\/wp-json\/wp\/v2\/comments?post=56575"}],"version-history":[{"count":0,"href":"https:\/\/aeronoticias.com.pe\/noticiero\/wp-json\/wp\/v2\/posts\/56575\/revisions"}],"wp:attachment":[{"href":"https:\/\/aeronoticias.com.pe\/noticiero\/wp-json\/wp\/v2\/media?parent=56575"}],"wp:term":[{"taxonomy":"category","embeddable":true,"href":"https:\/\/aeronoticias.com.pe\/noticiero\/wp-json\/wp\/v2\/categories?post=56575"},{"taxonomy":"post_tag","embeddable":true,"href":"https:\/\/aeronoticias.com.pe\/noticiero\/wp-json\/wp\/v2\/tags?post=56575"}],"curies":[{"name":"wp","href":"https:\/\/api.w.org\/{rel}","templated":true}]}}