{"id":56598,"date":"2017-05-26T20:31:46","date_gmt":"2017-05-26T20:31:46","guid":{"rendered":"http:\/\/desarrollo.mcvicious.com\/aero2020\/2017\/05\/26\/conversatorio-juridico-qreforma-electoral-cuota-de-paridad-alternancia-vs-ideologia-de-generoq\/"},"modified":"2017-05-26T20:31:46","modified_gmt":"2017-05-26T20:31:46","slug":"conversatorio-juridico-qreforma-electoral-cuota-de-paridad-alternancia-vs-ideologia-de-generoq","status":"publish","type":"post","link":"https:\/\/aeronoticias.com.pe\/noticiero\/politica\/conversatorio-juridico-qreforma-electoral-cuota-de-paridad-alternancia-vs-ideologia-de-generoq\/","title":{"rendered":"Conversatorio Jur\u00eddico \u00abReforma Electoral: cuota de paridad, alternancia vs. ideolog\u00eda de g\u00e9nero\u00bb"},"content":{"rendered":"<p style=\"text-align: justify;\"><strong>(Aeronoticias) <\/strong><span style=\"text-align: justify; font-size: 12.16px;\">El evento fue organizado por los doctores Lesly Llatas Ram\u00edrez y Jos\u00e9 Antonio Anderson Trujillo ambos catedr\u00e1ticos de la Facultad y Ciencias Pol\u00edticas de la Universidad Inca Garcilaso de la Vega.<\/span><\/p>\n<p style=\"text-align: justify;\"><span style=\"font-size: 12.16px;\">El conversatorio estuvo presidido por la Dra. Grace Arroba Ug\u00e1z secretaria acad\u00e9mica en representaci\u00f3n del Sr. Decano Dr. Javier Villavicencio Alfaro.<\/span><\/p>\n<p style=\"text-align: justify;\"><span style=\"font-size: 12.16px;\">Asistieron al evento la plana docente y alumnos de la casa de estudios convirti\u00e9ndose una vez m\u00e1s en el foro jur\u00eddico de debates sobre temas de coyuntura pol\u00edtica y reforma electoral. Concurrencia masiva que refleja el gran inter\u00e9s por los temas de actualidad.<\/span><\/p>\n<p style=\"text-align: justify;\"><span style=\"font-size: 12.16px;\">Una de las principales conclusiones fue comenzar con el fortalecimiento de los partidos pol\u00edticos, incentivar a los j\u00f3venes a participar en la pol\u00edtica con una renovada visi\u00f3n de pa\u00eds, profundizar el g\u00e9nero como parte de una renovada tendencia en la reforma electoral , el aumento de la cuota de g\u00e9nero, la alternancia y el redondeo a favor de la participaci\u00f3n pol\u00edtica de la mujer.<\/span><\/p>\n<p style=\"text-align: justify;\"><span style=\"font-size: 12.16px;\">Gracias Dr. Napole\u00f3n Cabrejos Ormachea y a todos los docentes que participaron en el debate jur\u00eddico.<\/span><\/p>\n<p style=\"text-align: justify;\"><strong style=\"margin: 0px; padding: 0px; border: 0px; outline: 0px; font-size: 12.16px; background-image: initial; background-position: initial; background-size: initial; background-repeat: initial; background-attachment: initial; background-origin: initial; background-clip: initial; font-family: Georgia, Cambria, &quot;Times New Roman&quot;, Times, serif;\"><em style=\"margin: 0px; padding: 0px; border: 0px; outline: 0px; font-size: 12.16px; background: transparent;\">Lesly Llatas Ram\u00edrez<br \/>Abogada jurista docente y defensora de DDHH.<\/em><\/strong><\/p>\n<p style=\"text-align: justify;\"><span style=\"font-size: 12.16px;\"> <\/span><\/p>\n<p style=\"text-align: justify;\"><img decoding=\"async\" src=\"images\/stories\/17\/05\/290517\/llatas1.jpg\" border=\"0\" \/><\/p>\n<p style=\"text-align: justify;\"><span style=\"font-size: 12.16px;\"><img decoding=\"async\" src=\"images\/stories\/17\/05\/260517\/conversatoriojuridico.jpg\" border=\"0\" \/><br \/><\/span><\/p>\n","protected":false},"excerpt":{"rendered":"<p>(Aeronoticias) El evento fue organizado por los doctores Lesly Llatas Ram\u00edrez y Jos\u00e9 Antonio Anderson Trujillo ambos catedr\u00e1ticos de la Facultad y Ciencias Pol\u00edticas de la Universidad Inca Garcilaso de la Vega. El conversatorio estuvo presidido por la Dra. Grace Arroba Ug\u00e1z secretaria acad\u00e9mica en representaci\u00f3n del Sr. Decano Dr. Javier Villavicencio Alfaro. Asistieron al [&hellip;]<\/p>\n","protected":false},"author":1,"featured_media":0,"comment_status":"open","ping_status":"open","sticky":false,"template":"","format":"standard","meta":{"tdm_status":"","tdm_grid_status":"","footnotes":""},"categories":[36],"tags":[],"class_list":{"0":"post-56598","1":"post","2":"type-post","3":"status-publish","4":"format-standard","6":"category-politica"},"yoast_head":"<!-- This site is optimized with the Yoast SEO plugin v25.1 - https:\/\/yoast.com\/wordpress\/plugins\/seo\/ -->\n<title>Conversatorio Jur\u00eddico &quot;Reforma Electoral: cuota de paridad, alternancia vs. ideolog\u00eda de g\u00e9nero&quot;<\/title>\n<meta name=\"description\" content=\"Portal de noticias del Per\u00fa sobre el transporte a\u00e9reo, aviaci\u00f3n, turismo, hoteleria, actualidad.\" \/>\n<meta name=\"robots\" content=\"index, follow, max-snippet:-1, max-image-preview:large, max-video-preview:-1\" \/>\n<link rel=\"canonical\" href=\"https:\/\/aeronoticias.com.pe\/noticiero\/politica\/conversatorio-juridico-qreforma-electoral-cuota-de-paridad-alternancia-vs-ideologia-de-generoq\/\" \/>\n<meta property=\"og:locale\" content=\"es_ES\" \/>\n<meta property=\"og:type\" content=\"article\" \/>\n<meta property=\"og:title\" content=\"Conversatorio Jur\u00eddico &quot;Reforma Electoral: cuota de paridad, alternancia vs. ideolog\u00eda de g\u00e9nero&quot;\" \/>\n<meta property=\"og:description\" content=\"Portal de noticias del Per\u00fa sobre el transporte a\u00e9reo, aviaci\u00f3n, turismo, hoteleria, actualidad.\" \/>\n<meta property=\"og:url\" content=\"https:\/\/aeronoticias.com.pe\/noticiero\/politica\/conversatorio-juridico-qreforma-electoral-cuota-de-paridad-alternancia-vs-ideologia-de-generoq\/\" \/>\n<meta property=\"og:site_name\" content=\"Aeronoticias.com.pe\" \/>\n<meta property=\"article:publisher\" content=\"https:\/\/www.facebook.com\/Aeronoticias.com.pe\/\" \/>\n<meta property=\"article:published_time\" content=\"2017-05-26T20:31:46+00:00\" \/>\n<meta name=\"author\" content=\"Redacci\u00f3n Aeronoticias\" \/>\n<meta name=\"twitter:card\" content=\"summary_large_image\" \/>\n<meta name=\"twitter:creator\" content=\"@aeronoticias\" \/>\n<meta name=\"twitter:site\" content=\"@aeronoticias\" \/>\n<meta name=\"twitter:label1\" content=\"Escrito por\" \/>\n\t<meta name=\"twitter:data1\" content=\"Redacci\u00f3n Aeronoticias\" \/>\n\t<meta name=\"twitter:label2\" content=\"Tiempo de lectura\" \/>\n\t<meta name=\"twitter:data2\" content=\"1 minuto\" \/>\n<script type=\"application\/ld+json\" class=\"yoast-schema-graph\">{\"@context\":\"https:\/\/schema.org\",\"@graph\":[{\"@type\":\"WebPage\",\"@id\":\"https:\/\/aeronoticias.com.pe\/noticiero\/politica\/conversatorio-juridico-qreforma-electoral-cuota-de-paridad-alternancia-vs-ideologia-de-generoq\/\",\"url\":\"https:\/\/aeronoticias.com.pe\/noticiero\/politica\/conversatorio-juridico-qreforma-electoral-cuota-de-paridad-alternancia-vs-ideologia-de-generoq\/\",\"name\":\"Conversatorio Jur\u00eddico \\\"Reforma Electoral: cuota de paridad, alternancia vs. ideolog\u00eda de g\u00e9nero\\\"\",\"isPartOf\":{\"@id\":\"https:\/\/aeronoticias.com.pe\/noticiero\/#website\"},\"datePublished\":\"2017-05-26T20:31:46+00:00\",\"author\":{\"@id\":\"https:\/\/aeronoticias.com.pe\/noticiero\/#\/schema\/person\/fc1e5d578f4b62ba1cf7ac2bba1170a0\"},\"description\":\"Portal de noticias del Per\u00fa sobre el transporte a\u00e9reo, aviaci\u00f3n, turismo, hoteleria, actualidad.\",\"breadcrumb\":{\"@id\":\"https:\/\/aeronoticias.com.pe\/noticiero\/politica\/conversatorio-juridico-qreforma-electoral-cuota-de-paridad-alternancia-vs-ideologia-de-generoq\/#breadcrumb\"},\"inLanguage\":\"es\",\"potentialAction\":[{\"@type\":\"ReadAction\",\"target\":[\"https:\/\/aeronoticias.com.pe\/noticiero\/politica\/conversatorio-juridico-qreforma-electoral-cuota-de-paridad-alternancia-vs-ideologia-de-generoq\/\"]}]},{\"@type\":\"BreadcrumbList\",\"@id\":\"https:\/\/aeronoticias.com.pe\/noticiero\/politica\/conversatorio-juridico-qreforma-electoral-cuota-de-paridad-alternancia-vs-ideologia-de-generoq\/#breadcrumb\",\"itemListElement\":[{\"@type\":\"ListItem\",\"position\":1,\"name\":\"Portada\",\"item\":\"https:\/\/aeronoticias.com.pe\/noticiero\/\"},{\"@type\":\"ListItem\",\"position\":2,\"name\":\"Conversatorio Jur\u00eddico \u00abReforma Electoral: cuota de paridad, alternancia vs. ideolog\u00eda de g\u00e9nero\u00bb\"}]},{\"@type\":\"WebSite\",\"@id\":\"https:\/\/aeronoticias.com.pe\/noticiero\/#website\",\"url\":\"https:\/\/aeronoticias.com.pe\/noticiero\/\",\"name\":\"Aeronoticias.com.pe\",\"description\":\"Noticias de tranporte aereo, turismo, hoteles, gastronomia, actualidad, internacional\",\"potentialAction\":[{\"@type\":\"SearchAction\",\"target\":{\"@type\":\"EntryPoint\",\"urlTemplate\":\"https:\/\/aeronoticias.com.pe\/noticiero\/?s={search_term_string}\"},\"query-input\":{\"@type\":\"PropertyValueSpecification\",\"valueRequired\":true,\"valueName\":\"search_term_string\"}}],\"inLanguage\":\"es\"},{\"@type\":\"Person\",\"@id\":\"https:\/\/aeronoticias.com.pe\/noticiero\/#\/schema\/person\/fc1e5d578f4b62ba1cf7ac2bba1170a0\",\"name\":\"Redacci\u00f3n Aeronoticias\",\"url\":\"https:\/\/aeronoticias.com.pe\/noticiero\/author\/piloto\/\"}]}<\/script>\n<!-- \/ Yoast SEO plugin. -->","yoast_head_json":{"title":"Conversatorio Jur\u00eddico \"Reforma Electoral: cuota de paridad, alternancia vs. ideolog\u00eda de g\u00e9nero\"","description":"Portal de noticias del Per\u00fa sobre el transporte a\u00e9reo, aviaci\u00f3n, turismo, hoteleria, actualidad.","robots":{"index":"index","follow":"follow","max-snippet":"max-snippet:-1","max-image-preview":"max-image-preview:large","max-video-preview":"max-video-preview:-1"},"canonical":"https:\/\/aeronoticias.com.pe\/noticiero\/politica\/conversatorio-juridico-qreforma-electoral-cuota-de-paridad-alternancia-vs-ideologia-de-generoq\/","og_locale":"es_ES","og_type":"article","og_title":"Conversatorio Jur\u00eddico \"Reforma Electoral: cuota de paridad, alternancia vs. ideolog\u00eda de g\u00e9nero\"","og_description":"Portal de noticias del Per\u00fa sobre el transporte a\u00e9reo, aviaci\u00f3n, turismo, hoteleria, actualidad.","og_url":"https:\/\/aeronoticias.com.pe\/noticiero\/politica\/conversatorio-juridico-qreforma-electoral-cuota-de-paridad-alternancia-vs-ideologia-de-generoq\/","og_site_name":"Aeronoticias.com.pe","article_publisher":"https:\/\/www.facebook.com\/Aeronoticias.com.pe\/","article_published_time":"2017-05-26T20:31:46+00:00","author":"Redacci\u00f3n Aeronoticias","twitter_card":"summary_large_image","twitter_creator":"@aeronoticias","twitter_site":"@aeronoticias","twitter_misc":{"Escrito por":"Redacci\u00f3n Aeronoticias","Tiempo de lectura":"1 minuto"},"schema":{"@context":"https:\/\/schema.org","@graph":[{"@type":"WebPage","@id":"https:\/\/aeronoticias.com.pe\/noticiero\/politica\/conversatorio-juridico-qreforma-electoral-cuota-de-paridad-alternancia-vs-ideologia-de-generoq\/","url":"https:\/\/aeronoticias.com.pe\/noticiero\/politica\/conversatorio-juridico-qreforma-electoral-cuota-de-paridad-alternancia-vs-ideologia-de-generoq\/","name":"Conversatorio Jur\u00eddico \"Reforma Electoral: cuota de paridad, alternancia vs. ideolog\u00eda de g\u00e9nero\"","isPartOf":{"@id":"https:\/\/aeronoticias.com.pe\/noticiero\/#website"},"datePublished":"2017-05-26T20:31:46+00:00","author":{"@id":"https:\/\/aeronoticias.com.pe\/noticiero\/#\/schema\/person\/fc1e5d578f4b62ba1cf7ac2bba1170a0"},"description":"Portal de noticias del Per\u00fa sobre el transporte a\u00e9reo, aviaci\u00f3n, turismo, hoteleria, actualidad.","breadcrumb":{"@id":"https:\/\/aeronoticias.com.pe\/noticiero\/politica\/conversatorio-juridico-qreforma-electoral-cuota-de-paridad-alternancia-vs-ideologia-de-generoq\/#breadcrumb"},"inLanguage":"es","potentialAction":[{"@type":"ReadAction","target":["https:\/\/aeronoticias.com.pe\/noticiero\/politica\/conversatorio-juridico-qreforma-electoral-cuota-de-paridad-alternancia-vs-ideologia-de-generoq\/"]}]},{"@type":"BreadcrumbList","@id":"https:\/\/aeronoticias.com.pe\/noticiero\/politica\/conversatorio-juridico-qreforma-electoral-cuota-de-paridad-alternancia-vs-ideologia-de-generoq\/#breadcrumb","itemListElement":[{"@type":"ListItem","position":1,"name":"Portada","item":"https:\/\/aeronoticias.com.pe\/noticiero\/"},{"@type":"ListItem","position":2,"name":"Conversatorio Jur\u00eddico \u00abReforma Electoral: cuota de paridad, alternancia vs. ideolog\u00eda de g\u00e9nero\u00bb"}]},{"@type":"WebSite","@id":"https:\/\/aeronoticias.com.pe\/noticiero\/#website","url":"https:\/\/aeronoticias.com.pe\/noticiero\/","name":"Aeronoticias.com.pe","description":"Noticias de tranporte aereo, turismo, hoteles, gastronomia, actualidad, internacional","potentialAction":[{"@type":"SearchAction","target":{"@type":"EntryPoint","urlTemplate":"https:\/\/aeronoticias.com.pe\/noticiero\/?s={search_term_string}"},"query-input":{"@type":"PropertyValueSpecification","valueRequired":true,"valueName":"search_term_string"}}],"inLanguage":"es"},{"@type":"Person","@id":"https:\/\/aeronoticias.com.pe\/noticiero\/#\/schema\/person\/fc1e5d578f4b62ba1cf7ac2bba1170a0","name":"Redacci\u00f3n Aeronoticias","url":"https:\/\/aeronoticias.com.pe\/noticiero\/author\/piloto\/"}]}},"_links":{"self":[{"href":"https:\/\/aeronoticias.com.pe\/noticiero\/wp-json\/wp\/v2\/posts\/56598","targetHints":{"allow":["GET"]}}],"collection":[{"href":"https:\/\/aeronoticias.com.pe\/noticiero\/wp-json\/wp\/v2\/posts"}],"about":[{"href":"https:\/\/aeronoticias.com.pe\/noticiero\/wp-json\/wp\/v2\/types\/post"}],"author":[{"embeddable":true,"href":"https:\/\/aeronoticias.com.pe\/noticiero\/wp-json\/wp\/v2\/users\/1"}],"replies":[{"embeddable":true,"href":"https:\/\/aeronoticias.com.pe\/noticiero\/wp-json\/wp\/v2\/comments?post=56598"}],"version-history":[{"count":0,"href":"https:\/\/aeronoticias.com.pe\/noticiero\/wp-json\/wp\/v2\/posts\/56598\/revisions"}],"wp:attachment":[{"href":"https:\/\/aeronoticias.com.pe\/noticiero\/wp-json\/wp\/v2\/media?parent=56598"}],"wp:term":[{"taxonomy":"category","embeddable":true,"href":"https:\/\/aeronoticias.com.pe\/noticiero\/wp-json\/wp\/v2\/categories?post=56598"},{"taxonomy":"post_tag","embeddable":true,"href":"https:\/\/aeronoticias.com.pe\/noticiero\/wp-json\/wp\/v2\/tags?post=56598"}],"curies":[{"name":"wp","href":"https:\/\/api.w.org\/{rel}","templated":true}]}}