{"id":56599,"date":"2017-05-29T03:30:51","date_gmt":"2017-05-29T03:30:51","guid":{"rendered":"http:\/\/desarrollo.mcvicious.com\/aero2020\/2017\/05\/29\/bosforo-un-espacio-juvenil-de-cultura-y-humanidad-por-jefrey-buenaventura\/"},"modified":"2017-05-29T03:30:51","modified_gmt":"2017-05-29T03:30:51","slug":"bosforo-un-espacio-juvenil-de-cultura-y-humanidad-por-jefrey-buenaventura","status":"publish","type":"post","link":"https:\/\/aeronoticias.com.pe\/noticiero\/nacionales\/bosforo-un-espacio-juvenil-de-cultura-y-humanidad-por-jefrey-buenaventura\/","title":{"rendered":"B\u00f3sforo, un espacio juvenil de cultura y humanidad, por Jefrey Buenaventura"},"content":{"rendered":"<p class=\"MsoNormal\" style=\"margin: 0cm 0cm 0.0001pt; font-size: 12pt; font-family: Calibri;\"><span style=\"font-size: 12pt; text-align: justify;\" lang=\"ES\"><strong>(Aeronoticias)<\/strong>.- La <\/span><span style=\"background-image: initial; background-position: initial; background-size: initial; background-repeat: initial; background-attachment: initial; background-origin: initial; background-clip: initial; text-align: justify; font-size: 10.5pt; font-family: Tahoma;\">Asociaci\u00f3n Cultural y Ayuda Social B\u00d3SFORO es una plataforma de trabajo para la difusi\u00f3n de la cultura y la labor social impulsada por j\u00f3venes turcos y peruanos de diferentes universidades de nuestro pa\u00eds con un \u00fanico fin: generar conciencia en la sociedad sobre el valor de la persona humana y hacer frente a la problem\u00e1tica mundial causada por las guerras, el terrorismo, la violencia y la censura medi\u00e1tica.<\/span><\/p>\n<p class=\"MsoNormal\" style=\"margin: 0cm 0cm 0.0001pt; font-size: 12pt; font-family: Calibri;\"><span style=\"background-image: initial; background-position: initial; background-size: initial; background-repeat: initial; background-attachment: initial; background-origin: initial; background-clip: initial; text-align: justify; font-size: 10.5pt; font-family: Tahoma;\"><br \/><\/span><\/p>\n<p class=\"MsoNormal\" style=\"margin: 0cm 0cm 0.0001pt; font-size: 12pt; font-family: Calibri; text-align: justify;\"><span style=\"font-size: 10.5pt; font-family: Tahoma; background-image: initial; background-position: initial; background-size: initial; background-repeat: initial; background-attachment: initial; background-origin: initial; background-clip: initial;\"> <\/span><\/p>\n<p class=\"MsoNormal\" style=\"margin: 0cm 0cm 0.0001pt; font-size: 12pt; font-family: Calibri; text-align: justify;\"><span style=\"font-size: 10.5pt; font-family: Tahoma; background-image: initial; background-position: initial; background-size: initial; background-repeat: initial; background-attachment: initial; background-origin: initial; background-clip: initial;\">La plataforma juvenil busca implementar espacios de difusi\u00f3n de la cultura turca, peruana y dem\u00e1s. As\u00ed como tambi\u00e9n generar acciones de voluntariado que sumen esfuerzos para hacer frente a la pobreza, la desigualdad, la discriminaci\u00f3n y la violencia.<\/span><\/p>\n<p class=\"MsoNormal\" style=\"margin: 0cm 0cm 0.0001pt; font-size: 12pt; font-family: Calibri; text-align: justify;\"><span style=\"font-size: 10.5pt; font-family: Tahoma; background-image: initial; background-position: initial; background-size: initial; background-repeat: initial; background-attachment: initial; background-origin: initial; background-clip: initial;\"><br \/><\/span><\/p>\n<p class=\"MsoNormal\" style=\"margin: 0cm 0cm 0.0001pt; font-size: 12pt; font-family: Calibri; text-align: justify;\"><span style=\"font-size: 10.5pt; font-family: Tahoma; background-image: initial; background-position: initial; background-size: initial; background-repeat: initial; background-attachment: initial; background-origin: initial; background-clip: initial;\"> <\/span><\/p>\n<p class=\"MsoNormal\" style=\"margin: 0cm 0cm 0.0001pt; font-size: 12pt; font-family: Calibri; text-align: justify;\"><span style=\"font-size: 10.5pt; font-family: Tahoma; background-image: initial; background-position: initial; background-size: initial; background-repeat: initial; background-attachment: initial; background-origin: initial; background-clip: initial;\">Los j\u00f3venes turcos que dieron a conocer esta iniciativa insisten en el trabajo en equipo porque de todos los aspectos culturales aquello que m\u00e1s resaltan es la proactividad de los universitarios peruanos.<\/span><\/p>\n<p class=\"MsoNormal\" style=\"margin: 0cm 0cm 0.0001pt; font-size: 12pt; font-family: Calibri; text-align: justify;\"><span style=\"font-size: 10.5pt; font-family: Tahoma; background-image: initial; background-position: initial; background-size: initial; background-repeat: initial; background-attachment: initial; background-origin: initial; background-clip: initial;\"><br \/><\/span><\/p>\n<p class=\"MsoNormal\" style=\"margin: 0cm 0cm 0.0001pt; font-size: 12pt; font-family: Calibri; text-align: justify;\"><span style=\"font-size: 10.5pt; font-family: Tahoma; background-image: initial; background-position: initial; background-size: initial; background-repeat: initial; background-attachment: initial; background-origin: initial; background-clip: initial;\"> <\/span><\/p>\n<p class=\"MsoNormal\" style=\"margin: 0cm 0cm 0.0001pt; font-size: 12pt; font-family: Calibri; text-align: justify;\"><span style=\"font-size: 10.5pt; font-family: Tahoma; background-image: initial; background-position: initial; background-size: initial; background-repeat: initial; background-attachment: initial; background-origin: initial; background-clip: initial;\">Para ello se han planteado una serie de actividades que deber\u00e1n ir ejecutando de acuerdo a las plataformas asignadas por grupos de trabajo. De esta manera, la ayuda rec\u00edproca lograr\u00e1 resultados \u00f3ptimos, importantes y sobre todo, beneficiosos para nuestra sociedad.<\/span><\/p>\n<p class=\"MsoNormal\" style=\"margin: 0cm 0cm 0.0001pt; font-size: 12pt; font-family: Calibri; text-align: justify;\"><span style=\"font-size: 10.5pt; font-family: Tahoma; background-image: initial; background-position: initial; background-size: initial; background-repeat: initial; background-attachment: initial; background-origin: initial; background-clip: initial;\"><br \/><\/span><\/p>\n<p class=\"MsoNormal\" style=\"margin: 0cm 0cm 0.0001pt; font-size: 12pt; font-family: Calibri; text-align: justify;\"><span style=\"font-size: 10.5pt; font-family: Tahoma; background-image: initial; background-position: initial; background-size: initial; background-repeat: initial; background-attachment: initial; background-origin: initial; background-clip: initial;\"> <\/span><\/p>\n<p class=\"MsoNormal\" style=\"margin: 0cm 0cm 0.0001pt; font-size: 12pt; font-family: Calibri; text-align: justify;\"><span style=\"font-size: 10.5pt; font-family: Tahoma; background-image: initial; background-position: initial; background-size: initial; background-repeat: initial; background-attachment: initial; background-origin: initial; background-clip: initial;\">Definitivamente para los j\u00f3venes turcos no ha sido nada f\u00e1cil adaptarse a nuestras costumbres y tampoco al espa\u00f1ol, les ha tomado meses y en algunos casos a\u00f1os aprender a escribir y hablar en nuestro idioma de una forma comprensible.<\/span><\/p>\n<p class=\"MsoNormal\" style=\"margin: 0cm 0cm 0.0001pt; font-size: 12pt; font-family: Calibri; text-align: justify;\"><span style=\"font-size: 10.5pt; font-family: Tahoma; background-image: initial; background-position: initial; background-size: initial; background-repeat: initial; background-attachment: initial; background-origin: initial; background-clip: initial;\"><br \/><\/span><\/p>\n<p class=\"MsoNormal\" style=\"margin: 0cm 0cm 0.0001pt; font-size: 12pt; font-family: Calibri; text-align: justify;\"><span style=\"font-size: 10.5pt; font-family: Tahoma; background-image: initial; background-position: initial; background-size: initial; background-repeat: initial; background-attachment: initial; background-origin: initial; background-clip: initial;\"> <\/span><\/p>\n<p class=\"MsoNormal\" style=\"margin: 0cm 0cm 0.0001pt; font-size: 12pt; font-family: Calibri; text-align: justify;\"><span style=\"font-size: 10.5pt; font-family: Tahoma; background-image: initial; background-position: initial; background-size: initial; background-repeat: initial; background-attachment: initial; background-origin: initial; background-clip: initial;\">Es por ello que dentro de la plataforma hay un especial \u00e9nfasis en el estudio del idioma extranjero: el ingl\u00e9s. Asimismo se ha propuesto crear espacios de aprendizaje alternativo para que se aprenda turco y espa\u00f1ol a los j\u00f3venes que quieran aprovecharlo y que colaboren activamente con la asociaci\u00f3n.<\/span><\/p>\n<p class=\"MsoNormal\" style=\"margin: 0cm 0cm 0.0001pt; font-size: 12pt; font-family: Calibri; text-align: justify;\"><span style=\"font-size: 10.5pt; font-family: Tahoma; background-image: initial; background-position: initial; background-size: initial; background-repeat: initial; background-attachment: initial; background-origin: initial; background-clip: initial;\"><br \/><\/span><\/p>\n<p class=\"MsoNormal\" style=\"margin: 0cm 0cm 0.0001pt; font-size: 12pt; font-family: Calibri; text-align: justify;\"><span style=\"font-size: 10.5pt; font-family: Tahoma; background-image: initial; background-position: initial; background-size: initial; background-repeat: initial; background-attachment: initial; background-origin: initial; background-clip: initial;\"> <\/span><\/p>\n<p class=\"MsoNormal\" style=\"margin: 0cm 0cm 0.0001pt; font-size: 12pt; font-family: Calibri; text-align: justify;\"><span style=\"font-size: 10.5pt; font-family: Tahoma; background-image: initial; background-position: initial; background-size: initial; background-repeat: initial; background-attachment: initial; background-origin: initial; background-clip: initial;\">B\u00f3sforo es un movimiento laico y abierto a toda organizaci\u00f3n que desee apoyar los objetivos mencionados l\u00edneas arriba. Los talleres de arte, m\u00fasica y deporte tienen la finalidad de cultivar ese esp\u00edritu de integridad, fortalecer los valores y principios para que hagan de nuestra sociedad un espacio arm\u00f3nico y responsable.<\/span><\/p>\n<p class=\"MsoNormal\" style=\"margin: 0cm 0cm 0.0001pt; font-size: 12pt; font-family: Calibri; text-align: justify;\"><span style=\"font-size: 10.5pt; font-family: Tahoma; background-image: initial; background-position: initial; background-size: initial; background-repeat: initial; background-attachment: initial; background-origin: initial; background-clip: initial;\"><br \/><\/span><\/p>\n<p class=\"MsoNormal\" style=\"margin: 0cm 0cm 0.0001pt; font-size: 12pt; font-family: Calibri; text-align: justify;\"><span style=\"font-size: 10.5pt; font-family: Tahoma; background-image: initial; background-position: initial; background-size: initial; background-repeat: initial; background-attachment: initial; background-origin: initial; background-clip: initial;\"> <\/span><\/p>\n<p class=\"MsoNormal\" style=\"margin: 0cm 0cm 0.0001pt; font-size: 12pt; font-family: Calibri; text-align: justify;\"><span style=\"font-size: 10.5pt; font-family: Tahoma; background-image: initial; background-position: initial; background-size: initial; background-repeat: initial; background-attachment: initial; background-origin: initial; background-clip: initial;\">Tanto Yusuf Esit como Gorkem Sevimli junto a los dem\u00e1s j\u00f3venes de origen turco han demostrado esas ganas y esa aptitud de impulsar estrategias de trabajo como aporte no solo para nuestro pa\u00eds sino tambi\u00e9n para el mundo. <\/span><\/p>\n<p class=\"MsoNormal\" style=\"margin: 0cm 0cm 0.0001pt; font-size: 12pt; font-family: Calibri; text-align: justify;\"><em><br \/><\/em><\/p>\n<p class=\"MsoNormal\" style=\"margin: 0cm 0cm 0.0001pt; text-align: justify;\"><span style=\"font-family: Tahoma;\"><span style=\"font-size: 14px;\"><em>En ese sentido y con la misma perspectiva de trabajar en unidad, la Agrupaci\u00f3n Universitaria Humanitas ha extendido lazos de cooperaci\u00f3n para ejecutar actividades en com\u00fan a trav\u00e9s de una alianza protocolar que permita aportar y desarrollar tareas de difusi\u00f3n a trav\u00e9s de sus diferentes canales como son el voluntariado, la innovaci\u00f3n acad\u00e9mica y la responsabilidad social.<\/em><\/span><\/span><\/p>\n<p class=\"MsoNormal\" style=\"margin: 0cm 0cm 0.0001pt; font-size: 12pt; font-family: Calibri; text-align: justify;\"><span style=\"font-size: 10.5pt; font-family: Tahoma; background-image: initial; background-position: initial; background-size: initial; background-repeat: initial; background-attachment: initial; background-origin: initial; background-clip: initial;\"><br \/><\/span><\/p>\n<p style=\"font-size: 12.16px;\"><img decoding=\"async\" src=\"images\/stories\/bosforo.jpg\" border=\"0\" \/><\/p>\n","protected":false},"excerpt":{"rendered":"<p>(Aeronoticias).- La Asociaci\u00f3n Cultural y Ayuda Social B\u00d3SFORO es una plataforma de trabajo para la difusi\u00f3n de la cultura y la labor social impulsada por j\u00f3venes turcos y peruanos de diferentes universidades de nuestro pa\u00eds con un \u00fanico fin: generar conciencia en la sociedad sobre el valor de la persona humana y hacer frente a [&hellip;]<\/p>\n","protected":false},"author":1,"featured_media":0,"comment_status":"open","ping_status":"open","sticky":false,"template":"","format":"standard","meta":{"tdm_status":"","tdm_grid_status":"","footnotes":""},"categories":[38],"tags":[],"class_list":{"0":"post-56599","1":"post","2":"type-post","3":"status-publish","4":"format-standard","6":"category-nacionales"},"yoast_head":"<!-- This site is optimized with the Yoast SEO plugin v25.1 - https:\/\/yoast.com\/wordpress\/plugins\/seo\/ -->\n<title>B\u00f3sforo, un espacio juvenil de cultura y humanidad, por Jefrey Buenaventura<\/title>\n<meta name=\"description\" content=\"Portal de noticias del Per\u00fa sobre el transporte a\u00e9reo, aviaci\u00f3n, turismo, hoteleria, actualidad.\" \/>\n<meta name=\"robots\" content=\"index, follow, max-snippet:-1, max-image-preview:large, max-video-preview:-1\" \/>\n<link rel=\"canonical\" href=\"https:\/\/aeronoticias.com.pe\/noticiero\/nacionales\/bosforo-un-espacio-juvenil-de-cultura-y-humanidad-por-jefrey-buenaventura\/\" \/>\n<meta property=\"og:locale\" content=\"es_ES\" \/>\n<meta property=\"og:type\" content=\"article\" \/>\n<meta property=\"og:title\" content=\"B\u00f3sforo, un espacio juvenil de cultura y humanidad, por Jefrey Buenaventura\" \/>\n<meta property=\"og:description\" content=\"Portal de noticias del Per\u00fa sobre el transporte a\u00e9reo, aviaci\u00f3n, turismo, hoteleria, actualidad.\" \/>\n<meta property=\"og:url\" content=\"https:\/\/aeronoticias.com.pe\/noticiero\/nacionales\/bosforo-un-espacio-juvenil-de-cultura-y-humanidad-por-jefrey-buenaventura\/\" \/>\n<meta property=\"og:site_name\" content=\"Aeronoticias.com.pe\" \/>\n<meta property=\"article:publisher\" content=\"https:\/\/www.facebook.com\/Aeronoticias.com.pe\/\" \/>\n<meta property=\"article:published_time\" content=\"2017-05-29T03:30:51+00:00\" \/>\n<meta name=\"author\" content=\"Redacci\u00f3n Aeronoticias\" \/>\n<meta name=\"twitter:card\" content=\"summary_large_image\" \/>\n<meta name=\"twitter:creator\" content=\"@aeronoticias\" \/>\n<meta name=\"twitter:site\" content=\"@aeronoticias\" \/>\n<meta name=\"twitter:label1\" content=\"Escrito por\" \/>\n\t<meta name=\"twitter:data1\" content=\"Redacci\u00f3n Aeronoticias\" \/>\n\t<meta name=\"twitter:label2\" content=\"Tiempo de lectura\" \/>\n\t<meta name=\"twitter:data2\" content=\"2 minutos\" \/>\n<script type=\"application\/ld+json\" class=\"yoast-schema-graph\">{\"@context\":\"https:\/\/schema.org\",\"@graph\":[{\"@type\":\"WebPage\",\"@id\":\"https:\/\/aeronoticias.com.pe\/noticiero\/nacionales\/bosforo-un-espacio-juvenil-de-cultura-y-humanidad-por-jefrey-buenaventura\/\",\"url\":\"https:\/\/aeronoticias.com.pe\/noticiero\/nacionales\/bosforo-un-espacio-juvenil-de-cultura-y-humanidad-por-jefrey-buenaventura\/\",\"name\":\"B\u00f3sforo, un espacio juvenil de cultura y humanidad, por Jefrey Buenaventura\",\"isPartOf\":{\"@id\":\"https:\/\/aeronoticias.com.pe\/noticiero\/#website\"},\"datePublished\":\"2017-05-29T03:30:51+00:00\",\"author\":{\"@id\":\"https:\/\/aeronoticias.com.pe\/noticiero\/#\/schema\/person\/fc1e5d578f4b62ba1cf7ac2bba1170a0\"},\"description\":\"Portal de noticias del Per\u00fa sobre el transporte a\u00e9reo, aviaci\u00f3n, turismo, hoteleria, actualidad.\",\"breadcrumb\":{\"@id\":\"https:\/\/aeronoticias.com.pe\/noticiero\/nacionales\/bosforo-un-espacio-juvenil-de-cultura-y-humanidad-por-jefrey-buenaventura\/#breadcrumb\"},\"inLanguage\":\"es\",\"potentialAction\":[{\"@type\":\"ReadAction\",\"target\":[\"https:\/\/aeronoticias.com.pe\/noticiero\/nacionales\/bosforo-un-espacio-juvenil-de-cultura-y-humanidad-por-jefrey-buenaventura\/\"]}]},{\"@type\":\"BreadcrumbList\",\"@id\":\"https:\/\/aeronoticias.com.pe\/noticiero\/nacionales\/bosforo-un-espacio-juvenil-de-cultura-y-humanidad-por-jefrey-buenaventura\/#breadcrumb\",\"itemListElement\":[{\"@type\":\"ListItem\",\"position\":1,\"name\":\"Portada\",\"item\":\"https:\/\/aeronoticias.com.pe\/noticiero\/\"},{\"@type\":\"ListItem\",\"position\":2,\"name\":\"B\u00f3sforo, un espacio juvenil de cultura y humanidad, por Jefrey Buenaventura\"}]},{\"@type\":\"WebSite\",\"@id\":\"https:\/\/aeronoticias.com.pe\/noticiero\/#website\",\"url\":\"https:\/\/aeronoticias.com.pe\/noticiero\/\",\"name\":\"Aeronoticias.com.pe\",\"description\":\"Noticias de tranporte aereo, turismo, hoteles, gastronomia, actualidad, internacional\",\"potentialAction\":[{\"@type\":\"SearchAction\",\"target\":{\"@type\":\"EntryPoint\",\"urlTemplate\":\"https:\/\/aeronoticias.com.pe\/noticiero\/?s={search_term_string}\"},\"query-input\":{\"@type\":\"PropertyValueSpecification\",\"valueRequired\":true,\"valueName\":\"search_term_string\"}}],\"inLanguage\":\"es\"},{\"@type\":\"Person\",\"@id\":\"https:\/\/aeronoticias.com.pe\/noticiero\/#\/schema\/person\/fc1e5d578f4b62ba1cf7ac2bba1170a0\",\"name\":\"Redacci\u00f3n Aeronoticias\",\"url\":\"https:\/\/aeronoticias.com.pe\/noticiero\/author\/piloto\/\"}]}<\/script>\n<!-- \/ Yoast SEO plugin. -->","yoast_head_json":{"title":"B\u00f3sforo, un espacio juvenil de cultura y humanidad, por Jefrey Buenaventura","description":"Portal de noticias del Per\u00fa sobre el transporte a\u00e9reo, aviaci\u00f3n, turismo, hoteleria, actualidad.","robots":{"index":"index","follow":"follow","max-snippet":"max-snippet:-1","max-image-preview":"max-image-preview:large","max-video-preview":"max-video-preview:-1"},"canonical":"https:\/\/aeronoticias.com.pe\/noticiero\/nacionales\/bosforo-un-espacio-juvenil-de-cultura-y-humanidad-por-jefrey-buenaventura\/","og_locale":"es_ES","og_type":"article","og_title":"B\u00f3sforo, un espacio juvenil de cultura y humanidad, por Jefrey Buenaventura","og_description":"Portal de noticias del Per\u00fa sobre el transporte a\u00e9reo, aviaci\u00f3n, turismo, hoteleria, actualidad.","og_url":"https:\/\/aeronoticias.com.pe\/noticiero\/nacionales\/bosforo-un-espacio-juvenil-de-cultura-y-humanidad-por-jefrey-buenaventura\/","og_site_name":"Aeronoticias.com.pe","article_publisher":"https:\/\/www.facebook.com\/Aeronoticias.com.pe\/","article_published_time":"2017-05-29T03:30:51+00:00","author":"Redacci\u00f3n Aeronoticias","twitter_card":"summary_large_image","twitter_creator":"@aeronoticias","twitter_site":"@aeronoticias","twitter_misc":{"Escrito por":"Redacci\u00f3n Aeronoticias","Tiempo de lectura":"2 minutos"},"schema":{"@context":"https:\/\/schema.org","@graph":[{"@type":"WebPage","@id":"https:\/\/aeronoticias.com.pe\/noticiero\/nacionales\/bosforo-un-espacio-juvenil-de-cultura-y-humanidad-por-jefrey-buenaventura\/","url":"https:\/\/aeronoticias.com.pe\/noticiero\/nacionales\/bosforo-un-espacio-juvenil-de-cultura-y-humanidad-por-jefrey-buenaventura\/","name":"B\u00f3sforo, un espacio juvenil de cultura y humanidad, por Jefrey Buenaventura","isPartOf":{"@id":"https:\/\/aeronoticias.com.pe\/noticiero\/#website"},"datePublished":"2017-05-29T03:30:51+00:00","author":{"@id":"https:\/\/aeronoticias.com.pe\/noticiero\/#\/schema\/person\/fc1e5d578f4b62ba1cf7ac2bba1170a0"},"description":"Portal de noticias del Per\u00fa sobre el transporte a\u00e9reo, aviaci\u00f3n, turismo, hoteleria, actualidad.","breadcrumb":{"@id":"https:\/\/aeronoticias.com.pe\/noticiero\/nacionales\/bosforo-un-espacio-juvenil-de-cultura-y-humanidad-por-jefrey-buenaventura\/#breadcrumb"},"inLanguage":"es","potentialAction":[{"@type":"ReadAction","target":["https:\/\/aeronoticias.com.pe\/noticiero\/nacionales\/bosforo-un-espacio-juvenil-de-cultura-y-humanidad-por-jefrey-buenaventura\/"]}]},{"@type":"BreadcrumbList","@id":"https:\/\/aeronoticias.com.pe\/noticiero\/nacionales\/bosforo-un-espacio-juvenil-de-cultura-y-humanidad-por-jefrey-buenaventura\/#breadcrumb","itemListElement":[{"@type":"ListItem","position":1,"name":"Portada","item":"https:\/\/aeronoticias.com.pe\/noticiero\/"},{"@type":"ListItem","position":2,"name":"B\u00f3sforo, un espacio juvenil de cultura y humanidad, por Jefrey Buenaventura"}]},{"@type":"WebSite","@id":"https:\/\/aeronoticias.com.pe\/noticiero\/#website","url":"https:\/\/aeronoticias.com.pe\/noticiero\/","name":"Aeronoticias.com.pe","description":"Noticias de tranporte aereo, turismo, hoteles, gastronomia, actualidad, internacional","potentialAction":[{"@type":"SearchAction","target":{"@type":"EntryPoint","urlTemplate":"https:\/\/aeronoticias.com.pe\/noticiero\/?s={search_term_string}"},"query-input":{"@type":"PropertyValueSpecification","valueRequired":true,"valueName":"search_term_string"}}],"inLanguage":"es"},{"@type":"Person","@id":"https:\/\/aeronoticias.com.pe\/noticiero\/#\/schema\/person\/fc1e5d578f4b62ba1cf7ac2bba1170a0","name":"Redacci\u00f3n Aeronoticias","url":"https:\/\/aeronoticias.com.pe\/noticiero\/author\/piloto\/"}]}},"_links":{"self":[{"href":"https:\/\/aeronoticias.com.pe\/noticiero\/wp-json\/wp\/v2\/posts\/56599","targetHints":{"allow":["GET"]}}],"collection":[{"href":"https:\/\/aeronoticias.com.pe\/noticiero\/wp-json\/wp\/v2\/posts"}],"about":[{"href":"https:\/\/aeronoticias.com.pe\/noticiero\/wp-json\/wp\/v2\/types\/post"}],"author":[{"embeddable":true,"href":"https:\/\/aeronoticias.com.pe\/noticiero\/wp-json\/wp\/v2\/users\/1"}],"replies":[{"embeddable":true,"href":"https:\/\/aeronoticias.com.pe\/noticiero\/wp-json\/wp\/v2\/comments?post=56599"}],"version-history":[{"count":0,"href":"https:\/\/aeronoticias.com.pe\/noticiero\/wp-json\/wp\/v2\/posts\/56599\/revisions"}],"wp:attachment":[{"href":"https:\/\/aeronoticias.com.pe\/noticiero\/wp-json\/wp\/v2\/media?parent=56599"}],"wp:term":[{"taxonomy":"category","embeddable":true,"href":"https:\/\/aeronoticias.com.pe\/noticiero\/wp-json\/wp\/v2\/categories?post=56599"},{"taxonomy":"post_tag","embeddable":true,"href":"https:\/\/aeronoticias.com.pe\/noticiero\/wp-json\/wp\/v2\/tags?post=56599"}],"curies":[{"name":"wp","href":"https:\/\/api.w.org\/{rel}","templated":true}]}}