{"id":56600,"date":"2017-05-29T15:00:55","date_gmt":"2017-05-29T15:00:55","guid":{"rendered":"http:\/\/desarrollo.mcvicious.com\/aero2020\/2017\/05\/29\/argentina-marcha-por-la-libertad-del-heroe-de-malvinas-teniente-coronel-r-emilio-nani\/"},"modified":"2017-05-29T15:00:55","modified_gmt":"2017-05-29T15:00:55","slug":"argentina-marcha-por-la-libertad-del-heroe-de-malvinas-teniente-coronel-r-emilio-nani","status":"publish","type":"post","link":"https:\/\/aeronoticias.com.pe\/noticiero\/internacionales\/argentina-marcha-por-la-libertad-del-heroe-de-malvinas-teniente-coronel-r-emilio-nani\/","title":{"rendered":"Argentina: Marcha por la libertad del h\u00e9roe de Malvinas teniente coronel (r) Emilio Nani"},"content":{"rendered":"<p style=\"text-align: justify;\"><strong>(Aeronoticias) <\/strong><span style=\"text-align: justify; font-size: 12.16px;\">El mi\u00e9rcoles 24 de mayo en v\u00edsperas al d\u00eda patrio argentino un nutrido grupo de amigos y familiares del h\u00e9roe de la gesta hist\u00f3rica y heroica de Malvinas teniente coronel (r) Emilio Guillermo Nani marcharon al Ministerio de Justicia de la Naci\u00f3n para pedir por la libertad de este militar de 71 a\u00f1os. <\/span><\/p>\n<p style=\"text-align: justify;\"><span style=\"text-align: justify; font-size: 12.16px;\">La marcha fue liderada por Cecilia Pando y el Dr. Nicol\u00e1s M\u00e1rquez amigos del ex militar detenido hace unas semanas en la ciudad de Mar del Plata. Nani adem\u00e1s de ser un h\u00e9roe de Malvinas fue gravemente herido por recuperar el cuartel de La Tablada el 23 de enero de 1989 que fue ocupado por terroristas en pleno gobierno radical del presidente Dr. Ra\u00fal Alfons\u00edn. En esta acci\u00f3n heroica de combate Nani pierde su ojo derecho. <\/span><\/p>\n<p style=\"text-align: justify;\"><span style=\"text-align: justify; font-size: 12.16px;\">En la marcha particip\u00f3 el abogado del veterano de guerra de Malvinas Dr. Eduardo San Emeterio quien est\u00e1 solicitando prisi\u00f3n domicilirario que es lo que corresponde para los detenidos mayores de 70 a\u00f1os. Emilio Nani actualmente se encuentra detenido en Campo de Mayo. La hija del militar expres\u00f3 que su padre se encuentra bien de \u00e1nimo y de salud a pesar de estar privado de la libertad. <\/span><\/p>\n<p style=\"text-align: justify;\"><span style=\"text-align: justify; font-size: 12.16px;\">En la manifestaci\u00f3n concurrieron militantes nacionalistas y abogados que defienden a militares presos por combatir por la Patria y en contra de la subversi\u00f3n en la d\u00e9cada del 70. Ojal\u00e1 que pronto se resuelva la situaci\u00f3n de este valeroso combatiente de Malvinas detenido injustamente y sin pruebas contundentes para que continue privado de la libertad.<\/span><\/p>\n<p><span style=\"text-align: justify; font-size: 12.16px;\"><img decoding=\"async\" src=\"images\/stories\/17\/05\/290517\/libertadanani.jpg\" border=\"0\" \/><br \/><\/span><\/p>\n","protected":false},"excerpt":{"rendered":"<p>(Aeronoticias) El mi\u00e9rcoles 24 de mayo en v\u00edsperas al d\u00eda patrio argentino un nutrido grupo de amigos y familiares del h\u00e9roe de la gesta hist\u00f3rica y heroica de Malvinas teniente coronel (r) Emilio Guillermo Nani marcharon al Ministerio de Justicia de la Naci\u00f3n para pedir por la libertad de este militar de 71 a\u00f1os. La [&hellip;]<\/p>\n","protected":false},"author":1,"featured_media":0,"comment_status":"open","ping_status":"open","sticky":false,"template":"","format":"standard","meta":{"tdm_status":"","tdm_grid_status":"","footnotes":""},"categories":[34],"tags":[],"class_list":{"0":"post-56600","1":"post","2":"type-post","3":"status-publish","4":"format-standard","6":"category-internacionales"},"yoast_head":"<!-- This site is optimized with the Yoast SEO plugin v25.1 - https:\/\/yoast.com\/wordpress\/plugins\/seo\/ -->\n<title>Argentina: Marcha por la libertad del h\u00e9roe de Malvinas teniente coronel (r) Emilio Nani<\/title>\n<meta name=\"description\" content=\"Portal de noticias del Per\u00fa sobre el transporte a\u00e9reo, aviaci\u00f3n, turismo, hoteleria, actualidad.\" \/>\n<meta name=\"robots\" content=\"index, follow, max-snippet:-1, max-image-preview:large, max-video-preview:-1\" \/>\n<link rel=\"canonical\" href=\"https:\/\/aeronoticias.com.pe\/noticiero\/internacionales\/argentina-marcha-por-la-libertad-del-heroe-de-malvinas-teniente-coronel-r-emilio-nani\/\" \/>\n<meta property=\"og:locale\" content=\"es_ES\" \/>\n<meta property=\"og:type\" content=\"article\" \/>\n<meta property=\"og:title\" content=\"Argentina: Marcha por la libertad del h\u00e9roe de Malvinas teniente coronel (r) Emilio Nani\" \/>\n<meta property=\"og:description\" content=\"Portal de noticias del Per\u00fa sobre el transporte a\u00e9reo, aviaci\u00f3n, turismo, hoteleria, actualidad.\" \/>\n<meta property=\"og:url\" content=\"https:\/\/aeronoticias.com.pe\/noticiero\/internacionales\/argentina-marcha-por-la-libertad-del-heroe-de-malvinas-teniente-coronel-r-emilio-nani\/\" \/>\n<meta property=\"og:site_name\" content=\"Aeronoticias.com.pe\" \/>\n<meta property=\"article:publisher\" content=\"https:\/\/www.facebook.com\/Aeronoticias.com.pe\/\" \/>\n<meta property=\"article:published_time\" content=\"2017-05-29T15:00:55+00:00\" \/>\n<meta name=\"author\" content=\"Redacci\u00f3n Aeronoticias\" \/>\n<meta name=\"twitter:card\" content=\"summary_large_image\" \/>\n<meta name=\"twitter:creator\" content=\"@aeronoticias\" \/>\n<meta name=\"twitter:site\" content=\"@aeronoticias\" \/>\n<meta name=\"twitter:label1\" content=\"Escrito por\" \/>\n\t<meta name=\"twitter:data1\" content=\"Redacci\u00f3n Aeronoticias\" \/>\n\t<meta name=\"twitter:label2\" content=\"Tiempo de lectura\" \/>\n\t<meta name=\"twitter:data2\" content=\"1 minuto\" \/>\n<script type=\"application\/ld+json\" class=\"yoast-schema-graph\">{\"@context\":\"https:\/\/schema.org\",\"@graph\":[{\"@type\":\"WebPage\",\"@id\":\"https:\/\/aeronoticias.com.pe\/noticiero\/internacionales\/argentina-marcha-por-la-libertad-del-heroe-de-malvinas-teniente-coronel-r-emilio-nani\/\",\"url\":\"https:\/\/aeronoticias.com.pe\/noticiero\/internacionales\/argentina-marcha-por-la-libertad-del-heroe-de-malvinas-teniente-coronel-r-emilio-nani\/\",\"name\":\"Argentina: Marcha por la libertad del h\u00e9roe de Malvinas teniente coronel (r) Emilio Nani\",\"isPartOf\":{\"@id\":\"https:\/\/aeronoticias.com.pe\/noticiero\/#website\"},\"datePublished\":\"2017-05-29T15:00:55+00:00\",\"author\":{\"@id\":\"https:\/\/aeronoticias.com.pe\/noticiero\/#\/schema\/person\/fc1e5d578f4b62ba1cf7ac2bba1170a0\"},\"description\":\"Portal de noticias del Per\u00fa sobre el transporte a\u00e9reo, aviaci\u00f3n, turismo, hoteleria, actualidad.\",\"breadcrumb\":{\"@id\":\"https:\/\/aeronoticias.com.pe\/noticiero\/internacionales\/argentina-marcha-por-la-libertad-del-heroe-de-malvinas-teniente-coronel-r-emilio-nani\/#breadcrumb\"},\"inLanguage\":\"es\",\"potentialAction\":[{\"@type\":\"ReadAction\",\"target\":[\"https:\/\/aeronoticias.com.pe\/noticiero\/internacionales\/argentina-marcha-por-la-libertad-del-heroe-de-malvinas-teniente-coronel-r-emilio-nani\/\"]}]},{\"@type\":\"BreadcrumbList\",\"@id\":\"https:\/\/aeronoticias.com.pe\/noticiero\/internacionales\/argentina-marcha-por-la-libertad-del-heroe-de-malvinas-teniente-coronel-r-emilio-nani\/#breadcrumb\",\"itemListElement\":[{\"@type\":\"ListItem\",\"position\":1,\"name\":\"Portada\",\"item\":\"https:\/\/aeronoticias.com.pe\/noticiero\/\"},{\"@type\":\"ListItem\",\"position\":2,\"name\":\"Argentina: Marcha por la libertad del h\u00e9roe de Malvinas teniente coronel (r) Emilio Nani\"}]},{\"@type\":\"WebSite\",\"@id\":\"https:\/\/aeronoticias.com.pe\/noticiero\/#website\",\"url\":\"https:\/\/aeronoticias.com.pe\/noticiero\/\",\"name\":\"Aeronoticias.com.pe\",\"description\":\"Noticias de tranporte aereo, turismo, hoteles, gastronomia, actualidad, internacional\",\"potentialAction\":[{\"@type\":\"SearchAction\",\"target\":{\"@type\":\"EntryPoint\",\"urlTemplate\":\"https:\/\/aeronoticias.com.pe\/noticiero\/?s={search_term_string}\"},\"query-input\":{\"@type\":\"PropertyValueSpecification\",\"valueRequired\":true,\"valueName\":\"search_term_string\"}}],\"inLanguage\":\"es\"},{\"@type\":\"Person\",\"@id\":\"https:\/\/aeronoticias.com.pe\/noticiero\/#\/schema\/person\/fc1e5d578f4b62ba1cf7ac2bba1170a0\",\"name\":\"Redacci\u00f3n Aeronoticias\",\"url\":\"https:\/\/aeronoticias.com.pe\/noticiero\/author\/piloto\/\"}]}<\/script>\n<!-- \/ Yoast SEO plugin. -->","yoast_head_json":{"title":"Argentina: Marcha por la libertad del h\u00e9roe de Malvinas teniente coronel (r) Emilio Nani","description":"Portal de noticias del Per\u00fa sobre el transporte a\u00e9reo, aviaci\u00f3n, turismo, hoteleria, actualidad.","robots":{"index":"index","follow":"follow","max-snippet":"max-snippet:-1","max-image-preview":"max-image-preview:large","max-video-preview":"max-video-preview:-1"},"canonical":"https:\/\/aeronoticias.com.pe\/noticiero\/internacionales\/argentina-marcha-por-la-libertad-del-heroe-de-malvinas-teniente-coronel-r-emilio-nani\/","og_locale":"es_ES","og_type":"article","og_title":"Argentina: Marcha por la libertad del h\u00e9roe de Malvinas teniente coronel (r) Emilio Nani","og_description":"Portal de noticias del Per\u00fa sobre el transporte a\u00e9reo, aviaci\u00f3n, turismo, hoteleria, actualidad.","og_url":"https:\/\/aeronoticias.com.pe\/noticiero\/internacionales\/argentina-marcha-por-la-libertad-del-heroe-de-malvinas-teniente-coronel-r-emilio-nani\/","og_site_name":"Aeronoticias.com.pe","article_publisher":"https:\/\/www.facebook.com\/Aeronoticias.com.pe\/","article_published_time":"2017-05-29T15:00:55+00:00","author":"Redacci\u00f3n Aeronoticias","twitter_card":"summary_large_image","twitter_creator":"@aeronoticias","twitter_site":"@aeronoticias","twitter_misc":{"Escrito por":"Redacci\u00f3n Aeronoticias","Tiempo de lectura":"1 minuto"},"schema":{"@context":"https:\/\/schema.org","@graph":[{"@type":"WebPage","@id":"https:\/\/aeronoticias.com.pe\/noticiero\/internacionales\/argentina-marcha-por-la-libertad-del-heroe-de-malvinas-teniente-coronel-r-emilio-nani\/","url":"https:\/\/aeronoticias.com.pe\/noticiero\/internacionales\/argentina-marcha-por-la-libertad-del-heroe-de-malvinas-teniente-coronel-r-emilio-nani\/","name":"Argentina: Marcha por la libertad del h\u00e9roe de Malvinas teniente coronel (r) Emilio Nani","isPartOf":{"@id":"https:\/\/aeronoticias.com.pe\/noticiero\/#website"},"datePublished":"2017-05-29T15:00:55+00:00","author":{"@id":"https:\/\/aeronoticias.com.pe\/noticiero\/#\/schema\/person\/fc1e5d578f4b62ba1cf7ac2bba1170a0"},"description":"Portal de noticias del Per\u00fa sobre el transporte a\u00e9reo, aviaci\u00f3n, turismo, hoteleria, actualidad.","breadcrumb":{"@id":"https:\/\/aeronoticias.com.pe\/noticiero\/internacionales\/argentina-marcha-por-la-libertad-del-heroe-de-malvinas-teniente-coronel-r-emilio-nani\/#breadcrumb"},"inLanguage":"es","potentialAction":[{"@type":"ReadAction","target":["https:\/\/aeronoticias.com.pe\/noticiero\/internacionales\/argentina-marcha-por-la-libertad-del-heroe-de-malvinas-teniente-coronel-r-emilio-nani\/"]}]},{"@type":"BreadcrumbList","@id":"https:\/\/aeronoticias.com.pe\/noticiero\/internacionales\/argentina-marcha-por-la-libertad-del-heroe-de-malvinas-teniente-coronel-r-emilio-nani\/#breadcrumb","itemListElement":[{"@type":"ListItem","position":1,"name":"Portada","item":"https:\/\/aeronoticias.com.pe\/noticiero\/"},{"@type":"ListItem","position":2,"name":"Argentina: Marcha por la libertad del h\u00e9roe de Malvinas teniente coronel (r) Emilio Nani"}]},{"@type":"WebSite","@id":"https:\/\/aeronoticias.com.pe\/noticiero\/#website","url":"https:\/\/aeronoticias.com.pe\/noticiero\/","name":"Aeronoticias.com.pe","description":"Noticias de tranporte aereo, turismo, hoteles, gastronomia, actualidad, internacional","potentialAction":[{"@type":"SearchAction","target":{"@type":"EntryPoint","urlTemplate":"https:\/\/aeronoticias.com.pe\/noticiero\/?s={search_term_string}"},"query-input":{"@type":"PropertyValueSpecification","valueRequired":true,"valueName":"search_term_string"}}],"inLanguage":"es"},{"@type":"Person","@id":"https:\/\/aeronoticias.com.pe\/noticiero\/#\/schema\/person\/fc1e5d578f4b62ba1cf7ac2bba1170a0","name":"Redacci\u00f3n Aeronoticias","url":"https:\/\/aeronoticias.com.pe\/noticiero\/author\/piloto\/"}]}},"_links":{"self":[{"href":"https:\/\/aeronoticias.com.pe\/noticiero\/wp-json\/wp\/v2\/posts\/56600","targetHints":{"allow":["GET"]}}],"collection":[{"href":"https:\/\/aeronoticias.com.pe\/noticiero\/wp-json\/wp\/v2\/posts"}],"about":[{"href":"https:\/\/aeronoticias.com.pe\/noticiero\/wp-json\/wp\/v2\/types\/post"}],"author":[{"embeddable":true,"href":"https:\/\/aeronoticias.com.pe\/noticiero\/wp-json\/wp\/v2\/users\/1"}],"replies":[{"embeddable":true,"href":"https:\/\/aeronoticias.com.pe\/noticiero\/wp-json\/wp\/v2\/comments?post=56600"}],"version-history":[{"count":0,"href":"https:\/\/aeronoticias.com.pe\/noticiero\/wp-json\/wp\/v2\/posts\/56600\/revisions"}],"wp:attachment":[{"href":"https:\/\/aeronoticias.com.pe\/noticiero\/wp-json\/wp\/v2\/media?parent=56600"}],"wp:term":[{"taxonomy":"category","embeddable":true,"href":"https:\/\/aeronoticias.com.pe\/noticiero\/wp-json\/wp\/v2\/categories?post=56600"},{"taxonomy":"post_tag","embeddable":true,"href":"https:\/\/aeronoticias.com.pe\/noticiero\/wp-json\/wp\/v2\/tags?post=56600"}],"curies":[{"name":"wp","href":"https:\/\/api.w.org\/{rel}","templated":true}]}}