{"id":56601,"date":"2017-05-29T16:00:05","date_gmt":"2017-05-29T16:00:05","guid":{"rendered":"http:\/\/desarrollo.mcvicious.com\/aero2020\/2017\/05\/29\/el-pisco-es-peruano-y-es-de-bandera-nacional\/"},"modified":"2017-05-29T16:00:05","modified_gmt":"2017-05-29T16:00:05","slug":"el-pisco-es-peruano-y-es-de-bandera-nacional","status":"publish","type":"post","link":"https:\/\/aeronoticias.com.pe\/noticiero\/nacionales\/el-pisco-es-peruano-y-es-de-bandera-nacional\/","title":{"rendered":"El Pisco es Peruano y es de Bandera Nacional"},"content":{"rendered":"<p style=\"text-align: justify;\"><span style=\"font-size: 12.16px;\"><strong>(Aeronoticias)<\/strong> El candidato al Decanato del Colegio de Abogados de Lima (CAL) 2018-2019, Juli\u00e1n Palacin Fern\u00e1ndez, afirm\u00f3 que \u00abel Pisco es Peruano y es de Bandera Nacional, sin embargo Chile nos ha colonizado en el espacio a\u00e9reo y nadie lucha por revertir esta situaci\u00f3n que afecta la soberan\u00eda de un pa\u00eds en donde inclusive LATAM quiere impedir que las Low Cost ingresen al mercado peruano beneficiando a millones de peruanos para que vuelen con pasajes baratos\u00bb.<\/span><\/p>\n<p style=\"text-align: justify;\">Adem\u00e1s, Juli\u00e1n Palacin\u00a0nos indic\u00f3 que veamos su Conferencia en el Congreso de la Rep\u00fablica (a\u00f1o 2015) ante la Comisi\u00f3n de Seguimiento de Convenios A\u00e9reos en La Comisi\u00f3n de Relaciones Exteriores, que origin\u00f3 un proceso judicial que est\u00e1 en la Corte Suprema en donde se pide la nulidad de los memor\u00e1ndum administrativo firmados por Enrique Cornejo Ram\u00edrez, expulsado del partido Aprista y que firm\u00f3 con Chile actas vergonzosas en violaci\u00f3n al Art\u00edculo 98 de la Ley 27261, Ley de Aeron\u00e1utica Civil del Per\u00fa, ante la falta de reciprocidad e Incumplimiento de la Constituci\u00f3n Pol\u00edtica del Per\u00fa (Articulo 54 y 57). \u00ab<span style=\"font-size: 12.16px;\">Soy el abogado ad honorem designado por el demandante patriota Congresista Roberto Angulo por Trujillo y tendr\u00e9 que hacer el informe Oral en la Corte Suprema. Seguimos luchando contra el monopolio LATAM en la defensa de los intereses del Per\u00fa\u00bb, dijo.<\/span><\/p>\n<p style=\"text-align: justify;\">Por \u00faltimo, afirm\u00f3 que \u00abel Per\u00fa le regal\u00f3 a Chile en el a\u00f1o 2007 y 2011 el mercado norteamericano a Chile en Quintas Libertades, son m\u00e1s de USD 4 MIL MILLONES DE DOLARES en ventas de pasajes que no se invirtieron en el Per\u00fa y Chile nos regal\u00f3 el derecho de visitar ping\u00fcinos al polo sur y ese pa\u00eds licito las rutas que le regalo el Per\u00fa y se las vendi\u00f3 a LAN y nuestras autoridades nunca exigieron las compensaciones econ\u00f3micas que ordena la Ley de Aeron\u00e1utica Civil del Per\u00fa\u00bb.<\/p>\n<p style=\"text-align: justify;\"><a href=\"https:\/\/www.youtube.com\/watch?v=ELFqadkbs_U&amp;feature=youtu.be\" target=\"_blank\" rel=\"noopener noreferrer\">Ver: El discurso m\u00e1s nacionalista de la Historia del Derecho A\u00e9reo Peruano en Youtube<\/a>.<\/p>\n<p style=\"text-align: justify;\"><img decoding=\"async\" src=\"images\/stories\/17\/05\/290517\/piscoperuano.jpg\" border=\"0\" \/><\/p>\n<p>\u00a0<\/p>\n","protected":false},"excerpt":{"rendered":"<p>(Aeronoticias) El candidato al Decanato del Colegio de Abogados de Lima (CAL) 2018-2019, Juli\u00e1n Palacin Fern\u00e1ndez, afirm\u00f3 que \u00abel Pisco es Peruano y es de Bandera Nacional, sin embargo Chile nos ha colonizado en el espacio a\u00e9reo y nadie lucha por revertir esta situaci\u00f3n que afecta la soberan\u00eda de un pa\u00eds en donde inclusive LATAM [&hellip;]<\/p>\n","protected":false},"author":1,"featured_media":0,"comment_status":"open","ping_status":"open","sticky":false,"template":"","format":"standard","meta":{"tdm_status":"","tdm_grid_status":"","footnotes":""},"categories":[38],"tags":[],"class_list":{"0":"post-56601","1":"post","2":"type-post","3":"status-publish","4":"format-standard","6":"category-nacionales"},"yoast_head":"<!-- This site is optimized with the Yoast SEO plugin v25.1 - https:\/\/yoast.com\/wordpress\/plugins\/seo\/ -->\n<title>El Pisco es Peruano y es de Bandera Nacional<\/title>\n<meta name=\"description\" content=\"Portal de noticias del Per\u00fa sobre el transporte a\u00e9reo, aviaci\u00f3n, turismo, hoteleria, actualidad.\" \/>\n<meta name=\"robots\" content=\"index, follow, max-snippet:-1, max-image-preview:large, max-video-preview:-1\" \/>\n<link rel=\"canonical\" href=\"https:\/\/aeronoticias.com.pe\/noticiero\/nacionales\/el-pisco-es-peruano-y-es-de-bandera-nacional\/\" \/>\n<meta property=\"og:locale\" content=\"es_ES\" \/>\n<meta property=\"og:type\" content=\"article\" \/>\n<meta property=\"og:title\" content=\"El Pisco es Peruano y es de Bandera Nacional\" \/>\n<meta property=\"og:description\" content=\"Portal de noticias del Per\u00fa sobre el transporte a\u00e9reo, aviaci\u00f3n, turismo, hoteleria, actualidad.\" \/>\n<meta property=\"og:url\" content=\"https:\/\/aeronoticias.com.pe\/noticiero\/nacionales\/el-pisco-es-peruano-y-es-de-bandera-nacional\/\" \/>\n<meta property=\"og:site_name\" content=\"Aeronoticias.com.pe\" \/>\n<meta property=\"article:publisher\" content=\"https:\/\/www.facebook.com\/Aeronoticias.com.pe\/\" \/>\n<meta property=\"article:published_time\" content=\"2017-05-29T16:00:05+00:00\" \/>\n<meta name=\"author\" content=\"Redacci\u00f3n Aeronoticias\" \/>\n<meta name=\"twitter:card\" content=\"summary_large_image\" \/>\n<meta name=\"twitter:creator\" content=\"@aeronoticias\" \/>\n<meta name=\"twitter:site\" content=\"@aeronoticias\" \/>\n<meta name=\"twitter:label1\" content=\"Escrito por\" \/>\n\t<meta name=\"twitter:data1\" content=\"Redacci\u00f3n Aeronoticias\" \/>\n\t<meta name=\"twitter:label2\" content=\"Tiempo de lectura\" \/>\n\t<meta name=\"twitter:data2\" content=\"2 minutos\" \/>\n<script type=\"application\/ld+json\" class=\"yoast-schema-graph\">{\"@context\":\"https:\/\/schema.org\",\"@graph\":[{\"@type\":\"WebPage\",\"@id\":\"https:\/\/aeronoticias.com.pe\/noticiero\/nacionales\/el-pisco-es-peruano-y-es-de-bandera-nacional\/\",\"url\":\"https:\/\/aeronoticias.com.pe\/noticiero\/nacionales\/el-pisco-es-peruano-y-es-de-bandera-nacional\/\",\"name\":\"El Pisco es Peruano y es de Bandera Nacional\",\"isPartOf\":{\"@id\":\"https:\/\/aeronoticias.com.pe\/noticiero\/#website\"},\"datePublished\":\"2017-05-29T16:00:05+00:00\",\"author\":{\"@id\":\"https:\/\/aeronoticias.com.pe\/noticiero\/#\/schema\/person\/fc1e5d578f4b62ba1cf7ac2bba1170a0\"},\"description\":\"Portal de noticias del Per\u00fa sobre el transporte a\u00e9reo, aviaci\u00f3n, turismo, hoteleria, actualidad.\",\"breadcrumb\":{\"@id\":\"https:\/\/aeronoticias.com.pe\/noticiero\/nacionales\/el-pisco-es-peruano-y-es-de-bandera-nacional\/#breadcrumb\"},\"inLanguage\":\"es\",\"potentialAction\":[{\"@type\":\"ReadAction\",\"target\":[\"https:\/\/aeronoticias.com.pe\/noticiero\/nacionales\/el-pisco-es-peruano-y-es-de-bandera-nacional\/\"]}]},{\"@type\":\"BreadcrumbList\",\"@id\":\"https:\/\/aeronoticias.com.pe\/noticiero\/nacionales\/el-pisco-es-peruano-y-es-de-bandera-nacional\/#breadcrumb\",\"itemListElement\":[{\"@type\":\"ListItem\",\"position\":1,\"name\":\"Portada\",\"item\":\"https:\/\/aeronoticias.com.pe\/noticiero\/\"},{\"@type\":\"ListItem\",\"position\":2,\"name\":\"El Pisco es Peruano y es de Bandera Nacional\"}]},{\"@type\":\"WebSite\",\"@id\":\"https:\/\/aeronoticias.com.pe\/noticiero\/#website\",\"url\":\"https:\/\/aeronoticias.com.pe\/noticiero\/\",\"name\":\"Aeronoticias.com.pe\",\"description\":\"Noticias de tranporte aereo, turismo, hoteles, gastronomia, actualidad, internacional\",\"potentialAction\":[{\"@type\":\"SearchAction\",\"target\":{\"@type\":\"EntryPoint\",\"urlTemplate\":\"https:\/\/aeronoticias.com.pe\/noticiero\/?s={search_term_string}\"},\"query-input\":{\"@type\":\"PropertyValueSpecification\",\"valueRequired\":true,\"valueName\":\"search_term_string\"}}],\"inLanguage\":\"es\"},{\"@type\":\"Person\",\"@id\":\"https:\/\/aeronoticias.com.pe\/noticiero\/#\/schema\/person\/fc1e5d578f4b62ba1cf7ac2bba1170a0\",\"name\":\"Redacci\u00f3n Aeronoticias\",\"url\":\"https:\/\/aeronoticias.com.pe\/noticiero\/author\/piloto\/\"}]}<\/script>\n<!-- \/ Yoast SEO plugin. -->","yoast_head_json":{"title":"El Pisco es Peruano y es de Bandera Nacional","description":"Portal de noticias del Per\u00fa sobre el transporte a\u00e9reo, aviaci\u00f3n, turismo, hoteleria, actualidad.","robots":{"index":"index","follow":"follow","max-snippet":"max-snippet:-1","max-image-preview":"max-image-preview:large","max-video-preview":"max-video-preview:-1"},"canonical":"https:\/\/aeronoticias.com.pe\/noticiero\/nacionales\/el-pisco-es-peruano-y-es-de-bandera-nacional\/","og_locale":"es_ES","og_type":"article","og_title":"El Pisco es Peruano y es de Bandera Nacional","og_description":"Portal de noticias del Per\u00fa sobre el transporte a\u00e9reo, aviaci\u00f3n, turismo, hoteleria, actualidad.","og_url":"https:\/\/aeronoticias.com.pe\/noticiero\/nacionales\/el-pisco-es-peruano-y-es-de-bandera-nacional\/","og_site_name":"Aeronoticias.com.pe","article_publisher":"https:\/\/www.facebook.com\/Aeronoticias.com.pe\/","article_published_time":"2017-05-29T16:00:05+00:00","author":"Redacci\u00f3n Aeronoticias","twitter_card":"summary_large_image","twitter_creator":"@aeronoticias","twitter_site":"@aeronoticias","twitter_misc":{"Escrito por":"Redacci\u00f3n Aeronoticias","Tiempo de lectura":"2 minutos"},"schema":{"@context":"https:\/\/schema.org","@graph":[{"@type":"WebPage","@id":"https:\/\/aeronoticias.com.pe\/noticiero\/nacionales\/el-pisco-es-peruano-y-es-de-bandera-nacional\/","url":"https:\/\/aeronoticias.com.pe\/noticiero\/nacionales\/el-pisco-es-peruano-y-es-de-bandera-nacional\/","name":"El Pisco es Peruano y es de Bandera Nacional","isPartOf":{"@id":"https:\/\/aeronoticias.com.pe\/noticiero\/#website"},"datePublished":"2017-05-29T16:00:05+00:00","author":{"@id":"https:\/\/aeronoticias.com.pe\/noticiero\/#\/schema\/person\/fc1e5d578f4b62ba1cf7ac2bba1170a0"},"description":"Portal de noticias del Per\u00fa sobre el transporte a\u00e9reo, aviaci\u00f3n, turismo, hoteleria, actualidad.","breadcrumb":{"@id":"https:\/\/aeronoticias.com.pe\/noticiero\/nacionales\/el-pisco-es-peruano-y-es-de-bandera-nacional\/#breadcrumb"},"inLanguage":"es","potentialAction":[{"@type":"ReadAction","target":["https:\/\/aeronoticias.com.pe\/noticiero\/nacionales\/el-pisco-es-peruano-y-es-de-bandera-nacional\/"]}]},{"@type":"BreadcrumbList","@id":"https:\/\/aeronoticias.com.pe\/noticiero\/nacionales\/el-pisco-es-peruano-y-es-de-bandera-nacional\/#breadcrumb","itemListElement":[{"@type":"ListItem","position":1,"name":"Portada","item":"https:\/\/aeronoticias.com.pe\/noticiero\/"},{"@type":"ListItem","position":2,"name":"El Pisco es Peruano y es de Bandera Nacional"}]},{"@type":"WebSite","@id":"https:\/\/aeronoticias.com.pe\/noticiero\/#website","url":"https:\/\/aeronoticias.com.pe\/noticiero\/","name":"Aeronoticias.com.pe","description":"Noticias de tranporte aereo, turismo, hoteles, gastronomia, actualidad, internacional","potentialAction":[{"@type":"SearchAction","target":{"@type":"EntryPoint","urlTemplate":"https:\/\/aeronoticias.com.pe\/noticiero\/?s={search_term_string}"},"query-input":{"@type":"PropertyValueSpecification","valueRequired":true,"valueName":"search_term_string"}}],"inLanguage":"es"},{"@type":"Person","@id":"https:\/\/aeronoticias.com.pe\/noticiero\/#\/schema\/person\/fc1e5d578f4b62ba1cf7ac2bba1170a0","name":"Redacci\u00f3n Aeronoticias","url":"https:\/\/aeronoticias.com.pe\/noticiero\/author\/piloto\/"}]}},"_links":{"self":[{"href":"https:\/\/aeronoticias.com.pe\/noticiero\/wp-json\/wp\/v2\/posts\/56601","targetHints":{"allow":["GET"]}}],"collection":[{"href":"https:\/\/aeronoticias.com.pe\/noticiero\/wp-json\/wp\/v2\/posts"}],"about":[{"href":"https:\/\/aeronoticias.com.pe\/noticiero\/wp-json\/wp\/v2\/types\/post"}],"author":[{"embeddable":true,"href":"https:\/\/aeronoticias.com.pe\/noticiero\/wp-json\/wp\/v2\/users\/1"}],"replies":[{"embeddable":true,"href":"https:\/\/aeronoticias.com.pe\/noticiero\/wp-json\/wp\/v2\/comments?post=56601"}],"version-history":[{"count":0,"href":"https:\/\/aeronoticias.com.pe\/noticiero\/wp-json\/wp\/v2\/posts\/56601\/revisions"}],"wp:attachment":[{"href":"https:\/\/aeronoticias.com.pe\/noticiero\/wp-json\/wp\/v2\/media?parent=56601"}],"wp:term":[{"taxonomy":"category","embeddable":true,"href":"https:\/\/aeronoticias.com.pe\/noticiero\/wp-json\/wp\/v2\/categories?post=56601"},{"taxonomy":"post_tag","embeddable":true,"href":"https:\/\/aeronoticias.com.pe\/noticiero\/wp-json\/wp\/v2\/tags?post=56601"}],"curies":[{"name":"wp","href":"https:\/\/api.w.org\/{rel}","templated":true}]}}