{"id":56602,"date":"2017-05-29T16:38:42","date_gmt":"2017-05-29T16:38:42","guid":{"rendered":"http:\/\/desarrollo.mcvicious.com\/aero2020\/2017\/05\/29\/toledo-es-igual-a-impunidad\/"},"modified":"2017-05-29T16:38:42","modified_gmt":"2017-05-29T16:38:42","slug":"toledo-es-igual-a-impunidad","status":"publish","type":"post","link":"https:\/\/aeronoticias.com.pe\/noticiero\/politica\/toledo-es-igual-a-impunidad\/","title":{"rendered":"Toledo es igual a impunidad"},"content":{"rendered":"<p style=\"text-align: justify;\"><strong>(Aeronoticias) <\/strong><span style=\"font-size: 12.16px;\">Es inconcebible que un ex presidente de la Rep\u00fablica se escude en desatinados se\u00f1alamientos como es el caso de decir que es un perseguido pol\u00edtico del Fujimorismo y APRA y que s\u00f3lo vendr\u00e1 al Per\u00fa cuando se le levante la medida de prisi\u00f3n preventiva porque aqu\u00ed (Per\u00fa) se le quiere colgar. Tendr\u00edan las mencionadas agrupaciones pol\u00edticas que hacer su propio deslinde al respecto por haber sido directamente involucradas por el Sr. Toledo.<\/span><\/p>\n<p style=\"text-align: justify;\">Lo cierto es que al Se\u00f1or ALEJANDRO TOLEDO MANRIQUE lo busca la justicia peruana, recae en \u00e9l serias acusaciones de il\u00edcitos penales y tiene que rendirle cuentas al pa\u00eds.<\/p>\n<p style=\"text-align: justify;\">Victimizarse no es una buena estrategia de defensa, primero porque usted no es v\u00edctima sino un investigado por serios il\u00edcitos penales; segundo no es un perseguido pol\u00edtico, usted no tiene liderazgo pol\u00edtico, es un ciudadano m\u00e1s. \u00bfquien lo persigue? \u00bfser\u00e1 su propia conciencia?.<\/p>\n<p style=\"text-align: justify;\">Lo que le pedimos a usted es que no denigre la imagen de nuestro pa\u00eds en el exterior haci\u00e9ndose pasar por victima, disculpe pero usted no es quien para condicionar al poder judicial en tal o cual sentido para que se ponga a derecho. Usted no es v\u00edctima de nada.<\/p>\n<p style=\"text-align: justify;\">Si bien ha conducido los destinos del Per\u00fa, se le dio la oportunidad de ser nuestro presidente pero su gobierno fue contaminado por su propia soberbia, por el alcohol, sus constantes contradicciones y sobre todo al negarse a reconocer a una hija extra-matrimonial y que tuvo que hacerlo por la presi\u00f3n medi\u00e1tica, entre otras cosas que terminaron por sepultarlo en la pol\u00edtica. Prueba de ello, es que su participaci\u00f3n en las elecciones generales \u00faltimas fue CERO. \u00bfDe qu\u00e9 liderazgo o influencia cree tener usted en el Per\u00fa? ninguna.<\/p>\n<p style=\"text-align: justify;\">Por otro lado. habla usted de \u00abchantaje\u00bb y curiosamente est\u00e1 chantajeando al PER\u00da para que se le levante la medida de prisi\u00f3n preventiva a condici\u00f3n de ponerse a derecho \u00bfsi eso no es chantaje entonces qu\u00e9 es?.<\/p>\n<p style=\"text-align: justify;\">El Per\u00fa no le ha faltado al respeto, usted nos ha faltado al respeto, ha demostrado una cobard\u00eda impresionante no nos siga avergonzando m\u00e1s, no denigre la imagen del Per\u00fa y si a\u00fan le queda algo de dignidad !P\u00d3NGASE A DERECHO!.<\/p>\n<p style=\"text-align: justify;\">Si bien, nuestra Canciller\u00eda conjuntamente con el Ministerio de Justicia y Derechos Humanos vienen articulando esfuerzos para traer a TOLEDO MANRIQUE, no menos cierto es que deseamos sentir confianza en que las cosas est\u00e1n haci\u00e9ndose bien. De ustedes dependen se\u00f1ores que se haga justicia en el Per\u00fa sobre el caso Toledo.<\/p>\n<p style=\"text-align: justify;\">El alcance de la justicia tiene que ser igual para todos, ya tenemos a un ex presidente en la c\u00e1rcel, TOLEDO NO PODR\u00cdA SER LA EXCEPCI\u00d3N. Y esto no es persecuci\u00f3n pol\u00edtica eso eso es EVADIR LA JUSTICIA POR CONSIGUIENTE IMPUNIDAD.<\/p>\n<p style=\"text-align: justify;\">!TOLEDO ES IGUAL A IMPUNIDAD!<\/p>\n<p style=\"text-align: justify;\"><strong style=\"margin: 0px; padding: 0px; border: 0px; outline: 0px; font-size: 12.16px; background-image: initial; background-position: initial; background-size: initial; background-repeat: initial; background-attachment: initial; background-origin: initial; background-clip: initial; font-family: Georgia, Cambria, &quot;Times New Roman&quot;, Times, serif;\"><em style=\"margin: 0px; padding: 0px; border: 0px; outline: 0px; font-size: 12.16px; background: transparent;\">Lesly Llatas Ram\u00edrez<br \/>Abogada jurista docente y defensora de DDHH.<\/em><\/strong><\/p>\n<p style=\"text-align: justify;\"><img decoding=\"async\" src=\"images\/stories\/17\/05\/290517\/llatas1.jpg\" border=\"0\" \/><\/p>\n<p>\u00a0<\/p>\n","protected":false},"excerpt":{"rendered":"<p>(Aeronoticias) Es inconcebible que un ex presidente de la Rep\u00fablica se escude en desatinados se\u00f1alamientos como es el caso de decir que es un perseguido pol\u00edtico del Fujimorismo y APRA y que s\u00f3lo vendr\u00e1 al Per\u00fa cuando se le levante la medida de prisi\u00f3n preventiva porque aqu\u00ed (Per\u00fa) se le quiere colgar. Tendr\u00edan las mencionadas [&hellip;]<\/p>\n","protected":false},"author":1,"featured_media":0,"comment_status":"open","ping_status":"open","sticky":false,"template":"","format":"standard","meta":{"tdm_status":"","tdm_grid_status":"","footnotes":""},"categories":[36],"tags":[],"class_list":{"0":"post-56602","1":"post","2":"type-post","3":"status-publish","4":"format-standard","6":"category-politica"},"yoast_head":"<!-- This site is optimized with the Yoast SEO plugin v25.1 - https:\/\/yoast.com\/wordpress\/plugins\/seo\/ -->\n<title>Toledo es igual a impunidad<\/title>\n<meta name=\"description\" content=\"Portal de noticias del Per\u00fa sobre el transporte a\u00e9reo, aviaci\u00f3n, turismo, hoteleria, actualidad.\" \/>\n<meta name=\"robots\" content=\"index, follow, max-snippet:-1, max-image-preview:large, max-video-preview:-1\" \/>\n<link rel=\"canonical\" href=\"https:\/\/aeronoticias.com.pe\/noticiero\/politica\/toledo-es-igual-a-impunidad\/\" \/>\n<meta property=\"og:locale\" content=\"es_ES\" \/>\n<meta property=\"og:type\" content=\"article\" \/>\n<meta property=\"og:title\" content=\"Toledo es igual a impunidad\" \/>\n<meta property=\"og:description\" content=\"Portal de noticias del Per\u00fa sobre el transporte a\u00e9reo, aviaci\u00f3n, turismo, hoteleria, actualidad.\" \/>\n<meta property=\"og:url\" content=\"https:\/\/aeronoticias.com.pe\/noticiero\/politica\/toledo-es-igual-a-impunidad\/\" \/>\n<meta property=\"og:site_name\" content=\"Aeronoticias.com.pe\" \/>\n<meta property=\"article:publisher\" content=\"https:\/\/www.facebook.com\/Aeronoticias.com.pe\/\" \/>\n<meta property=\"article:published_time\" content=\"2017-05-29T16:38:42+00:00\" \/>\n<meta name=\"author\" content=\"Redacci\u00f3n Aeronoticias\" \/>\n<meta name=\"twitter:card\" content=\"summary_large_image\" \/>\n<meta name=\"twitter:creator\" content=\"@aeronoticias\" \/>\n<meta name=\"twitter:site\" content=\"@aeronoticias\" \/>\n<meta name=\"twitter:label1\" content=\"Escrito por\" \/>\n\t<meta name=\"twitter:data1\" content=\"Redacci\u00f3n Aeronoticias\" \/>\n\t<meta name=\"twitter:label2\" content=\"Tiempo de lectura\" \/>\n\t<meta name=\"twitter:data2\" content=\"3 minutos\" \/>\n<script type=\"application\/ld+json\" class=\"yoast-schema-graph\">{\"@context\":\"https:\/\/schema.org\",\"@graph\":[{\"@type\":\"WebPage\",\"@id\":\"https:\/\/aeronoticias.com.pe\/noticiero\/politica\/toledo-es-igual-a-impunidad\/\",\"url\":\"https:\/\/aeronoticias.com.pe\/noticiero\/politica\/toledo-es-igual-a-impunidad\/\",\"name\":\"Toledo es igual a impunidad\",\"isPartOf\":{\"@id\":\"https:\/\/aeronoticias.com.pe\/noticiero\/#website\"},\"datePublished\":\"2017-05-29T16:38:42+00:00\",\"author\":{\"@id\":\"https:\/\/aeronoticias.com.pe\/noticiero\/#\/schema\/person\/fc1e5d578f4b62ba1cf7ac2bba1170a0\"},\"description\":\"Portal de noticias del Per\u00fa sobre el transporte a\u00e9reo, aviaci\u00f3n, turismo, hoteleria, actualidad.\",\"breadcrumb\":{\"@id\":\"https:\/\/aeronoticias.com.pe\/noticiero\/politica\/toledo-es-igual-a-impunidad\/#breadcrumb\"},\"inLanguage\":\"es\",\"potentialAction\":[{\"@type\":\"ReadAction\",\"target\":[\"https:\/\/aeronoticias.com.pe\/noticiero\/politica\/toledo-es-igual-a-impunidad\/\"]}]},{\"@type\":\"BreadcrumbList\",\"@id\":\"https:\/\/aeronoticias.com.pe\/noticiero\/politica\/toledo-es-igual-a-impunidad\/#breadcrumb\",\"itemListElement\":[{\"@type\":\"ListItem\",\"position\":1,\"name\":\"Portada\",\"item\":\"https:\/\/aeronoticias.com.pe\/noticiero\/\"},{\"@type\":\"ListItem\",\"position\":2,\"name\":\"Toledo es igual a impunidad\"}]},{\"@type\":\"WebSite\",\"@id\":\"https:\/\/aeronoticias.com.pe\/noticiero\/#website\",\"url\":\"https:\/\/aeronoticias.com.pe\/noticiero\/\",\"name\":\"Aeronoticias.com.pe\",\"description\":\"Noticias de tranporte aereo, turismo, hoteles, gastronomia, actualidad, internacional\",\"potentialAction\":[{\"@type\":\"SearchAction\",\"target\":{\"@type\":\"EntryPoint\",\"urlTemplate\":\"https:\/\/aeronoticias.com.pe\/noticiero\/?s={search_term_string}\"},\"query-input\":{\"@type\":\"PropertyValueSpecification\",\"valueRequired\":true,\"valueName\":\"search_term_string\"}}],\"inLanguage\":\"es\"},{\"@type\":\"Person\",\"@id\":\"https:\/\/aeronoticias.com.pe\/noticiero\/#\/schema\/person\/fc1e5d578f4b62ba1cf7ac2bba1170a0\",\"name\":\"Redacci\u00f3n Aeronoticias\",\"url\":\"https:\/\/aeronoticias.com.pe\/noticiero\/author\/piloto\/\"}]}<\/script>\n<!-- \/ Yoast SEO plugin. -->","yoast_head_json":{"title":"Toledo es igual a impunidad","description":"Portal de noticias del Per\u00fa sobre el transporte a\u00e9reo, aviaci\u00f3n, turismo, hoteleria, actualidad.","robots":{"index":"index","follow":"follow","max-snippet":"max-snippet:-1","max-image-preview":"max-image-preview:large","max-video-preview":"max-video-preview:-1"},"canonical":"https:\/\/aeronoticias.com.pe\/noticiero\/politica\/toledo-es-igual-a-impunidad\/","og_locale":"es_ES","og_type":"article","og_title":"Toledo es igual a impunidad","og_description":"Portal de noticias del Per\u00fa sobre el transporte a\u00e9reo, aviaci\u00f3n, turismo, hoteleria, actualidad.","og_url":"https:\/\/aeronoticias.com.pe\/noticiero\/politica\/toledo-es-igual-a-impunidad\/","og_site_name":"Aeronoticias.com.pe","article_publisher":"https:\/\/www.facebook.com\/Aeronoticias.com.pe\/","article_published_time":"2017-05-29T16:38:42+00:00","author":"Redacci\u00f3n Aeronoticias","twitter_card":"summary_large_image","twitter_creator":"@aeronoticias","twitter_site":"@aeronoticias","twitter_misc":{"Escrito por":"Redacci\u00f3n Aeronoticias","Tiempo de lectura":"3 minutos"},"schema":{"@context":"https:\/\/schema.org","@graph":[{"@type":"WebPage","@id":"https:\/\/aeronoticias.com.pe\/noticiero\/politica\/toledo-es-igual-a-impunidad\/","url":"https:\/\/aeronoticias.com.pe\/noticiero\/politica\/toledo-es-igual-a-impunidad\/","name":"Toledo es igual a impunidad","isPartOf":{"@id":"https:\/\/aeronoticias.com.pe\/noticiero\/#website"},"datePublished":"2017-05-29T16:38:42+00:00","author":{"@id":"https:\/\/aeronoticias.com.pe\/noticiero\/#\/schema\/person\/fc1e5d578f4b62ba1cf7ac2bba1170a0"},"description":"Portal de noticias del Per\u00fa sobre el transporte a\u00e9reo, aviaci\u00f3n, turismo, hoteleria, actualidad.","breadcrumb":{"@id":"https:\/\/aeronoticias.com.pe\/noticiero\/politica\/toledo-es-igual-a-impunidad\/#breadcrumb"},"inLanguage":"es","potentialAction":[{"@type":"ReadAction","target":["https:\/\/aeronoticias.com.pe\/noticiero\/politica\/toledo-es-igual-a-impunidad\/"]}]},{"@type":"BreadcrumbList","@id":"https:\/\/aeronoticias.com.pe\/noticiero\/politica\/toledo-es-igual-a-impunidad\/#breadcrumb","itemListElement":[{"@type":"ListItem","position":1,"name":"Portada","item":"https:\/\/aeronoticias.com.pe\/noticiero\/"},{"@type":"ListItem","position":2,"name":"Toledo es igual a impunidad"}]},{"@type":"WebSite","@id":"https:\/\/aeronoticias.com.pe\/noticiero\/#website","url":"https:\/\/aeronoticias.com.pe\/noticiero\/","name":"Aeronoticias.com.pe","description":"Noticias de tranporte aereo, turismo, hoteles, gastronomia, actualidad, internacional","potentialAction":[{"@type":"SearchAction","target":{"@type":"EntryPoint","urlTemplate":"https:\/\/aeronoticias.com.pe\/noticiero\/?s={search_term_string}"},"query-input":{"@type":"PropertyValueSpecification","valueRequired":true,"valueName":"search_term_string"}}],"inLanguage":"es"},{"@type":"Person","@id":"https:\/\/aeronoticias.com.pe\/noticiero\/#\/schema\/person\/fc1e5d578f4b62ba1cf7ac2bba1170a0","name":"Redacci\u00f3n Aeronoticias","url":"https:\/\/aeronoticias.com.pe\/noticiero\/author\/piloto\/"}]}},"_links":{"self":[{"href":"https:\/\/aeronoticias.com.pe\/noticiero\/wp-json\/wp\/v2\/posts\/56602","targetHints":{"allow":["GET"]}}],"collection":[{"href":"https:\/\/aeronoticias.com.pe\/noticiero\/wp-json\/wp\/v2\/posts"}],"about":[{"href":"https:\/\/aeronoticias.com.pe\/noticiero\/wp-json\/wp\/v2\/types\/post"}],"author":[{"embeddable":true,"href":"https:\/\/aeronoticias.com.pe\/noticiero\/wp-json\/wp\/v2\/users\/1"}],"replies":[{"embeddable":true,"href":"https:\/\/aeronoticias.com.pe\/noticiero\/wp-json\/wp\/v2\/comments?post=56602"}],"version-history":[{"count":0,"href":"https:\/\/aeronoticias.com.pe\/noticiero\/wp-json\/wp\/v2\/posts\/56602\/revisions"}],"wp:attachment":[{"href":"https:\/\/aeronoticias.com.pe\/noticiero\/wp-json\/wp\/v2\/media?parent=56602"}],"wp:term":[{"taxonomy":"category","embeddable":true,"href":"https:\/\/aeronoticias.com.pe\/noticiero\/wp-json\/wp\/v2\/categories?post=56602"},{"taxonomy":"post_tag","embeddable":true,"href":"https:\/\/aeronoticias.com.pe\/noticiero\/wp-json\/wp\/v2\/tags?post=56602"}],"curies":[{"name":"wp","href":"https:\/\/api.w.org\/{rel}","templated":true}]}}