{"id":56630,"date":"2017-06-07T15:26:45","date_gmt":"2017-06-07T15:26:45","guid":{"rendered":"http:\/\/desarrollo.mcvicious.com\/aero2020\/2017\/06\/07\/controlador-vs-gobierno-ipractica-montesinista\/"},"modified":"2017-06-07T15:26:45","modified_gmt":"2017-06-07T15:26:45","slug":"controlador-vs-gobierno-ipractica-montesinista","status":"publish","type":"post","link":"https:\/\/aeronoticias.com.pe\/noticiero\/politica\/controlador-vs-gobierno-ipractica-montesinista\/","title":{"rendered":"Controlador vs. Gobierno \u00bfpr\u00e1ctica montesinista?"},"content":{"rendered":"<p style=\"text-align: justify;\"><span style=\"font-size: 12.16px;\"><strong>(Aeronoticias)<\/strong> En lo que va del gobierno de Pedro Pablo Kuczynski se ha demostrado una absoluta ingobernabilidad en el pa\u00eds y, decir ello, no es sin\u00f3nimo de que en el Per\u00fa todo se critique o se pre juzgue o simplemente se juzgue.<\/span><\/p>\n<p style=\"text-align: justify;\">El gobierno est\u00e1 provocando situaciones de desconfianza innecesariamente, primero el caso Moreno ( su ex asesor), algunos ministros y funcionarios en la mira, el tema de Alejando Toledo, que es sabido que el actual presidente fue su Ministro de Econ\u00f3mica y premier en su gobierno y su vinculaci\u00f3n con odebrecht. y otros. La percepci\u00f3n que se tiene a nivel general es que Toledo es un protegido del gobierno.<\/p>\n<p style=\"text-align: justify;\">Ahora otra perla, la grabaci\u00f3n de una conversaci\u00f3n sostenida entre el Ministro de Econom\u00eda y el Contralor de la Rep\u00fablica, un acto il\u00edcito sin duda, cuyo contenido deja mucho que desear, porque vuelve a colocar al gobierno en un jaque mate. \u00bfInterferencia del gobierno hacia el contralor?. \u00bfPractica montesinista?<\/p>\n<p style=\"text-align: justify;\">La otra cara de la moneda, vemos a un contralor victimiz\u00e1ndose, amenazando p\u00fablicamente al gobierno que no va a renunciar y que va a esperar lo que decida el Congreso.<\/p>\n<p style=\"text-align: justify;\">Un contralor en la mira por la abundancia de sus bienes y dinero que no estar\u00edan guardando proporcionalidad cuando era vicecontralor.<\/p>\n<p style=\"text-align: justify;\">En otras palabras tenemos relaciones quebradas entre el Contralor y el Gobierno \u00abdimes y diretes\u00bb que no hacen mas que tensionar las decisiones pol\u00edticas en favor del Per\u00fa. \u00bfQuien pierde Se\u00f1or Presidente? sin duda el PER\u00da y no es justo que como pa\u00eds merezcamos un gobierno d\u00e9bil y poco claro en sus horizontes.<\/p>\n<p style=\"text-align: justify;\">Se\u00f1or Presidente, queremos crecer, necesitamos empleo, desarrollo, integraci\u00f3n, visi\u00f3n de pa\u00eds, identidad, reconstrucci\u00f3n e inclusi\u00f3n.<\/p>\n<p style=\"text-align: justify;\">Estas debilidades no se van a subsanar ni tapar con el baile improvisado de Ministros de Estado, como dice el refr\u00e1n \u00abest\u00e1 bien culantro pero no tanto\u00bb. El baile es un modo de expresi\u00f3n de sentimientos sin duda, pero no resuelve el problema del pa\u00eds.<\/p>\n<p style=\"text-align: justify;\">Estas situaciones se resuelven adoptando una decisi\u00f3n pol\u00edtica \u00bfcual? CAMBIO EN EL GABINETE. La actual conformaci\u00f3n de gabinete est\u00e1 desgastada en tan corto tiempo por no haber esclarecido situaciones a tiempo siendo el costo pol\u00edtico mayor.<\/p>\n<p style=\"text-align: justify;\">Quien solapa situaciones por amistad con el gobierno, tarde o temprano se sabe, los peruanos y peruanas no somos tontos, no insulten nuestra inteligencia . \u00bfCu\u00e1l es la visi\u00f3n de pa\u00eds que tiene usted se\u00f1or presidente?<\/p>\n<p style=\"text-align: justify;\">O esclarece lo que pasa en su gobierno incluido lo de Toledo o su silencio lo har\u00e1 c\u00f3mplice de actos de corrupci\u00f3n y pasara a la historia de nuestra de naci\u00f3n como un presidente que pudo hacer algo y no lo hizo.<\/p>\n<p style=\"text-align: justify;\">Anteponga la dignidad de todos nosotros porque al elegirlo a usted como Presidente hemos depositado en sus manos una gran empresa llamada PER\u00da.<\/p>\n<p style=\"text-align: justify;\"><span style=\"font-family: Georgia, Cambria, &quot;Times New Roman&quot;, Times, serif; font-size: 12.16px;\"><strong><em>Lesly Llatas Ram\u00edrez<br \/><\/em><\/strong><\/span><strong style=\"font-family: Georgia, Cambria, &quot;Times New Roman&quot;, Times, serif; font-size: 12.16px;\"><em>Abogada jurista docente y defensora de DDHH.<\/em><\/strong><\/p>\n<p style=\"text-align: justify;\"><strong style=\"font-family: Georgia, Cambria, &quot;Times New Roman&quot;, Times, serif; font-size: 12.16px;\"><em><img decoding=\"async\" src=\"images\/stories\/17\/06\/070617\/llatas3.jpg\" border=\"0\" \/><br \/><\/em><\/strong><\/p>\n","protected":false},"excerpt":{"rendered":"<p>(Aeronoticias) En lo que va del gobierno de Pedro Pablo Kuczynski se ha demostrado una absoluta ingobernabilidad en el pa\u00eds y, decir ello, no es sin\u00f3nimo de que en el Per\u00fa todo se critique o se pre juzgue o simplemente se juzgue. El gobierno est\u00e1 provocando situaciones de desconfianza innecesariamente, primero el caso Moreno ( [&hellip;]<\/p>\n","protected":false},"author":1,"featured_media":0,"comment_status":"open","ping_status":"open","sticky":false,"template":"","format":"standard","meta":{"tdm_status":"","tdm_grid_status":"","footnotes":""},"categories":[36],"tags":[],"class_list":{"0":"post-56630","1":"post","2":"type-post","3":"status-publish","4":"format-standard","6":"category-politica"},"yoast_head":"<!-- This site is optimized with the Yoast SEO plugin v25.1 - https:\/\/yoast.com\/wordpress\/plugins\/seo\/ -->\n<title>Controlador vs. Gobierno \u00bfpr\u00e1ctica montesinista?<\/title>\n<meta name=\"description\" content=\"Portal de noticias del Per\u00fa sobre el transporte a\u00e9reo, aviaci\u00f3n, turismo, hoteleria, actualidad.\" \/>\n<meta name=\"robots\" content=\"index, follow, max-snippet:-1, max-image-preview:large, max-video-preview:-1\" \/>\n<link rel=\"canonical\" href=\"https:\/\/aeronoticias.com.pe\/noticiero\/politica\/controlador-vs-gobierno-ipractica-montesinista\/\" \/>\n<meta property=\"og:locale\" content=\"es_ES\" \/>\n<meta property=\"og:type\" content=\"article\" \/>\n<meta property=\"og:title\" content=\"Controlador vs. Gobierno \u00bfpr\u00e1ctica montesinista?\" \/>\n<meta property=\"og:description\" content=\"Portal de noticias del Per\u00fa sobre el transporte a\u00e9reo, aviaci\u00f3n, turismo, hoteleria, actualidad.\" \/>\n<meta property=\"og:url\" content=\"https:\/\/aeronoticias.com.pe\/noticiero\/politica\/controlador-vs-gobierno-ipractica-montesinista\/\" \/>\n<meta property=\"og:site_name\" content=\"Aeronoticias.com.pe\" \/>\n<meta property=\"article:publisher\" content=\"https:\/\/www.facebook.com\/Aeronoticias.com.pe\/\" \/>\n<meta property=\"article:published_time\" content=\"2017-06-07T15:26:45+00:00\" \/>\n<meta name=\"author\" content=\"Redacci\u00f3n Aeronoticias\" \/>\n<meta name=\"twitter:card\" content=\"summary_large_image\" \/>\n<meta name=\"twitter:creator\" content=\"@aeronoticias\" \/>\n<meta name=\"twitter:site\" content=\"@aeronoticias\" \/>\n<meta name=\"twitter:label1\" content=\"Escrito por\" \/>\n\t<meta name=\"twitter:data1\" content=\"Redacci\u00f3n Aeronoticias\" \/>\n\t<meta name=\"twitter:label2\" content=\"Tiempo de lectura\" \/>\n\t<meta name=\"twitter:data2\" content=\"3 minutos\" \/>\n<script type=\"application\/ld+json\" class=\"yoast-schema-graph\">{\"@context\":\"https:\/\/schema.org\",\"@graph\":[{\"@type\":\"WebPage\",\"@id\":\"https:\/\/aeronoticias.com.pe\/noticiero\/politica\/controlador-vs-gobierno-ipractica-montesinista\/\",\"url\":\"https:\/\/aeronoticias.com.pe\/noticiero\/politica\/controlador-vs-gobierno-ipractica-montesinista\/\",\"name\":\"Controlador vs. Gobierno \u00bfpr\u00e1ctica montesinista?\",\"isPartOf\":{\"@id\":\"https:\/\/aeronoticias.com.pe\/noticiero\/#website\"},\"datePublished\":\"2017-06-07T15:26:45+00:00\",\"author\":{\"@id\":\"https:\/\/aeronoticias.com.pe\/noticiero\/#\/schema\/person\/fc1e5d578f4b62ba1cf7ac2bba1170a0\"},\"description\":\"Portal de noticias del Per\u00fa sobre el transporte a\u00e9reo, aviaci\u00f3n, turismo, hoteleria, actualidad.\",\"breadcrumb\":{\"@id\":\"https:\/\/aeronoticias.com.pe\/noticiero\/politica\/controlador-vs-gobierno-ipractica-montesinista\/#breadcrumb\"},\"inLanguage\":\"es\",\"potentialAction\":[{\"@type\":\"ReadAction\",\"target\":[\"https:\/\/aeronoticias.com.pe\/noticiero\/politica\/controlador-vs-gobierno-ipractica-montesinista\/\"]}]},{\"@type\":\"BreadcrumbList\",\"@id\":\"https:\/\/aeronoticias.com.pe\/noticiero\/politica\/controlador-vs-gobierno-ipractica-montesinista\/#breadcrumb\",\"itemListElement\":[{\"@type\":\"ListItem\",\"position\":1,\"name\":\"Portada\",\"item\":\"https:\/\/aeronoticias.com.pe\/noticiero\/\"},{\"@type\":\"ListItem\",\"position\":2,\"name\":\"Controlador vs. Gobierno \u00bfpr\u00e1ctica montesinista?\"}]},{\"@type\":\"WebSite\",\"@id\":\"https:\/\/aeronoticias.com.pe\/noticiero\/#website\",\"url\":\"https:\/\/aeronoticias.com.pe\/noticiero\/\",\"name\":\"Aeronoticias.com.pe\",\"description\":\"Noticias de tranporte aereo, turismo, hoteles, gastronomia, actualidad, internacional\",\"potentialAction\":[{\"@type\":\"SearchAction\",\"target\":{\"@type\":\"EntryPoint\",\"urlTemplate\":\"https:\/\/aeronoticias.com.pe\/noticiero\/?s={search_term_string}\"},\"query-input\":{\"@type\":\"PropertyValueSpecification\",\"valueRequired\":true,\"valueName\":\"search_term_string\"}}],\"inLanguage\":\"es\"},{\"@type\":\"Person\",\"@id\":\"https:\/\/aeronoticias.com.pe\/noticiero\/#\/schema\/person\/fc1e5d578f4b62ba1cf7ac2bba1170a0\",\"name\":\"Redacci\u00f3n Aeronoticias\",\"url\":\"https:\/\/aeronoticias.com.pe\/noticiero\/author\/piloto\/\"}]}<\/script>\n<!-- \/ Yoast SEO plugin. -->","yoast_head_json":{"title":"Controlador vs. Gobierno \u00bfpr\u00e1ctica montesinista?","description":"Portal de noticias del Per\u00fa sobre el transporte a\u00e9reo, aviaci\u00f3n, turismo, hoteleria, actualidad.","robots":{"index":"index","follow":"follow","max-snippet":"max-snippet:-1","max-image-preview":"max-image-preview:large","max-video-preview":"max-video-preview:-1"},"canonical":"https:\/\/aeronoticias.com.pe\/noticiero\/politica\/controlador-vs-gobierno-ipractica-montesinista\/","og_locale":"es_ES","og_type":"article","og_title":"Controlador vs. Gobierno \u00bfpr\u00e1ctica montesinista?","og_description":"Portal de noticias del Per\u00fa sobre el transporte a\u00e9reo, aviaci\u00f3n, turismo, hoteleria, actualidad.","og_url":"https:\/\/aeronoticias.com.pe\/noticiero\/politica\/controlador-vs-gobierno-ipractica-montesinista\/","og_site_name":"Aeronoticias.com.pe","article_publisher":"https:\/\/www.facebook.com\/Aeronoticias.com.pe\/","article_published_time":"2017-06-07T15:26:45+00:00","author":"Redacci\u00f3n Aeronoticias","twitter_card":"summary_large_image","twitter_creator":"@aeronoticias","twitter_site":"@aeronoticias","twitter_misc":{"Escrito por":"Redacci\u00f3n Aeronoticias","Tiempo de lectura":"3 minutos"},"schema":{"@context":"https:\/\/schema.org","@graph":[{"@type":"WebPage","@id":"https:\/\/aeronoticias.com.pe\/noticiero\/politica\/controlador-vs-gobierno-ipractica-montesinista\/","url":"https:\/\/aeronoticias.com.pe\/noticiero\/politica\/controlador-vs-gobierno-ipractica-montesinista\/","name":"Controlador vs. Gobierno \u00bfpr\u00e1ctica montesinista?","isPartOf":{"@id":"https:\/\/aeronoticias.com.pe\/noticiero\/#website"},"datePublished":"2017-06-07T15:26:45+00:00","author":{"@id":"https:\/\/aeronoticias.com.pe\/noticiero\/#\/schema\/person\/fc1e5d578f4b62ba1cf7ac2bba1170a0"},"description":"Portal de noticias del Per\u00fa sobre el transporte a\u00e9reo, aviaci\u00f3n, turismo, hoteleria, actualidad.","breadcrumb":{"@id":"https:\/\/aeronoticias.com.pe\/noticiero\/politica\/controlador-vs-gobierno-ipractica-montesinista\/#breadcrumb"},"inLanguage":"es","potentialAction":[{"@type":"ReadAction","target":["https:\/\/aeronoticias.com.pe\/noticiero\/politica\/controlador-vs-gobierno-ipractica-montesinista\/"]}]},{"@type":"BreadcrumbList","@id":"https:\/\/aeronoticias.com.pe\/noticiero\/politica\/controlador-vs-gobierno-ipractica-montesinista\/#breadcrumb","itemListElement":[{"@type":"ListItem","position":1,"name":"Portada","item":"https:\/\/aeronoticias.com.pe\/noticiero\/"},{"@type":"ListItem","position":2,"name":"Controlador vs. Gobierno \u00bfpr\u00e1ctica montesinista?"}]},{"@type":"WebSite","@id":"https:\/\/aeronoticias.com.pe\/noticiero\/#website","url":"https:\/\/aeronoticias.com.pe\/noticiero\/","name":"Aeronoticias.com.pe","description":"Noticias de tranporte aereo, turismo, hoteles, gastronomia, actualidad, internacional","potentialAction":[{"@type":"SearchAction","target":{"@type":"EntryPoint","urlTemplate":"https:\/\/aeronoticias.com.pe\/noticiero\/?s={search_term_string}"},"query-input":{"@type":"PropertyValueSpecification","valueRequired":true,"valueName":"search_term_string"}}],"inLanguage":"es"},{"@type":"Person","@id":"https:\/\/aeronoticias.com.pe\/noticiero\/#\/schema\/person\/fc1e5d578f4b62ba1cf7ac2bba1170a0","name":"Redacci\u00f3n Aeronoticias","url":"https:\/\/aeronoticias.com.pe\/noticiero\/author\/piloto\/"}]}},"_links":{"self":[{"href":"https:\/\/aeronoticias.com.pe\/noticiero\/wp-json\/wp\/v2\/posts\/56630","targetHints":{"allow":["GET"]}}],"collection":[{"href":"https:\/\/aeronoticias.com.pe\/noticiero\/wp-json\/wp\/v2\/posts"}],"about":[{"href":"https:\/\/aeronoticias.com.pe\/noticiero\/wp-json\/wp\/v2\/types\/post"}],"author":[{"embeddable":true,"href":"https:\/\/aeronoticias.com.pe\/noticiero\/wp-json\/wp\/v2\/users\/1"}],"replies":[{"embeddable":true,"href":"https:\/\/aeronoticias.com.pe\/noticiero\/wp-json\/wp\/v2\/comments?post=56630"}],"version-history":[{"count":0,"href":"https:\/\/aeronoticias.com.pe\/noticiero\/wp-json\/wp\/v2\/posts\/56630\/revisions"}],"wp:attachment":[{"href":"https:\/\/aeronoticias.com.pe\/noticiero\/wp-json\/wp\/v2\/media?parent=56630"}],"wp:term":[{"taxonomy":"category","embeddable":true,"href":"https:\/\/aeronoticias.com.pe\/noticiero\/wp-json\/wp\/v2\/categories?post=56630"},{"taxonomy":"post_tag","embeddable":true,"href":"https:\/\/aeronoticias.com.pe\/noticiero\/wp-json\/wp\/v2\/tags?post=56630"}],"curies":[{"name":"wp","href":"https:\/\/api.w.org\/{rel}","templated":true}]}}