{"id":56643,"date":"2017-06-12T16:20:22","date_gmt":"2017-06-12T16:20:22","guid":{"rendered":"http:\/\/desarrollo.mcvicious.com\/aero2020\/2017\/06\/12\/iata-sector-aereo-trabaja-para-mitigar-riesgos-en-carga-de-articulos-electronicos\/"},"modified":"2017-06-12T16:20:22","modified_gmt":"2017-06-12T16:20:22","slug":"iata-sector-aereo-trabaja-para-mitigar-riesgos-en-carga-de-articulos-electronicos","status":"publish","type":"post","link":"https:\/\/aeronoticias.com.pe\/noticiero\/internacionales\/iata-sector-aereo-trabaja-para-mitigar-riesgos-en-carga-de-articulos-electronicos\/","title":{"rendered":"IATA: Sector a\u00e9reo trabaja para mitigar riesgos en carga de art\u00edculos electr\u00f3nicos"},"content":{"rendered":"<p style=\"text-align: justify;\"><strong>(Aeronoticias) <\/strong>Gilberto L\u00f3pez Meyer, vicepresidente de Seguridad A\u00e9rea y Operaciones de la IATA, mencion\u00f3 que junto con las autoridades, aeropuertos, fabricantes de aeronaves y de equipo de revisi\u00f3n, trabajan en el dise\u00f1o de equipos y protocolos.<\/p>\n<p style=\"text-align: justify;\"><span style=\"font-size: 12.16px;\">Esta semana en Canc\u00fan, Quintana Roo, se llev\u00f3 a cabo la 73 Reuni\u00f3n General Anual World Air Transport Summit, de la Asociaci\u00f3n de Internacional de Transporte A\u00e9reo (IATA por sus siglas en ingl\u00e9s).<\/span><\/p>\n<p style=\"text-align: justify;\"><span style=\"font-size: 12.16px;\">Gilberto L\u00f3pez Meyer, vicepresidente de Seguridad A\u00e9rea y Operaciones de la IATA, indic\u00f3 que a este foro acuden la mayor\u00eda de las aerol\u00edneas importantes en el mundo, para discutir temas de actualidad qu\u00e9 conciernen a las aerol\u00edneas y gobiernos del mundo relacionados a las autoridades de aeron\u00e1utica.<\/span><\/p>\n<p style=\"text-align: justify;\"><span style=\"font-size: 12.16px;\">En entrevista para el programa \u00abF\u00f3rmula Noticias con Jaime N\u00fa\u00f1ez\u00bb, dijo que un problema de seguridad de la aviaci\u00f3n se deriv\u00f3 en un problema operacional al verse las aerol\u00edneas requeridas por la autoridad, para bajar a los compartimentos de carga gran cantidad de art\u00edculos electr\u00f3nicos. Recalc\u00f3 que este es un tema complejo, que tiene implicaciones operacionales.<\/span><\/p>\n<p style=\"text-align: justify;\"><span style=\"font-size: 12.16px;\">Mencion\u00f3 que junto con las autoridades, aeropuertos, fabricantes de aeronaves y de equipo de revisi\u00f3n, trabajan en el dise\u00f1o de equipos y protocolos de utilizaci\u00f3n para mitigar el riesgo y as\u00ed los equipos electr\u00f3nicos van a seguir siendo llevados.<\/span><\/p>\n<p style=\"text-align: justify;\"><span style=\"font-size: 12.16px;\">Dijo que para resolver los temas complejos en el sector tienen que involucrarse todos los interesados.<\/span><\/p>\n<p style=\"text-align: justify;\"><span style=\"font-size: 12.16px;\">\u00abEl gran reto es continuar trabajando, cada vez mejor, esta \u00faltima situaci\u00f3n de los equipos electr\u00f3nicos que no est\u00e1n permitidos llevar a bordo, es mucho m\u00e1s costoso y tardado\u00bb.<\/span><\/p>\n<p style=\"text-align: justify;\"><strong><em><span style=\"font-size: 12.16px;\">Fuente: <\/span>http:\/\/www.radioformula.com.mx\/notas.asp?Idn=690763&amp;idFC=2017<\/em><\/strong><\/p>\n<p style=\"text-align: justify;\"><strong><em><img decoding=\"async\" src=\"images\/stories\/17\/06\/120617\/glopez.jpg\" border=\"0\" \/><br \/><\/em><\/strong><\/p>\n","protected":false},"excerpt":{"rendered":"<p>(Aeronoticias) Gilberto L\u00f3pez Meyer, vicepresidente de Seguridad A\u00e9rea y Operaciones de la IATA, mencion\u00f3 que junto con las autoridades, aeropuertos, fabricantes de aeronaves y de equipo de revisi\u00f3n, trabajan en el dise\u00f1o de equipos y protocolos. Esta semana en Canc\u00fan, Quintana Roo, se llev\u00f3 a cabo la 73 Reuni\u00f3n General Anual World Air Transport Summit, [&hellip;]<\/p>\n","protected":false},"author":1,"featured_media":0,"comment_status":"open","ping_status":"open","sticky":false,"template":"","format":"standard","meta":{"tdm_status":"","tdm_grid_status":"","footnotes":""},"categories":[34],"tags":[],"class_list":{"0":"post-56643","1":"post","2":"type-post","3":"status-publish","4":"format-standard","6":"category-internacionales"},"yoast_head":"<!-- This site is optimized with the Yoast SEO plugin v25.1 - https:\/\/yoast.com\/wordpress\/plugins\/seo\/ -->\n<title>IATA: Sector a\u00e9reo trabaja para mitigar riesgos en carga de art\u00edculos electr\u00f3nicos<\/title>\n<meta name=\"description\" content=\"Portal de noticias del Per\u00fa sobre el transporte a\u00e9reo, aviaci\u00f3n, turismo, hoteleria, actualidad.\" \/>\n<meta name=\"robots\" content=\"index, follow, max-snippet:-1, max-image-preview:large, max-video-preview:-1\" \/>\n<link rel=\"canonical\" href=\"https:\/\/aeronoticias.com.pe\/noticiero\/internacionales\/iata-sector-aereo-trabaja-para-mitigar-riesgos-en-carga-de-articulos-electronicos\/\" \/>\n<meta property=\"og:locale\" content=\"es_ES\" \/>\n<meta property=\"og:type\" content=\"article\" \/>\n<meta property=\"og:title\" content=\"IATA: Sector a\u00e9reo trabaja para mitigar riesgos en carga de art\u00edculos electr\u00f3nicos\" \/>\n<meta property=\"og:description\" content=\"Portal de noticias del Per\u00fa sobre el transporte a\u00e9reo, aviaci\u00f3n, turismo, hoteleria, actualidad.\" \/>\n<meta property=\"og:url\" content=\"https:\/\/aeronoticias.com.pe\/noticiero\/internacionales\/iata-sector-aereo-trabaja-para-mitigar-riesgos-en-carga-de-articulos-electronicos\/\" \/>\n<meta property=\"og:site_name\" content=\"Aeronoticias.com.pe\" \/>\n<meta property=\"article:publisher\" content=\"https:\/\/www.facebook.com\/Aeronoticias.com.pe\/\" \/>\n<meta property=\"article:published_time\" content=\"2017-06-12T16:20:22+00:00\" \/>\n<meta name=\"author\" content=\"Redacci\u00f3n Aeronoticias\" \/>\n<meta name=\"twitter:card\" content=\"summary_large_image\" \/>\n<meta name=\"twitter:creator\" content=\"@aeronoticias\" \/>\n<meta name=\"twitter:site\" content=\"@aeronoticias\" \/>\n<meta name=\"twitter:label1\" content=\"Escrito por\" \/>\n\t<meta name=\"twitter:data1\" content=\"Redacci\u00f3n Aeronoticias\" \/>\n\t<meta name=\"twitter:label2\" content=\"Tiempo de lectura\" \/>\n\t<meta name=\"twitter:data2\" content=\"1 minuto\" \/>\n<script type=\"application\/ld+json\" class=\"yoast-schema-graph\">{\"@context\":\"https:\/\/schema.org\",\"@graph\":[{\"@type\":\"WebPage\",\"@id\":\"https:\/\/aeronoticias.com.pe\/noticiero\/internacionales\/iata-sector-aereo-trabaja-para-mitigar-riesgos-en-carga-de-articulos-electronicos\/\",\"url\":\"https:\/\/aeronoticias.com.pe\/noticiero\/internacionales\/iata-sector-aereo-trabaja-para-mitigar-riesgos-en-carga-de-articulos-electronicos\/\",\"name\":\"IATA: Sector a\u00e9reo trabaja para mitigar riesgos en carga de art\u00edculos electr\u00f3nicos\",\"isPartOf\":{\"@id\":\"https:\/\/aeronoticias.com.pe\/noticiero\/#website\"},\"datePublished\":\"2017-06-12T16:20:22+00:00\",\"author\":{\"@id\":\"https:\/\/aeronoticias.com.pe\/noticiero\/#\/schema\/person\/fc1e5d578f4b62ba1cf7ac2bba1170a0\"},\"description\":\"Portal de noticias del Per\u00fa sobre el transporte a\u00e9reo, aviaci\u00f3n, turismo, hoteleria, actualidad.\",\"breadcrumb\":{\"@id\":\"https:\/\/aeronoticias.com.pe\/noticiero\/internacionales\/iata-sector-aereo-trabaja-para-mitigar-riesgos-en-carga-de-articulos-electronicos\/#breadcrumb\"},\"inLanguage\":\"es\",\"potentialAction\":[{\"@type\":\"ReadAction\",\"target\":[\"https:\/\/aeronoticias.com.pe\/noticiero\/internacionales\/iata-sector-aereo-trabaja-para-mitigar-riesgos-en-carga-de-articulos-electronicos\/\"]}]},{\"@type\":\"BreadcrumbList\",\"@id\":\"https:\/\/aeronoticias.com.pe\/noticiero\/internacionales\/iata-sector-aereo-trabaja-para-mitigar-riesgos-en-carga-de-articulos-electronicos\/#breadcrumb\",\"itemListElement\":[{\"@type\":\"ListItem\",\"position\":1,\"name\":\"Portada\",\"item\":\"https:\/\/aeronoticias.com.pe\/noticiero\/\"},{\"@type\":\"ListItem\",\"position\":2,\"name\":\"IATA: Sector a\u00e9reo trabaja para mitigar riesgos en carga de art\u00edculos electr\u00f3nicos\"}]},{\"@type\":\"WebSite\",\"@id\":\"https:\/\/aeronoticias.com.pe\/noticiero\/#website\",\"url\":\"https:\/\/aeronoticias.com.pe\/noticiero\/\",\"name\":\"Aeronoticias.com.pe\",\"description\":\"Noticias de tranporte aereo, turismo, hoteles, gastronomia, actualidad, internacional\",\"potentialAction\":[{\"@type\":\"SearchAction\",\"target\":{\"@type\":\"EntryPoint\",\"urlTemplate\":\"https:\/\/aeronoticias.com.pe\/noticiero\/?s={search_term_string}\"},\"query-input\":{\"@type\":\"PropertyValueSpecification\",\"valueRequired\":true,\"valueName\":\"search_term_string\"}}],\"inLanguage\":\"es\"},{\"@type\":\"Person\",\"@id\":\"https:\/\/aeronoticias.com.pe\/noticiero\/#\/schema\/person\/fc1e5d578f4b62ba1cf7ac2bba1170a0\",\"name\":\"Redacci\u00f3n Aeronoticias\",\"url\":\"https:\/\/aeronoticias.com.pe\/noticiero\/author\/piloto\/\"}]}<\/script>\n<!-- \/ Yoast SEO plugin. -->","yoast_head_json":{"title":"IATA: Sector a\u00e9reo trabaja para mitigar riesgos en carga de art\u00edculos electr\u00f3nicos","description":"Portal de noticias del Per\u00fa sobre el transporte a\u00e9reo, aviaci\u00f3n, turismo, hoteleria, actualidad.","robots":{"index":"index","follow":"follow","max-snippet":"max-snippet:-1","max-image-preview":"max-image-preview:large","max-video-preview":"max-video-preview:-1"},"canonical":"https:\/\/aeronoticias.com.pe\/noticiero\/internacionales\/iata-sector-aereo-trabaja-para-mitigar-riesgos-en-carga-de-articulos-electronicos\/","og_locale":"es_ES","og_type":"article","og_title":"IATA: Sector a\u00e9reo trabaja para mitigar riesgos en carga de art\u00edculos electr\u00f3nicos","og_description":"Portal de noticias del Per\u00fa sobre el transporte a\u00e9reo, aviaci\u00f3n, turismo, hoteleria, actualidad.","og_url":"https:\/\/aeronoticias.com.pe\/noticiero\/internacionales\/iata-sector-aereo-trabaja-para-mitigar-riesgos-en-carga-de-articulos-electronicos\/","og_site_name":"Aeronoticias.com.pe","article_publisher":"https:\/\/www.facebook.com\/Aeronoticias.com.pe\/","article_published_time":"2017-06-12T16:20:22+00:00","author":"Redacci\u00f3n Aeronoticias","twitter_card":"summary_large_image","twitter_creator":"@aeronoticias","twitter_site":"@aeronoticias","twitter_misc":{"Escrito por":"Redacci\u00f3n Aeronoticias","Tiempo de lectura":"1 minuto"},"schema":{"@context":"https:\/\/schema.org","@graph":[{"@type":"WebPage","@id":"https:\/\/aeronoticias.com.pe\/noticiero\/internacionales\/iata-sector-aereo-trabaja-para-mitigar-riesgos-en-carga-de-articulos-electronicos\/","url":"https:\/\/aeronoticias.com.pe\/noticiero\/internacionales\/iata-sector-aereo-trabaja-para-mitigar-riesgos-en-carga-de-articulos-electronicos\/","name":"IATA: Sector a\u00e9reo trabaja para mitigar riesgos en carga de art\u00edculos electr\u00f3nicos","isPartOf":{"@id":"https:\/\/aeronoticias.com.pe\/noticiero\/#website"},"datePublished":"2017-06-12T16:20:22+00:00","author":{"@id":"https:\/\/aeronoticias.com.pe\/noticiero\/#\/schema\/person\/fc1e5d578f4b62ba1cf7ac2bba1170a0"},"description":"Portal de noticias del Per\u00fa sobre el transporte a\u00e9reo, aviaci\u00f3n, turismo, hoteleria, actualidad.","breadcrumb":{"@id":"https:\/\/aeronoticias.com.pe\/noticiero\/internacionales\/iata-sector-aereo-trabaja-para-mitigar-riesgos-en-carga-de-articulos-electronicos\/#breadcrumb"},"inLanguage":"es","potentialAction":[{"@type":"ReadAction","target":["https:\/\/aeronoticias.com.pe\/noticiero\/internacionales\/iata-sector-aereo-trabaja-para-mitigar-riesgos-en-carga-de-articulos-electronicos\/"]}]},{"@type":"BreadcrumbList","@id":"https:\/\/aeronoticias.com.pe\/noticiero\/internacionales\/iata-sector-aereo-trabaja-para-mitigar-riesgos-en-carga-de-articulos-electronicos\/#breadcrumb","itemListElement":[{"@type":"ListItem","position":1,"name":"Portada","item":"https:\/\/aeronoticias.com.pe\/noticiero\/"},{"@type":"ListItem","position":2,"name":"IATA: Sector a\u00e9reo trabaja para mitigar riesgos en carga de art\u00edculos electr\u00f3nicos"}]},{"@type":"WebSite","@id":"https:\/\/aeronoticias.com.pe\/noticiero\/#website","url":"https:\/\/aeronoticias.com.pe\/noticiero\/","name":"Aeronoticias.com.pe","description":"Noticias de tranporte aereo, turismo, hoteles, gastronomia, actualidad, internacional","potentialAction":[{"@type":"SearchAction","target":{"@type":"EntryPoint","urlTemplate":"https:\/\/aeronoticias.com.pe\/noticiero\/?s={search_term_string}"},"query-input":{"@type":"PropertyValueSpecification","valueRequired":true,"valueName":"search_term_string"}}],"inLanguage":"es"},{"@type":"Person","@id":"https:\/\/aeronoticias.com.pe\/noticiero\/#\/schema\/person\/fc1e5d578f4b62ba1cf7ac2bba1170a0","name":"Redacci\u00f3n Aeronoticias","url":"https:\/\/aeronoticias.com.pe\/noticiero\/author\/piloto\/"}]}},"_links":{"self":[{"href":"https:\/\/aeronoticias.com.pe\/noticiero\/wp-json\/wp\/v2\/posts\/56643","targetHints":{"allow":["GET"]}}],"collection":[{"href":"https:\/\/aeronoticias.com.pe\/noticiero\/wp-json\/wp\/v2\/posts"}],"about":[{"href":"https:\/\/aeronoticias.com.pe\/noticiero\/wp-json\/wp\/v2\/types\/post"}],"author":[{"embeddable":true,"href":"https:\/\/aeronoticias.com.pe\/noticiero\/wp-json\/wp\/v2\/users\/1"}],"replies":[{"embeddable":true,"href":"https:\/\/aeronoticias.com.pe\/noticiero\/wp-json\/wp\/v2\/comments?post=56643"}],"version-history":[{"count":0,"href":"https:\/\/aeronoticias.com.pe\/noticiero\/wp-json\/wp\/v2\/posts\/56643\/revisions"}],"wp:attachment":[{"href":"https:\/\/aeronoticias.com.pe\/noticiero\/wp-json\/wp\/v2\/media?parent=56643"}],"wp:term":[{"taxonomy":"category","embeddable":true,"href":"https:\/\/aeronoticias.com.pe\/noticiero\/wp-json\/wp\/v2\/categories?post=56643"},{"taxonomy":"post_tag","embeddable":true,"href":"https:\/\/aeronoticias.com.pe\/noticiero\/wp-json\/wp\/v2\/tags?post=56643"}],"curies":[{"name":"wp","href":"https:\/\/api.w.org\/{rel}","templated":true}]}}