{"id":56757,"date":"2017-08-02T15:21:39","date_gmt":"2017-08-02T15:21:39","guid":{"rendered":"http:\/\/desarrollo.mcvicious.com\/aero2020\/2017\/08\/02\/ryanair-lanza-oferta-tras-rompe-el-record-de-1000-millones-de-pasajeros-transportados\/"},"modified":"2017-08-02T15:21:39","modified_gmt":"2017-08-02T15:21:39","slug":"ryanair-lanza-oferta-tras-rompe-el-record-de-1000-millones-de-pasajeros-transportados","status":"publish","type":"post","link":"https:\/\/aeronoticias.com.pe\/noticiero\/economia\/ryanair-lanza-oferta-tras-rompe-el-record-de-1000-millones-de-pasajeros-transportados\/","title":{"rendered":"Ryanair lanza oferta tras rompe el r\u00e9cord de 1.000 millones de pasajeros transportados"},"content":{"rendered":"<p style=\"text-align: justify;\"><strong>(Aeronoticias) <\/strong><span style=\"font-size: 12.16px;\">\u201cThanks a Billion\u201d es el nombre de la oferta especial con la que Ryanair celebrar\u00e1 haber batido el r\u00e9cord de 1.000 millones de pasajeros transportados desde su creaci\u00f3n den 1985.<\/span><\/p>\n<p style=\"text-align: justify;\"><span style=\"font-size: 12.16px;\">\u201cSomos la primera compa\u00f1\u00eda de la Uni\u00f3n Europea en conseguirlo\u201d, y por ello, ofertan, desde la media noche de este mi\u00e9rcoles, tarifas rebajadas en m\u00e1s de un mill\u00f3n de plazas en vuelos por Europa para volar entre el 13 de noviembre y 15 de diciembre. Concretamente, la rebaja ser\u00e1 un 20% de descuento.<\/span><\/p>\n<p style=\"text-align: justify;\"><span style=\"font-size: 12.16px;\">No es el \u00fanico r\u00e9cord batido este mes por la aerol\u00ednea de bajo coste. En julio, Ryanair increment\u00f3 su tr\u00e1fico un 11% respecto al 2016 y transport\u00f3 a m\u00e1s de 12,6 millones de pasajeros frente a los 11,3 millones de un a\u00f1o antes, ha informado la compa\u00f1\u00eda en un comunicado.<\/span><\/p>\n<p style=\"text-align: justify;\"><span style=\"font-size: 12.16px;\">\u201cJulio ha sido un mes r\u00e9cord\u201d, ha remarcado el director de Marketing, Kenny Jacobs, \u201clo que nos ha permitido convertirnos en la primera aerol\u00ednea europea en transportar 12 millones de clientes en un \u00fanico mes\u201d.<\/span><\/p>\n<p style=\"text-align: justify;\"><span style=\"font-size: 12.16px;\">En cuanto al \u00edndice de ocupaci\u00f3n tambi\u00e9n creci\u00f3, alcanzando un 97%, un punto m\u00e1s que un a\u00f1o antes. \u201cEs el resultado de unas tarifas m\u00e1s econ\u00f3micas y el \u00e9xito de nuestro programa \u201cSiempre Mejorando\u201d, destac\u00f3 Jacobs.<\/span><\/p>\n<p style=\"text-align: justify;\"><span style=\"font-size: 12.16px;\">En el \u00faltimo a\u00f1o la aerol\u00ednea irlandesa ha registrado un crecimiento del tr\u00e1fico de un 13%, hasta los 125,1 millones de clientes.<\/span><\/p>\n<p style=\"text-align: justify;\"><span style=\"font-size: 12.16px;\"><strong><em>Fuente: El Mundo<\/em><\/strong><\/span><\/p>\n<p style=\"text-align: justify;\"><span style=\"font-size: 12.16px;\"><strong><em><img decoding=\"async\" src=\"images\/stories\/17\/08\/020817\/ryanair1.jpg\" border=\"0\" \/><br \/><\/em><\/strong><\/span><\/p>\n","protected":false},"excerpt":{"rendered":"<p>(Aeronoticias) \u201cThanks a Billion\u201d es el nombre de la oferta especial con la que Ryanair celebrar\u00e1 haber batido el r\u00e9cord de 1.000 millones de pasajeros transportados desde su creaci\u00f3n den 1985. \u201cSomos la primera compa\u00f1\u00eda de la Uni\u00f3n Europea en conseguirlo\u201d, y por ello, ofertan, desde la media noche de este mi\u00e9rcoles, tarifas rebajadas en [&hellip;]<\/p>\n","protected":false},"author":1,"featured_media":0,"comment_status":"open","ping_status":"open","sticky":false,"template":"","format":"standard","meta":{"tdm_status":"","tdm_grid_status":"","footnotes":""},"categories":[33],"tags":[],"class_list":{"0":"post-56757","1":"post","2":"type-post","3":"status-publish","4":"format-standard","6":"category-economia"},"yoast_head":"<!-- This site is optimized with the Yoast SEO plugin v25.1 - https:\/\/yoast.com\/wordpress\/plugins\/seo\/ -->\n<title>Ryanair lanza oferta tras rompe el r\u00e9cord de 1.000 millones de pasajeros transportados<\/title>\n<meta name=\"description\" content=\"Portal de noticias del Per\u00fa sobre el transporte a\u00e9reo, aviaci\u00f3n, turismo, hoteleria, actualidad.\" \/>\n<meta name=\"robots\" content=\"index, follow, max-snippet:-1, max-image-preview:large, max-video-preview:-1\" \/>\n<link rel=\"canonical\" href=\"https:\/\/aeronoticias.com.pe\/noticiero\/economia\/ryanair-lanza-oferta-tras-rompe-el-record-de-1000-millones-de-pasajeros-transportados\/\" \/>\n<meta property=\"og:locale\" content=\"es_ES\" \/>\n<meta property=\"og:type\" content=\"article\" \/>\n<meta property=\"og:title\" content=\"Ryanair lanza oferta tras rompe el r\u00e9cord de 1.000 millones de pasajeros transportados\" \/>\n<meta property=\"og:description\" content=\"Portal de noticias del Per\u00fa sobre el transporte a\u00e9reo, aviaci\u00f3n, turismo, hoteleria, actualidad.\" \/>\n<meta property=\"og:url\" content=\"https:\/\/aeronoticias.com.pe\/noticiero\/economia\/ryanair-lanza-oferta-tras-rompe-el-record-de-1000-millones-de-pasajeros-transportados\/\" \/>\n<meta property=\"og:site_name\" content=\"Aeronoticias.com.pe\" \/>\n<meta property=\"article:publisher\" content=\"https:\/\/www.facebook.com\/Aeronoticias.com.pe\/\" \/>\n<meta property=\"article:published_time\" content=\"2017-08-02T15:21:39+00:00\" \/>\n<meta name=\"author\" content=\"Redacci\u00f3n Aeronoticias\" \/>\n<meta name=\"twitter:card\" content=\"summary_large_image\" \/>\n<meta name=\"twitter:creator\" content=\"@aeronoticias\" \/>\n<meta name=\"twitter:site\" content=\"@aeronoticias\" \/>\n<meta name=\"twitter:label1\" content=\"Escrito por\" \/>\n\t<meta name=\"twitter:data1\" content=\"Redacci\u00f3n Aeronoticias\" \/>\n\t<meta name=\"twitter:label2\" content=\"Tiempo de lectura\" \/>\n\t<meta name=\"twitter:data2\" content=\"1 minuto\" \/>\n<script type=\"application\/ld+json\" class=\"yoast-schema-graph\">{\"@context\":\"https:\/\/schema.org\",\"@graph\":[{\"@type\":\"WebPage\",\"@id\":\"https:\/\/aeronoticias.com.pe\/noticiero\/economia\/ryanair-lanza-oferta-tras-rompe-el-record-de-1000-millones-de-pasajeros-transportados\/\",\"url\":\"https:\/\/aeronoticias.com.pe\/noticiero\/economia\/ryanair-lanza-oferta-tras-rompe-el-record-de-1000-millones-de-pasajeros-transportados\/\",\"name\":\"Ryanair lanza oferta tras rompe el r\u00e9cord de 1.000 millones de pasajeros transportados\",\"isPartOf\":{\"@id\":\"https:\/\/aeronoticias.com.pe\/noticiero\/#website\"},\"datePublished\":\"2017-08-02T15:21:39+00:00\",\"author\":{\"@id\":\"https:\/\/aeronoticias.com.pe\/noticiero\/#\/schema\/person\/fc1e5d578f4b62ba1cf7ac2bba1170a0\"},\"description\":\"Portal de noticias del Per\u00fa sobre el transporte a\u00e9reo, aviaci\u00f3n, turismo, hoteleria, actualidad.\",\"breadcrumb\":{\"@id\":\"https:\/\/aeronoticias.com.pe\/noticiero\/economia\/ryanair-lanza-oferta-tras-rompe-el-record-de-1000-millones-de-pasajeros-transportados\/#breadcrumb\"},\"inLanguage\":\"es\",\"potentialAction\":[{\"@type\":\"ReadAction\",\"target\":[\"https:\/\/aeronoticias.com.pe\/noticiero\/economia\/ryanair-lanza-oferta-tras-rompe-el-record-de-1000-millones-de-pasajeros-transportados\/\"]}]},{\"@type\":\"BreadcrumbList\",\"@id\":\"https:\/\/aeronoticias.com.pe\/noticiero\/economia\/ryanair-lanza-oferta-tras-rompe-el-record-de-1000-millones-de-pasajeros-transportados\/#breadcrumb\",\"itemListElement\":[{\"@type\":\"ListItem\",\"position\":1,\"name\":\"Portada\",\"item\":\"https:\/\/aeronoticias.com.pe\/noticiero\/\"},{\"@type\":\"ListItem\",\"position\":2,\"name\":\"Ryanair lanza oferta tras rompe el r\u00e9cord de 1.000 millones de pasajeros transportados\"}]},{\"@type\":\"WebSite\",\"@id\":\"https:\/\/aeronoticias.com.pe\/noticiero\/#website\",\"url\":\"https:\/\/aeronoticias.com.pe\/noticiero\/\",\"name\":\"Aeronoticias.com.pe\",\"description\":\"Noticias de tranporte aereo, turismo, hoteles, gastronomia, actualidad, internacional\",\"potentialAction\":[{\"@type\":\"SearchAction\",\"target\":{\"@type\":\"EntryPoint\",\"urlTemplate\":\"https:\/\/aeronoticias.com.pe\/noticiero\/?s={search_term_string}\"},\"query-input\":{\"@type\":\"PropertyValueSpecification\",\"valueRequired\":true,\"valueName\":\"search_term_string\"}}],\"inLanguage\":\"es\"},{\"@type\":\"Person\",\"@id\":\"https:\/\/aeronoticias.com.pe\/noticiero\/#\/schema\/person\/fc1e5d578f4b62ba1cf7ac2bba1170a0\",\"name\":\"Redacci\u00f3n Aeronoticias\",\"url\":\"https:\/\/aeronoticias.com.pe\/noticiero\/author\/piloto\/\"}]}<\/script>\n<!-- \/ Yoast SEO plugin. -->","yoast_head_json":{"title":"Ryanair lanza oferta tras rompe el r\u00e9cord de 1.000 millones de pasajeros transportados","description":"Portal de noticias del Per\u00fa sobre el transporte a\u00e9reo, aviaci\u00f3n, turismo, hoteleria, actualidad.","robots":{"index":"index","follow":"follow","max-snippet":"max-snippet:-1","max-image-preview":"max-image-preview:large","max-video-preview":"max-video-preview:-1"},"canonical":"https:\/\/aeronoticias.com.pe\/noticiero\/economia\/ryanair-lanza-oferta-tras-rompe-el-record-de-1000-millones-de-pasajeros-transportados\/","og_locale":"es_ES","og_type":"article","og_title":"Ryanair lanza oferta tras rompe el r\u00e9cord de 1.000 millones de pasajeros transportados","og_description":"Portal de noticias del Per\u00fa sobre el transporte a\u00e9reo, aviaci\u00f3n, turismo, hoteleria, actualidad.","og_url":"https:\/\/aeronoticias.com.pe\/noticiero\/economia\/ryanair-lanza-oferta-tras-rompe-el-record-de-1000-millones-de-pasajeros-transportados\/","og_site_name":"Aeronoticias.com.pe","article_publisher":"https:\/\/www.facebook.com\/Aeronoticias.com.pe\/","article_published_time":"2017-08-02T15:21:39+00:00","author":"Redacci\u00f3n Aeronoticias","twitter_card":"summary_large_image","twitter_creator":"@aeronoticias","twitter_site":"@aeronoticias","twitter_misc":{"Escrito por":"Redacci\u00f3n Aeronoticias","Tiempo de lectura":"1 minuto"},"schema":{"@context":"https:\/\/schema.org","@graph":[{"@type":"WebPage","@id":"https:\/\/aeronoticias.com.pe\/noticiero\/economia\/ryanair-lanza-oferta-tras-rompe-el-record-de-1000-millones-de-pasajeros-transportados\/","url":"https:\/\/aeronoticias.com.pe\/noticiero\/economia\/ryanair-lanza-oferta-tras-rompe-el-record-de-1000-millones-de-pasajeros-transportados\/","name":"Ryanair lanza oferta tras rompe el r\u00e9cord de 1.000 millones de pasajeros transportados","isPartOf":{"@id":"https:\/\/aeronoticias.com.pe\/noticiero\/#website"},"datePublished":"2017-08-02T15:21:39+00:00","author":{"@id":"https:\/\/aeronoticias.com.pe\/noticiero\/#\/schema\/person\/fc1e5d578f4b62ba1cf7ac2bba1170a0"},"description":"Portal de noticias del Per\u00fa sobre el transporte a\u00e9reo, aviaci\u00f3n, turismo, hoteleria, actualidad.","breadcrumb":{"@id":"https:\/\/aeronoticias.com.pe\/noticiero\/economia\/ryanair-lanza-oferta-tras-rompe-el-record-de-1000-millones-de-pasajeros-transportados\/#breadcrumb"},"inLanguage":"es","potentialAction":[{"@type":"ReadAction","target":["https:\/\/aeronoticias.com.pe\/noticiero\/economia\/ryanair-lanza-oferta-tras-rompe-el-record-de-1000-millones-de-pasajeros-transportados\/"]}]},{"@type":"BreadcrumbList","@id":"https:\/\/aeronoticias.com.pe\/noticiero\/economia\/ryanair-lanza-oferta-tras-rompe-el-record-de-1000-millones-de-pasajeros-transportados\/#breadcrumb","itemListElement":[{"@type":"ListItem","position":1,"name":"Portada","item":"https:\/\/aeronoticias.com.pe\/noticiero\/"},{"@type":"ListItem","position":2,"name":"Ryanair lanza oferta tras rompe el r\u00e9cord de 1.000 millones de pasajeros transportados"}]},{"@type":"WebSite","@id":"https:\/\/aeronoticias.com.pe\/noticiero\/#website","url":"https:\/\/aeronoticias.com.pe\/noticiero\/","name":"Aeronoticias.com.pe","description":"Noticias de tranporte aereo, turismo, hoteles, gastronomia, actualidad, internacional","potentialAction":[{"@type":"SearchAction","target":{"@type":"EntryPoint","urlTemplate":"https:\/\/aeronoticias.com.pe\/noticiero\/?s={search_term_string}"},"query-input":{"@type":"PropertyValueSpecification","valueRequired":true,"valueName":"search_term_string"}}],"inLanguage":"es"},{"@type":"Person","@id":"https:\/\/aeronoticias.com.pe\/noticiero\/#\/schema\/person\/fc1e5d578f4b62ba1cf7ac2bba1170a0","name":"Redacci\u00f3n Aeronoticias","url":"https:\/\/aeronoticias.com.pe\/noticiero\/author\/piloto\/"}]}},"_links":{"self":[{"href":"https:\/\/aeronoticias.com.pe\/noticiero\/wp-json\/wp\/v2\/posts\/56757","targetHints":{"allow":["GET"]}}],"collection":[{"href":"https:\/\/aeronoticias.com.pe\/noticiero\/wp-json\/wp\/v2\/posts"}],"about":[{"href":"https:\/\/aeronoticias.com.pe\/noticiero\/wp-json\/wp\/v2\/types\/post"}],"author":[{"embeddable":true,"href":"https:\/\/aeronoticias.com.pe\/noticiero\/wp-json\/wp\/v2\/users\/1"}],"replies":[{"embeddable":true,"href":"https:\/\/aeronoticias.com.pe\/noticiero\/wp-json\/wp\/v2\/comments?post=56757"}],"version-history":[{"count":0,"href":"https:\/\/aeronoticias.com.pe\/noticiero\/wp-json\/wp\/v2\/posts\/56757\/revisions"}],"wp:attachment":[{"href":"https:\/\/aeronoticias.com.pe\/noticiero\/wp-json\/wp\/v2\/media?parent=56757"}],"wp:term":[{"taxonomy":"category","embeddable":true,"href":"https:\/\/aeronoticias.com.pe\/noticiero\/wp-json\/wp\/v2\/categories?post=56757"},{"taxonomy":"post_tag","embeddable":true,"href":"https:\/\/aeronoticias.com.pe\/noticiero\/wp-json\/wp\/v2\/tags?post=56757"}],"curies":[{"name":"wp","href":"https:\/\/api.w.org\/{rel}","templated":true}]}}