{"id":56758,"date":"2017-08-02T16:46:26","date_gmt":"2017-08-02T16:46:26","guid":{"rendered":"http:\/\/desarrollo.mcvicious.com\/aero2020\/2017\/08\/02\/airbus-perlan-mission-ii-alcanza-un-nuevo-maximo-de-altitud-en-su-empeno-por-lograr-un-record-mundial-de-aviacion-y-conseguir-nuevas-pruebas-sobre-el-cambio-climatico\/"},"modified":"2017-08-02T16:46:26","modified_gmt":"2017-08-02T16:46:26","slug":"airbus-perlan-mission-ii-alcanza-un-nuevo-maximo-de-altitud-en-su-empeno-por-lograr-un-record-mundial-de-aviacion-y-conseguir-nuevas-pruebas-sobre-el-cambio-climatico","status":"publish","type":"post","link":"https:\/\/aeronoticias.com.pe\/noticiero\/salud\/airbus-perlan-mission-ii-alcanza-un-nuevo-maximo-de-altitud-en-su-empeno-por-lograr-un-record-mundial-de-aviacion-y-conseguir-nuevas-pruebas-sobre-el-cambio-climatico\/","title":{"rendered":"Airbus Perlan Mission II alcanza un nuevo m\u00e1ximo de altitud en su empe\u00f1o por lograr un r\u00e9cord mundial de aviaci\u00f3n y conseguir nuevas pruebas sobre el cambio clim\u00e1tico"},"content":{"rendered":"<p style=\"text-align: justify;\"><strong>(Aeronoticias) <\/strong><span style=\"font-size: 12.16px;\">Airbus Perlan Mission II, una iniciativa para elevar un planeador sin motor hasta el l\u00edmite con el espacio y obtener informaci\u00f3n avanzada sobre el cambio clim\u00e1tico, la meteorolog\u00eda y los vuelos a gran altitud, ha alcanzado esta semana un nuevo m\u00e1ximo de altitud. Este logro tuvo lugar durante su segunda temporada de vuelos de prueba en El Calafate, Argentina. En una serie de vuelos que llevaron a cabo, los pilotos Jim Payne, Morgan Sandercock, Tim Gardner y Miguel Iturmendi consiguieron elevar el planeador Perlan 2 hasta los 32.500 pies (9.906 metros), la mayor altitud hasta la fecha.<\/span><\/p>\n<p style=\"text-align: justify;\">El Calafate, en la regi\u00f3n de la Patagonia argentina, es uno de los pocos lugares de la Tierra donde la combinaci\u00f3n de vientos de monta\u00f1a y el v\u00f3rtice polar crean las llamadas \u00abondas de monta\u00f1a estratosf\u00e9ricas\u00bb, las m\u00e1s altas del mundo. Se trata de unas corrientes de aire que los pilotos de Perlan conf\u00edan que podr\u00e1n elevar el avi\u00f3n experimental hasta el l\u00edmite con el espacio.<\/p>\n<p style=\"text-align: justify;\">Durante los dos pr\u00f3ximos meses, el equipo de exploraci\u00f3n compuesto por voluntarios y patrocinado por Airbus, se pondr\u00e1 a la b\u00fasqueda de estas ondas con el objetivo de batir el r\u00e9cord mundial de altitud de 50.727 pies (15.462 metros) que consiguieron Einar Enevoldsen y Steve Fossett a bordo del Perlan 1 en 2006. En su recorrido y, dadas las caracter\u00edsticas \u00fanicas del avi\u00f3n Perlan 2, \u00e9ste seguir\u00e1 recogiendo datos cient\u00edficos sobre la atm\u00f3sfera.<\/p>\n<p style=\"text-align: justify;\">\u201cJusto el mes pasado, el mundo fue testigo de otro recordatorio sobre la importancia de comprender el cambio clim\u00e1tico con la fractura de la plataforma de hielo de la Ant\u00e1rtida, provocando el desprendimiento de un iceberg del tama\u00f1o del estado de Delaware\u201d, ha dicho Ed Warnock, CEO de Perlan Project. \u201cAirbus Perlan Mission II nos permitir\u00e1 estudiar una amplia variedad de fen\u00f3menos atmosf\u00e9ricos que nos proporcionar\u00e1n modelos m\u00e1s precisos sobre las capas superiores de la atm\u00f3sfera y el cambio clim\u00e1tico, un asunto que preocupa a todos los ciudadanos del mundo\u201d.<\/p>\n<p style=\"text-align: justify;\">El planeador Perlan 2 no tiene motor, por lo que permite recoger muestras de aire sin contaminar de muy diversas altitudes. A diferencia de un globo meteorol\u00f3gico, el planeador se puede dirigir y mantener sobre un \u00e1rea, as\u00ed como despegar y aterrizar en el mismo lugar.<\/p>\n<p style=\"text-align: justify;\">Airbus Perlan Mission II estudiar\u00e1 los factores que intervienen en el cambio clim\u00e1tico y tambi\u00e9n ofrecer\u00e1 informaci\u00f3n valiosa sobre c\u00f3mo afectan a los pilotos y al avi\u00f3n las turbulencias y la radiaci\u00f3n porducidas a gran altitud.<\/p>\n<p style=\"text-align: justify;\">\u201cConforme aumenta la demanda de transporte a\u00e9reo, nos enfrentamos a m\u00e1s preguntas sobre la forma de realizarlo de la manera m\u00e1s eficiente y segura. La informaci\u00f3n que va a proporcionar Airbus Perlan Mission II tendr\u00e1 un valor incalculable\u201d, ha manifestado Allan McArtor, presidente de Airbus Americas. \u201cLos hallazgos de Perlan nos ayudar\u00e1n a dar forma al futuro del sector aeroespacial con innovaciones relacionadas con el dise\u00f1o y la ingenier\u00eda, vuelos m\u00e1s eficientes e incluso sobre la informaci\u00f3n cient\u00edfica relacionada con los viajes a Marte\u201d.<\/p>\n<p style=\"text-align: justify;\">Siga este verano en directo los vuelos de Perlan 2 desde la cabina virtual de Airbus Perlan Mission II en <a href=\"http:\/\/bit.ly\/VirtualPerlan2\" target=\"_blank\" rel=\"noopener noreferrer\">http:\/\/bit.ly\/VirtualPerlan2<\/a>. Mant\u00e9ngase informado sobre la programaci\u00f3n de los vuelos siguiendo a The Perlan Project en Twitter @PerlanProject y en Facebook en <a href=\"http:\/\/www.facebook.com\/perlanproject\" target=\"_blank\" rel=\"noopener noreferrer\">www.facebook.com\/perlanproject<\/a>.<\/p>\n<p style=\"text-align: justify;\"><img decoding=\"async\" src=\"images\/stories\/17\/08\/020817\/30000ft.jpg\" border=\"0\" \/><\/p>\n","protected":false},"excerpt":{"rendered":"<p>(Aeronoticias) Airbus Perlan Mission II, una iniciativa para elevar un planeador sin motor hasta el l\u00edmite con el espacio y obtener informaci\u00f3n avanzada sobre el cambio clim\u00e1tico, la meteorolog\u00eda y los vuelos a gran altitud, ha alcanzado esta semana un nuevo m\u00e1ximo de altitud. Este logro tuvo lugar durante su segunda temporada de vuelos de [&hellip;]<\/p>\n","protected":false},"author":1,"featured_media":0,"comment_status":"open","ping_status":"open","sticky":false,"template":"","format":"standard","meta":{"tdm_status":"","tdm_grid_status":"","footnotes":""},"categories":[37],"tags":[],"class_list":{"0":"post-56758","1":"post","2":"type-post","3":"status-publish","4":"format-standard","6":"category-salud"},"yoast_head":"<!-- This site is optimized with the Yoast SEO plugin v25.1 - https:\/\/yoast.com\/wordpress\/plugins\/seo\/ -->\n<title>Airbus Perlan Mission II alcanza un nuevo m\u00e1ximo de altitud en su empe\u00f1o por lograr un r\u00e9cord mundial de aviaci\u00f3n y conseguir nuevas pruebas sobre el cambio clim\u00e1tico<\/title>\n<meta name=\"description\" content=\"Portal de noticias del Per\u00fa sobre el transporte a\u00e9reo, aviaci\u00f3n, turismo, hoteleria, actualidad.\" \/>\n<meta name=\"robots\" content=\"index, follow, max-snippet:-1, max-image-preview:large, max-video-preview:-1\" \/>\n<link rel=\"canonical\" href=\"https:\/\/aeronoticias.com.pe\/noticiero\/salud\/airbus-perlan-mission-ii-alcanza-un-nuevo-maximo-de-altitud-en-su-empeno-por-lograr-un-record-mundial-de-aviacion-y-conseguir-nuevas-pruebas-sobre-el-cambio-climatico\/\" \/>\n<meta property=\"og:locale\" content=\"es_ES\" \/>\n<meta property=\"og:type\" content=\"article\" \/>\n<meta property=\"og:title\" content=\"Airbus Perlan Mission II alcanza un nuevo m\u00e1ximo de altitud en su empe\u00f1o por lograr un r\u00e9cord mundial de aviaci\u00f3n y conseguir nuevas pruebas sobre el cambio clim\u00e1tico\" \/>\n<meta property=\"og:description\" content=\"Portal de noticias del Per\u00fa sobre el transporte a\u00e9reo, aviaci\u00f3n, turismo, hoteleria, actualidad.\" \/>\n<meta property=\"og:url\" content=\"https:\/\/aeronoticias.com.pe\/noticiero\/salud\/airbus-perlan-mission-ii-alcanza-un-nuevo-maximo-de-altitud-en-su-empeno-por-lograr-un-record-mundial-de-aviacion-y-conseguir-nuevas-pruebas-sobre-el-cambio-climatico\/\" \/>\n<meta property=\"og:site_name\" content=\"Aeronoticias.com.pe\" \/>\n<meta property=\"article:publisher\" content=\"https:\/\/www.facebook.com\/Aeronoticias.com.pe\/\" \/>\n<meta property=\"article:published_time\" content=\"2017-08-02T16:46:26+00:00\" \/>\n<meta name=\"author\" content=\"Redacci\u00f3n Aeronoticias\" \/>\n<meta name=\"twitter:card\" content=\"summary_large_image\" \/>\n<meta name=\"twitter:creator\" content=\"@aeronoticias\" \/>\n<meta name=\"twitter:site\" content=\"@aeronoticias\" \/>\n<meta name=\"twitter:label1\" content=\"Escrito por\" \/>\n\t<meta name=\"twitter:data1\" content=\"Redacci\u00f3n Aeronoticias\" \/>\n\t<meta name=\"twitter:label2\" content=\"Tiempo de lectura\" \/>\n\t<meta name=\"twitter:data2\" content=\"3 minutos\" \/>\n<script type=\"application\/ld+json\" class=\"yoast-schema-graph\">{\"@context\":\"https:\/\/schema.org\",\"@graph\":[{\"@type\":\"WebPage\",\"@id\":\"https:\/\/aeronoticias.com.pe\/noticiero\/salud\/airbus-perlan-mission-ii-alcanza-un-nuevo-maximo-de-altitud-en-su-empeno-por-lograr-un-record-mundial-de-aviacion-y-conseguir-nuevas-pruebas-sobre-el-cambio-climatico\/\",\"url\":\"https:\/\/aeronoticias.com.pe\/noticiero\/salud\/airbus-perlan-mission-ii-alcanza-un-nuevo-maximo-de-altitud-en-su-empeno-por-lograr-un-record-mundial-de-aviacion-y-conseguir-nuevas-pruebas-sobre-el-cambio-climatico\/\",\"name\":\"Airbus Perlan Mission II alcanza un nuevo m\u00e1ximo de altitud en su empe\u00f1o por lograr un r\u00e9cord mundial de aviaci\u00f3n y conseguir nuevas pruebas sobre el cambio clim\u00e1tico\",\"isPartOf\":{\"@id\":\"https:\/\/aeronoticias.com.pe\/noticiero\/#website\"},\"datePublished\":\"2017-08-02T16:46:26+00:00\",\"author\":{\"@id\":\"https:\/\/aeronoticias.com.pe\/noticiero\/#\/schema\/person\/fc1e5d578f4b62ba1cf7ac2bba1170a0\"},\"description\":\"Portal de noticias del Per\u00fa sobre el transporte a\u00e9reo, aviaci\u00f3n, turismo, hoteleria, actualidad.\",\"breadcrumb\":{\"@id\":\"https:\/\/aeronoticias.com.pe\/noticiero\/salud\/airbus-perlan-mission-ii-alcanza-un-nuevo-maximo-de-altitud-en-su-empeno-por-lograr-un-record-mundial-de-aviacion-y-conseguir-nuevas-pruebas-sobre-el-cambio-climatico\/#breadcrumb\"},\"inLanguage\":\"es\",\"potentialAction\":[{\"@type\":\"ReadAction\",\"target\":[\"https:\/\/aeronoticias.com.pe\/noticiero\/salud\/airbus-perlan-mission-ii-alcanza-un-nuevo-maximo-de-altitud-en-su-empeno-por-lograr-un-record-mundial-de-aviacion-y-conseguir-nuevas-pruebas-sobre-el-cambio-climatico\/\"]}]},{\"@type\":\"BreadcrumbList\",\"@id\":\"https:\/\/aeronoticias.com.pe\/noticiero\/salud\/airbus-perlan-mission-ii-alcanza-un-nuevo-maximo-de-altitud-en-su-empeno-por-lograr-un-record-mundial-de-aviacion-y-conseguir-nuevas-pruebas-sobre-el-cambio-climatico\/#breadcrumb\",\"itemListElement\":[{\"@type\":\"ListItem\",\"position\":1,\"name\":\"Portada\",\"item\":\"https:\/\/aeronoticias.com.pe\/noticiero\/\"},{\"@type\":\"ListItem\",\"position\":2,\"name\":\"Airbus Perlan Mission II alcanza un nuevo m\u00e1ximo de altitud en su empe\u00f1o por lograr un r\u00e9cord mundial de aviaci\u00f3n y conseguir nuevas pruebas sobre el cambio clim\u00e1tico\"}]},{\"@type\":\"WebSite\",\"@id\":\"https:\/\/aeronoticias.com.pe\/noticiero\/#website\",\"url\":\"https:\/\/aeronoticias.com.pe\/noticiero\/\",\"name\":\"Aeronoticias.com.pe\",\"description\":\"Noticias de tranporte aereo, turismo, hoteles, gastronomia, actualidad, internacional\",\"potentialAction\":[{\"@type\":\"SearchAction\",\"target\":{\"@type\":\"EntryPoint\",\"urlTemplate\":\"https:\/\/aeronoticias.com.pe\/noticiero\/?s={search_term_string}\"},\"query-input\":{\"@type\":\"PropertyValueSpecification\",\"valueRequired\":true,\"valueName\":\"search_term_string\"}}],\"inLanguage\":\"es\"},{\"@type\":\"Person\",\"@id\":\"https:\/\/aeronoticias.com.pe\/noticiero\/#\/schema\/person\/fc1e5d578f4b62ba1cf7ac2bba1170a0\",\"name\":\"Redacci\u00f3n Aeronoticias\",\"url\":\"https:\/\/aeronoticias.com.pe\/noticiero\/author\/piloto\/\"}]}<\/script>\n<!-- \/ Yoast SEO plugin. -->","yoast_head_json":{"title":"Airbus Perlan Mission II alcanza un nuevo m\u00e1ximo de altitud en su empe\u00f1o por lograr un r\u00e9cord mundial de aviaci\u00f3n y conseguir nuevas pruebas sobre el cambio clim\u00e1tico","description":"Portal de noticias del Per\u00fa sobre el transporte a\u00e9reo, aviaci\u00f3n, turismo, hoteleria, actualidad.","robots":{"index":"index","follow":"follow","max-snippet":"max-snippet:-1","max-image-preview":"max-image-preview:large","max-video-preview":"max-video-preview:-1"},"canonical":"https:\/\/aeronoticias.com.pe\/noticiero\/salud\/airbus-perlan-mission-ii-alcanza-un-nuevo-maximo-de-altitud-en-su-empeno-por-lograr-un-record-mundial-de-aviacion-y-conseguir-nuevas-pruebas-sobre-el-cambio-climatico\/","og_locale":"es_ES","og_type":"article","og_title":"Airbus Perlan Mission II alcanza un nuevo m\u00e1ximo de altitud en su empe\u00f1o por lograr un r\u00e9cord mundial de aviaci\u00f3n y conseguir nuevas pruebas sobre el cambio clim\u00e1tico","og_description":"Portal de noticias del Per\u00fa sobre el transporte a\u00e9reo, aviaci\u00f3n, turismo, hoteleria, actualidad.","og_url":"https:\/\/aeronoticias.com.pe\/noticiero\/salud\/airbus-perlan-mission-ii-alcanza-un-nuevo-maximo-de-altitud-en-su-empeno-por-lograr-un-record-mundial-de-aviacion-y-conseguir-nuevas-pruebas-sobre-el-cambio-climatico\/","og_site_name":"Aeronoticias.com.pe","article_publisher":"https:\/\/www.facebook.com\/Aeronoticias.com.pe\/","article_published_time":"2017-08-02T16:46:26+00:00","author":"Redacci\u00f3n Aeronoticias","twitter_card":"summary_large_image","twitter_creator":"@aeronoticias","twitter_site":"@aeronoticias","twitter_misc":{"Escrito por":"Redacci\u00f3n Aeronoticias","Tiempo de lectura":"3 minutos"},"schema":{"@context":"https:\/\/schema.org","@graph":[{"@type":"WebPage","@id":"https:\/\/aeronoticias.com.pe\/noticiero\/salud\/airbus-perlan-mission-ii-alcanza-un-nuevo-maximo-de-altitud-en-su-empeno-por-lograr-un-record-mundial-de-aviacion-y-conseguir-nuevas-pruebas-sobre-el-cambio-climatico\/","url":"https:\/\/aeronoticias.com.pe\/noticiero\/salud\/airbus-perlan-mission-ii-alcanza-un-nuevo-maximo-de-altitud-en-su-empeno-por-lograr-un-record-mundial-de-aviacion-y-conseguir-nuevas-pruebas-sobre-el-cambio-climatico\/","name":"Airbus Perlan Mission II alcanza un nuevo m\u00e1ximo de altitud en su empe\u00f1o por lograr un r\u00e9cord mundial de aviaci\u00f3n y conseguir nuevas pruebas sobre el cambio clim\u00e1tico","isPartOf":{"@id":"https:\/\/aeronoticias.com.pe\/noticiero\/#website"},"datePublished":"2017-08-02T16:46:26+00:00","author":{"@id":"https:\/\/aeronoticias.com.pe\/noticiero\/#\/schema\/person\/fc1e5d578f4b62ba1cf7ac2bba1170a0"},"description":"Portal de noticias del Per\u00fa sobre el transporte a\u00e9reo, aviaci\u00f3n, turismo, hoteleria, actualidad.","breadcrumb":{"@id":"https:\/\/aeronoticias.com.pe\/noticiero\/salud\/airbus-perlan-mission-ii-alcanza-un-nuevo-maximo-de-altitud-en-su-empeno-por-lograr-un-record-mundial-de-aviacion-y-conseguir-nuevas-pruebas-sobre-el-cambio-climatico\/#breadcrumb"},"inLanguage":"es","potentialAction":[{"@type":"ReadAction","target":["https:\/\/aeronoticias.com.pe\/noticiero\/salud\/airbus-perlan-mission-ii-alcanza-un-nuevo-maximo-de-altitud-en-su-empeno-por-lograr-un-record-mundial-de-aviacion-y-conseguir-nuevas-pruebas-sobre-el-cambio-climatico\/"]}]},{"@type":"BreadcrumbList","@id":"https:\/\/aeronoticias.com.pe\/noticiero\/salud\/airbus-perlan-mission-ii-alcanza-un-nuevo-maximo-de-altitud-en-su-empeno-por-lograr-un-record-mundial-de-aviacion-y-conseguir-nuevas-pruebas-sobre-el-cambio-climatico\/#breadcrumb","itemListElement":[{"@type":"ListItem","position":1,"name":"Portada","item":"https:\/\/aeronoticias.com.pe\/noticiero\/"},{"@type":"ListItem","position":2,"name":"Airbus Perlan Mission II alcanza un nuevo m\u00e1ximo de altitud en su empe\u00f1o por lograr un r\u00e9cord mundial de aviaci\u00f3n y conseguir nuevas pruebas sobre el cambio clim\u00e1tico"}]},{"@type":"WebSite","@id":"https:\/\/aeronoticias.com.pe\/noticiero\/#website","url":"https:\/\/aeronoticias.com.pe\/noticiero\/","name":"Aeronoticias.com.pe","description":"Noticias de tranporte aereo, turismo, hoteles, gastronomia, actualidad, internacional","potentialAction":[{"@type":"SearchAction","target":{"@type":"EntryPoint","urlTemplate":"https:\/\/aeronoticias.com.pe\/noticiero\/?s={search_term_string}"},"query-input":{"@type":"PropertyValueSpecification","valueRequired":true,"valueName":"search_term_string"}}],"inLanguage":"es"},{"@type":"Person","@id":"https:\/\/aeronoticias.com.pe\/noticiero\/#\/schema\/person\/fc1e5d578f4b62ba1cf7ac2bba1170a0","name":"Redacci\u00f3n Aeronoticias","url":"https:\/\/aeronoticias.com.pe\/noticiero\/author\/piloto\/"}]}},"_links":{"self":[{"href":"https:\/\/aeronoticias.com.pe\/noticiero\/wp-json\/wp\/v2\/posts\/56758","targetHints":{"allow":["GET"]}}],"collection":[{"href":"https:\/\/aeronoticias.com.pe\/noticiero\/wp-json\/wp\/v2\/posts"}],"about":[{"href":"https:\/\/aeronoticias.com.pe\/noticiero\/wp-json\/wp\/v2\/types\/post"}],"author":[{"embeddable":true,"href":"https:\/\/aeronoticias.com.pe\/noticiero\/wp-json\/wp\/v2\/users\/1"}],"replies":[{"embeddable":true,"href":"https:\/\/aeronoticias.com.pe\/noticiero\/wp-json\/wp\/v2\/comments?post=56758"}],"version-history":[{"count":0,"href":"https:\/\/aeronoticias.com.pe\/noticiero\/wp-json\/wp\/v2\/posts\/56758\/revisions"}],"wp:attachment":[{"href":"https:\/\/aeronoticias.com.pe\/noticiero\/wp-json\/wp\/v2\/media?parent=56758"}],"wp:term":[{"taxonomy":"category","embeddable":true,"href":"https:\/\/aeronoticias.com.pe\/noticiero\/wp-json\/wp\/v2\/categories?post=56758"},{"taxonomy":"post_tag","embeddable":true,"href":"https:\/\/aeronoticias.com.pe\/noticiero\/wp-json\/wp\/v2\/tags?post=56758"}],"curies":[{"name":"wp","href":"https:\/\/api.w.org\/{rel}","templated":true}]}}