{"id":56760,"date":"2017-08-03T15:12:10","date_gmt":"2017-08-03T15:12:10","guid":{"rendered":"http:\/\/desarrollo.mcvicious.com\/aero2020\/2017\/08\/03\/mtc-asegura-que-adenda-con-lap-no-elevara-tarifas\/"},"modified":"2017-08-03T15:12:10","modified_gmt":"2017-08-03T15:12:10","slug":"mtc-asegura-que-adenda-con-lap-no-elevara-tarifas","status":"publish","type":"post","link":"https:\/\/aeronoticias.com.pe\/noticiero\/nacionales\/mtc-asegura-que-adenda-con-lap-no-elevara-tarifas\/","title":{"rendered":"MTC asegura que adenda con LAP no elevar\u00e1 tarifas"},"content":{"rendered":"<p style=\"text-align: justify;\"><strong>(Aeronoticias) <\/strong><span style=\"font-size: 12.16px;\">La s\u00e9ptima adenda suscrita por el Estado con Lima Airport Partners (LAP), concesionario del Aeropuerto Internacional Jorge Ch\u00e1vez (AIJCH), no implica un incremento de las tarifas aeroportuarias, ni tampoco una modificaci\u00f3n al mecanismo de formulaci\u00f3n para establecer su c\u00e1lculo, asegur\u00f3 el Ministerio de Transportes y Comunicaciones (MTC) mediante un comunicado.<\/span><\/p>\n<p style=\"text-align: justify;\"><span style=\"font-size: 12.16px;\">En la v\u00edspera, la Asociaci\u00f3n de Empresas de Transporte A\u00e9reo Internacional (Aetai) expres\u00f3 su preocupaci\u00f3n por que mediante dicha adenda se elevar\u00edan las tarifas por el uso del AIJCH, en 1.5% en un primer periodo regulatorio, extendido de cinco a siete a\u00f1os, y hasta 15% en un segundo periodo regulatorio (Gesti\u00f3n 02.08.2017).<\/span><\/p>\n<p style=\"text-align: justify;\"><span style=\"font-size: 12.16px;\">Ayer, el MTC replic\u00f3 que, en general, la adenda no implica tampoco una modificaci\u00f3n al mecanismo de formulaci\u00f3n para establecer el c\u00e1lculo de las tarifas.<\/span><\/p>\n<p style=\"text-align: justify;\"><span style=\"font-size: 12.16px;\">A\u00f1adi\u00f3 que, incluso, de acuerdo con el mecanismo de formulaci\u00f3n existente, se estima que se dar\u00eda una reducci\u00f3n de tarifas en una primera etapa, comprendida entre el a\u00f1o 2019 y el 2026, aunque eso ser\u00e1 finalmente determinado por el organismo regulador Ositran.<\/span><\/p>\n<p style=\"text-align: justify;\"><span style=\"font-size: 12.16px;\">Asimismo, refiri\u00f3 que no es cierto que para la segunda etapa (de regulaci\u00f3n de tarifas), comprendida entre los a\u00f1os 2026 y 2031, se haya fijado un incremento tarifario anual de 15%. \u201cEse valor porcentual carece de sustento t\u00e9cnico y f\u00e1ctico, y no est\u00e1 comprendido en la adenda\u201d, apunt\u00f3 el MTC.<\/span><\/p>\n<p style=\"text-align: justify;\">Confirm\u00f3 s\u00ed -como indic\u00f3 Aetai- que con la adenda el periodo entre cada regulaci\u00f3n de tarifas se extiende de los actuales cinco a\u00f1os a siete a\u00f1os, y dijo que eso es positivo para los ciudadanos.<\/p>\n<p style=\"text-align: justify;\"><span style=\"font-size: 12.16px;\">A\u00f1adi\u00f3 que tampoco se instauraron medidas de compensaci\u00f3n directa al concesionario.<\/span><\/p>\n<p style=\"text-align: justify;\"><span style=\"font-size: 12.16px;\">Corrobor\u00f3 tambi\u00e9n que, en aplicaci\u00f3n de la cl\u00e1usula penal del propio contrato, se aument\u00f3 el periodo de concesi\u00f3n en diez a\u00f1os, aun cuando se exig\u00edan 12 a\u00f1os.<\/span><\/p>\n<p style=\"text-align: justify;\"><span style=\"font-size: 12.16px;\"><strong><em>Fuente: Gesti\u00f3n<\/em><\/strong><\/span><\/p>\n<p style=\"text-align: justify;\"><span style=\"font-size: 12.16px;\"><strong><em><img decoding=\"async\" src=\"images\/stories\/17\/08\/030817\/lap.jpg\" border=\"0\" \/><br \/><\/em><\/strong><\/span><\/p>\n","protected":false},"excerpt":{"rendered":"<p>(Aeronoticias) La s\u00e9ptima adenda suscrita por el Estado con Lima Airport Partners (LAP), concesionario del Aeropuerto Internacional Jorge Ch\u00e1vez (AIJCH), no implica un incremento de las tarifas aeroportuarias, ni tampoco una modificaci\u00f3n al mecanismo de formulaci\u00f3n para establecer su c\u00e1lculo, asegur\u00f3 el Ministerio de Transportes y Comunicaciones (MTC) mediante un comunicado. En la v\u00edspera, la [&hellip;]<\/p>\n","protected":false},"author":1,"featured_media":0,"comment_status":"open","ping_status":"open","sticky":false,"template":"","format":"standard","meta":{"tdm_status":"","tdm_grid_status":"","footnotes":""},"categories":[38],"tags":[],"class_list":{"0":"post-56760","1":"post","2":"type-post","3":"status-publish","4":"format-standard","6":"category-nacionales"},"yoast_head":"<!-- This site is optimized with the Yoast SEO plugin v25.1 - https:\/\/yoast.com\/wordpress\/plugins\/seo\/ -->\n<title>MTC asegura que adenda con LAP no elevar\u00e1 tarifas<\/title>\n<meta name=\"description\" content=\"Portal de noticias del Per\u00fa sobre el transporte a\u00e9reo, aviaci\u00f3n, turismo, hoteleria, actualidad.\" \/>\n<meta name=\"robots\" content=\"index, follow, max-snippet:-1, max-image-preview:large, max-video-preview:-1\" \/>\n<link rel=\"canonical\" href=\"https:\/\/aeronoticias.com.pe\/noticiero\/nacionales\/mtc-asegura-que-adenda-con-lap-no-elevara-tarifas\/\" \/>\n<meta property=\"og:locale\" content=\"es_ES\" \/>\n<meta property=\"og:type\" content=\"article\" \/>\n<meta property=\"og:title\" content=\"MTC asegura que adenda con LAP no elevar\u00e1 tarifas\" \/>\n<meta property=\"og:description\" content=\"Portal de noticias del Per\u00fa sobre el transporte a\u00e9reo, aviaci\u00f3n, turismo, hoteleria, actualidad.\" \/>\n<meta property=\"og:url\" content=\"https:\/\/aeronoticias.com.pe\/noticiero\/nacionales\/mtc-asegura-que-adenda-con-lap-no-elevara-tarifas\/\" \/>\n<meta property=\"og:site_name\" content=\"Aeronoticias.com.pe\" \/>\n<meta property=\"article:publisher\" content=\"https:\/\/www.facebook.com\/Aeronoticias.com.pe\/\" \/>\n<meta property=\"article:published_time\" content=\"2017-08-03T15:12:10+00:00\" \/>\n<meta name=\"author\" content=\"Redacci\u00f3n Aeronoticias\" \/>\n<meta name=\"twitter:card\" content=\"summary_large_image\" \/>\n<meta name=\"twitter:creator\" content=\"@aeronoticias\" \/>\n<meta name=\"twitter:site\" content=\"@aeronoticias\" \/>\n<meta name=\"twitter:label1\" content=\"Escrito por\" \/>\n\t<meta name=\"twitter:data1\" content=\"Redacci\u00f3n Aeronoticias\" \/>\n\t<meta name=\"twitter:label2\" content=\"Tiempo de lectura\" \/>\n\t<meta name=\"twitter:data2\" content=\"2 minutos\" \/>\n<script type=\"application\/ld+json\" class=\"yoast-schema-graph\">{\"@context\":\"https:\/\/schema.org\",\"@graph\":[{\"@type\":\"WebPage\",\"@id\":\"https:\/\/aeronoticias.com.pe\/noticiero\/nacionales\/mtc-asegura-que-adenda-con-lap-no-elevara-tarifas\/\",\"url\":\"https:\/\/aeronoticias.com.pe\/noticiero\/nacionales\/mtc-asegura-que-adenda-con-lap-no-elevara-tarifas\/\",\"name\":\"MTC asegura que adenda con LAP no elevar\u00e1 tarifas\",\"isPartOf\":{\"@id\":\"https:\/\/aeronoticias.com.pe\/noticiero\/#website\"},\"datePublished\":\"2017-08-03T15:12:10+00:00\",\"author\":{\"@id\":\"https:\/\/aeronoticias.com.pe\/noticiero\/#\/schema\/person\/fc1e5d578f4b62ba1cf7ac2bba1170a0\"},\"description\":\"Portal de noticias del Per\u00fa sobre el transporte a\u00e9reo, aviaci\u00f3n, turismo, hoteleria, actualidad.\",\"breadcrumb\":{\"@id\":\"https:\/\/aeronoticias.com.pe\/noticiero\/nacionales\/mtc-asegura-que-adenda-con-lap-no-elevara-tarifas\/#breadcrumb\"},\"inLanguage\":\"es\",\"potentialAction\":[{\"@type\":\"ReadAction\",\"target\":[\"https:\/\/aeronoticias.com.pe\/noticiero\/nacionales\/mtc-asegura-que-adenda-con-lap-no-elevara-tarifas\/\"]}]},{\"@type\":\"BreadcrumbList\",\"@id\":\"https:\/\/aeronoticias.com.pe\/noticiero\/nacionales\/mtc-asegura-que-adenda-con-lap-no-elevara-tarifas\/#breadcrumb\",\"itemListElement\":[{\"@type\":\"ListItem\",\"position\":1,\"name\":\"Portada\",\"item\":\"https:\/\/aeronoticias.com.pe\/noticiero\/\"},{\"@type\":\"ListItem\",\"position\":2,\"name\":\"MTC asegura que adenda con LAP no elevar\u00e1 tarifas\"}]},{\"@type\":\"WebSite\",\"@id\":\"https:\/\/aeronoticias.com.pe\/noticiero\/#website\",\"url\":\"https:\/\/aeronoticias.com.pe\/noticiero\/\",\"name\":\"Aeronoticias.com.pe\",\"description\":\"Noticias de tranporte aereo, turismo, hoteles, gastronomia, actualidad, internacional\",\"potentialAction\":[{\"@type\":\"SearchAction\",\"target\":{\"@type\":\"EntryPoint\",\"urlTemplate\":\"https:\/\/aeronoticias.com.pe\/noticiero\/?s={search_term_string}\"},\"query-input\":{\"@type\":\"PropertyValueSpecification\",\"valueRequired\":true,\"valueName\":\"search_term_string\"}}],\"inLanguage\":\"es\"},{\"@type\":\"Person\",\"@id\":\"https:\/\/aeronoticias.com.pe\/noticiero\/#\/schema\/person\/fc1e5d578f4b62ba1cf7ac2bba1170a0\",\"name\":\"Redacci\u00f3n Aeronoticias\",\"url\":\"https:\/\/aeronoticias.com.pe\/noticiero\/author\/piloto\/\"}]}<\/script>\n<!-- \/ Yoast SEO plugin. -->","yoast_head_json":{"title":"MTC asegura que adenda con LAP no elevar\u00e1 tarifas","description":"Portal de noticias del Per\u00fa sobre el transporte a\u00e9reo, aviaci\u00f3n, turismo, hoteleria, actualidad.","robots":{"index":"index","follow":"follow","max-snippet":"max-snippet:-1","max-image-preview":"max-image-preview:large","max-video-preview":"max-video-preview:-1"},"canonical":"https:\/\/aeronoticias.com.pe\/noticiero\/nacionales\/mtc-asegura-que-adenda-con-lap-no-elevara-tarifas\/","og_locale":"es_ES","og_type":"article","og_title":"MTC asegura que adenda con LAP no elevar\u00e1 tarifas","og_description":"Portal de noticias del Per\u00fa sobre el transporte a\u00e9reo, aviaci\u00f3n, turismo, hoteleria, actualidad.","og_url":"https:\/\/aeronoticias.com.pe\/noticiero\/nacionales\/mtc-asegura-que-adenda-con-lap-no-elevara-tarifas\/","og_site_name":"Aeronoticias.com.pe","article_publisher":"https:\/\/www.facebook.com\/Aeronoticias.com.pe\/","article_published_time":"2017-08-03T15:12:10+00:00","author":"Redacci\u00f3n Aeronoticias","twitter_card":"summary_large_image","twitter_creator":"@aeronoticias","twitter_site":"@aeronoticias","twitter_misc":{"Escrito por":"Redacci\u00f3n Aeronoticias","Tiempo de lectura":"2 minutos"},"schema":{"@context":"https:\/\/schema.org","@graph":[{"@type":"WebPage","@id":"https:\/\/aeronoticias.com.pe\/noticiero\/nacionales\/mtc-asegura-que-adenda-con-lap-no-elevara-tarifas\/","url":"https:\/\/aeronoticias.com.pe\/noticiero\/nacionales\/mtc-asegura-que-adenda-con-lap-no-elevara-tarifas\/","name":"MTC asegura que adenda con LAP no elevar\u00e1 tarifas","isPartOf":{"@id":"https:\/\/aeronoticias.com.pe\/noticiero\/#website"},"datePublished":"2017-08-03T15:12:10+00:00","author":{"@id":"https:\/\/aeronoticias.com.pe\/noticiero\/#\/schema\/person\/fc1e5d578f4b62ba1cf7ac2bba1170a0"},"description":"Portal de noticias del Per\u00fa sobre el transporte a\u00e9reo, aviaci\u00f3n, turismo, hoteleria, actualidad.","breadcrumb":{"@id":"https:\/\/aeronoticias.com.pe\/noticiero\/nacionales\/mtc-asegura-que-adenda-con-lap-no-elevara-tarifas\/#breadcrumb"},"inLanguage":"es","potentialAction":[{"@type":"ReadAction","target":["https:\/\/aeronoticias.com.pe\/noticiero\/nacionales\/mtc-asegura-que-adenda-con-lap-no-elevara-tarifas\/"]}]},{"@type":"BreadcrumbList","@id":"https:\/\/aeronoticias.com.pe\/noticiero\/nacionales\/mtc-asegura-que-adenda-con-lap-no-elevara-tarifas\/#breadcrumb","itemListElement":[{"@type":"ListItem","position":1,"name":"Portada","item":"https:\/\/aeronoticias.com.pe\/noticiero\/"},{"@type":"ListItem","position":2,"name":"MTC asegura que adenda con LAP no elevar\u00e1 tarifas"}]},{"@type":"WebSite","@id":"https:\/\/aeronoticias.com.pe\/noticiero\/#website","url":"https:\/\/aeronoticias.com.pe\/noticiero\/","name":"Aeronoticias.com.pe","description":"Noticias de tranporte aereo, turismo, hoteles, gastronomia, actualidad, internacional","potentialAction":[{"@type":"SearchAction","target":{"@type":"EntryPoint","urlTemplate":"https:\/\/aeronoticias.com.pe\/noticiero\/?s={search_term_string}"},"query-input":{"@type":"PropertyValueSpecification","valueRequired":true,"valueName":"search_term_string"}}],"inLanguage":"es"},{"@type":"Person","@id":"https:\/\/aeronoticias.com.pe\/noticiero\/#\/schema\/person\/fc1e5d578f4b62ba1cf7ac2bba1170a0","name":"Redacci\u00f3n Aeronoticias","url":"https:\/\/aeronoticias.com.pe\/noticiero\/author\/piloto\/"}]}},"_links":{"self":[{"href":"https:\/\/aeronoticias.com.pe\/noticiero\/wp-json\/wp\/v2\/posts\/56760","targetHints":{"allow":["GET"]}}],"collection":[{"href":"https:\/\/aeronoticias.com.pe\/noticiero\/wp-json\/wp\/v2\/posts"}],"about":[{"href":"https:\/\/aeronoticias.com.pe\/noticiero\/wp-json\/wp\/v2\/types\/post"}],"author":[{"embeddable":true,"href":"https:\/\/aeronoticias.com.pe\/noticiero\/wp-json\/wp\/v2\/users\/1"}],"replies":[{"embeddable":true,"href":"https:\/\/aeronoticias.com.pe\/noticiero\/wp-json\/wp\/v2\/comments?post=56760"}],"version-history":[{"count":0,"href":"https:\/\/aeronoticias.com.pe\/noticiero\/wp-json\/wp\/v2\/posts\/56760\/revisions"}],"wp:attachment":[{"href":"https:\/\/aeronoticias.com.pe\/noticiero\/wp-json\/wp\/v2\/media?parent=56760"}],"wp:term":[{"taxonomy":"category","embeddable":true,"href":"https:\/\/aeronoticias.com.pe\/noticiero\/wp-json\/wp\/v2\/categories?post=56760"},{"taxonomy":"post_tag","embeddable":true,"href":"https:\/\/aeronoticias.com.pe\/noticiero\/wp-json\/wp\/v2\/tags?post=56760"}],"curies":[{"name":"wp","href":"https:\/\/api.w.org\/{rel}","templated":true}]}}