{"id":56763,"date":"2017-08-03T15:43:44","date_gmt":"2017-08-03T15:43:44","guid":{"rendered":"http:\/\/desarrollo.mcvicious.com\/aero2020\/2017\/08\/03\/asi-seran-los-nuevos-asientos-mas-amplios-de-ryanair\/"},"modified":"2017-08-03T15:43:44","modified_gmt":"2017-08-03T15:43:44","slug":"asi-seran-los-nuevos-asientos-mas-amplios-de-ryanair","status":"publish","type":"post","link":"https:\/\/aeronoticias.com.pe\/noticiero\/internacionales\/asi-seran-los-nuevos-asientos-mas-amplios-de-ryanair\/","title":{"rendered":"As\u00ed ser\u00e1n los nuevos asientos m\u00e1s amplios de Ryanair"},"content":{"rendered":"<p style=\"text-align: justify;\"><strong>(Aeronoticias) <\/strong><span style=\"font-size: 12.16px;\">Ryanair present\u00f3 este mi\u00e9rcoles sus \u00faltimas innovaciones, que incluyen el sistema de reconocimiento de voz Alexa que permitir\u00e1 a los pasajeros buscar vuelos y hoteles o consultar el estado de su vuelo en la p\u00e1gina web de Ryanair. Al mismo tiempo, la aerol\u00ednea de bajo coste irlandesa ha anunciado la elecci\u00f3n de un nuevo proveedor, Zodiac, para incorporar nuevos asientos en sus aviones Boeing 737 Max \u00abGamechanger\u00bb, que se entregar\u00e1n en primavera de 2019, que, seg\u00fan la compa\u00f1\u00eda, \u00abproporcionar\u00e1n m\u00e1s espacio para las piernas y en los compartimentos superiores\u00bb.<\/span><\/p>\n<p style=\"text-align: justify;\"><span style=\"font-size: 12.16px;\">La aerol\u00ednea ha a\u00f1adido que este mayor espacio ser\u00e1 posible gracias al redise\u00f1o que Boeing ha aplicado en sus aviones, por el que reubicar\u00e1los dos aseos traseros en el espacio posterior de la aeronave. \u00abEste nuevo dise\u00f1o, combinado con los asientos Zodiac slimline, permitir\u00e1 incluir ocho asientos adicionales por avi\u00f3n (197 frente 189) permitiendo a los clientes disfrutar de 78,74 cm de espacio para las piernas m\u00e1s que entre los asientos de la clase turista\u00bb de otras compa\u00f1\u00edas competidoras.<\/span><\/p>\n<p style=\"text-align: justify;\"><span style=\"font-size: 12.16px;\">Este anuncio es una nueva medida dentro de la estrategia \u00abSiempre Mejorando\u00bb, con la que Ryanair quiere convertirse, en vez de una aerol\u00ednea al uso, en el \u00abAmazon de viajes\u00bb. Anteriormente, la compa\u00f1\u00eda anunci\u00f3 las pruebas de los vuelos de conexi\u00f3n en Roma y Mil\u00e1n, la comercializaci\u00f3n de vuelos de largo radio de Air Europa desde Madrid, el acuerdo firmado en exclusiva con la red de estudiantes de Erasmus, la integraci\u00f3n del sistema Apple Pay en seis mercados iniciales o la mejora de la p\u00e1gina web de Ryanair Rooms.<\/span><\/p>\n<p style=\"text-align: justify;\"><span style=\"font-size: 12.16px;\">Al mismo tiempo, Ryanair anunci\u00f3 la puesta en marcha de su oferta denominada el \u00abMega Mill\u00f3n\u00bb, para celebrar que ha alcanzado los mil millones de pasajeros, y por ello ofreci\u00f3 un 20% de descuento en un mill\u00f3n de asientos de su red europea para volar entre el 13 de noviembre y el 15 de diciembre. Las tarifas estaban a disponibles para reservar hasta la medianoche de este mi\u00e9rcoles, 2 de agosto.<\/span><\/p>\n<p style=\"text-align: justify;\"><span style=\"font-size: 12.16px;\"><strong><em>Fuente: ABC<\/em><\/strong><\/span><\/p>\n<p style=\"text-align: justify;\"><span style=\"font-size: 12.16px;\"><strong><em><img decoding=\"async\" src=\"images\/stories\/17\/08\/030817\/ryanairnuevosasientos.jpg\" border=\"0\" \/><br \/><\/em><\/strong><\/span><\/p>\n","protected":false},"excerpt":{"rendered":"<p>(Aeronoticias) Ryanair present\u00f3 este mi\u00e9rcoles sus \u00faltimas innovaciones, que incluyen el sistema de reconocimiento de voz Alexa que permitir\u00e1 a los pasajeros buscar vuelos y hoteles o consultar el estado de su vuelo en la p\u00e1gina web de Ryanair. Al mismo tiempo, la aerol\u00ednea de bajo coste irlandesa ha anunciado la elecci\u00f3n de un nuevo [&hellip;]<\/p>\n","protected":false},"author":1,"featured_media":0,"comment_status":"open","ping_status":"open","sticky":false,"template":"","format":"standard","meta":{"tdm_status":"","tdm_grid_status":"","footnotes":""},"categories":[34],"tags":[],"class_list":{"0":"post-56763","1":"post","2":"type-post","3":"status-publish","4":"format-standard","6":"category-internacionales"},"yoast_head":"<!-- This site is optimized with the Yoast SEO plugin v25.1 - https:\/\/yoast.com\/wordpress\/plugins\/seo\/ -->\n<title>As\u00ed ser\u00e1n los nuevos asientos m\u00e1s amplios de Ryanair<\/title>\n<meta name=\"description\" content=\"Portal de noticias del Per\u00fa sobre el transporte a\u00e9reo, aviaci\u00f3n, turismo, hoteleria, actualidad.\" \/>\n<meta name=\"robots\" content=\"index, follow, max-snippet:-1, max-image-preview:large, max-video-preview:-1\" \/>\n<link rel=\"canonical\" href=\"https:\/\/aeronoticias.com.pe\/noticiero\/internacionales\/asi-seran-los-nuevos-asientos-mas-amplios-de-ryanair\/\" \/>\n<meta property=\"og:locale\" content=\"es_ES\" \/>\n<meta property=\"og:type\" content=\"article\" \/>\n<meta property=\"og:title\" content=\"As\u00ed ser\u00e1n los nuevos asientos m\u00e1s amplios de Ryanair\" \/>\n<meta property=\"og:description\" content=\"Portal de noticias del Per\u00fa sobre el transporte a\u00e9reo, aviaci\u00f3n, turismo, hoteleria, actualidad.\" \/>\n<meta property=\"og:url\" content=\"https:\/\/aeronoticias.com.pe\/noticiero\/internacionales\/asi-seran-los-nuevos-asientos-mas-amplios-de-ryanair\/\" \/>\n<meta property=\"og:site_name\" content=\"Aeronoticias.com.pe\" \/>\n<meta property=\"article:publisher\" content=\"https:\/\/www.facebook.com\/Aeronoticias.com.pe\/\" \/>\n<meta property=\"article:published_time\" content=\"2017-08-03T15:43:44+00:00\" \/>\n<meta name=\"author\" content=\"Redacci\u00f3n Aeronoticias\" \/>\n<meta name=\"twitter:card\" content=\"summary_large_image\" \/>\n<meta name=\"twitter:creator\" content=\"@aeronoticias\" \/>\n<meta name=\"twitter:site\" content=\"@aeronoticias\" \/>\n<meta name=\"twitter:label1\" content=\"Escrito por\" \/>\n\t<meta name=\"twitter:data1\" content=\"Redacci\u00f3n Aeronoticias\" \/>\n\t<meta name=\"twitter:label2\" content=\"Tiempo de lectura\" \/>\n\t<meta name=\"twitter:data2\" content=\"2 minutos\" \/>\n<script type=\"application\/ld+json\" class=\"yoast-schema-graph\">{\"@context\":\"https:\/\/schema.org\",\"@graph\":[{\"@type\":\"WebPage\",\"@id\":\"https:\/\/aeronoticias.com.pe\/noticiero\/internacionales\/asi-seran-los-nuevos-asientos-mas-amplios-de-ryanair\/\",\"url\":\"https:\/\/aeronoticias.com.pe\/noticiero\/internacionales\/asi-seran-los-nuevos-asientos-mas-amplios-de-ryanair\/\",\"name\":\"As\u00ed ser\u00e1n los nuevos asientos m\u00e1s amplios de Ryanair\",\"isPartOf\":{\"@id\":\"https:\/\/aeronoticias.com.pe\/noticiero\/#website\"},\"datePublished\":\"2017-08-03T15:43:44+00:00\",\"author\":{\"@id\":\"https:\/\/aeronoticias.com.pe\/noticiero\/#\/schema\/person\/fc1e5d578f4b62ba1cf7ac2bba1170a0\"},\"description\":\"Portal de noticias del Per\u00fa sobre el transporte a\u00e9reo, aviaci\u00f3n, turismo, hoteleria, actualidad.\",\"breadcrumb\":{\"@id\":\"https:\/\/aeronoticias.com.pe\/noticiero\/internacionales\/asi-seran-los-nuevos-asientos-mas-amplios-de-ryanair\/#breadcrumb\"},\"inLanguage\":\"es\",\"potentialAction\":[{\"@type\":\"ReadAction\",\"target\":[\"https:\/\/aeronoticias.com.pe\/noticiero\/internacionales\/asi-seran-los-nuevos-asientos-mas-amplios-de-ryanair\/\"]}]},{\"@type\":\"BreadcrumbList\",\"@id\":\"https:\/\/aeronoticias.com.pe\/noticiero\/internacionales\/asi-seran-los-nuevos-asientos-mas-amplios-de-ryanair\/#breadcrumb\",\"itemListElement\":[{\"@type\":\"ListItem\",\"position\":1,\"name\":\"Portada\",\"item\":\"https:\/\/aeronoticias.com.pe\/noticiero\/\"},{\"@type\":\"ListItem\",\"position\":2,\"name\":\"As\u00ed ser\u00e1n los nuevos asientos m\u00e1s amplios de Ryanair\"}]},{\"@type\":\"WebSite\",\"@id\":\"https:\/\/aeronoticias.com.pe\/noticiero\/#website\",\"url\":\"https:\/\/aeronoticias.com.pe\/noticiero\/\",\"name\":\"Aeronoticias.com.pe\",\"description\":\"Noticias de tranporte aereo, turismo, hoteles, gastronomia, actualidad, internacional\",\"potentialAction\":[{\"@type\":\"SearchAction\",\"target\":{\"@type\":\"EntryPoint\",\"urlTemplate\":\"https:\/\/aeronoticias.com.pe\/noticiero\/?s={search_term_string}\"},\"query-input\":{\"@type\":\"PropertyValueSpecification\",\"valueRequired\":true,\"valueName\":\"search_term_string\"}}],\"inLanguage\":\"es\"},{\"@type\":\"Person\",\"@id\":\"https:\/\/aeronoticias.com.pe\/noticiero\/#\/schema\/person\/fc1e5d578f4b62ba1cf7ac2bba1170a0\",\"name\":\"Redacci\u00f3n Aeronoticias\",\"url\":\"https:\/\/aeronoticias.com.pe\/noticiero\/author\/piloto\/\"}]}<\/script>\n<!-- \/ Yoast SEO plugin. -->","yoast_head_json":{"title":"As\u00ed ser\u00e1n los nuevos asientos m\u00e1s amplios de Ryanair","description":"Portal de noticias del Per\u00fa sobre el transporte a\u00e9reo, aviaci\u00f3n, turismo, hoteleria, actualidad.","robots":{"index":"index","follow":"follow","max-snippet":"max-snippet:-1","max-image-preview":"max-image-preview:large","max-video-preview":"max-video-preview:-1"},"canonical":"https:\/\/aeronoticias.com.pe\/noticiero\/internacionales\/asi-seran-los-nuevos-asientos-mas-amplios-de-ryanair\/","og_locale":"es_ES","og_type":"article","og_title":"As\u00ed ser\u00e1n los nuevos asientos m\u00e1s amplios de Ryanair","og_description":"Portal de noticias del Per\u00fa sobre el transporte a\u00e9reo, aviaci\u00f3n, turismo, hoteleria, actualidad.","og_url":"https:\/\/aeronoticias.com.pe\/noticiero\/internacionales\/asi-seran-los-nuevos-asientos-mas-amplios-de-ryanair\/","og_site_name":"Aeronoticias.com.pe","article_publisher":"https:\/\/www.facebook.com\/Aeronoticias.com.pe\/","article_published_time":"2017-08-03T15:43:44+00:00","author":"Redacci\u00f3n Aeronoticias","twitter_card":"summary_large_image","twitter_creator":"@aeronoticias","twitter_site":"@aeronoticias","twitter_misc":{"Escrito por":"Redacci\u00f3n Aeronoticias","Tiempo de lectura":"2 minutos"},"schema":{"@context":"https:\/\/schema.org","@graph":[{"@type":"WebPage","@id":"https:\/\/aeronoticias.com.pe\/noticiero\/internacionales\/asi-seran-los-nuevos-asientos-mas-amplios-de-ryanair\/","url":"https:\/\/aeronoticias.com.pe\/noticiero\/internacionales\/asi-seran-los-nuevos-asientos-mas-amplios-de-ryanair\/","name":"As\u00ed ser\u00e1n los nuevos asientos m\u00e1s amplios de Ryanair","isPartOf":{"@id":"https:\/\/aeronoticias.com.pe\/noticiero\/#website"},"datePublished":"2017-08-03T15:43:44+00:00","author":{"@id":"https:\/\/aeronoticias.com.pe\/noticiero\/#\/schema\/person\/fc1e5d578f4b62ba1cf7ac2bba1170a0"},"description":"Portal de noticias del Per\u00fa sobre el transporte a\u00e9reo, aviaci\u00f3n, turismo, hoteleria, actualidad.","breadcrumb":{"@id":"https:\/\/aeronoticias.com.pe\/noticiero\/internacionales\/asi-seran-los-nuevos-asientos-mas-amplios-de-ryanair\/#breadcrumb"},"inLanguage":"es","potentialAction":[{"@type":"ReadAction","target":["https:\/\/aeronoticias.com.pe\/noticiero\/internacionales\/asi-seran-los-nuevos-asientos-mas-amplios-de-ryanair\/"]}]},{"@type":"BreadcrumbList","@id":"https:\/\/aeronoticias.com.pe\/noticiero\/internacionales\/asi-seran-los-nuevos-asientos-mas-amplios-de-ryanair\/#breadcrumb","itemListElement":[{"@type":"ListItem","position":1,"name":"Portada","item":"https:\/\/aeronoticias.com.pe\/noticiero\/"},{"@type":"ListItem","position":2,"name":"As\u00ed ser\u00e1n los nuevos asientos m\u00e1s amplios de Ryanair"}]},{"@type":"WebSite","@id":"https:\/\/aeronoticias.com.pe\/noticiero\/#website","url":"https:\/\/aeronoticias.com.pe\/noticiero\/","name":"Aeronoticias.com.pe","description":"Noticias de tranporte aereo, turismo, hoteles, gastronomia, actualidad, internacional","potentialAction":[{"@type":"SearchAction","target":{"@type":"EntryPoint","urlTemplate":"https:\/\/aeronoticias.com.pe\/noticiero\/?s={search_term_string}"},"query-input":{"@type":"PropertyValueSpecification","valueRequired":true,"valueName":"search_term_string"}}],"inLanguage":"es"},{"@type":"Person","@id":"https:\/\/aeronoticias.com.pe\/noticiero\/#\/schema\/person\/fc1e5d578f4b62ba1cf7ac2bba1170a0","name":"Redacci\u00f3n Aeronoticias","url":"https:\/\/aeronoticias.com.pe\/noticiero\/author\/piloto\/"}]}},"_links":{"self":[{"href":"https:\/\/aeronoticias.com.pe\/noticiero\/wp-json\/wp\/v2\/posts\/56763","targetHints":{"allow":["GET"]}}],"collection":[{"href":"https:\/\/aeronoticias.com.pe\/noticiero\/wp-json\/wp\/v2\/posts"}],"about":[{"href":"https:\/\/aeronoticias.com.pe\/noticiero\/wp-json\/wp\/v2\/types\/post"}],"author":[{"embeddable":true,"href":"https:\/\/aeronoticias.com.pe\/noticiero\/wp-json\/wp\/v2\/users\/1"}],"replies":[{"embeddable":true,"href":"https:\/\/aeronoticias.com.pe\/noticiero\/wp-json\/wp\/v2\/comments?post=56763"}],"version-history":[{"count":0,"href":"https:\/\/aeronoticias.com.pe\/noticiero\/wp-json\/wp\/v2\/posts\/56763\/revisions"}],"wp:attachment":[{"href":"https:\/\/aeronoticias.com.pe\/noticiero\/wp-json\/wp\/v2\/media?parent=56763"}],"wp:term":[{"taxonomy":"category","embeddable":true,"href":"https:\/\/aeronoticias.com.pe\/noticiero\/wp-json\/wp\/v2\/categories?post=56763"},{"taxonomy":"post_tag","embeddable":true,"href":"https:\/\/aeronoticias.com.pe\/noticiero\/wp-json\/wp\/v2\/tags?post=56763"}],"curies":[{"name":"wp","href":"https:\/\/api.w.org\/{rel}","templated":true}]}}