{"id":56765,"date":"2017-08-03T20:39:57","date_gmt":"2017-08-03T20:39:57","guid":{"rendered":"http:\/\/desarrollo.mcvicious.com\/aero2020\/2017\/08\/03\/la-adenda-7-de-lap-no-envuelve-alza-de-tarifas-en-el-aeropuerto-internacional-jorge-chavez\/"},"modified":"2017-08-03T20:39:57","modified_gmt":"2017-08-03T20:39:57","slug":"la-adenda-7-de-lap-no-envuelve-alza-de-tarifas-en-el-aeropuerto-internacional-jorge-chavez","status":"publish","type":"post","link":"https:\/\/aeronoticias.com.pe\/noticiero\/ultimas\/1\/la-adenda-7-de-lap-no-envuelve-alza-de-tarifas-en-el-aeropuerto-internacional-jorge-chavez\/","title":{"rendered":"La adenda 7 de LAP no envuelve alza de tarifas en el  Aeropuerto Internacional Jorge Ch\u00e1vez&#8230;?"},"content":{"rendered":"<p style=\"text-align: justify;\"><strong>(Aeronoticias) <\/strong>Seg\u00fan un comunicado del Ministerio de Transportes y Comunicaciones (MTC) emitido ayer, \u00abla adenda \u00a0(la N\u00b0 7) suscrita con el concesionario Lima Airport Partners (LAP) \u00a0no implica un incremento de las tarifas aeroportuarias ni tampoco una modificaci\u00f3n al mecanismo de formulaci\u00f3n \u00a0para establecer su c\u00e1lculo\u00bb.<\/p>\n<p style=\"text-align: justify;\"><span style=\"font-size: 12.16px;\">Seg\u00fan dicho \u00a0mecanismo, que est\u00e1 vigente, se estima que se dar\u00eda una reducci\u00f3n de tarifas en una primera etapa , comprendida desde el a\u00f1o 2019 hasta el 2026, es decir durante 7 a\u00f1os.<\/span><\/p>\n<p style=\"text-align: justify;\"><span style=\"font-size: 12.16px;\">Pero, aqu\u00ed viene la sorpresa, la mencionada reducci\u00f3n depender\u00e1 de lo que determine el Organismo Supervisor de la Inversi\u00f3n en Infraestructura \u00a0de Transporte de Uso P\u00fablico (OSITRAN).<\/span><\/p>\n<p style=\"text-align: justify;\"><span style=\"font-size: 12.16px;\">Y ya sabemos como se comport\u00f3 este organismo supervisor en el caso del vapuleado proyecto del aeropuerto cusque\u00f1o de Chinchero y su esp\u00farea adenda, lo que oblig\u00f3 a decir a dos economistas que dicho proyecto \u00bb ser\u00e1 pagado por todos los peruanos sin que se den cuenta que les meten la mano a sus bolsillos\u00bb.<\/span><\/p>\n<p style=\"text-align: justify;\"><span style=\"font-size: 12.16px;\"><img decoding=\"async\" src=\"images\/stories\/17\/08\/030817\/jchavez1.jpg\" border=\"0\" \/><br \/><\/span><\/p>\n<p style=\"text-align: justify;\"><span style=\"font-size: 12.16px;\"><br \/><\/span><\/p>\n","protected":false},"excerpt":{"rendered":"<p>(Aeronoticias) Seg\u00fan un comunicado del Ministerio de Transportes y Comunicaciones (MTC) emitido ayer, \u00abla adenda \u00a0(la N\u00b0 7) suscrita con el concesionario Lima Airport Partners (LAP) \u00a0no implica un incremento de las tarifas aeroportuarias ni tampoco una modificaci\u00f3n al mecanismo de formulaci\u00f3n \u00a0para establecer su c\u00e1lculo\u00bb. Seg\u00fan dicho \u00a0mecanismo, que est\u00e1 vigente, se estima que [&hellip;]<\/p>\n","protected":false},"author":1,"featured_media":0,"comment_status":"open","ping_status":"open","sticky":false,"template":"","format":"standard","meta":{"tdm_status":"","tdm_grid_status":"","footnotes":""},"categories":[30],"tags":[],"class_list":{"0":"post-56765","1":"post","2":"type-post","3":"status-publish","4":"format-standard","6":"category-30"},"yoast_head":"<!-- This site is optimized with the Yoast SEO plugin v25.1 - https:\/\/yoast.com\/wordpress\/plugins\/seo\/ -->\n<title>La adenda 7 de LAP no envuelve alza de tarifas en el Aeropuerto Internacional Jorge Ch\u00e1vez...?<\/title>\n<meta name=\"description\" content=\"Portal de noticias del Per\u00fa sobre el transporte a\u00e9reo, aviaci\u00f3n, turismo, hoteleria, actualidad.\" \/>\n<meta name=\"robots\" content=\"index, follow, max-snippet:-1, max-image-preview:large, max-video-preview:-1\" \/>\n<link rel=\"canonical\" href=\"https:\/\/aeronoticias.com.pe\/noticiero\/ultimas\/1\/la-adenda-7-de-lap-no-envuelve-alza-de-tarifas-en-el-aeropuerto-internacional-jorge-chavez\/\" \/>\n<meta property=\"og:locale\" content=\"es_ES\" \/>\n<meta property=\"og:type\" content=\"article\" \/>\n<meta property=\"og:title\" content=\"La adenda 7 de LAP no envuelve alza de tarifas en el Aeropuerto Internacional Jorge Ch\u00e1vez...?\" \/>\n<meta property=\"og:description\" content=\"Portal de noticias del Per\u00fa sobre el transporte a\u00e9reo, aviaci\u00f3n, turismo, hoteleria, actualidad.\" \/>\n<meta property=\"og:url\" content=\"https:\/\/aeronoticias.com.pe\/noticiero\/ultimas\/1\/la-adenda-7-de-lap-no-envuelve-alza-de-tarifas-en-el-aeropuerto-internacional-jorge-chavez\/\" \/>\n<meta property=\"og:site_name\" content=\"Aeronoticias.com.pe\" \/>\n<meta property=\"article:publisher\" content=\"https:\/\/www.facebook.com\/Aeronoticias.com.pe\/\" \/>\n<meta property=\"article:published_time\" content=\"2017-08-03T20:39:57+00:00\" \/>\n<meta name=\"author\" content=\"Redacci\u00f3n Aeronoticias\" \/>\n<meta name=\"twitter:card\" content=\"summary_large_image\" \/>\n<meta name=\"twitter:creator\" content=\"@aeronoticias\" \/>\n<meta name=\"twitter:site\" content=\"@aeronoticias\" \/>\n<meta name=\"twitter:label1\" content=\"Escrito por\" \/>\n\t<meta name=\"twitter:data1\" content=\"Redacci\u00f3n Aeronoticias\" \/>\n\t<meta name=\"twitter:label2\" content=\"Tiempo de lectura\" \/>\n\t<meta name=\"twitter:data2\" content=\"1 minuto\" \/>\n<script type=\"application\/ld+json\" class=\"yoast-schema-graph\">{\"@context\":\"https:\/\/schema.org\",\"@graph\":[{\"@type\":\"WebPage\",\"@id\":\"https:\/\/aeronoticias.com.pe\/noticiero\/ultimas\/1\/la-adenda-7-de-lap-no-envuelve-alza-de-tarifas-en-el-aeropuerto-internacional-jorge-chavez\/\",\"url\":\"https:\/\/aeronoticias.com.pe\/noticiero\/ultimas\/1\/la-adenda-7-de-lap-no-envuelve-alza-de-tarifas-en-el-aeropuerto-internacional-jorge-chavez\/\",\"name\":\"La adenda 7 de LAP no envuelve alza de tarifas en el Aeropuerto Internacional Jorge Ch\u00e1vez...?\",\"isPartOf\":{\"@id\":\"https:\/\/aeronoticias.com.pe\/noticiero\/#website\"},\"datePublished\":\"2017-08-03T20:39:57+00:00\",\"author\":{\"@id\":\"https:\/\/aeronoticias.com.pe\/noticiero\/#\/schema\/person\/fc1e5d578f4b62ba1cf7ac2bba1170a0\"},\"description\":\"Portal de noticias del Per\u00fa sobre el transporte a\u00e9reo, aviaci\u00f3n, turismo, hoteleria, actualidad.\",\"breadcrumb\":{\"@id\":\"https:\/\/aeronoticias.com.pe\/noticiero\/ultimas\/1\/la-adenda-7-de-lap-no-envuelve-alza-de-tarifas-en-el-aeropuerto-internacional-jorge-chavez\/#breadcrumb\"},\"inLanguage\":\"es\",\"potentialAction\":[{\"@type\":\"ReadAction\",\"target\":[\"https:\/\/aeronoticias.com.pe\/noticiero\/ultimas\/1\/la-adenda-7-de-lap-no-envuelve-alza-de-tarifas-en-el-aeropuerto-internacional-jorge-chavez\/\"]}]},{\"@type\":\"BreadcrumbList\",\"@id\":\"https:\/\/aeronoticias.com.pe\/noticiero\/ultimas\/1\/la-adenda-7-de-lap-no-envuelve-alza-de-tarifas-en-el-aeropuerto-internacional-jorge-chavez\/#breadcrumb\",\"itemListElement\":[{\"@type\":\"ListItem\",\"position\":1,\"name\":\"Portada\",\"item\":\"https:\/\/aeronoticias.com.pe\/noticiero\/\"},{\"@type\":\"ListItem\",\"position\":2,\"name\":\"La adenda 7 de LAP no envuelve alza de tarifas en el Aeropuerto Internacional Jorge Ch\u00e1vez&#8230;?\"}]},{\"@type\":\"WebSite\",\"@id\":\"https:\/\/aeronoticias.com.pe\/noticiero\/#website\",\"url\":\"https:\/\/aeronoticias.com.pe\/noticiero\/\",\"name\":\"Aeronoticias.com.pe\",\"description\":\"Noticias de tranporte aereo, turismo, hoteles, gastronomia, actualidad, internacional\",\"potentialAction\":[{\"@type\":\"SearchAction\",\"target\":{\"@type\":\"EntryPoint\",\"urlTemplate\":\"https:\/\/aeronoticias.com.pe\/noticiero\/?s={search_term_string}\"},\"query-input\":{\"@type\":\"PropertyValueSpecification\",\"valueRequired\":true,\"valueName\":\"search_term_string\"}}],\"inLanguage\":\"es\"},{\"@type\":\"Person\",\"@id\":\"https:\/\/aeronoticias.com.pe\/noticiero\/#\/schema\/person\/fc1e5d578f4b62ba1cf7ac2bba1170a0\",\"name\":\"Redacci\u00f3n Aeronoticias\",\"url\":\"https:\/\/aeronoticias.com.pe\/noticiero\/author\/piloto\/\"}]}<\/script>\n<!-- \/ Yoast SEO plugin. -->","yoast_head_json":{"title":"La adenda 7 de LAP no envuelve alza de tarifas en el Aeropuerto Internacional Jorge Ch\u00e1vez...?","description":"Portal de noticias del Per\u00fa sobre el transporte a\u00e9reo, aviaci\u00f3n, turismo, hoteleria, actualidad.","robots":{"index":"index","follow":"follow","max-snippet":"max-snippet:-1","max-image-preview":"max-image-preview:large","max-video-preview":"max-video-preview:-1"},"canonical":"https:\/\/aeronoticias.com.pe\/noticiero\/ultimas\/1\/la-adenda-7-de-lap-no-envuelve-alza-de-tarifas-en-el-aeropuerto-internacional-jorge-chavez\/","og_locale":"es_ES","og_type":"article","og_title":"La adenda 7 de LAP no envuelve alza de tarifas en el Aeropuerto Internacional Jorge Ch\u00e1vez...?","og_description":"Portal de noticias del Per\u00fa sobre el transporte a\u00e9reo, aviaci\u00f3n, turismo, hoteleria, actualidad.","og_url":"https:\/\/aeronoticias.com.pe\/noticiero\/ultimas\/1\/la-adenda-7-de-lap-no-envuelve-alza-de-tarifas-en-el-aeropuerto-internacional-jorge-chavez\/","og_site_name":"Aeronoticias.com.pe","article_publisher":"https:\/\/www.facebook.com\/Aeronoticias.com.pe\/","article_published_time":"2017-08-03T20:39:57+00:00","author":"Redacci\u00f3n Aeronoticias","twitter_card":"summary_large_image","twitter_creator":"@aeronoticias","twitter_site":"@aeronoticias","twitter_misc":{"Escrito por":"Redacci\u00f3n Aeronoticias","Tiempo de lectura":"1 minuto"},"schema":{"@context":"https:\/\/schema.org","@graph":[{"@type":"WebPage","@id":"https:\/\/aeronoticias.com.pe\/noticiero\/ultimas\/1\/la-adenda-7-de-lap-no-envuelve-alza-de-tarifas-en-el-aeropuerto-internacional-jorge-chavez\/","url":"https:\/\/aeronoticias.com.pe\/noticiero\/ultimas\/1\/la-adenda-7-de-lap-no-envuelve-alza-de-tarifas-en-el-aeropuerto-internacional-jorge-chavez\/","name":"La adenda 7 de LAP no envuelve alza de tarifas en el Aeropuerto Internacional Jorge Ch\u00e1vez...?","isPartOf":{"@id":"https:\/\/aeronoticias.com.pe\/noticiero\/#website"},"datePublished":"2017-08-03T20:39:57+00:00","author":{"@id":"https:\/\/aeronoticias.com.pe\/noticiero\/#\/schema\/person\/fc1e5d578f4b62ba1cf7ac2bba1170a0"},"description":"Portal de noticias del Per\u00fa sobre el transporte a\u00e9reo, aviaci\u00f3n, turismo, hoteleria, actualidad.","breadcrumb":{"@id":"https:\/\/aeronoticias.com.pe\/noticiero\/ultimas\/1\/la-adenda-7-de-lap-no-envuelve-alza-de-tarifas-en-el-aeropuerto-internacional-jorge-chavez\/#breadcrumb"},"inLanguage":"es","potentialAction":[{"@type":"ReadAction","target":["https:\/\/aeronoticias.com.pe\/noticiero\/ultimas\/1\/la-adenda-7-de-lap-no-envuelve-alza-de-tarifas-en-el-aeropuerto-internacional-jorge-chavez\/"]}]},{"@type":"BreadcrumbList","@id":"https:\/\/aeronoticias.com.pe\/noticiero\/ultimas\/1\/la-adenda-7-de-lap-no-envuelve-alza-de-tarifas-en-el-aeropuerto-internacional-jorge-chavez\/#breadcrumb","itemListElement":[{"@type":"ListItem","position":1,"name":"Portada","item":"https:\/\/aeronoticias.com.pe\/noticiero\/"},{"@type":"ListItem","position":2,"name":"La adenda 7 de LAP no envuelve alza de tarifas en el Aeropuerto Internacional Jorge Ch\u00e1vez&#8230;?"}]},{"@type":"WebSite","@id":"https:\/\/aeronoticias.com.pe\/noticiero\/#website","url":"https:\/\/aeronoticias.com.pe\/noticiero\/","name":"Aeronoticias.com.pe","description":"Noticias de tranporte aereo, turismo, hoteles, gastronomia, actualidad, internacional","potentialAction":[{"@type":"SearchAction","target":{"@type":"EntryPoint","urlTemplate":"https:\/\/aeronoticias.com.pe\/noticiero\/?s={search_term_string}"},"query-input":{"@type":"PropertyValueSpecification","valueRequired":true,"valueName":"search_term_string"}}],"inLanguage":"es"},{"@type":"Person","@id":"https:\/\/aeronoticias.com.pe\/noticiero\/#\/schema\/person\/fc1e5d578f4b62ba1cf7ac2bba1170a0","name":"Redacci\u00f3n Aeronoticias","url":"https:\/\/aeronoticias.com.pe\/noticiero\/author\/piloto\/"}]}},"_links":{"self":[{"href":"https:\/\/aeronoticias.com.pe\/noticiero\/wp-json\/wp\/v2\/posts\/56765","targetHints":{"allow":["GET"]}}],"collection":[{"href":"https:\/\/aeronoticias.com.pe\/noticiero\/wp-json\/wp\/v2\/posts"}],"about":[{"href":"https:\/\/aeronoticias.com.pe\/noticiero\/wp-json\/wp\/v2\/types\/post"}],"author":[{"embeddable":true,"href":"https:\/\/aeronoticias.com.pe\/noticiero\/wp-json\/wp\/v2\/users\/1"}],"replies":[{"embeddable":true,"href":"https:\/\/aeronoticias.com.pe\/noticiero\/wp-json\/wp\/v2\/comments?post=56765"}],"version-history":[{"count":0,"href":"https:\/\/aeronoticias.com.pe\/noticiero\/wp-json\/wp\/v2\/posts\/56765\/revisions"}],"wp:attachment":[{"href":"https:\/\/aeronoticias.com.pe\/noticiero\/wp-json\/wp\/v2\/media?parent=56765"}],"wp:term":[{"taxonomy":"category","embeddable":true,"href":"https:\/\/aeronoticias.com.pe\/noticiero\/wp-json\/wp\/v2\/categories?post=56765"},{"taxonomy":"post_tag","embeddable":true,"href":"https:\/\/aeronoticias.com.pe\/noticiero\/wp-json\/wp\/v2\/tags?post=56765"}],"curies":[{"name":"wp","href":"https:\/\/api.w.org\/{rel}","templated":true}]}}