{"id":56766,"date":"2017-08-04T20:44:10","date_gmt":"2017-08-04T20:44:10","guid":{"rendered":"http:\/\/desarrollo.mcvicious.com\/aero2020\/2017\/08\/04\/el-c295-sar-de-airbus-para-brasil-concluye-su-exitosa-gira-mundial\/"},"modified":"2017-08-04T20:44:10","modified_gmt":"2017-08-04T20:44:10","slug":"el-c295-sar-de-airbus-para-brasil-concluye-su-exitosa-gira-mundial","status":"publish","type":"post","link":"https:\/\/aeronoticias.com.pe\/noticiero\/transporte-aereo\/internacional\/el-c295-sar-de-airbus-para-brasil-concluye-su-exitosa-gira-mundial\/","title":{"rendered":"El C295 SAR de Airbus para Brasil concluye su exitosa gira mundial"},"content":{"rendered":"<p style=\"text-align: justify;\"><strong>(Aeronoticias) <\/strong><span style=\"font-size: 12.16px;\">El primer avi\u00f3n C295 B\u00fasqueda y Rescate (SAR, por sus siglas en ingl\u00e9s) de Airbus para la Fuerza A\u00e9rea de Brasil (FAB) que realiz\u00f3 una exitosa gira de demostraci\u00f3n de cinco semanas por cuatro continentes, concluy\u00f3 hoy su largo viaje en la base militar de Campo Grande (Brasil) . <\/span><\/p>\n<p style=\"text-align: justify;\"><span style=\"font-size: 12.16px;\">El Comandante de la FAB Teniente Brigadier Rossato, y el Jefe de Estado Mayor Teniente Brigadier Botelho, entre otros brigadeiros venidos de Brasilia, as\u00ed como representantes de Airbus Defence and Space, dieron la bienvenida a las tripulaciones de Brasil y de Airbus, que guiaron el avi\u00f3n a trav\u00e9s de 22 zonas horarias en Europa, \u00c1frica, Norteam\u00e9rica y Sudam\u00e9rica. \u200e<\/span><\/p>\n<p style=\"text-align: justify;\"><span style=\"font-size: 12.16px;\">El avi\u00f3n fue entregado formalmente en una ceremonia en Sevilla, realizada el 16 de junio, y fue luego exhibido por Airbus en la feria aeron\u00e1utica de Par\u00eds. Despu\u00e9s, una tripulaci\u00f3n conjunta de pilotos de la FAB y de Airbus comenz\u00f3 el 28 de junio una marat\u00f3nica gira de demostraci\u00f3n. <\/span><\/p>\n<p style=\"text-align: justify;\">Pasando por 15 pa\u00edses, el avi\u00f3n realiz\u00f3 demostraciones formales para naciones como Tailandia, Vietnam, Malasia, Filipinas, Corea del Sur, Canad\u00e1 y M\u00e9xico, antes de llegar a Brasil.<\/p>\n<p style=\"text-align: justify;\">El avi\u00f3n mostr\u00f3 exitosamente sus capacidades de operaciones de patrullaje mar\u00edtimo y de b\u00fasqueda y rescate. A pesar de la exigente agenda, el avi\u00f3n tuvo un r\u00e9cord de disponibilidad de 100% durante la gira.<\/p>\n<p style=\"text-align: justify;\">\u201cAgradecemos a la Fuerza A\u00e9rea de Brasil el apoyo en mostrar el C295 a otras naciones alrededor del mundo, que comparten los mismos desaf\u00edos de vigilancia de vastas \u00e1reas terrestres y mar\u00edtimas\u201d, dijo Bernhard Brenner, Jefe de Marketing y Ventas de Airbus Defence and Space. \u201cLa impresionante confiabilidad mostrada por el avi\u00f3n durante este extendido despliegue lejos de su base, claramente, muestra su valor en un tiempo en que las fuerzas militares deben abordar una amplia variedad de amenazas y desaf\u00edos operacionales con presupuestos restringidos\u201d.<\/p>\n<p style=\"text-align: justify;\">El avi\u00f3n operar\u00e1 en la flota actual de la FAB, que posee 12 C295 en configuraci\u00f3n de transporte. Posteriormente, se agregar\u00e1 un segundo avi\u00f3n para operaciones SAR.<\/p>\n<p style=\"text-align: justify;\">Aproximadamente 200 C295 han sido ordenados por 25 pa\u00edses. En \u00a0Latinoamerica, m\u00e1s de 100 aviones de Airbus de transporte militar de todo tipo se encuentran actualmente en operaci\u00f3n.<\/p>\n<p style=\"text-align: justify;\"><img decoding=\"async\" src=\"images\/stories\/17\/08\/040817\/ac295.jpg\" border=\"0\" \/><\/p>\n","protected":false},"excerpt":{"rendered":"<p>(Aeronoticias) El primer avi\u00f3n C295 B\u00fasqueda y Rescate (SAR, por sus siglas en ingl\u00e9s) de Airbus para la Fuerza A\u00e9rea de Brasil (FAB) que realiz\u00f3 una exitosa gira de demostraci\u00f3n de cinco semanas por cuatro continentes, concluy\u00f3 hoy su largo viaje en la base militar de Campo Grande (Brasil) . El Comandante de la FAB [&hellip;]<\/p>\n","protected":false},"author":1,"featured_media":0,"comment_status":"open","ping_status":"open","sticky":false,"template":"","format":"standard","meta":{"tdm_status":"","tdm_grid_status":"","footnotes":""},"categories":[32],"tags":[],"class_list":{"0":"post-56766","1":"post","2":"type-post","3":"status-publish","4":"format-standard","6":"category-internacional"},"yoast_head":"<!-- This site is optimized with the Yoast SEO plugin v25.1 - https:\/\/yoast.com\/wordpress\/plugins\/seo\/ -->\n<title>El C295 SAR de Airbus para Brasil concluye su exitosa gira mundial<\/title>\n<meta name=\"description\" content=\"Portal de noticias del Per\u00fa sobre el transporte a\u00e9reo, aviaci\u00f3n, turismo, hoteleria, actualidad.\" \/>\n<meta name=\"robots\" content=\"index, follow, max-snippet:-1, max-image-preview:large, max-video-preview:-1\" \/>\n<link rel=\"canonical\" href=\"https:\/\/aeronoticias.com.pe\/noticiero\/transporte-aereo\/internacional\/el-c295-sar-de-airbus-para-brasil-concluye-su-exitosa-gira-mundial\/\" \/>\n<meta property=\"og:locale\" content=\"es_ES\" \/>\n<meta property=\"og:type\" content=\"article\" \/>\n<meta property=\"og:title\" content=\"El C295 SAR de Airbus para Brasil concluye su exitosa gira mundial\" \/>\n<meta property=\"og:description\" content=\"Portal de noticias del Per\u00fa sobre el transporte a\u00e9reo, aviaci\u00f3n, turismo, hoteleria, actualidad.\" \/>\n<meta property=\"og:url\" content=\"https:\/\/aeronoticias.com.pe\/noticiero\/transporte-aereo\/internacional\/el-c295-sar-de-airbus-para-brasil-concluye-su-exitosa-gira-mundial\/\" \/>\n<meta property=\"og:site_name\" content=\"Aeronoticias.com.pe\" \/>\n<meta property=\"article:publisher\" content=\"https:\/\/www.facebook.com\/Aeronoticias.com.pe\/\" \/>\n<meta property=\"article:published_time\" content=\"2017-08-04T20:44:10+00:00\" \/>\n<meta name=\"author\" content=\"Redacci\u00f3n Aeronoticias\" \/>\n<meta name=\"twitter:card\" content=\"summary_large_image\" \/>\n<meta name=\"twitter:creator\" content=\"@aeronoticias\" \/>\n<meta name=\"twitter:site\" content=\"@aeronoticias\" \/>\n<meta name=\"twitter:label1\" content=\"Escrito por\" \/>\n\t<meta name=\"twitter:data1\" content=\"Redacci\u00f3n Aeronoticias\" \/>\n\t<meta name=\"twitter:label2\" content=\"Tiempo de lectura\" \/>\n\t<meta name=\"twitter:data2\" content=\"2 minutos\" \/>\n<script type=\"application\/ld+json\" class=\"yoast-schema-graph\">{\"@context\":\"https:\/\/schema.org\",\"@graph\":[{\"@type\":\"WebPage\",\"@id\":\"https:\/\/aeronoticias.com.pe\/noticiero\/transporte-aereo\/internacional\/el-c295-sar-de-airbus-para-brasil-concluye-su-exitosa-gira-mundial\/\",\"url\":\"https:\/\/aeronoticias.com.pe\/noticiero\/transporte-aereo\/internacional\/el-c295-sar-de-airbus-para-brasil-concluye-su-exitosa-gira-mundial\/\",\"name\":\"El C295 SAR de Airbus para Brasil concluye su exitosa gira mundial\",\"isPartOf\":{\"@id\":\"https:\/\/aeronoticias.com.pe\/noticiero\/#website\"},\"datePublished\":\"2017-08-04T20:44:10+00:00\",\"author\":{\"@id\":\"https:\/\/aeronoticias.com.pe\/noticiero\/#\/schema\/person\/fc1e5d578f4b62ba1cf7ac2bba1170a0\"},\"description\":\"Portal de noticias del Per\u00fa sobre el transporte a\u00e9reo, aviaci\u00f3n, turismo, hoteleria, actualidad.\",\"breadcrumb\":{\"@id\":\"https:\/\/aeronoticias.com.pe\/noticiero\/transporte-aereo\/internacional\/el-c295-sar-de-airbus-para-brasil-concluye-su-exitosa-gira-mundial\/#breadcrumb\"},\"inLanguage\":\"es\",\"potentialAction\":[{\"@type\":\"ReadAction\",\"target\":[\"https:\/\/aeronoticias.com.pe\/noticiero\/transporte-aereo\/internacional\/el-c295-sar-de-airbus-para-brasil-concluye-su-exitosa-gira-mundial\/\"]}]},{\"@type\":\"BreadcrumbList\",\"@id\":\"https:\/\/aeronoticias.com.pe\/noticiero\/transporte-aereo\/internacional\/el-c295-sar-de-airbus-para-brasil-concluye-su-exitosa-gira-mundial\/#breadcrumb\",\"itemListElement\":[{\"@type\":\"ListItem\",\"position\":1,\"name\":\"Portada\",\"item\":\"https:\/\/aeronoticias.com.pe\/noticiero\/\"},{\"@type\":\"ListItem\",\"position\":2,\"name\":\"El C295 SAR de Airbus para Brasil concluye su exitosa gira mundial\"}]},{\"@type\":\"WebSite\",\"@id\":\"https:\/\/aeronoticias.com.pe\/noticiero\/#website\",\"url\":\"https:\/\/aeronoticias.com.pe\/noticiero\/\",\"name\":\"Aeronoticias.com.pe\",\"description\":\"Noticias de tranporte aereo, turismo, hoteles, gastronomia, actualidad, internacional\",\"potentialAction\":[{\"@type\":\"SearchAction\",\"target\":{\"@type\":\"EntryPoint\",\"urlTemplate\":\"https:\/\/aeronoticias.com.pe\/noticiero\/?s={search_term_string}\"},\"query-input\":{\"@type\":\"PropertyValueSpecification\",\"valueRequired\":true,\"valueName\":\"search_term_string\"}}],\"inLanguage\":\"es\"},{\"@type\":\"Person\",\"@id\":\"https:\/\/aeronoticias.com.pe\/noticiero\/#\/schema\/person\/fc1e5d578f4b62ba1cf7ac2bba1170a0\",\"name\":\"Redacci\u00f3n Aeronoticias\",\"url\":\"https:\/\/aeronoticias.com.pe\/noticiero\/author\/piloto\/\"}]}<\/script>\n<!-- \/ Yoast SEO plugin. -->","yoast_head_json":{"title":"El C295 SAR de Airbus para Brasil concluye su exitosa gira mundial","description":"Portal de noticias del Per\u00fa sobre el transporte a\u00e9reo, aviaci\u00f3n, turismo, hoteleria, actualidad.","robots":{"index":"index","follow":"follow","max-snippet":"max-snippet:-1","max-image-preview":"max-image-preview:large","max-video-preview":"max-video-preview:-1"},"canonical":"https:\/\/aeronoticias.com.pe\/noticiero\/transporte-aereo\/internacional\/el-c295-sar-de-airbus-para-brasil-concluye-su-exitosa-gira-mundial\/","og_locale":"es_ES","og_type":"article","og_title":"El C295 SAR de Airbus para Brasil concluye su exitosa gira mundial","og_description":"Portal de noticias del Per\u00fa sobre el transporte a\u00e9reo, aviaci\u00f3n, turismo, hoteleria, actualidad.","og_url":"https:\/\/aeronoticias.com.pe\/noticiero\/transporte-aereo\/internacional\/el-c295-sar-de-airbus-para-brasil-concluye-su-exitosa-gira-mundial\/","og_site_name":"Aeronoticias.com.pe","article_publisher":"https:\/\/www.facebook.com\/Aeronoticias.com.pe\/","article_published_time":"2017-08-04T20:44:10+00:00","author":"Redacci\u00f3n Aeronoticias","twitter_card":"summary_large_image","twitter_creator":"@aeronoticias","twitter_site":"@aeronoticias","twitter_misc":{"Escrito por":"Redacci\u00f3n Aeronoticias","Tiempo de lectura":"2 minutos"},"schema":{"@context":"https:\/\/schema.org","@graph":[{"@type":"WebPage","@id":"https:\/\/aeronoticias.com.pe\/noticiero\/transporte-aereo\/internacional\/el-c295-sar-de-airbus-para-brasil-concluye-su-exitosa-gira-mundial\/","url":"https:\/\/aeronoticias.com.pe\/noticiero\/transporte-aereo\/internacional\/el-c295-sar-de-airbus-para-brasil-concluye-su-exitosa-gira-mundial\/","name":"El C295 SAR de Airbus para Brasil concluye su exitosa gira mundial","isPartOf":{"@id":"https:\/\/aeronoticias.com.pe\/noticiero\/#website"},"datePublished":"2017-08-04T20:44:10+00:00","author":{"@id":"https:\/\/aeronoticias.com.pe\/noticiero\/#\/schema\/person\/fc1e5d578f4b62ba1cf7ac2bba1170a0"},"description":"Portal de noticias del Per\u00fa sobre el transporte a\u00e9reo, aviaci\u00f3n, turismo, hoteleria, actualidad.","breadcrumb":{"@id":"https:\/\/aeronoticias.com.pe\/noticiero\/transporte-aereo\/internacional\/el-c295-sar-de-airbus-para-brasil-concluye-su-exitosa-gira-mundial\/#breadcrumb"},"inLanguage":"es","potentialAction":[{"@type":"ReadAction","target":["https:\/\/aeronoticias.com.pe\/noticiero\/transporte-aereo\/internacional\/el-c295-sar-de-airbus-para-brasil-concluye-su-exitosa-gira-mundial\/"]}]},{"@type":"BreadcrumbList","@id":"https:\/\/aeronoticias.com.pe\/noticiero\/transporte-aereo\/internacional\/el-c295-sar-de-airbus-para-brasil-concluye-su-exitosa-gira-mundial\/#breadcrumb","itemListElement":[{"@type":"ListItem","position":1,"name":"Portada","item":"https:\/\/aeronoticias.com.pe\/noticiero\/"},{"@type":"ListItem","position":2,"name":"El C295 SAR de Airbus para Brasil concluye su exitosa gira mundial"}]},{"@type":"WebSite","@id":"https:\/\/aeronoticias.com.pe\/noticiero\/#website","url":"https:\/\/aeronoticias.com.pe\/noticiero\/","name":"Aeronoticias.com.pe","description":"Noticias de tranporte aereo, turismo, hoteles, gastronomia, actualidad, internacional","potentialAction":[{"@type":"SearchAction","target":{"@type":"EntryPoint","urlTemplate":"https:\/\/aeronoticias.com.pe\/noticiero\/?s={search_term_string}"},"query-input":{"@type":"PropertyValueSpecification","valueRequired":true,"valueName":"search_term_string"}}],"inLanguage":"es"},{"@type":"Person","@id":"https:\/\/aeronoticias.com.pe\/noticiero\/#\/schema\/person\/fc1e5d578f4b62ba1cf7ac2bba1170a0","name":"Redacci\u00f3n Aeronoticias","url":"https:\/\/aeronoticias.com.pe\/noticiero\/author\/piloto\/"}]}},"_links":{"self":[{"href":"https:\/\/aeronoticias.com.pe\/noticiero\/wp-json\/wp\/v2\/posts\/56766","targetHints":{"allow":["GET"]}}],"collection":[{"href":"https:\/\/aeronoticias.com.pe\/noticiero\/wp-json\/wp\/v2\/posts"}],"about":[{"href":"https:\/\/aeronoticias.com.pe\/noticiero\/wp-json\/wp\/v2\/types\/post"}],"author":[{"embeddable":true,"href":"https:\/\/aeronoticias.com.pe\/noticiero\/wp-json\/wp\/v2\/users\/1"}],"replies":[{"embeddable":true,"href":"https:\/\/aeronoticias.com.pe\/noticiero\/wp-json\/wp\/v2\/comments?post=56766"}],"version-history":[{"count":0,"href":"https:\/\/aeronoticias.com.pe\/noticiero\/wp-json\/wp\/v2\/posts\/56766\/revisions"}],"wp:attachment":[{"href":"https:\/\/aeronoticias.com.pe\/noticiero\/wp-json\/wp\/v2\/media?parent=56766"}],"wp:term":[{"taxonomy":"category","embeddable":true,"href":"https:\/\/aeronoticias.com.pe\/noticiero\/wp-json\/wp\/v2\/categories?post=56766"},{"taxonomy":"post_tag","embeddable":true,"href":"https:\/\/aeronoticias.com.pe\/noticiero\/wp-json\/wp\/v2\/tags?post=56766"}],"curies":[{"name":"wp","href":"https:\/\/api.w.org\/{rel}","templated":true}]}}