{"id":56952,"date":"2017-10-09T20:11:52","date_gmt":"2017-10-09T20:11:52","guid":{"rendered":"http:\/\/desarrollo.mcvicious.com\/aero2020\/2017\/10\/09\/semanario-de-hildebrant-coincide-con-aeronoticias-sobre-el-jorge-chavez-2\/"},"modified":"2017-10-09T20:11:52","modified_gmt":"2017-10-09T20:11:52","slug":"semanario-de-hildebrant-coincide-con-aeronoticias-sobre-el-jorge-chavez-2","status":"publish","type":"post","link":"https:\/\/aeronoticias.com.pe\/noticiero\/nacionales\/semanario-de-hildebrant-coincide-con-aeronoticias-sobre-el-jorge-chavez-2\/","title":{"rendered":"Semanario de Hildebrant coincide con Aeronoticias sobre el Jorge Ch\u00e1vez"},"content":{"rendered":"<p><img decoding=\"async\" src=\"images\/stories\/foto portada ampliacion.jpg\" border=\"0\" \/><\/p>\n<p><strong>(Aeronoticias)<\/strong> \u00abHildebrant en sus trece\u00bb, en su edici\u00f3n del viernes 6 del presente publica a toda p\u00e1gina el tema sobre la falta de infraestructura que adolece el Aeropuerto\u00a0 Internacional Jorge Ch\u00e1vez\u00bb lo que ha sido criticado por la Asociaci\u00f3n Internacional de Transporte A\u00e9reo (IATA) en el evento Aviation Day que se desarroll\u00f3 en Lima el 28 de Setiembre \u00faltimo.<\/p>\n<p>Al d\u00eda siguiente Aeronoticias transcribi\u00f3 la autorizada opini\u00f3n del vicepresidente regional para las Am\u00e9ricas de IATA, Peter Cerda, manifestando que el Jorge Ch\u00e1vez \u00bb ya estaba saturado, lo que limita la expansi\u00f3n de las aerol\u00edneas que se ven obligadas a aterrizar en su \u00fanica pista de vuelos\u00bb.<\/p>\n<p>\u00bb Si no se apuran &#8211;\u00a0 precis\u00f3 Cerda &#8211; Lima perder\u00e1 definitivamente su condici\u00f3n de hub frente a otros aeropuertos de la regi\u00f3n como Colombia y Panam\u00e1\u00bb, agregando que esto no s\u00f3lo es responsabilidad de la concesionaria Lima Airport Partners (LAP) si no tambi\u00e9n del gobierno peruano\u00bb.<\/p>\n<p>En las declaraciones que formul\u00f3 el representante de IATA\u00a0 para Aeronoticias se refiri\u00f3 tambi\u00e9n al aeropuerto de Pisco, calific\u00e1ndolo como \u00bb un elefante blanco\u00bb porque no cumple sus fines debido al desinter\u00e9s por utilizarlo.<\/p>\n","protected":false},"excerpt":{"rendered":"<p>(Aeronoticias) \u00abHildebrant en sus trece\u00bb, en su edici\u00f3n del viernes 6 del presente publica a toda p\u00e1gina el tema sobre la falta de infraestructura que adolece el Aeropuerto\u00a0 Internacional Jorge Ch\u00e1vez\u00bb lo que ha sido criticado por la Asociaci\u00f3n Internacional de Transporte A\u00e9reo (IATA) en el evento Aviation Day que se desarroll\u00f3 en Lima el [&hellip;]<\/p>\n","protected":false},"author":1,"featured_media":0,"comment_status":"open","ping_status":"open","sticky":false,"template":"","format":"standard","meta":{"tdm_status":"","tdm_grid_status":"","footnotes":""},"categories":[38],"tags":[],"class_list":{"0":"post-56952","1":"post","2":"type-post","3":"status-publish","4":"format-standard","6":"category-nacionales"},"yoast_head":"<!-- This site is optimized with the Yoast SEO plugin v25.1 - https:\/\/yoast.com\/wordpress\/plugins\/seo\/ -->\n<title>Semanario de Hildebrant coincide con Aeronoticias sobre el Jorge Ch\u00e1vez<\/title>\n<meta name=\"description\" content=\"Portal de noticias del Per\u00fa sobre el transporte a\u00e9reo, aviaci\u00f3n, turismo, hoteleria, actualidad.\" \/>\n<meta name=\"robots\" content=\"index, follow, max-snippet:-1, max-image-preview:large, max-video-preview:-1\" \/>\n<link rel=\"canonical\" href=\"https:\/\/aeronoticias.com.pe\/noticiero\/nacionales\/semanario-de-hildebrant-coincide-con-aeronoticias-sobre-el-jorge-chavez-2\/\" \/>\n<meta property=\"og:locale\" content=\"es_ES\" \/>\n<meta property=\"og:type\" content=\"article\" \/>\n<meta property=\"og:title\" content=\"Semanario de Hildebrant coincide con Aeronoticias sobre el Jorge Ch\u00e1vez\" \/>\n<meta property=\"og:description\" content=\"Portal de noticias del Per\u00fa sobre el transporte a\u00e9reo, aviaci\u00f3n, turismo, hoteleria, actualidad.\" \/>\n<meta property=\"og:url\" content=\"https:\/\/aeronoticias.com.pe\/noticiero\/nacionales\/semanario-de-hildebrant-coincide-con-aeronoticias-sobre-el-jorge-chavez-2\/\" \/>\n<meta property=\"og:site_name\" content=\"Aeronoticias.com.pe\" \/>\n<meta property=\"article:publisher\" content=\"https:\/\/www.facebook.com\/Aeronoticias.com.pe\/\" \/>\n<meta property=\"article:published_time\" content=\"2017-10-09T20:11:52+00:00\" \/>\n<meta name=\"author\" content=\"Redacci\u00f3n Aeronoticias\" \/>\n<meta name=\"twitter:card\" content=\"summary_large_image\" \/>\n<meta name=\"twitter:creator\" content=\"@aeronoticias\" \/>\n<meta name=\"twitter:site\" content=\"@aeronoticias\" \/>\n<meta name=\"twitter:label1\" content=\"Escrito por\" \/>\n\t<meta name=\"twitter:data1\" content=\"Redacci\u00f3n Aeronoticias\" \/>\n\t<meta name=\"twitter:label2\" content=\"Tiempo de lectura\" \/>\n\t<meta name=\"twitter:data2\" content=\"1 minuto\" \/>\n<script type=\"application\/ld+json\" class=\"yoast-schema-graph\">{\"@context\":\"https:\/\/schema.org\",\"@graph\":[{\"@type\":\"WebPage\",\"@id\":\"https:\/\/aeronoticias.com.pe\/noticiero\/nacionales\/semanario-de-hildebrant-coincide-con-aeronoticias-sobre-el-jorge-chavez-2\/\",\"url\":\"https:\/\/aeronoticias.com.pe\/noticiero\/nacionales\/semanario-de-hildebrant-coincide-con-aeronoticias-sobre-el-jorge-chavez-2\/\",\"name\":\"Semanario de Hildebrant coincide con Aeronoticias sobre el Jorge Ch\u00e1vez\",\"isPartOf\":{\"@id\":\"https:\/\/aeronoticias.com.pe\/noticiero\/#website\"},\"datePublished\":\"2017-10-09T20:11:52+00:00\",\"author\":{\"@id\":\"https:\/\/aeronoticias.com.pe\/noticiero\/#\/schema\/person\/fc1e5d578f4b62ba1cf7ac2bba1170a0\"},\"description\":\"Portal de noticias del Per\u00fa sobre el transporte a\u00e9reo, aviaci\u00f3n, turismo, hoteleria, actualidad.\",\"breadcrumb\":{\"@id\":\"https:\/\/aeronoticias.com.pe\/noticiero\/nacionales\/semanario-de-hildebrant-coincide-con-aeronoticias-sobre-el-jorge-chavez-2\/#breadcrumb\"},\"inLanguage\":\"es\",\"potentialAction\":[{\"@type\":\"ReadAction\",\"target\":[\"https:\/\/aeronoticias.com.pe\/noticiero\/nacionales\/semanario-de-hildebrant-coincide-con-aeronoticias-sobre-el-jorge-chavez-2\/\"]}]},{\"@type\":\"BreadcrumbList\",\"@id\":\"https:\/\/aeronoticias.com.pe\/noticiero\/nacionales\/semanario-de-hildebrant-coincide-con-aeronoticias-sobre-el-jorge-chavez-2\/#breadcrumb\",\"itemListElement\":[{\"@type\":\"ListItem\",\"position\":1,\"name\":\"Portada\",\"item\":\"https:\/\/aeronoticias.com.pe\/noticiero\/\"},{\"@type\":\"ListItem\",\"position\":2,\"name\":\"Semanario de Hildebrant coincide con Aeronoticias sobre el Jorge Ch\u00e1vez\"}]},{\"@type\":\"WebSite\",\"@id\":\"https:\/\/aeronoticias.com.pe\/noticiero\/#website\",\"url\":\"https:\/\/aeronoticias.com.pe\/noticiero\/\",\"name\":\"Aeronoticias.com.pe\",\"description\":\"Noticias de tranporte aereo, turismo, hoteles, gastronomia, actualidad, internacional\",\"potentialAction\":[{\"@type\":\"SearchAction\",\"target\":{\"@type\":\"EntryPoint\",\"urlTemplate\":\"https:\/\/aeronoticias.com.pe\/noticiero\/?s={search_term_string}\"},\"query-input\":{\"@type\":\"PropertyValueSpecification\",\"valueRequired\":true,\"valueName\":\"search_term_string\"}}],\"inLanguage\":\"es\"},{\"@type\":\"Person\",\"@id\":\"https:\/\/aeronoticias.com.pe\/noticiero\/#\/schema\/person\/fc1e5d578f4b62ba1cf7ac2bba1170a0\",\"name\":\"Redacci\u00f3n Aeronoticias\",\"url\":\"https:\/\/aeronoticias.com.pe\/noticiero\/author\/piloto\/\"}]}<\/script>\n<!-- \/ Yoast SEO plugin. -->","yoast_head_json":{"title":"Semanario de Hildebrant coincide con Aeronoticias sobre el Jorge Ch\u00e1vez","description":"Portal de noticias del Per\u00fa sobre el transporte a\u00e9reo, aviaci\u00f3n, turismo, hoteleria, actualidad.","robots":{"index":"index","follow":"follow","max-snippet":"max-snippet:-1","max-image-preview":"max-image-preview:large","max-video-preview":"max-video-preview:-1"},"canonical":"https:\/\/aeronoticias.com.pe\/noticiero\/nacionales\/semanario-de-hildebrant-coincide-con-aeronoticias-sobre-el-jorge-chavez-2\/","og_locale":"es_ES","og_type":"article","og_title":"Semanario de Hildebrant coincide con Aeronoticias sobre el Jorge Ch\u00e1vez","og_description":"Portal de noticias del Per\u00fa sobre el transporte a\u00e9reo, aviaci\u00f3n, turismo, hoteleria, actualidad.","og_url":"https:\/\/aeronoticias.com.pe\/noticiero\/nacionales\/semanario-de-hildebrant-coincide-con-aeronoticias-sobre-el-jorge-chavez-2\/","og_site_name":"Aeronoticias.com.pe","article_publisher":"https:\/\/www.facebook.com\/Aeronoticias.com.pe\/","article_published_time":"2017-10-09T20:11:52+00:00","author":"Redacci\u00f3n Aeronoticias","twitter_card":"summary_large_image","twitter_creator":"@aeronoticias","twitter_site":"@aeronoticias","twitter_misc":{"Escrito por":"Redacci\u00f3n Aeronoticias","Tiempo de lectura":"1 minuto"},"schema":{"@context":"https:\/\/schema.org","@graph":[{"@type":"WebPage","@id":"https:\/\/aeronoticias.com.pe\/noticiero\/nacionales\/semanario-de-hildebrant-coincide-con-aeronoticias-sobre-el-jorge-chavez-2\/","url":"https:\/\/aeronoticias.com.pe\/noticiero\/nacionales\/semanario-de-hildebrant-coincide-con-aeronoticias-sobre-el-jorge-chavez-2\/","name":"Semanario de Hildebrant coincide con Aeronoticias sobre el Jorge Ch\u00e1vez","isPartOf":{"@id":"https:\/\/aeronoticias.com.pe\/noticiero\/#website"},"datePublished":"2017-10-09T20:11:52+00:00","author":{"@id":"https:\/\/aeronoticias.com.pe\/noticiero\/#\/schema\/person\/fc1e5d578f4b62ba1cf7ac2bba1170a0"},"description":"Portal de noticias del Per\u00fa sobre el transporte a\u00e9reo, aviaci\u00f3n, turismo, hoteleria, actualidad.","breadcrumb":{"@id":"https:\/\/aeronoticias.com.pe\/noticiero\/nacionales\/semanario-de-hildebrant-coincide-con-aeronoticias-sobre-el-jorge-chavez-2\/#breadcrumb"},"inLanguage":"es","potentialAction":[{"@type":"ReadAction","target":["https:\/\/aeronoticias.com.pe\/noticiero\/nacionales\/semanario-de-hildebrant-coincide-con-aeronoticias-sobre-el-jorge-chavez-2\/"]}]},{"@type":"BreadcrumbList","@id":"https:\/\/aeronoticias.com.pe\/noticiero\/nacionales\/semanario-de-hildebrant-coincide-con-aeronoticias-sobre-el-jorge-chavez-2\/#breadcrumb","itemListElement":[{"@type":"ListItem","position":1,"name":"Portada","item":"https:\/\/aeronoticias.com.pe\/noticiero\/"},{"@type":"ListItem","position":2,"name":"Semanario de Hildebrant coincide con Aeronoticias sobre el Jorge Ch\u00e1vez"}]},{"@type":"WebSite","@id":"https:\/\/aeronoticias.com.pe\/noticiero\/#website","url":"https:\/\/aeronoticias.com.pe\/noticiero\/","name":"Aeronoticias.com.pe","description":"Noticias de tranporte aereo, turismo, hoteles, gastronomia, actualidad, internacional","potentialAction":[{"@type":"SearchAction","target":{"@type":"EntryPoint","urlTemplate":"https:\/\/aeronoticias.com.pe\/noticiero\/?s={search_term_string}"},"query-input":{"@type":"PropertyValueSpecification","valueRequired":true,"valueName":"search_term_string"}}],"inLanguage":"es"},{"@type":"Person","@id":"https:\/\/aeronoticias.com.pe\/noticiero\/#\/schema\/person\/fc1e5d578f4b62ba1cf7ac2bba1170a0","name":"Redacci\u00f3n Aeronoticias","url":"https:\/\/aeronoticias.com.pe\/noticiero\/author\/piloto\/"}]}},"_links":{"self":[{"href":"https:\/\/aeronoticias.com.pe\/noticiero\/wp-json\/wp\/v2\/posts\/56952","targetHints":{"allow":["GET"]}}],"collection":[{"href":"https:\/\/aeronoticias.com.pe\/noticiero\/wp-json\/wp\/v2\/posts"}],"about":[{"href":"https:\/\/aeronoticias.com.pe\/noticiero\/wp-json\/wp\/v2\/types\/post"}],"author":[{"embeddable":true,"href":"https:\/\/aeronoticias.com.pe\/noticiero\/wp-json\/wp\/v2\/users\/1"}],"replies":[{"embeddable":true,"href":"https:\/\/aeronoticias.com.pe\/noticiero\/wp-json\/wp\/v2\/comments?post=56952"}],"version-history":[{"count":0,"href":"https:\/\/aeronoticias.com.pe\/noticiero\/wp-json\/wp\/v2\/posts\/56952\/revisions"}],"wp:attachment":[{"href":"https:\/\/aeronoticias.com.pe\/noticiero\/wp-json\/wp\/v2\/media?parent=56952"}],"wp:term":[{"taxonomy":"category","embeddable":true,"href":"https:\/\/aeronoticias.com.pe\/noticiero\/wp-json\/wp\/v2\/categories?post=56952"},{"taxonomy":"post_tag","embeddable":true,"href":"https:\/\/aeronoticias.com.pe\/noticiero\/wp-json\/wp\/v2\/tags?post=56952"}],"curies":[{"name":"wp","href":"https:\/\/api.w.org\/{rel}","templated":true}]}}