{"id":56953,"date":"2017-10-11T16:54:37","date_gmt":"2017-10-11T16:54:37","guid":{"rendered":"http:\/\/desarrollo.mcvicious.com\/aero2020\/2017\/10\/11\/airbus-entrega-el-primer-a321neo-en-latinoamerica\/"},"modified":"2017-10-11T16:54:37","modified_gmt":"2017-10-11T16:54:37","slug":"airbus-entrega-el-primer-a321neo-en-latinoamerica","status":"publish","type":"post","link":"https:\/\/aeronoticias.com.pe\/noticiero\/ultimas\/1\/airbus-entrega-el-primer-a321neo-en-latinoamerica\/","title":{"rendered":"Airbus entrega el primer A321neo en Latinoam\u00e9rica"},"content":{"rendered":"<p style=\"text-align: justify;\"><strong>(Aeronoticias) <\/strong><span style=\"font-size: 12.16px;\">La aerol\u00ednea de bandera de Colombia, Avianca, \u2212uno de los principales clientes de Airbus en Latinoam\u00e9rica\u2212 acaba de recibir su primer A321neo. La aerol\u00ednea se convierte as\u00ed en el primer operador de este modelo de avi\u00f3n en la regi\u00f3n. En 2015 Avianca pas\u00f3 a ser el mayor cliente de la Familia A320neo en Latinoam\u00e9rica tras la compra de 100 aviones de la Familia A320neo, el mayor pedido de la historia de la aviaci\u00f3n en Latinoam\u00e9rica. <\/span><\/p>\n<p style=\"text-align: justify;\"><span style=\"font-size: 12.16px;\">El A321neo de Avianca se sumar\u00e1 a los 130 Airbus que la aerol\u00ednea opera en la actualidad. El avi\u00f3n est\u00e1 equipado con c\u00f3modos asientos de 18 pulgadas de ancho en una configuraci\u00f3n de dos clases y capacidad para 195 pasajeros. Propulsado por motores LEAP-1A, de CFM, Avianca utilizar\u00e1 su nuevo A321neo en su red de rutas dom\u00e9sticas e internacionales. <\/span><\/p>\n<p style=\"text-align: justify;\"><span style=\"font-size: 12.16px;\">Rafael Alonso, presidente de Airbus para Latinoam\u00e9rica y el Caribe, dijo: \u00abEstamos muy orgullosos de que uno de nuestros clientes m\u00e1s antiguos vuele el primer A321neo en la regi\u00f3n. La Familia A320neo es la soluci\u00f3n ideal para los ambiciosos planes de modernizaci\u00f3n y expansi\u00f3n de Avianca. El A321neo permitir\u00e1 a la aerol\u00ednea transportar m\u00e1s pasajeros con el m\u00e1s alto nivel de eficiencia\u00bb. <\/span><\/p>\n<p style=\"text-align: justify;\"><span style=\"font-size: 12.16px;\">Hern\u00e1n Rinc\u00f3n, consejero delegado y presidente ejecutivo de Avianca coment\u00f3: \u00abLa incorporaci\u00f3n de este avi\u00f3n constituye un hito importante en la modernizaci\u00f3n de la flota de Avianca. Ser el primero en operar el A321neo en la regi\u00f3n ratifica nuestro liderazgo en tecnolog\u00eda aeron\u00e1utica, eficiencia y calidad de servicio para nuestros pasajeros. Estamos orgullosos de ser los primeros en ofrecer el inigualable confort del A321neo a los pasajeros de Latinoam\u00e9rica\u00bb. <\/span><\/p>\n<p style=\"text-align: justify;\"><span style=\"font-size: 12.16px;\">Aprovechando el vuelo de entrega desde Hamburgo, Avianca, la organizaci\u00f3n no gubernamental alemana (ONG) humedica, la Cruz Roja colombiana y la Fundaci\u00f3n Airbus han coordinado un vuelo de ayuda humanitaria a Bogot\u00e1, Colombia. Este vuelo marca la primera cooperaci\u00f3n entre los socios involucrados. El avi\u00f3n ha transportado una tonelada de ropa, zapatos y equipo escolar que ser\u00e1n distribuidos por la Cruz Roja colombiana entre los ni\u00f1os afectados por las lluvias torrenciales y los deslizamientos de tierra en el pa\u00eds. <\/span><\/p>\n<p style=\"text-align: justify;\"><span style=\"font-size: 12.16px;\">Avianca conf\u00eda en Airbus para llevar a cabo sus planes de modernizaci\u00f3n y expansi\u00f3n de flota de pasillo \u00fanico. Hasta la fecha, Avianca ha adquirido 276 aviones de la Familia A320 (incluidos 133 A320neo) y 15 aviones de la Familia A330. Fundada en Colombia en 1919, Avianca fue la primera aerol\u00ednea en las Am\u00e9ricas y actualmente es la segunda aerol\u00ednea m\u00e1s antigua del mundo. <\/span><\/p>\n<p style=\"text-align: justify;\">El A321neo es el miembro m\u00e1s grande de la Familia A320neo. Cubre todo el mercado, desde rutas de alta densidad hasta rutas de larga distancia. Actualmente la cartera de pedidos se eleva a m\u00e1s de 1.400 unidades, que representan el 80 por ciento de la cuota de mercado.<\/p>\n<p style=\"text-align: justify;\"><img decoding=\"async\" src=\"images\/stories\/17\/10\/091017\/a321neo.jpg\" border=\"0\" alt=\"Airbus entrega el primer A321neo en Latinoam\u00e9rica \" \/><\/p>\n","protected":false},"excerpt":{"rendered":"<p>(Aeronoticias) La aerol\u00ednea de bandera de Colombia, Avianca, \u2212uno de los principales clientes de Airbus en Latinoam\u00e9rica\u2212 acaba de recibir su primer A321neo. La aerol\u00ednea se convierte as\u00ed en el primer operador de este modelo de avi\u00f3n en la regi\u00f3n. En 2015 Avianca pas\u00f3 a ser el mayor cliente de la Familia A320neo en Latinoam\u00e9rica [&hellip;]<\/p>\n","protected":false},"author":1,"featured_media":0,"comment_status":"open","ping_status":"open","sticky":false,"template":"","format":"standard","meta":{"tdm_status":"","tdm_grid_status":"","footnotes":""},"categories":[30],"tags":[],"class_list":{"0":"post-56953","1":"post","2":"type-post","3":"status-publish","4":"format-standard","6":"category-30"},"yoast_head":"<!-- This site is optimized with the Yoast SEO plugin v25.1 - https:\/\/yoast.com\/wordpress\/plugins\/seo\/ -->\n<title>Airbus entrega el primer A321neo en Latinoam\u00e9rica<\/title>\n<meta name=\"description\" content=\"Portal de noticias del Per\u00fa sobre el transporte a\u00e9reo, aviaci\u00f3n, turismo, hoteleria, actualidad.\" \/>\n<meta name=\"robots\" content=\"index, follow, max-snippet:-1, max-image-preview:large, max-video-preview:-1\" \/>\n<link rel=\"canonical\" href=\"https:\/\/aeronoticias.com.pe\/noticiero\/ultimas\/1\/airbus-entrega-el-primer-a321neo-en-latinoamerica\/\" \/>\n<meta property=\"og:locale\" content=\"es_ES\" \/>\n<meta property=\"og:type\" content=\"article\" \/>\n<meta property=\"og:title\" content=\"Airbus entrega el primer A321neo en Latinoam\u00e9rica\" \/>\n<meta property=\"og:description\" content=\"Portal de noticias del Per\u00fa sobre el transporte a\u00e9reo, aviaci\u00f3n, turismo, hoteleria, actualidad.\" \/>\n<meta property=\"og:url\" content=\"https:\/\/aeronoticias.com.pe\/noticiero\/ultimas\/1\/airbus-entrega-el-primer-a321neo-en-latinoamerica\/\" \/>\n<meta property=\"og:site_name\" content=\"Aeronoticias.com.pe\" \/>\n<meta property=\"article:publisher\" content=\"https:\/\/www.facebook.com\/Aeronoticias.com.pe\/\" \/>\n<meta property=\"article:published_time\" content=\"2017-10-11T16:54:37+00:00\" \/>\n<meta name=\"author\" content=\"Redacci\u00f3n Aeronoticias\" \/>\n<meta name=\"twitter:card\" content=\"summary_large_image\" \/>\n<meta name=\"twitter:creator\" content=\"@aeronoticias\" \/>\n<meta name=\"twitter:site\" content=\"@aeronoticias\" \/>\n<meta name=\"twitter:label1\" content=\"Escrito por\" \/>\n\t<meta name=\"twitter:data1\" content=\"Redacci\u00f3n Aeronoticias\" \/>\n\t<meta name=\"twitter:label2\" content=\"Tiempo de lectura\" \/>\n\t<meta name=\"twitter:data2\" content=\"3 minutos\" \/>\n<script type=\"application\/ld+json\" class=\"yoast-schema-graph\">{\"@context\":\"https:\/\/schema.org\",\"@graph\":[{\"@type\":\"WebPage\",\"@id\":\"https:\/\/aeronoticias.com.pe\/noticiero\/ultimas\/1\/airbus-entrega-el-primer-a321neo-en-latinoamerica\/\",\"url\":\"https:\/\/aeronoticias.com.pe\/noticiero\/ultimas\/1\/airbus-entrega-el-primer-a321neo-en-latinoamerica\/\",\"name\":\"Airbus entrega el primer A321neo en Latinoam\u00e9rica\",\"isPartOf\":{\"@id\":\"https:\/\/aeronoticias.com.pe\/noticiero\/#website\"},\"datePublished\":\"2017-10-11T16:54:37+00:00\",\"author\":{\"@id\":\"https:\/\/aeronoticias.com.pe\/noticiero\/#\/schema\/person\/fc1e5d578f4b62ba1cf7ac2bba1170a0\"},\"description\":\"Portal de noticias del Per\u00fa sobre el transporte a\u00e9reo, aviaci\u00f3n, turismo, hoteleria, actualidad.\",\"breadcrumb\":{\"@id\":\"https:\/\/aeronoticias.com.pe\/noticiero\/ultimas\/1\/airbus-entrega-el-primer-a321neo-en-latinoamerica\/#breadcrumb\"},\"inLanguage\":\"es\",\"potentialAction\":[{\"@type\":\"ReadAction\",\"target\":[\"https:\/\/aeronoticias.com.pe\/noticiero\/ultimas\/1\/airbus-entrega-el-primer-a321neo-en-latinoamerica\/\"]}]},{\"@type\":\"BreadcrumbList\",\"@id\":\"https:\/\/aeronoticias.com.pe\/noticiero\/ultimas\/1\/airbus-entrega-el-primer-a321neo-en-latinoamerica\/#breadcrumb\",\"itemListElement\":[{\"@type\":\"ListItem\",\"position\":1,\"name\":\"Portada\",\"item\":\"https:\/\/aeronoticias.com.pe\/noticiero\/\"},{\"@type\":\"ListItem\",\"position\":2,\"name\":\"Airbus entrega el primer A321neo en Latinoam\u00e9rica\"}]},{\"@type\":\"WebSite\",\"@id\":\"https:\/\/aeronoticias.com.pe\/noticiero\/#website\",\"url\":\"https:\/\/aeronoticias.com.pe\/noticiero\/\",\"name\":\"Aeronoticias.com.pe\",\"description\":\"Noticias de tranporte aereo, turismo, hoteles, gastronomia, actualidad, internacional\",\"potentialAction\":[{\"@type\":\"SearchAction\",\"target\":{\"@type\":\"EntryPoint\",\"urlTemplate\":\"https:\/\/aeronoticias.com.pe\/noticiero\/?s={search_term_string}\"},\"query-input\":{\"@type\":\"PropertyValueSpecification\",\"valueRequired\":true,\"valueName\":\"search_term_string\"}}],\"inLanguage\":\"es\"},{\"@type\":\"Person\",\"@id\":\"https:\/\/aeronoticias.com.pe\/noticiero\/#\/schema\/person\/fc1e5d578f4b62ba1cf7ac2bba1170a0\",\"name\":\"Redacci\u00f3n Aeronoticias\",\"url\":\"https:\/\/aeronoticias.com.pe\/noticiero\/author\/piloto\/\"}]}<\/script>\n<!-- \/ Yoast SEO plugin. -->","yoast_head_json":{"title":"Airbus entrega el primer A321neo en Latinoam\u00e9rica","description":"Portal de noticias del Per\u00fa sobre el transporte a\u00e9reo, aviaci\u00f3n, turismo, hoteleria, actualidad.","robots":{"index":"index","follow":"follow","max-snippet":"max-snippet:-1","max-image-preview":"max-image-preview:large","max-video-preview":"max-video-preview:-1"},"canonical":"https:\/\/aeronoticias.com.pe\/noticiero\/ultimas\/1\/airbus-entrega-el-primer-a321neo-en-latinoamerica\/","og_locale":"es_ES","og_type":"article","og_title":"Airbus entrega el primer A321neo en Latinoam\u00e9rica","og_description":"Portal de noticias del Per\u00fa sobre el transporte a\u00e9reo, aviaci\u00f3n, turismo, hoteleria, actualidad.","og_url":"https:\/\/aeronoticias.com.pe\/noticiero\/ultimas\/1\/airbus-entrega-el-primer-a321neo-en-latinoamerica\/","og_site_name":"Aeronoticias.com.pe","article_publisher":"https:\/\/www.facebook.com\/Aeronoticias.com.pe\/","article_published_time":"2017-10-11T16:54:37+00:00","author":"Redacci\u00f3n Aeronoticias","twitter_card":"summary_large_image","twitter_creator":"@aeronoticias","twitter_site":"@aeronoticias","twitter_misc":{"Escrito por":"Redacci\u00f3n Aeronoticias","Tiempo de lectura":"3 minutos"},"schema":{"@context":"https:\/\/schema.org","@graph":[{"@type":"WebPage","@id":"https:\/\/aeronoticias.com.pe\/noticiero\/ultimas\/1\/airbus-entrega-el-primer-a321neo-en-latinoamerica\/","url":"https:\/\/aeronoticias.com.pe\/noticiero\/ultimas\/1\/airbus-entrega-el-primer-a321neo-en-latinoamerica\/","name":"Airbus entrega el primer A321neo en Latinoam\u00e9rica","isPartOf":{"@id":"https:\/\/aeronoticias.com.pe\/noticiero\/#website"},"datePublished":"2017-10-11T16:54:37+00:00","author":{"@id":"https:\/\/aeronoticias.com.pe\/noticiero\/#\/schema\/person\/fc1e5d578f4b62ba1cf7ac2bba1170a0"},"description":"Portal de noticias del Per\u00fa sobre el transporte a\u00e9reo, aviaci\u00f3n, turismo, hoteleria, actualidad.","breadcrumb":{"@id":"https:\/\/aeronoticias.com.pe\/noticiero\/ultimas\/1\/airbus-entrega-el-primer-a321neo-en-latinoamerica\/#breadcrumb"},"inLanguage":"es","potentialAction":[{"@type":"ReadAction","target":["https:\/\/aeronoticias.com.pe\/noticiero\/ultimas\/1\/airbus-entrega-el-primer-a321neo-en-latinoamerica\/"]}]},{"@type":"BreadcrumbList","@id":"https:\/\/aeronoticias.com.pe\/noticiero\/ultimas\/1\/airbus-entrega-el-primer-a321neo-en-latinoamerica\/#breadcrumb","itemListElement":[{"@type":"ListItem","position":1,"name":"Portada","item":"https:\/\/aeronoticias.com.pe\/noticiero\/"},{"@type":"ListItem","position":2,"name":"Airbus entrega el primer A321neo en Latinoam\u00e9rica"}]},{"@type":"WebSite","@id":"https:\/\/aeronoticias.com.pe\/noticiero\/#website","url":"https:\/\/aeronoticias.com.pe\/noticiero\/","name":"Aeronoticias.com.pe","description":"Noticias de tranporte aereo, turismo, hoteles, gastronomia, actualidad, internacional","potentialAction":[{"@type":"SearchAction","target":{"@type":"EntryPoint","urlTemplate":"https:\/\/aeronoticias.com.pe\/noticiero\/?s={search_term_string}"},"query-input":{"@type":"PropertyValueSpecification","valueRequired":true,"valueName":"search_term_string"}}],"inLanguage":"es"},{"@type":"Person","@id":"https:\/\/aeronoticias.com.pe\/noticiero\/#\/schema\/person\/fc1e5d578f4b62ba1cf7ac2bba1170a0","name":"Redacci\u00f3n Aeronoticias","url":"https:\/\/aeronoticias.com.pe\/noticiero\/author\/piloto\/"}]}},"_links":{"self":[{"href":"https:\/\/aeronoticias.com.pe\/noticiero\/wp-json\/wp\/v2\/posts\/56953","targetHints":{"allow":["GET"]}}],"collection":[{"href":"https:\/\/aeronoticias.com.pe\/noticiero\/wp-json\/wp\/v2\/posts"}],"about":[{"href":"https:\/\/aeronoticias.com.pe\/noticiero\/wp-json\/wp\/v2\/types\/post"}],"author":[{"embeddable":true,"href":"https:\/\/aeronoticias.com.pe\/noticiero\/wp-json\/wp\/v2\/users\/1"}],"replies":[{"embeddable":true,"href":"https:\/\/aeronoticias.com.pe\/noticiero\/wp-json\/wp\/v2\/comments?post=56953"}],"version-history":[{"count":0,"href":"https:\/\/aeronoticias.com.pe\/noticiero\/wp-json\/wp\/v2\/posts\/56953\/revisions"}],"wp:attachment":[{"href":"https:\/\/aeronoticias.com.pe\/noticiero\/wp-json\/wp\/v2\/media?parent=56953"}],"wp:term":[{"taxonomy":"category","embeddable":true,"href":"https:\/\/aeronoticias.com.pe\/noticiero\/wp-json\/wp\/v2\/categories?post=56953"},{"taxonomy":"post_tag","embeddable":true,"href":"https:\/\/aeronoticias.com.pe\/noticiero\/wp-json\/wp\/v2\/tags?post=56953"}],"curies":[{"name":"wp","href":"https:\/\/api.w.org\/{rel}","templated":true}]}}