{"id":56955,"date":"2017-10-12T02:23:42","date_gmt":"2017-10-12T02:23:42","guid":{"rendered":"http:\/\/desarrollo.mcvicious.com\/aero2020\/2017\/10\/12\/fadea-busca-socio-extranjero-para-fabricar-el-avion-pampa\/"},"modified":"2017-10-12T02:23:42","modified_gmt":"2017-10-12T02:23:42","slug":"fadea-busca-socio-extranjero-para-fabricar-el-avion-pampa","status":"publish","type":"post","link":"https:\/\/aeronoticias.com.pe\/noticiero\/mundo\/mundo-mundo-2\/fadea-busca-socio-extranjero-para-fabricar-el-avion-pampa\/","title":{"rendered":"Fadea busca socio extranjero para fabricar el avi\u00f3n Pampa"},"content":{"rendered":"<p style=\"text-align: justify;\"><strong>(Aeronoticias).-<\/strong> <span style=\"color: #454545; font-family: Helvetica; font-size: 12px; text-align: justify;\">Desde el <\/span><a href=\"http:\/\/www.lanacion.com.ar\/ministerio-de-defensa-t48810%22%20%5Co%20%22Ver%20todas%20las%20notas%20de%20Ministerio%20de%20Defensa\" style=\"font-family: Helvetica; font-size: 12px; text-align: justify;\"><span class=\"s1\">Ministerio de Defensa<\/span><\/a><span style=\"color: #454545; font-family: Helvetica; font-size: 12px; text-align: justify;\"> hay conversaciones abiertas con una empresa sudafricana y otra alemana que podr\u00edan ser potenciales socias de la Argentina para la fabricaci\u00f3n del Pampa, un avi\u00f3n de entrenamiento de avanzada.<\/span><\/p>\n<p> p.p1 {margin: 0.0px 0.0px 0.0px 0.0px; text-align: justify; font: 12.0px Helvetica; color: #454545} span.s1 {color: #e4af09} <\/p>\n<p class=\"p1\" style=\"text-align: justify;\">S\u00f3lo de esa manera -y no dependiendo \u00fanicamente de las arcas del Estado- el modelo se producir\u00e1 en\u00a0<a href=\"http:\/\/buscar.lanacion.com.ar\/Fadea%22%20%5Ct%20%22_blank\"><span class=\"s1\">la F\u00e1brica de Aviones Brigadier San Mart\u00edn<\/span><\/a> (Fadea), que ayer celebr\u00f3 90 a\u00f1os.<\/p>\n<p class=\"p1\" style=\"text-align: justify;\">El ministro\u00a0<a href=\"http:\/\/www.lanacion.com.ar\/oscar-aguad-t46716%22%20%5Co%20%22Ver%20todas%20las%20notas%20de%20Oscar%20Aguad\"><span class=\"s1\">Oscar Aguad<\/span><\/a> se\u00f1al\u00f3 durante el acto conmemorativo que hay que encontrar un socio porque el presupuesto del Estado no alcanza para fabricar aviones: \u00abLa \u00fanica forma de fabricar el Pampa en serie y no sacarlo de la l\u00ednea de montaje es con un socio\u00bb.<\/p>\n<p class=\"p1\" style=\"text-align: justify;\">\u00a0<\/p>\n<p class=\"p1\" style=\"text-align: justify;\">\u00abNo podemos ser Fuerza A\u00e9rea dependientes, no hay ninguna intenci\u00f3n de vender nada, pero s\u00ed de ser eficientes\u00bb, remarc\u00f3, y enfatiz\u00f3 que el presidente\u00a0<a href=\"http:\/\/www.lanacion.com.ar\/mauricio-macri-t447%22%20%5Co%20%22Ver%20todas%20las%20notas%20de%20Mauricio%20Macri\"><span class=\"s1\">Mauricio Macri<\/span><\/a> est\u00e1 \u00abcomprometido\u00bb con el futuro de la f\u00e1brica.<\/p>\n<p class=\"p1\" style=\"text-align: justify;\">\u00a0<\/p>\n<p class=\"p1\" style=\"text-align: justify;\">Fuentes del ministerio confirmaron a\u00a0LA NACION\u00a0que el sondeo en marcha es con Paramount Group (Sud\u00e1frica) y con la alemana Grob (Fadea tiene varias aeronaves de esta compa\u00f1\u00eda). \u00abHay inter\u00e9s en asociaci\u00f3n por proyecto, de manera puntual\u00bb, explicaron.<\/p>\n<p class=\"p1\" style=\"text-align: justify;\">\u00a0<\/p>\n<p class=\"p1\" style=\"text-align: justify;\">Mientras Grob propone armar el avi\u00f3n en Alemania, llevando las partes desde C\u00f3rdoba, los sudafricanos -con quienes las autoridades de la empresa se reunieron ayer- quieren incluir su avi\u00f3nica en el Pampa (es decir, todo lo relacionado con el instrumental).<\/p>\n<p class=\"p1\" style=\"text-align: justify;\">\u00a0<\/p>\n<p class=\"p1\" style=\"text-align: justify;\">La clave para la venta de aviones es el financiamiento, lo que la Argentina sola no est\u00e1 en condiciones de garantizar.<\/p>\n<p class=\"p1\" style=\"text-align: justify;\">\u00a0<\/p>\n<p class=\"p1\" style=\"text-align: justify;\">Aguad insisti\u00f3 en que el Pampa es un \u00abexcelente producto para entrenamiento avanzado\u00bb y que \u00abhay inter\u00e9s en el mercado\u00bb. Podr\u00eda incluso hacerse como avi\u00f3n artillado. \u00abLa idea es que esta f\u00e1brica vuelva a tener el brillo que tuvo, pero sin hipotecar a las generaciones futuras\u00bb.<\/p>\n<p class=\"p1\" style=\"text-align: justify;\">La referencia impl\u00edcita fue a que en 2015, cuando era administrada por La C\u00e1mpora, la compa\u00f1\u00eda alcanz\u00f3 un d\u00e9ficit de $ 1500 millones; el estimado para este a\u00f1o es de $ 260 millones (la mitad que en 2016) y se espera llegar al equilibrio presupuestario en 2019.<\/p>\n<p class=\"p1\" style=\"text-align: justify;\">\u00a0<\/p>\n<p class=\"p1\" style=\"text-align: justify;\">Fadea tiene un presupuesto de $ 2500 millones y unos 1000 empleos (a trav\u00e9s de retiros voluntarios y jubilaciones anticipadas la planta se redujo en unas 350 personas). \u00abSab\u00edamos que el desaf\u00edo por delante era tremendo, nos encontramos con una empresa quebrada\u00bb, describi\u00f3 su presidente, \u00c9rcole Felippa.<\/p>\n<p class=\"p1\" style=\"text-align: justify;\">\u00a0<\/p>\n<p class=\"p1\" style=\"text-align: justify;\">El directivo destac\u00f3 que en poco m\u00e1s de un a\u00f1o pusieron a volar el Pampa 3 (se producen otros tres que se entregar\u00e1n en el arranque de 2018), terminaron el primer avi\u00f3n de material compuesto dise\u00f1ado en Fadea, el IA 100; completaron la modernizaci\u00f3n del H\u00e9rcules TCS 61 en \u00abtiempo r\u00e9cord\u00bb, y hay avances en la provisi\u00f3n de piezas a Embraer, adem\u00e1s de exportar dos Puelche.<\/p>\n<p class=\"p1\" style=\"text-align: justify;\">\u00a0<\/p>\n<p class=\"p1\" style=\"text-align: justify;\">Coincidi\u00f3 con Aguad en que para tener sustentabilidad hay que generar negocios por fuera del Estado y, con ese objetivo, analizan sumar nuevos clientes de aeropartes y ser centro de mantenimiento de aviones civiles en la coyuntura de crecimiento del mercado a\u00e9reo nacional.<\/p>\n<p class=\"p1\" style=\"text-align: justify;\">\u00a0<\/p>\n<p class=\"p1\">Fuente: <strong><em><span style=\"text-decoration: underline;\">La Naci\u00f3n<\/span><\/em><\/strong>.<\/p>\n","protected":false},"excerpt":{"rendered":"<p>(Aeronoticias).- Desde el Ministerio de Defensa hay conversaciones abiertas con una empresa sudafricana y otra alemana que podr\u00edan ser potenciales socias de la Argentina para la fabricaci\u00f3n del Pampa, un avi\u00f3n de entrenamiento de avanzada. p.p1 {margin: 0.0px 0.0px 0.0px 0.0px; text-align: justify; font: 12.0px Helvetica; color: #454545} span.s1 {color: #e4af09} S\u00f3lo de esa manera [&hellip;]<\/p>\n","protected":false},"author":1,"featured_media":0,"comment_status":"open","ping_status":"open","sticky":false,"template":"","format":"standard","meta":{"tdm_status":"","tdm_grid_status":"","footnotes":""},"categories":[65],"tags":[],"class_list":{"0":"post-56955","1":"post","2":"type-post","3":"status-publish","4":"format-standard","6":"category-mundo-mundo-2"},"yoast_head":"<!-- This site is optimized with the Yoast SEO plugin v25.1 - https:\/\/yoast.com\/wordpress\/plugins\/seo\/ -->\n<title>Fadea busca socio extranjero para fabricar el avi\u00f3n Pampa<\/title>\n<meta name=\"description\" content=\"Portal de noticias del Per\u00fa sobre el transporte a\u00e9reo, aviaci\u00f3n, turismo, hoteleria, actualidad.\" \/>\n<meta name=\"robots\" content=\"index, follow, max-snippet:-1, max-image-preview:large, max-video-preview:-1\" \/>\n<link rel=\"canonical\" href=\"https:\/\/aeronoticias.com.pe\/noticiero\/mundo\/mundo-mundo-2\/fadea-busca-socio-extranjero-para-fabricar-el-avion-pampa\/\" \/>\n<meta property=\"og:locale\" content=\"es_ES\" \/>\n<meta property=\"og:type\" content=\"article\" \/>\n<meta property=\"og:title\" content=\"Fadea busca socio extranjero para fabricar el avi\u00f3n Pampa\" \/>\n<meta property=\"og:description\" content=\"Portal de noticias del Per\u00fa sobre el transporte a\u00e9reo, aviaci\u00f3n, turismo, hoteleria, actualidad.\" \/>\n<meta property=\"og:url\" content=\"https:\/\/aeronoticias.com.pe\/noticiero\/mundo\/mundo-mundo-2\/fadea-busca-socio-extranjero-para-fabricar-el-avion-pampa\/\" \/>\n<meta property=\"og:site_name\" content=\"Aeronoticias.com.pe\" \/>\n<meta property=\"article:publisher\" content=\"https:\/\/www.facebook.com\/Aeronoticias.com.pe\/\" \/>\n<meta property=\"article:published_time\" content=\"2017-10-12T02:23:42+00:00\" \/>\n<meta name=\"author\" content=\"Redacci\u00f3n Aeronoticias\" \/>\n<meta name=\"twitter:card\" content=\"summary_large_image\" \/>\n<meta name=\"twitter:creator\" content=\"@aeronoticias\" \/>\n<meta name=\"twitter:site\" content=\"@aeronoticias\" \/>\n<meta name=\"twitter:label1\" content=\"Escrito por\" \/>\n\t<meta name=\"twitter:data1\" content=\"Redacci\u00f3n Aeronoticias\" \/>\n\t<meta name=\"twitter:label2\" content=\"Tiempo de lectura\" \/>\n\t<meta name=\"twitter:data2\" content=\"3 minutos\" \/>\n<script type=\"application\/ld+json\" class=\"yoast-schema-graph\">{\"@context\":\"https:\/\/schema.org\",\"@graph\":[{\"@type\":\"WebPage\",\"@id\":\"https:\/\/aeronoticias.com.pe\/noticiero\/mundo\/mundo-mundo-2\/fadea-busca-socio-extranjero-para-fabricar-el-avion-pampa\/\",\"url\":\"https:\/\/aeronoticias.com.pe\/noticiero\/mundo\/mundo-mundo-2\/fadea-busca-socio-extranjero-para-fabricar-el-avion-pampa\/\",\"name\":\"Fadea busca socio extranjero para fabricar el avi\u00f3n Pampa\",\"isPartOf\":{\"@id\":\"https:\/\/aeronoticias.com.pe\/noticiero\/#website\"},\"datePublished\":\"2017-10-12T02:23:42+00:00\",\"author\":{\"@id\":\"https:\/\/aeronoticias.com.pe\/noticiero\/#\/schema\/person\/fc1e5d578f4b62ba1cf7ac2bba1170a0\"},\"description\":\"Portal de noticias del Per\u00fa sobre el transporte a\u00e9reo, aviaci\u00f3n, turismo, hoteleria, actualidad.\",\"breadcrumb\":{\"@id\":\"https:\/\/aeronoticias.com.pe\/noticiero\/mundo\/mundo-mundo-2\/fadea-busca-socio-extranjero-para-fabricar-el-avion-pampa\/#breadcrumb\"},\"inLanguage\":\"es\",\"potentialAction\":[{\"@type\":\"ReadAction\",\"target\":[\"https:\/\/aeronoticias.com.pe\/noticiero\/mundo\/mundo-mundo-2\/fadea-busca-socio-extranjero-para-fabricar-el-avion-pampa\/\"]}]},{\"@type\":\"BreadcrumbList\",\"@id\":\"https:\/\/aeronoticias.com.pe\/noticiero\/mundo\/mundo-mundo-2\/fadea-busca-socio-extranjero-para-fabricar-el-avion-pampa\/#breadcrumb\",\"itemListElement\":[{\"@type\":\"ListItem\",\"position\":1,\"name\":\"Portada\",\"item\":\"https:\/\/aeronoticias.com.pe\/noticiero\/\"},{\"@type\":\"ListItem\",\"position\":2,\"name\":\"Fadea busca socio extranjero para fabricar el avi\u00f3n Pampa\"}]},{\"@type\":\"WebSite\",\"@id\":\"https:\/\/aeronoticias.com.pe\/noticiero\/#website\",\"url\":\"https:\/\/aeronoticias.com.pe\/noticiero\/\",\"name\":\"Aeronoticias.com.pe\",\"description\":\"Noticias de tranporte aereo, turismo, hoteles, gastronomia, actualidad, internacional\",\"potentialAction\":[{\"@type\":\"SearchAction\",\"target\":{\"@type\":\"EntryPoint\",\"urlTemplate\":\"https:\/\/aeronoticias.com.pe\/noticiero\/?s={search_term_string}\"},\"query-input\":{\"@type\":\"PropertyValueSpecification\",\"valueRequired\":true,\"valueName\":\"search_term_string\"}}],\"inLanguage\":\"es\"},{\"@type\":\"Person\",\"@id\":\"https:\/\/aeronoticias.com.pe\/noticiero\/#\/schema\/person\/fc1e5d578f4b62ba1cf7ac2bba1170a0\",\"name\":\"Redacci\u00f3n Aeronoticias\",\"url\":\"https:\/\/aeronoticias.com.pe\/noticiero\/author\/piloto\/\"}]}<\/script>\n<!-- \/ Yoast SEO plugin. -->","yoast_head_json":{"title":"Fadea busca socio extranjero para fabricar el avi\u00f3n Pampa","description":"Portal de noticias del Per\u00fa sobre el transporte a\u00e9reo, aviaci\u00f3n, turismo, hoteleria, actualidad.","robots":{"index":"index","follow":"follow","max-snippet":"max-snippet:-1","max-image-preview":"max-image-preview:large","max-video-preview":"max-video-preview:-1"},"canonical":"https:\/\/aeronoticias.com.pe\/noticiero\/mundo\/mundo-mundo-2\/fadea-busca-socio-extranjero-para-fabricar-el-avion-pampa\/","og_locale":"es_ES","og_type":"article","og_title":"Fadea busca socio extranjero para fabricar el avi\u00f3n Pampa","og_description":"Portal de noticias del Per\u00fa sobre el transporte a\u00e9reo, aviaci\u00f3n, turismo, hoteleria, actualidad.","og_url":"https:\/\/aeronoticias.com.pe\/noticiero\/mundo\/mundo-mundo-2\/fadea-busca-socio-extranjero-para-fabricar-el-avion-pampa\/","og_site_name":"Aeronoticias.com.pe","article_publisher":"https:\/\/www.facebook.com\/Aeronoticias.com.pe\/","article_published_time":"2017-10-12T02:23:42+00:00","author":"Redacci\u00f3n Aeronoticias","twitter_card":"summary_large_image","twitter_creator":"@aeronoticias","twitter_site":"@aeronoticias","twitter_misc":{"Escrito por":"Redacci\u00f3n Aeronoticias","Tiempo de lectura":"3 minutos"},"schema":{"@context":"https:\/\/schema.org","@graph":[{"@type":"WebPage","@id":"https:\/\/aeronoticias.com.pe\/noticiero\/mundo\/mundo-mundo-2\/fadea-busca-socio-extranjero-para-fabricar-el-avion-pampa\/","url":"https:\/\/aeronoticias.com.pe\/noticiero\/mundo\/mundo-mundo-2\/fadea-busca-socio-extranjero-para-fabricar-el-avion-pampa\/","name":"Fadea busca socio extranjero para fabricar el avi\u00f3n Pampa","isPartOf":{"@id":"https:\/\/aeronoticias.com.pe\/noticiero\/#website"},"datePublished":"2017-10-12T02:23:42+00:00","author":{"@id":"https:\/\/aeronoticias.com.pe\/noticiero\/#\/schema\/person\/fc1e5d578f4b62ba1cf7ac2bba1170a0"},"description":"Portal de noticias del Per\u00fa sobre el transporte a\u00e9reo, aviaci\u00f3n, turismo, hoteleria, actualidad.","breadcrumb":{"@id":"https:\/\/aeronoticias.com.pe\/noticiero\/mundo\/mundo-mundo-2\/fadea-busca-socio-extranjero-para-fabricar-el-avion-pampa\/#breadcrumb"},"inLanguage":"es","potentialAction":[{"@type":"ReadAction","target":["https:\/\/aeronoticias.com.pe\/noticiero\/mundo\/mundo-mundo-2\/fadea-busca-socio-extranjero-para-fabricar-el-avion-pampa\/"]}]},{"@type":"BreadcrumbList","@id":"https:\/\/aeronoticias.com.pe\/noticiero\/mundo\/mundo-mundo-2\/fadea-busca-socio-extranjero-para-fabricar-el-avion-pampa\/#breadcrumb","itemListElement":[{"@type":"ListItem","position":1,"name":"Portada","item":"https:\/\/aeronoticias.com.pe\/noticiero\/"},{"@type":"ListItem","position":2,"name":"Fadea busca socio extranjero para fabricar el avi\u00f3n Pampa"}]},{"@type":"WebSite","@id":"https:\/\/aeronoticias.com.pe\/noticiero\/#website","url":"https:\/\/aeronoticias.com.pe\/noticiero\/","name":"Aeronoticias.com.pe","description":"Noticias de tranporte aereo, turismo, hoteles, gastronomia, actualidad, internacional","potentialAction":[{"@type":"SearchAction","target":{"@type":"EntryPoint","urlTemplate":"https:\/\/aeronoticias.com.pe\/noticiero\/?s={search_term_string}"},"query-input":{"@type":"PropertyValueSpecification","valueRequired":true,"valueName":"search_term_string"}}],"inLanguage":"es"},{"@type":"Person","@id":"https:\/\/aeronoticias.com.pe\/noticiero\/#\/schema\/person\/fc1e5d578f4b62ba1cf7ac2bba1170a0","name":"Redacci\u00f3n Aeronoticias","url":"https:\/\/aeronoticias.com.pe\/noticiero\/author\/piloto\/"}]}},"_links":{"self":[{"href":"https:\/\/aeronoticias.com.pe\/noticiero\/wp-json\/wp\/v2\/posts\/56955","targetHints":{"allow":["GET"]}}],"collection":[{"href":"https:\/\/aeronoticias.com.pe\/noticiero\/wp-json\/wp\/v2\/posts"}],"about":[{"href":"https:\/\/aeronoticias.com.pe\/noticiero\/wp-json\/wp\/v2\/types\/post"}],"author":[{"embeddable":true,"href":"https:\/\/aeronoticias.com.pe\/noticiero\/wp-json\/wp\/v2\/users\/1"}],"replies":[{"embeddable":true,"href":"https:\/\/aeronoticias.com.pe\/noticiero\/wp-json\/wp\/v2\/comments?post=56955"}],"version-history":[{"count":0,"href":"https:\/\/aeronoticias.com.pe\/noticiero\/wp-json\/wp\/v2\/posts\/56955\/revisions"}],"wp:attachment":[{"href":"https:\/\/aeronoticias.com.pe\/noticiero\/wp-json\/wp\/v2\/media?parent=56955"}],"wp:term":[{"taxonomy":"category","embeddable":true,"href":"https:\/\/aeronoticias.com.pe\/noticiero\/wp-json\/wp\/v2\/categories?post=56955"},{"taxonomy":"post_tag","embeddable":true,"href":"https:\/\/aeronoticias.com.pe\/noticiero\/wp-json\/wp\/v2\/tags?post=56955"}],"curies":[{"name":"wp","href":"https:\/\/api.w.org\/{rel}","templated":true}]}}