{"id":56956,"date":"2017-10-12T02:30:35","date_gmt":"2017-10-12T02:30:35","guid":{"rendered":"http:\/\/desarrollo.mcvicious.com\/aero2020\/2017\/10\/12\/tras-el-pase-de-peru-al-repechaje-ipiensas-viajar-a-nueva-zelanda\/"},"modified":"2017-10-12T02:30:35","modified_gmt":"2017-10-12T02:30:35","slug":"tras-el-pase-de-peru-al-repechaje-ipiensas-viajar-a-nueva-zelanda","status":"publish","type":"post","link":"https:\/\/aeronoticias.com.pe\/noticiero\/internacionales\/tras-el-pase-de-peru-al-repechaje-ipiensas-viajar-a-nueva-zelanda\/","title":{"rendered":"Tras el pase de Per\u00fa al repechaje \u00bfpiensas viajar a Nueva Zelanda?"},"content":{"rendered":"<p style=\"text-align: justify;\"><strong>(Aeronoticias).<\/strong>&#8211;\u00a0<span style=\"color: #454545; font-family: Helvetica; font-size: 12px;\">Tras el empate de la selecci\u00f3n peruana ante su similar de Colombia, la blanquirroja prepara las maletas para viajar a Nueva Zelanda el pr\u00f3ximo 6 de noviembre, en el primer partido del repechaje que definir\u00e1 qui\u00e9n clasifica al Mundial Rusia 2018. <\/span><\/p>\n<p style=\"text-align: justify;\">p.p1 {margin: 0.0px 0.0px 0.0px 0.0px; font: 12.0px Helvetica; color: #454545}<\/p>\n<p class=\"p1\" style=\"text-align: justify;\">1.\u00a0Si est\u00e1 planeando viajar para acompa\u00f1ar a la selecci\u00f3n, debemos advertirle que los vuelos de Lima a la capital Wellington -por cierto, esta es la capital m\u00e1s al sur en el planeta- duran entre 33 y 48 horas debido a que se deben realizar de dos a tres escalas. Los pasajes para las fechas del repechaje cuestan en promedio entre US$1.500 y US$2.000.<\/p>\n<p class=\"p1\" style=\"text-align: justify;\">\u00a0<\/p>\n<p class=\"p1\" style=\"text-align: justify;\">Por cierto, cada d\u00f3lar neozeland\u00e9s, la moneda oficial del pa\u00eds, equivale a 75 centavos de d\u00f3lar estadounidense.<\/p>\n<p class=\"p2\" style=\"text-align: justify;\">\u00a0<\/p>\n<p class=\"p1\" style=\"text-align: justify;\">2. Es el \u00fanico pa\u00eds en el mundo donde los cargos p\u00fablicos m\u00e1s importantes fueron ocupados en simult\u00e1neo por mujeres. Fue en el 2006 cuando la Reina, Gobernadora General, Primera Ministra, Vocera de la C\u00e1mara de Representantes y Fiscal General fueron todas f\u00e9minas.<\/p>\n<p class=\"p2\" style=\"text-align: justify;\">\u00a0<\/p>\n<p class=\"p1\" style=\"text-align: justify;\">3. Nueva Zelanda, que pertenece al Commonwealth o Comunidad Brit\u00e1nica de Naciones, es una monarqu\u00eda constitucional con democracia parlamentaria. Es decir, la reina Isabel II es la jefa de estado pero, adem\u00e1s, cuentan con un primer ministro y una C\u00e1mara de Representantes encargada de hacer las leyes.<\/p>\n<p class=\"p2\" style=\"text-align: justify;\">\u00a0<\/p>\n<p class=\"p1\" style=\"text-align: justify;\">4. El deporte por excelencia en ese pa\u00eds es el rugby. Su selecci\u00f3n nacional, los All Blacks, son los vigentes bicampeones mundiales en este deporte. La selecci\u00f3n de f\u00fatbol, los All Whites, por otro lado, solo ha participado en los mundiales de 1982 y 2010 sin haber conseguido ganar un solo partido.<\/p>\n<p class=\"p2\" style=\"text-align: justify;\">\u00a0<\/p>\n<p class=\"p1\" style=\"text-align: justify;\">5. Hay algo en lo que nos han ganado ampliamente. Seg\u00fan Transparencia Internacional, Nueva Zelanda y Dinamarca son los pa\u00edses con menor percepci\u00f3n de corrupci\u00f3n. El Per\u00fa, por otro lado, es percibido como el tercer pa\u00eds m\u00e1s corrupto en Am\u00e9rica Latina.<\/p>\n<p class=\"p2\" style=\"text-align: justify;\">\u00a0<\/p>\n<p class=\"p1\" style=\"text-align: justify;\">6. El Westpac Stadium, donde se disputar\u00e1 el primer partido de repechaje, fue inaugurado en el 2000 y -adem\u00e1s de los m\u00faltiples eventos deportivos que acoge- ha sido usado como locaci\u00f3n para escenas de la pel\u00edcula \u00abEl Se\u00f1or de los Anillos: Las Dos Torres\u00bb. Tambi\u00e9n ha albergado conciertos de los Rolling Stones, AC DC, The Police, Ozzy Osbourne y Bon Jovi.<\/p>\n<p class=\"p2\" style=\"text-align: justify;\">\u00a0<\/p>\n<p class=\"p1\" style=\"text-align: justify;\">BONUS.<\/p>\n<p class=\"p2\" style=\"text-align: justify;\">\u00a0<\/p>\n<p class=\"p1\" style=\"text-align: justify;\">En el pa\u00eds hay tres lenguas oficiales: el ingl\u00e9s, el maor\u00ed y el lenguaje de se\u00f1as. Adem\u00e1s, la primera persona en subir y bajar del Everest fue un neozeland\u00e9s llamado Edmund Hillary.<\/p>\n<p class=\"p2\" style=\"text-align: justify;\">\u00a0<\/p>\n<p class=\"p1\" style=\"text-align: justify;\">p.p1 {margin: 0.0px 0.0px 0.0px 0.0px; font: 12.0px Helvetica; color: #454545} p.p2 {margin: 0.0px 0.0px 0.0px 0.0px; font: 12.0px Helvetica; color: #454545; min-height: 14.0px}<\/p>\n<p class=\"p1\" style=\"text-align: justify;\">Y, finalmente, si visita el pa\u00eds y quiere hacer un poco de turismo prepare bien la lengua pues se puede encontrar con lugares como una colina de la Isla Norte llamada: \u00abTaumatawhakatangihangakoauauotamateapokaiwhenuakitanatahu\u00bb (S\u00ed, tiene un significado: \u00abLa cima donde Tamatea, el hombre de grandes rodillas, el escalador de monta\u00f1as, el devorador de tierra, el viajero incansable, toc\u00f3 su flauta a un ser querido\u00bb, est\u00e1 en maor\u00ed).<\/p>\n<p class=\"p1\" style=\"text-align: justify;\">\u00a0<\/p>\n<p class=\"p1\" style=\"text-align: justify;\">Fuente: <span style=\"text-decoration: underline;\"><em><strong>El Comercio<\/strong><\/em><\/span>.<\/p>\n<p class=\"p1\" style=\"text-align: justify;\">\u00a0<\/p>\n<p class=\"p1\" style=\"text-align: justify;\"><img decoding=\"async\" src=\"https:\/\/img.elcomercio.pe\/files\/ec_article_videogalleria\/uploads\/2017\/10\/10\/59dd8421c2595.jpeg\" border=\"0\" alt=\"NZ\" title=\"NZ\" style=\"box-sizing: border-box; width: 637px; display: inline; color: #333333; font-family: Georgia, &quot;Times New Roman&quot;, serif; font-size: 16px; text-align: start;\" \/><\/p>\n<p> p.p1 {margin: 0.0px 0.0px 0.0px 0.0px; font: 12.0px Helvetica; color: #454545}<\/p>\n","protected":false},"excerpt":{"rendered":"<p>(Aeronoticias).&#8211;\u00a0Tras el empate de la selecci\u00f3n peruana ante su similar de Colombia, la blanquirroja prepara las maletas para viajar a Nueva Zelanda el pr\u00f3ximo 6 de noviembre, en el primer partido del repechaje que definir\u00e1 qui\u00e9n clasifica al Mundial Rusia 2018. p.p1 {margin: 0.0px 0.0px 0.0px 0.0px; font: 12.0px Helvetica; color: #454545} 1.\u00a0Si est\u00e1 planeando [&hellip;]<\/p>\n","protected":false},"author":1,"featured_media":0,"comment_status":"open","ping_status":"open","sticky":false,"template":"","format":"standard","meta":{"tdm_status":"","tdm_grid_status":"","footnotes":""},"categories":[34],"tags":[],"class_list":{"0":"post-56956","1":"post","2":"type-post","3":"status-publish","4":"format-standard","6":"category-internacionales"},"yoast_head":"<!-- This site is optimized with the Yoast SEO plugin v25.1 - https:\/\/yoast.com\/wordpress\/plugins\/seo\/ -->\n<title>Tras el pase de Per\u00fa al repechaje \u00bfpiensas viajar a Nueva Zelanda?<\/title>\n<meta name=\"description\" content=\"Portal de noticias del Per\u00fa sobre el transporte a\u00e9reo, aviaci\u00f3n, turismo, hoteleria, actualidad.\" \/>\n<meta name=\"robots\" content=\"index, follow, max-snippet:-1, max-image-preview:large, max-video-preview:-1\" \/>\n<link rel=\"canonical\" href=\"https:\/\/aeronoticias.com.pe\/noticiero\/internacionales\/tras-el-pase-de-peru-al-repechaje-ipiensas-viajar-a-nueva-zelanda\/\" \/>\n<meta property=\"og:locale\" content=\"es_ES\" \/>\n<meta property=\"og:type\" content=\"article\" \/>\n<meta property=\"og:title\" content=\"Tras el pase de Per\u00fa al repechaje \u00bfpiensas viajar a Nueva Zelanda?\" \/>\n<meta property=\"og:description\" content=\"Portal de noticias del Per\u00fa sobre el transporte a\u00e9reo, aviaci\u00f3n, turismo, hoteleria, actualidad.\" \/>\n<meta property=\"og:url\" content=\"https:\/\/aeronoticias.com.pe\/noticiero\/internacionales\/tras-el-pase-de-peru-al-repechaje-ipiensas-viajar-a-nueva-zelanda\/\" \/>\n<meta property=\"og:site_name\" content=\"Aeronoticias.com.pe\" \/>\n<meta property=\"article:publisher\" content=\"https:\/\/www.facebook.com\/Aeronoticias.com.pe\/\" \/>\n<meta property=\"article:published_time\" content=\"2017-10-12T02:30:35+00:00\" \/>\n<meta property=\"og:image\" content=\"https:\/\/img.elcomercio.pe\/files\/ec_article_videogalleria\/uploads\/2017\/10\/10\/59dd8421c2595.jpeg\" \/>\n<meta name=\"author\" content=\"Redacci\u00f3n Aeronoticias\" \/>\n<meta name=\"twitter:card\" content=\"summary_large_image\" \/>\n<meta name=\"twitter:creator\" content=\"@aeronoticias\" \/>\n<meta name=\"twitter:site\" content=\"@aeronoticias\" \/>\n<meta name=\"twitter:label1\" content=\"Escrito por\" \/>\n\t<meta name=\"twitter:data1\" content=\"Redacci\u00f3n Aeronoticias\" \/>\n\t<meta name=\"twitter:label2\" content=\"Tiempo de lectura\" \/>\n\t<meta name=\"twitter:data2\" content=\"3 minutos\" \/>\n<script type=\"application\/ld+json\" class=\"yoast-schema-graph\">{\"@context\":\"https:\/\/schema.org\",\"@graph\":[{\"@type\":\"WebPage\",\"@id\":\"https:\/\/aeronoticias.com.pe\/noticiero\/internacionales\/tras-el-pase-de-peru-al-repechaje-ipiensas-viajar-a-nueva-zelanda\/\",\"url\":\"https:\/\/aeronoticias.com.pe\/noticiero\/internacionales\/tras-el-pase-de-peru-al-repechaje-ipiensas-viajar-a-nueva-zelanda\/\",\"name\":\"Tras el pase de Per\u00fa al repechaje \u00bfpiensas viajar a Nueva Zelanda?\",\"isPartOf\":{\"@id\":\"https:\/\/aeronoticias.com.pe\/noticiero\/#website\"},\"primaryImageOfPage\":{\"@id\":\"https:\/\/aeronoticias.com.pe\/noticiero\/internacionales\/tras-el-pase-de-peru-al-repechaje-ipiensas-viajar-a-nueva-zelanda\/#primaryimage\"},\"image\":{\"@id\":\"https:\/\/aeronoticias.com.pe\/noticiero\/internacionales\/tras-el-pase-de-peru-al-repechaje-ipiensas-viajar-a-nueva-zelanda\/#primaryimage\"},\"thumbnailUrl\":\"https:\/\/img.elcomercio.pe\/files\/ec_article_videogalleria\/uploads\/2017\/10\/10\/59dd8421c2595.jpeg\",\"datePublished\":\"2017-10-12T02:30:35+00:00\",\"author\":{\"@id\":\"https:\/\/aeronoticias.com.pe\/noticiero\/#\/schema\/person\/fc1e5d578f4b62ba1cf7ac2bba1170a0\"},\"description\":\"Portal de noticias del Per\u00fa sobre el transporte a\u00e9reo, aviaci\u00f3n, turismo, hoteleria, actualidad.\",\"breadcrumb\":{\"@id\":\"https:\/\/aeronoticias.com.pe\/noticiero\/internacionales\/tras-el-pase-de-peru-al-repechaje-ipiensas-viajar-a-nueva-zelanda\/#breadcrumb\"},\"inLanguage\":\"es\",\"potentialAction\":[{\"@type\":\"ReadAction\",\"target\":[\"https:\/\/aeronoticias.com.pe\/noticiero\/internacionales\/tras-el-pase-de-peru-al-repechaje-ipiensas-viajar-a-nueva-zelanda\/\"]}]},{\"@type\":\"ImageObject\",\"inLanguage\":\"es\",\"@id\":\"https:\/\/aeronoticias.com.pe\/noticiero\/internacionales\/tras-el-pase-de-peru-al-repechaje-ipiensas-viajar-a-nueva-zelanda\/#primaryimage\",\"url\":\"https:\/\/img.elcomercio.pe\/files\/ec_article_videogalleria\/uploads\/2017\/10\/10\/59dd8421c2595.jpeg\",\"contentUrl\":\"https:\/\/img.elcomercio.pe\/files\/ec_article_videogalleria\/uploads\/2017\/10\/10\/59dd8421c2595.jpeg\"},{\"@type\":\"BreadcrumbList\",\"@id\":\"https:\/\/aeronoticias.com.pe\/noticiero\/internacionales\/tras-el-pase-de-peru-al-repechaje-ipiensas-viajar-a-nueva-zelanda\/#breadcrumb\",\"itemListElement\":[{\"@type\":\"ListItem\",\"position\":1,\"name\":\"Portada\",\"item\":\"https:\/\/aeronoticias.com.pe\/noticiero\/\"},{\"@type\":\"ListItem\",\"position\":2,\"name\":\"Tras el pase de Per\u00fa al repechaje \u00bfpiensas viajar a Nueva Zelanda?\"}]},{\"@type\":\"WebSite\",\"@id\":\"https:\/\/aeronoticias.com.pe\/noticiero\/#website\",\"url\":\"https:\/\/aeronoticias.com.pe\/noticiero\/\",\"name\":\"Aeronoticias.com.pe\",\"description\":\"Noticias de tranporte aereo, turismo, hoteles, gastronomia, actualidad, internacional\",\"potentialAction\":[{\"@type\":\"SearchAction\",\"target\":{\"@type\":\"EntryPoint\",\"urlTemplate\":\"https:\/\/aeronoticias.com.pe\/noticiero\/?s={search_term_string}\"},\"query-input\":{\"@type\":\"PropertyValueSpecification\",\"valueRequired\":true,\"valueName\":\"search_term_string\"}}],\"inLanguage\":\"es\"},{\"@type\":\"Person\",\"@id\":\"https:\/\/aeronoticias.com.pe\/noticiero\/#\/schema\/person\/fc1e5d578f4b62ba1cf7ac2bba1170a0\",\"name\":\"Redacci\u00f3n Aeronoticias\",\"url\":\"https:\/\/aeronoticias.com.pe\/noticiero\/author\/piloto\/\"}]}<\/script>\n<!-- \/ Yoast SEO plugin. -->","yoast_head_json":{"title":"Tras el pase de Per\u00fa al repechaje \u00bfpiensas viajar a Nueva Zelanda?","description":"Portal de noticias del Per\u00fa sobre el transporte a\u00e9reo, aviaci\u00f3n, turismo, hoteleria, actualidad.","robots":{"index":"index","follow":"follow","max-snippet":"max-snippet:-1","max-image-preview":"max-image-preview:large","max-video-preview":"max-video-preview:-1"},"canonical":"https:\/\/aeronoticias.com.pe\/noticiero\/internacionales\/tras-el-pase-de-peru-al-repechaje-ipiensas-viajar-a-nueva-zelanda\/","og_locale":"es_ES","og_type":"article","og_title":"Tras el pase de Per\u00fa al repechaje \u00bfpiensas viajar a Nueva Zelanda?","og_description":"Portal de noticias del Per\u00fa sobre el transporte a\u00e9reo, aviaci\u00f3n, turismo, hoteleria, actualidad.","og_url":"https:\/\/aeronoticias.com.pe\/noticiero\/internacionales\/tras-el-pase-de-peru-al-repechaje-ipiensas-viajar-a-nueva-zelanda\/","og_site_name":"Aeronoticias.com.pe","article_publisher":"https:\/\/www.facebook.com\/Aeronoticias.com.pe\/","article_published_time":"2017-10-12T02:30:35+00:00","og_image":[{"url":"https:\/\/img.elcomercio.pe\/files\/ec_article_videogalleria\/uploads\/2017\/10\/10\/59dd8421c2595.jpeg","type":"","width":"","height":""}],"author":"Redacci\u00f3n Aeronoticias","twitter_card":"summary_large_image","twitter_creator":"@aeronoticias","twitter_site":"@aeronoticias","twitter_misc":{"Escrito por":"Redacci\u00f3n Aeronoticias","Tiempo de lectura":"3 minutos"},"schema":{"@context":"https:\/\/schema.org","@graph":[{"@type":"WebPage","@id":"https:\/\/aeronoticias.com.pe\/noticiero\/internacionales\/tras-el-pase-de-peru-al-repechaje-ipiensas-viajar-a-nueva-zelanda\/","url":"https:\/\/aeronoticias.com.pe\/noticiero\/internacionales\/tras-el-pase-de-peru-al-repechaje-ipiensas-viajar-a-nueva-zelanda\/","name":"Tras el pase de Per\u00fa al repechaje \u00bfpiensas viajar a Nueva Zelanda?","isPartOf":{"@id":"https:\/\/aeronoticias.com.pe\/noticiero\/#website"},"primaryImageOfPage":{"@id":"https:\/\/aeronoticias.com.pe\/noticiero\/internacionales\/tras-el-pase-de-peru-al-repechaje-ipiensas-viajar-a-nueva-zelanda\/#primaryimage"},"image":{"@id":"https:\/\/aeronoticias.com.pe\/noticiero\/internacionales\/tras-el-pase-de-peru-al-repechaje-ipiensas-viajar-a-nueva-zelanda\/#primaryimage"},"thumbnailUrl":"https:\/\/img.elcomercio.pe\/files\/ec_article_videogalleria\/uploads\/2017\/10\/10\/59dd8421c2595.jpeg","datePublished":"2017-10-12T02:30:35+00:00","author":{"@id":"https:\/\/aeronoticias.com.pe\/noticiero\/#\/schema\/person\/fc1e5d578f4b62ba1cf7ac2bba1170a0"},"description":"Portal de noticias del Per\u00fa sobre el transporte a\u00e9reo, aviaci\u00f3n, turismo, hoteleria, actualidad.","breadcrumb":{"@id":"https:\/\/aeronoticias.com.pe\/noticiero\/internacionales\/tras-el-pase-de-peru-al-repechaje-ipiensas-viajar-a-nueva-zelanda\/#breadcrumb"},"inLanguage":"es","potentialAction":[{"@type":"ReadAction","target":["https:\/\/aeronoticias.com.pe\/noticiero\/internacionales\/tras-el-pase-de-peru-al-repechaje-ipiensas-viajar-a-nueva-zelanda\/"]}]},{"@type":"ImageObject","inLanguage":"es","@id":"https:\/\/aeronoticias.com.pe\/noticiero\/internacionales\/tras-el-pase-de-peru-al-repechaje-ipiensas-viajar-a-nueva-zelanda\/#primaryimage","url":"https:\/\/img.elcomercio.pe\/files\/ec_article_videogalleria\/uploads\/2017\/10\/10\/59dd8421c2595.jpeg","contentUrl":"https:\/\/img.elcomercio.pe\/files\/ec_article_videogalleria\/uploads\/2017\/10\/10\/59dd8421c2595.jpeg"},{"@type":"BreadcrumbList","@id":"https:\/\/aeronoticias.com.pe\/noticiero\/internacionales\/tras-el-pase-de-peru-al-repechaje-ipiensas-viajar-a-nueva-zelanda\/#breadcrumb","itemListElement":[{"@type":"ListItem","position":1,"name":"Portada","item":"https:\/\/aeronoticias.com.pe\/noticiero\/"},{"@type":"ListItem","position":2,"name":"Tras el pase de Per\u00fa al repechaje \u00bfpiensas viajar a Nueva Zelanda?"}]},{"@type":"WebSite","@id":"https:\/\/aeronoticias.com.pe\/noticiero\/#website","url":"https:\/\/aeronoticias.com.pe\/noticiero\/","name":"Aeronoticias.com.pe","description":"Noticias de tranporte aereo, turismo, hoteles, gastronomia, actualidad, internacional","potentialAction":[{"@type":"SearchAction","target":{"@type":"EntryPoint","urlTemplate":"https:\/\/aeronoticias.com.pe\/noticiero\/?s={search_term_string}"},"query-input":{"@type":"PropertyValueSpecification","valueRequired":true,"valueName":"search_term_string"}}],"inLanguage":"es"},{"@type":"Person","@id":"https:\/\/aeronoticias.com.pe\/noticiero\/#\/schema\/person\/fc1e5d578f4b62ba1cf7ac2bba1170a0","name":"Redacci\u00f3n Aeronoticias","url":"https:\/\/aeronoticias.com.pe\/noticiero\/author\/piloto\/"}]}},"_links":{"self":[{"href":"https:\/\/aeronoticias.com.pe\/noticiero\/wp-json\/wp\/v2\/posts\/56956","targetHints":{"allow":["GET"]}}],"collection":[{"href":"https:\/\/aeronoticias.com.pe\/noticiero\/wp-json\/wp\/v2\/posts"}],"about":[{"href":"https:\/\/aeronoticias.com.pe\/noticiero\/wp-json\/wp\/v2\/types\/post"}],"author":[{"embeddable":true,"href":"https:\/\/aeronoticias.com.pe\/noticiero\/wp-json\/wp\/v2\/users\/1"}],"replies":[{"embeddable":true,"href":"https:\/\/aeronoticias.com.pe\/noticiero\/wp-json\/wp\/v2\/comments?post=56956"}],"version-history":[{"count":0,"href":"https:\/\/aeronoticias.com.pe\/noticiero\/wp-json\/wp\/v2\/posts\/56956\/revisions"}],"wp:attachment":[{"href":"https:\/\/aeronoticias.com.pe\/noticiero\/wp-json\/wp\/v2\/media?parent=56956"}],"wp:term":[{"taxonomy":"category","embeddable":true,"href":"https:\/\/aeronoticias.com.pe\/noticiero\/wp-json\/wp\/v2\/categories?post=56956"},{"taxonomy":"post_tag","embeddable":true,"href":"https:\/\/aeronoticias.com.pe\/noticiero\/wp-json\/wp\/v2\/tags?post=56956"}],"curies":[{"name":"wp","href":"https:\/\/api.w.org\/{rel}","templated":true}]}}