{"id":56958,"date":"2017-10-12T02:47:02","date_gmt":"2017-10-12T02:47:02","guid":{"rendered":"http:\/\/desarrollo.mcvicious.com\/aero2020\/2017\/10\/12\/mercedes-araoz-hay-que-cuidar-la-figura-presidencial\/"},"modified":"2017-10-12T02:47:02","modified_gmt":"2017-10-12T02:47:02","slug":"mercedes-araoz-hay-que-cuidar-la-figura-presidencial","status":"publish","type":"post","link":"https:\/\/aeronoticias.com.pe\/noticiero\/politica\/mercedes-araoz-hay-que-cuidar-la-figura-presidencial\/","title":{"rendered":"Mercedes Ar\u00e1oz: &#8216;Hay que cuidar la figura presidencial&#8217;"},"content":{"rendered":"<p style=\"text-align: justify;\"><strong>(Aeronoticias).<\/strong>&#8211;\u00a0<span style=\"color: #454545; font-family: Helvetica; font-size: 12px;\">La primera ministra <\/span><a href=\"http:\/\/elcomercio.pe\/noticias\/mercedes-araoz\" style=\"font-family: Helvetica; font-size: 12px;\"><span class=\"s1\"><strong>Mercedes Ar\u00e1oz<\/strong><\/span><\/a><span style=\"color: #454545; font-family: Helvetica; font-size: 12px;\"> salud\u00f3 que <\/span><a href=\"http:\/\/elcomercio.pe\/noticias\/keiko-fujimori\" style=\"font-family: Helvetica; font-size: 12px;\"><span class=\"s1\"><strong>Keiko Fujimori<\/strong><\/span><\/a><span style=\"color: #454545; font-family: Helvetica; font-size: 12px;\"> acuda este viernes a la Comisi\u00f3n <\/span><a href=\"http:\/\/elcomercio.pe\/noticias\/lava-jato\" style=\"font-family: Helvetica; font-size: 12px;\"><span class=\"s1\"><strong>Lava Jato<\/strong><\/span><\/a><span style=\"color: #454545; font-family: Helvetica; font-size: 12px;\">, tal como adelant\u00f3 la presidenta de este grupo parlamentario, la legisladora Rosa Bartra.<\/span><\/p>\n<p> p.p1 {margin: 0.0px 0.0px 0.0px 0.0px; font: 12.0px Helvetica; color: #454545} span.s1 {text-decoration: underline ; color: #e4af09} <\/p>\n<p class=\"p1\" style=\"text-align: justify;\">\u201cQue los partidos pol\u00edticos decidan, a trav\u00e9s de sus l\u00edderes, participar y dar respuesta a esa comisi\u00f3n tambi\u00e9n est\u00e1 dentro del marco de lo que corresponde dentro de nuestra Constituci\u00f3n\u201d, refiri\u00f3 la titular del Consejo de Ministros.<\/p>\n<p class=\"p1\" style=\"text-align: justify;\">\u00a0<\/p>\n<p class=\"p1\" style=\"text-align: justify;\">Cabe apuntar que la ex candidata presidencial fue citada para las 9:30 a.m. del viernes a fin de que responda en calidad de invitada a preguntas relacionadas con una anotaci\u00f3n en la agenda electr\u00f3nica de Marcelo Odebrecht: \u201cAumentar Keiko para 500 e eu fazer visita\u201d.<\/p>\n<p class=\"p1\" style=\"text-align: justify;\">\u00a0<\/p>\n<p class=\"p1\" style=\"text-align: justify;\">Asimismo, esa anotaci\u00f3n tambi\u00e9n ha sido considerada por el Ministerio P\u00fablico, espec\u00edficamente por la Fiscal\u00eda Supranacional Corporativa Especializada en Delitos de Lavado de Activos, como parte de la investigaci\u00f3n que implica a Keiko Fujimori.<\/p>\n<p class=\"p1\" style=\"text-align: justify;\">\u00a0<\/p>\n<p class=\"p1\" style=\"text-align: justify;\">\u201cMe parece bien que las fuerzas pol\u00edticas rindan informaci\u00f3n. Respetamos el fuero legislativo en su materia de fiscalizaci\u00f3n y control pol\u00edtico, no hay duda de que es parte de sus funciones\u201d, dijo tambi\u00e9n Ar\u00e1oz en conferencia de prensa tras la sesi\u00f3n del Consejo de Ministros.<\/p>\n<p> Adem\u00e1s, consider\u00f3 que en el caso del presidente Pedro Pablo Kuczynski (PPK), \u201cla propia Constituci\u00f3n le da una protecci\u00f3n especial\u201d. <\/p>\n<p> As\u00ed, reiter\u00f3 su defensa a la decisi\u00f3n del mandatario de responder solo por escrito a la Comisi\u00f3n Lava Jato y no recibirla en Palacio de Gobierno, pues \u2014 apunt\u00f3 la primera ministra\u2014 \u201chay que cuidar la figura presidencial m\u00e1s all\u00e1 de qui\u00e9n sea el presidente\u201d.<\/p>\n<p class=\"p1\" style=\"text-align: justify;\">\u00a0<\/p>\n<p class=\"p1\" style=\"text-align: justify;\">Fuente: <span style=\"text-decoration: underline;\"><em><strong>El Comercio.<\/strong><\/em><\/span><\/p>\n<p class=\"p1\" style=\"text-align: justify;\">\u00a0<\/p>\n<p class=\"p1\" style=\"text-align: justify;\"><img decoding=\"async\" src=\"https:\/\/img.elcomercio.pe\/files\/article_content_ec_fotos\/uploads\/2017\/10\/11\/59de9efd30e6e.jpeg\" border=\"0\" alt=\"Mercedes Ar\u00e1oz, Keiko Fujimori\" title=\"Mercedes Ar\u00e1oz, Keiko Fujimori\" style=\"box-sizing: border-box; width: 637px; display: inline; color: #333333; font-family: Georgia, &quot;Times New Roman&quot;, serif; font-size: 16px; text-align: start;\" \/><\/p>\n","protected":false},"excerpt":{"rendered":"<p>(Aeronoticias).&#8211;\u00a0La primera ministra Mercedes Ar\u00e1oz salud\u00f3 que Keiko Fujimori acuda este viernes a la Comisi\u00f3n Lava Jato, tal como adelant\u00f3 la presidenta de este grupo parlamentario, la legisladora Rosa Bartra. p.p1 {margin: 0.0px 0.0px 0.0px 0.0px; font: 12.0px Helvetica; color: #454545} span.s1 {text-decoration: underline ; color: #e4af09} \u201cQue los partidos pol\u00edticos decidan, a trav\u00e9s de [&hellip;]<\/p>\n","protected":false},"author":1,"featured_media":0,"comment_status":"open","ping_status":"open","sticky":false,"template":"","format":"standard","meta":{"tdm_status":"","tdm_grid_status":"","footnotes":""},"categories":[36],"tags":[],"class_list":{"0":"post-56958","1":"post","2":"type-post","3":"status-publish","4":"format-standard","6":"category-politica"},"yoast_head":"<!-- This site is optimized with the Yoast SEO plugin v25.1 - https:\/\/yoast.com\/wordpress\/plugins\/seo\/ -->\n<title>Mercedes Ar\u00e1oz: &#039;Hay que cuidar la figura presidencial&#039;<\/title>\n<meta name=\"description\" content=\"Portal de noticias del Per\u00fa sobre el transporte a\u00e9reo, aviaci\u00f3n, turismo, hoteleria, actualidad.\" \/>\n<meta name=\"robots\" content=\"index, follow, max-snippet:-1, max-image-preview:large, max-video-preview:-1\" \/>\n<link rel=\"canonical\" href=\"https:\/\/aeronoticias.com.pe\/noticiero\/politica\/mercedes-araoz-hay-que-cuidar-la-figura-presidencial\/\" \/>\n<meta property=\"og:locale\" content=\"es_ES\" \/>\n<meta property=\"og:type\" content=\"article\" \/>\n<meta property=\"og:title\" content=\"Mercedes Ar\u00e1oz: &#039;Hay que cuidar la figura presidencial&#039;\" \/>\n<meta property=\"og:description\" content=\"Portal de noticias del Per\u00fa sobre el transporte a\u00e9reo, aviaci\u00f3n, turismo, hoteleria, actualidad.\" \/>\n<meta property=\"og:url\" content=\"https:\/\/aeronoticias.com.pe\/noticiero\/politica\/mercedes-araoz-hay-que-cuidar-la-figura-presidencial\/\" \/>\n<meta property=\"og:site_name\" content=\"Aeronoticias.com.pe\" \/>\n<meta property=\"article:publisher\" content=\"https:\/\/www.facebook.com\/Aeronoticias.com.pe\/\" \/>\n<meta property=\"article:published_time\" content=\"2017-10-12T02:47:02+00:00\" \/>\n<meta property=\"og:image\" content=\"https:\/\/img.elcomercio.pe\/files\/article_content_ec_fotos\/uploads\/2017\/10\/11\/59de9efd30e6e.jpeg\" \/>\n<meta name=\"author\" content=\"Redacci\u00f3n Aeronoticias\" \/>\n<meta name=\"twitter:card\" content=\"summary_large_image\" \/>\n<meta name=\"twitter:creator\" content=\"@aeronoticias\" \/>\n<meta name=\"twitter:site\" content=\"@aeronoticias\" \/>\n<meta name=\"twitter:label1\" content=\"Escrito por\" \/>\n\t<meta name=\"twitter:data1\" content=\"Redacci\u00f3n Aeronoticias\" \/>\n\t<meta name=\"twitter:label2\" content=\"Tiempo de lectura\" \/>\n\t<meta name=\"twitter:data2\" content=\"2 minutos\" \/>\n<script type=\"application\/ld+json\" class=\"yoast-schema-graph\">{\"@context\":\"https:\/\/schema.org\",\"@graph\":[{\"@type\":\"WebPage\",\"@id\":\"https:\/\/aeronoticias.com.pe\/noticiero\/politica\/mercedes-araoz-hay-que-cuidar-la-figura-presidencial\/\",\"url\":\"https:\/\/aeronoticias.com.pe\/noticiero\/politica\/mercedes-araoz-hay-que-cuidar-la-figura-presidencial\/\",\"name\":\"Mercedes Ar\u00e1oz: 'Hay que cuidar la figura presidencial'\",\"isPartOf\":{\"@id\":\"https:\/\/aeronoticias.com.pe\/noticiero\/#website\"},\"primaryImageOfPage\":{\"@id\":\"https:\/\/aeronoticias.com.pe\/noticiero\/politica\/mercedes-araoz-hay-que-cuidar-la-figura-presidencial\/#primaryimage\"},\"image\":{\"@id\":\"https:\/\/aeronoticias.com.pe\/noticiero\/politica\/mercedes-araoz-hay-que-cuidar-la-figura-presidencial\/#primaryimage\"},\"thumbnailUrl\":\"https:\/\/img.elcomercio.pe\/files\/article_content_ec_fotos\/uploads\/2017\/10\/11\/59de9efd30e6e.jpeg\",\"datePublished\":\"2017-10-12T02:47:02+00:00\",\"author\":{\"@id\":\"https:\/\/aeronoticias.com.pe\/noticiero\/#\/schema\/person\/fc1e5d578f4b62ba1cf7ac2bba1170a0\"},\"description\":\"Portal de noticias del Per\u00fa sobre el transporte a\u00e9reo, aviaci\u00f3n, turismo, hoteleria, actualidad.\",\"breadcrumb\":{\"@id\":\"https:\/\/aeronoticias.com.pe\/noticiero\/politica\/mercedes-araoz-hay-que-cuidar-la-figura-presidencial\/#breadcrumb\"},\"inLanguage\":\"es\",\"potentialAction\":[{\"@type\":\"ReadAction\",\"target\":[\"https:\/\/aeronoticias.com.pe\/noticiero\/politica\/mercedes-araoz-hay-que-cuidar-la-figura-presidencial\/\"]}]},{\"@type\":\"ImageObject\",\"inLanguage\":\"es\",\"@id\":\"https:\/\/aeronoticias.com.pe\/noticiero\/politica\/mercedes-araoz-hay-que-cuidar-la-figura-presidencial\/#primaryimage\",\"url\":\"https:\/\/img.elcomercio.pe\/files\/article_content_ec_fotos\/uploads\/2017\/10\/11\/59de9efd30e6e.jpeg\",\"contentUrl\":\"https:\/\/img.elcomercio.pe\/files\/article_content_ec_fotos\/uploads\/2017\/10\/11\/59de9efd30e6e.jpeg\"},{\"@type\":\"BreadcrumbList\",\"@id\":\"https:\/\/aeronoticias.com.pe\/noticiero\/politica\/mercedes-araoz-hay-que-cuidar-la-figura-presidencial\/#breadcrumb\",\"itemListElement\":[{\"@type\":\"ListItem\",\"position\":1,\"name\":\"Portada\",\"item\":\"https:\/\/aeronoticias.com.pe\/noticiero\/\"},{\"@type\":\"ListItem\",\"position\":2,\"name\":\"Mercedes Ar\u00e1oz: &#8216;Hay que cuidar la figura presidencial&#8217;\"}]},{\"@type\":\"WebSite\",\"@id\":\"https:\/\/aeronoticias.com.pe\/noticiero\/#website\",\"url\":\"https:\/\/aeronoticias.com.pe\/noticiero\/\",\"name\":\"Aeronoticias.com.pe\",\"description\":\"Noticias de tranporte aereo, turismo, hoteles, gastronomia, actualidad, internacional\",\"potentialAction\":[{\"@type\":\"SearchAction\",\"target\":{\"@type\":\"EntryPoint\",\"urlTemplate\":\"https:\/\/aeronoticias.com.pe\/noticiero\/?s={search_term_string}\"},\"query-input\":{\"@type\":\"PropertyValueSpecification\",\"valueRequired\":true,\"valueName\":\"search_term_string\"}}],\"inLanguage\":\"es\"},{\"@type\":\"Person\",\"@id\":\"https:\/\/aeronoticias.com.pe\/noticiero\/#\/schema\/person\/fc1e5d578f4b62ba1cf7ac2bba1170a0\",\"name\":\"Redacci\u00f3n Aeronoticias\",\"url\":\"https:\/\/aeronoticias.com.pe\/noticiero\/author\/piloto\/\"}]}<\/script>\n<!-- \/ Yoast SEO plugin. -->","yoast_head_json":{"title":"Mercedes Ar\u00e1oz: 'Hay que cuidar la figura presidencial'","description":"Portal de noticias del Per\u00fa sobre el transporte a\u00e9reo, aviaci\u00f3n, turismo, hoteleria, actualidad.","robots":{"index":"index","follow":"follow","max-snippet":"max-snippet:-1","max-image-preview":"max-image-preview:large","max-video-preview":"max-video-preview:-1"},"canonical":"https:\/\/aeronoticias.com.pe\/noticiero\/politica\/mercedes-araoz-hay-que-cuidar-la-figura-presidencial\/","og_locale":"es_ES","og_type":"article","og_title":"Mercedes Ar\u00e1oz: 'Hay que cuidar la figura presidencial'","og_description":"Portal de noticias del Per\u00fa sobre el transporte a\u00e9reo, aviaci\u00f3n, turismo, hoteleria, actualidad.","og_url":"https:\/\/aeronoticias.com.pe\/noticiero\/politica\/mercedes-araoz-hay-que-cuidar-la-figura-presidencial\/","og_site_name":"Aeronoticias.com.pe","article_publisher":"https:\/\/www.facebook.com\/Aeronoticias.com.pe\/","article_published_time":"2017-10-12T02:47:02+00:00","og_image":[{"url":"https:\/\/img.elcomercio.pe\/files\/article_content_ec_fotos\/uploads\/2017\/10\/11\/59de9efd30e6e.jpeg","type":"","width":"","height":""}],"author":"Redacci\u00f3n Aeronoticias","twitter_card":"summary_large_image","twitter_creator":"@aeronoticias","twitter_site":"@aeronoticias","twitter_misc":{"Escrito por":"Redacci\u00f3n Aeronoticias","Tiempo de lectura":"2 minutos"},"schema":{"@context":"https:\/\/schema.org","@graph":[{"@type":"WebPage","@id":"https:\/\/aeronoticias.com.pe\/noticiero\/politica\/mercedes-araoz-hay-que-cuidar-la-figura-presidencial\/","url":"https:\/\/aeronoticias.com.pe\/noticiero\/politica\/mercedes-araoz-hay-que-cuidar-la-figura-presidencial\/","name":"Mercedes Ar\u00e1oz: 'Hay que cuidar la figura presidencial'","isPartOf":{"@id":"https:\/\/aeronoticias.com.pe\/noticiero\/#website"},"primaryImageOfPage":{"@id":"https:\/\/aeronoticias.com.pe\/noticiero\/politica\/mercedes-araoz-hay-que-cuidar-la-figura-presidencial\/#primaryimage"},"image":{"@id":"https:\/\/aeronoticias.com.pe\/noticiero\/politica\/mercedes-araoz-hay-que-cuidar-la-figura-presidencial\/#primaryimage"},"thumbnailUrl":"https:\/\/img.elcomercio.pe\/files\/article_content_ec_fotos\/uploads\/2017\/10\/11\/59de9efd30e6e.jpeg","datePublished":"2017-10-12T02:47:02+00:00","author":{"@id":"https:\/\/aeronoticias.com.pe\/noticiero\/#\/schema\/person\/fc1e5d578f4b62ba1cf7ac2bba1170a0"},"description":"Portal de noticias del Per\u00fa sobre el transporte a\u00e9reo, aviaci\u00f3n, turismo, hoteleria, actualidad.","breadcrumb":{"@id":"https:\/\/aeronoticias.com.pe\/noticiero\/politica\/mercedes-araoz-hay-que-cuidar-la-figura-presidencial\/#breadcrumb"},"inLanguage":"es","potentialAction":[{"@type":"ReadAction","target":["https:\/\/aeronoticias.com.pe\/noticiero\/politica\/mercedes-araoz-hay-que-cuidar-la-figura-presidencial\/"]}]},{"@type":"ImageObject","inLanguage":"es","@id":"https:\/\/aeronoticias.com.pe\/noticiero\/politica\/mercedes-araoz-hay-que-cuidar-la-figura-presidencial\/#primaryimage","url":"https:\/\/img.elcomercio.pe\/files\/article_content_ec_fotos\/uploads\/2017\/10\/11\/59de9efd30e6e.jpeg","contentUrl":"https:\/\/img.elcomercio.pe\/files\/article_content_ec_fotos\/uploads\/2017\/10\/11\/59de9efd30e6e.jpeg"},{"@type":"BreadcrumbList","@id":"https:\/\/aeronoticias.com.pe\/noticiero\/politica\/mercedes-araoz-hay-que-cuidar-la-figura-presidencial\/#breadcrumb","itemListElement":[{"@type":"ListItem","position":1,"name":"Portada","item":"https:\/\/aeronoticias.com.pe\/noticiero\/"},{"@type":"ListItem","position":2,"name":"Mercedes Ar\u00e1oz: &#8216;Hay que cuidar la figura presidencial&#8217;"}]},{"@type":"WebSite","@id":"https:\/\/aeronoticias.com.pe\/noticiero\/#website","url":"https:\/\/aeronoticias.com.pe\/noticiero\/","name":"Aeronoticias.com.pe","description":"Noticias de tranporte aereo, turismo, hoteles, gastronomia, actualidad, internacional","potentialAction":[{"@type":"SearchAction","target":{"@type":"EntryPoint","urlTemplate":"https:\/\/aeronoticias.com.pe\/noticiero\/?s={search_term_string}"},"query-input":{"@type":"PropertyValueSpecification","valueRequired":true,"valueName":"search_term_string"}}],"inLanguage":"es"},{"@type":"Person","@id":"https:\/\/aeronoticias.com.pe\/noticiero\/#\/schema\/person\/fc1e5d578f4b62ba1cf7ac2bba1170a0","name":"Redacci\u00f3n Aeronoticias","url":"https:\/\/aeronoticias.com.pe\/noticiero\/author\/piloto\/"}]}},"_links":{"self":[{"href":"https:\/\/aeronoticias.com.pe\/noticiero\/wp-json\/wp\/v2\/posts\/56958","targetHints":{"allow":["GET"]}}],"collection":[{"href":"https:\/\/aeronoticias.com.pe\/noticiero\/wp-json\/wp\/v2\/posts"}],"about":[{"href":"https:\/\/aeronoticias.com.pe\/noticiero\/wp-json\/wp\/v2\/types\/post"}],"author":[{"embeddable":true,"href":"https:\/\/aeronoticias.com.pe\/noticiero\/wp-json\/wp\/v2\/users\/1"}],"replies":[{"embeddable":true,"href":"https:\/\/aeronoticias.com.pe\/noticiero\/wp-json\/wp\/v2\/comments?post=56958"}],"version-history":[{"count":0,"href":"https:\/\/aeronoticias.com.pe\/noticiero\/wp-json\/wp\/v2\/posts\/56958\/revisions"}],"wp:attachment":[{"href":"https:\/\/aeronoticias.com.pe\/noticiero\/wp-json\/wp\/v2\/media?parent=56958"}],"wp:term":[{"taxonomy":"category","embeddable":true,"href":"https:\/\/aeronoticias.com.pe\/noticiero\/wp-json\/wp\/v2\/categories?post=56958"},{"taxonomy":"post_tag","embeddable":true,"href":"https:\/\/aeronoticias.com.pe\/noticiero\/wp-json\/wp\/v2\/tags?post=56958"}],"curies":[{"name":"wp","href":"https:\/\/api.w.org\/{rel}","templated":true}]}}