{"id":57073,"date":"2017-12-06T19:29:01","date_gmt":"2017-12-06T19:29:01","guid":{"rendered":"http:\/\/desarrollo.mcvicious.com\/aero2020\/2017\/12\/06\/delta-air-lines-pone-limites-a-las-maletas-inteligentes-por-cuestiones-de-seguridad\/"},"modified":"2017-12-06T19:29:01","modified_gmt":"2017-12-06T19:29:01","slug":"delta-air-lines-pone-limites-a-las-maletas-inteligentes-por-cuestiones-de-seguridad","status":"publish","type":"post","link":"https:\/\/aeronoticias.com.pe\/noticiero\/27\/delta-air-lines-pone-limites-a-las-maletas-inteligentes-por-cuestiones-de-seguridad\/","title":{"rendered":"Delta Air Lines pone l\u00edmites a las \u201cmaletas inteligentes\u201d por cuestiones de seguridad"},"content":{"rendered":"<p>\u00a0<\/p>\n<p>\u00a0<\/p>\n<p><img decoding=\"async\" src=\"images\/stories\/maletitas.jpg\" border=\"0\" \/><strong>(Aeronoticias)<\/strong> A partir del 15 de enero de 2018, Delta y Delta Connection ya no aceptar\u00e1n como equipaje facturado o equipaje de mano las denominadas \u201cmaletas inteligentes\u201d que contengan bater\u00edas de iones de litio debido al posible riesgo de sobrecalentamiento de esas poderosas bater\u00edas y al riesgo de incendio durante el vuelo. La seguridad de los pasajeros y empleados contin\u00faa siendo la prioridad principal de la aerol\u00ednea.<\/p>\n<p>Se permitir\u00e1 el uso de maletas inteligentes con bater\u00edas extra\u00edbles si la bater\u00eda puede ser extra\u00edda al momento de abordar para que el cliente pueda transportarla en la aeronave, una pol\u00edtica similar a la implementada por Delta en la actualidad que exige a los pasajeros transportar cualquier bater\u00eda de repuesto de iones de litio en su equipaje de mano.<\/p>\n<p>En el \u00faltimo a\u00f1o, las maletas inteligentes se han vuelto muy populares y, por lo general, incluyen bater\u00edas de iones de litio para activar aplicaciones como localizadores GPS y Bluetooth, b\u00e1sculas de peso que evitan el sobrepeso, puertos USB para cargar dispositivos personales y motores para impulsar la maleta.<\/p>\n<p>En 2015, por razones similares, Delta prohibi\u00f3 el uso de los hoverboards (patinetas electr\u00f3nicas) y otros dispositivos personales de transportecon auto-equilibrio operados con bater\u00edas. Como en el caso de la prohibici\u00f3n de los hoverboards, otras aerol\u00edneas, incluyendo American Airlines, tambi\u00e9n han implementado la prohibici\u00f3n de las maletas inteligentes. Adem\u00e1s, la Asociaci\u00f3n Internacional de Transporte A\u00e9reo (IATA, por sus siglas en ingl\u00e9s), ha establecido lineamientos sobre las restricciones para el transporte de las maletas inteligentes a bordo.<\/p>\n<p>Muchos fabricantes de maletas inteligentes publicitan sus productos como si hubieran sido aprobados por la Administraci\u00f3n Federal de Aviaci\u00f3n (FAA, por sus siglas en ingl\u00e9s) o la Administraci\u00f3n de Seguridad en el Transporte (TSA, por sus siglas en ingl\u00e9s), lo que podr\u00eda darle a los pasajeros la falsa impresi\u00f3n de que todas las maletas inteligentes son aceptadas para su transporte. A la fecha, ni la TSA, ni la FAA han avalado ninguna maleta inteligente.<\/p>\n<p>Con la proliferaci\u00f3n del uso de las poderosas bater\u00edas de iones de litio en los dispositivos y como consecuencia de los notorios casos de sobrecalentamiento de tel\u00e9fonos inteligentes y otros dispositivos en vuelo, el a\u00f1o pasado Delta equip\u00f3 todas sus aeronaves y los jets regionales operados por sus socios Delta Connection con bolsas de contenci\u00f3n dentro de la cabina para el caso de que un dispositivo operado con bater\u00eda de iones de litio experimente una fuga t\u00e9rmica o incendio a bordo.<\/p>\n<p><em><strong>Fuente:\u00a0http:\/\/aviacionaldia.com\/2017\/12\/delta-air-lines-pone-limites-a-las-maletas-inteligentes-por-cuestiones-de-seguridad.html<\/strong><\/em><\/p>\n","protected":false},"excerpt":{"rendered":"<p>\u00a0 \u00a0 (Aeronoticias) A partir del 15 de enero de 2018, Delta y Delta Connection ya no aceptar\u00e1n como equipaje facturado o equipaje de mano las denominadas \u201cmaletas inteligentes\u201d que contengan bater\u00edas de iones de litio debido al posible riesgo de sobrecalentamiento de esas poderosas bater\u00edas y al riesgo de incendio durante el vuelo. La [&hellip;]<\/p>\n","protected":false},"author":1,"featured_media":0,"comment_status":"open","ping_status":"open","sticky":false,"template":"","format":"standard","meta":{"tdm_status":"","tdm_grid_status":"","footnotes":""},"categories":[35],"tags":[],"class_list":{"0":"post-57073","1":"post","2":"type-post","3":"status-publish","4":"format-standard","6":"category-35"},"yoast_head":"<!-- This site is optimized with the Yoast SEO plugin v25.1 - https:\/\/yoast.com\/wordpress\/plugins\/seo\/ -->\n<title>Delta Air Lines pone l\u00edmites a las \u201cmaletas inteligentes\u201d por cuestiones de seguridad<\/title>\n<meta name=\"description\" content=\"Portal de noticias del Per\u00fa sobre el transporte a\u00e9reo, aviaci\u00f3n, turismo, hoteleria, actualidad.\" \/>\n<meta name=\"robots\" content=\"index, follow, max-snippet:-1, max-image-preview:large, max-video-preview:-1\" \/>\n<link rel=\"canonical\" href=\"https:\/\/aeronoticias.com.pe\/noticiero\/27\/delta-air-lines-pone-limites-a-las-maletas-inteligentes-por-cuestiones-de-seguridad\/\" \/>\n<meta property=\"og:locale\" content=\"es_ES\" \/>\n<meta property=\"og:type\" content=\"article\" \/>\n<meta property=\"og:title\" content=\"Delta Air Lines pone l\u00edmites a las \u201cmaletas inteligentes\u201d por cuestiones de seguridad\" \/>\n<meta property=\"og:description\" content=\"Portal de noticias del Per\u00fa sobre el transporte a\u00e9reo, aviaci\u00f3n, turismo, hoteleria, actualidad.\" \/>\n<meta property=\"og:url\" content=\"https:\/\/aeronoticias.com.pe\/noticiero\/27\/delta-air-lines-pone-limites-a-las-maletas-inteligentes-por-cuestiones-de-seguridad\/\" \/>\n<meta property=\"og:site_name\" content=\"Aeronoticias.com.pe\" \/>\n<meta property=\"article:publisher\" content=\"https:\/\/www.facebook.com\/Aeronoticias.com.pe\/\" \/>\n<meta property=\"article:published_time\" content=\"2017-12-06T19:29:01+00:00\" \/>\n<meta name=\"author\" content=\"Redacci\u00f3n Aeronoticias\" \/>\n<meta name=\"twitter:card\" content=\"summary_large_image\" \/>\n<meta name=\"twitter:creator\" content=\"@aeronoticias\" \/>\n<meta name=\"twitter:site\" content=\"@aeronoticias\" \/>\n<meta name=\"twitter:label1\" content=\"Escrito por\" \/>\n\t<meta name=\"twitter:data1\" content=\"Redacci\u00f3n Aeronoticias\" \/>\n\t<meta name=\"twitter:label2\" content=\"Tiempo de lectura\" \/>\n\t<meta name=\"twitter:data2\" content=\"2 minutos\" \/>\n<script type=\"application\/ld+json\" class=\"yoast-schema-graph\">{\"@context\":\"https:\/\/schema.org\",\"@graph\":[{\"@type\":\"WebPage\",\"@id\":\"https:\/\/aeronoticias.com.pe\/noticiero\/27\/delta-air-lines-pone-limites-a-las-maletas-inteligentes-por-cuestiones-de-seguridad\/\",\"url\":\"https:\/\/aeronoticias.com.pe\/noticiero\/27\/delta-air-lines-pone-limites-a-las-maletas-inteligentes-por-cuestiones-de-seguridad\/\",\"name\":\"Delta Air Lines pone l\u00edmites a las \u201cmaletas inteligentes\u201d por cuestiones de seguridad\",\"isPartOf\":{\"@id\":\"https:\/\/aeronoticias.com.pe\/noticiero\/#website\"},\"datePublished\":\"2017-12-06T19:29:01+00:00\",\"author\":{\"@id\":\"https:\/\/aeronoticias.com.pe\/noticiero\/#\/schema\/person\/fc1e5d578f4b62ba1cf7ac2bba1170a0\"},\"description\":\"Portal de noticias del Per\u00fa sobre el transporte a\u00e9reo, aviaci\u00f3n, turismo, hoteleria, actualidad.\",\"breadcrumb\":{\"@id\":\"https:\/\/aeronoticias.com.pe\/noticiero\/27\/delta-air-lines-pone-limites-a-las-maletas-inteligentes-por-cuestiones-de-seguridad\/#breadcrumb\"},\"inLanguage\":\"es\",\"potentialAction\":[{\"@type\":\"ReadAction\",\"target\":[\"https:\/\/aeronoticias.com.pe\/noticiero\/27\/delta-air-lines-pone-limites-a-las-maletas-inteligentes-por-cuestiones-de-seguridad\/\"]}]},{\"@type\":\"BreadcrumbList\",\"@id\":\"https:\/\/aeronoticias.com.pe\/noticiero\/27\/delta-air-lines-pone-limites-a-las-maletas-inteligentes-por-cuestiones-de-seguridad\/#breadcrumb\",\"itemListElement\":[{\"@type\":\"ListItem\",\"position\":1,\"name\":\"Portada\",\"item\":\"https:\/\/aeronoticias.com.pe\/noticiero\/\"},{\"@type\":\"ListItem\",\"position\":2,\"name\":\"Delta Air Lines pone l\u00edmites a las \u201cmaletas inteligentes\u201d por cuestiones de seguridad\"}]},{\"@type\":\"WebSite\",\"@id\":\"https:\/\/aeronoticias.com.pe\/noticiero\/#website\",\"url\":\"https:\/\/aeronoticias.com.pe\/noticiero\/\",\"name\":\"Aeronoticias.com.pe\",\"description\":\"Noticias de tranporte aereo, turismo, hoteles, gastronomia, actualidad, internacional\",\"potentialAction\":[{\"@type\":\"SearchAction\",\"target\":{\"@type\":\"EntryPoint\",\"urlTemplate\":\"https:\/\/aeronoticias.com.pe\/noticiero\/?s={search_term_string}\"},\"query-input\":{\"@type\":\"PropertyValueSpecification\",\"valueRequired\":true,\"valueName\":\"search_term_string\"}}],\"inLanguage\":\"es\"},{\"@type\":\"Person\",\"@id\":\"https:\/\/aeronoticias.com.pe\/noticiero\/#\/schema\/person\/fc1e5d578f4b62ba1cf7ac2bba1170a0\",\"name\":\"Redacci\u00f3n Aeronoticias\",\"url\":\"https:\/\/aeronoticias.com.pe\/noticiero\/author\/piloto\/\"}]}<\/script>\n<!-- \/ Yoast SEO plugin. -->","yoast_head_json":{"title":"Delta Air Lines pone l\u00edmites a las \u201cmaletas inteligentes\u201d por cuestiones de seguridad","description":"Portal de noticias del Per\u00fa sobre el transporte a\u00e9reo, aviaci\u00f3n, turismo, hoteleria, actualidad.","robots":{"index":"index","follow":"follow","max-snippet":"max-snippet:-1","max-image-preview":"max-image-preview:large","max-video-preview":"max-video-preview:-1"},"canonical":"https:\/\/aeronoticias.com.pe\/noticiero\/27\/delta-air-lines-pone-limites-a-las-maletas-inteligentes-por-cuestiones-de-seguridad\/","og_locale":"es_ES","og_type":"article","og_title":"Delta Air Lines pone l\u00edmites a las \u201cmaletas inteligentes\u201d por cuestiones de seguridad","og_description":"Portal de noticias del Per\u00fa sobre el transporte a\u00e9reo, aviaci\u00f3n, turismo, hoteleria, actualidad.","og_url":"https:\/\/aeronoticias.com.pe\/noticiero\/27\/delta-air-lines-pone-limites-a-las-maletas-inteligentes-por-cuestiones-de-seguridad\/","og_site_name":"Aeronoticias.com.pe","article_publisher":"https:\/\/www.facebook.com\/Aeronoticias.com.pe\/","article_published_time":"2017-12-06T19:29:01+00:00","author":"Redacci\u00f3n Aeronoticias","twitter_card":"summary_large_image","twitter_creator":"@aeronoticias","twitter_site":"@aeronoticias","twitter_misc":{"Escrito por":"Redacci\u00f3n Aeronoticias","Tiempo de lectura":"2 minutos"},"schema":{"@context":"https:\/\/schema.org","@graph":[{"@type":"WebPage","@id":"https:\/\/aeronoticias.com.pe\/noticiero\/27\/delta-air-lines-pone-limites-a-las-maletas-inteligentes-por-cuestiones-de-seguridad\/","url":"https:\/\/aeronoticias.com.pe\/noticiero\/27\/delta-air-lines-pone-limites-a-las-maletas-inteligentes-por-cuestiones-de-seguridad\/","name":"Delta Air Lines pone l\u00edmites a las \u201cmaletas inteligentes\u201d por cuestiones de seguridad","isPartOf":{"@id":"https:\/\/aeronoticias.com.pe\/noticiero\/#website"},"datePublished":"2017-12-06T19:29:01+00:00","author":{"@id":"https:\/\/aeronoticias.com.pe\/noticiero\/#\/schema\/person\/fc1e5d578f4b62ba1cf7ac2bba1170a0"},"description":"Portal de noticias del Per\u00fa sobre el transporte a\u00e9reo, aviaci\u00f3n, turismo, hoteleria, actualidad.","breadcrumb":{"@id":"https:\/\/aeronoticias.com.pe\/noticiero\/27\/delta-air-lines-pone-limites-a-las-maletas-inteligentes-por-cuestiones-de-seguridad\/#breadcrumb"},"inLanguage":"es","potentialAction":[{"@type":"ReadAction","target":["https:\/\/aeronoticias.com.pe\/noticiero\/27\/delta-air-lines-pone-limites-a-las-maletas-inteligentes-por-cuestiones-de-seguridad\/"]}]},{"@type":"BreadcrumbList","@id":"https:\/\/aeronoticias.com.pe\/noticiero\/27\/delta-air-lines-pone-limites-a-las-maletas-inteligentes-por-cuestiones-de-seguridad\/#breadcrumb","itemListElement":[{"@type":"ListItem","position":1,"name":"Portada","item":"https:\/\/aeronoticias.com.pe\/noticiero\/"},{"@type":"ListItem","position":2,"name":"Delta Air Lines pone l\u00edmites a las \u201cmaletas inteligentes\u201d por cuestiones de seguridad"}]},{"@type":"WebSite","@id":"https:\/\/aeronoticias.com.pe\/noticiero\/#website","url":"https:\/\/aeronoticias.com.pe\/noticiero\/","name":"Aeronoticias.com.pe","description":"Noticias de tranporte aereo, turismo, hoteles, gastronomia, actualidad, internacional","potentialAction":[{"@type":"SearchAction","target":{"@type":"EntryPoint","urlTemplate":"https:\/\/aeronoticias.com.pe\/noticiero\/?s={search_term_string}"},"query-input":{"@type":"PropertyValueSpecification","valueRequired":true,"valueName":"search_term_string"}}],"inLanguage":"es"},{"@type":"Person","@id":"https:\/\/aeronoticias.com.pe\/noticiero\/#\/schema\/person\/fc1e5d578f4b62ba1cf7ac2bba1170a0","name":"Redacci\u00f3n Aeronoticias","url":"https:\/\/aeronoticias.com.pe\/noticiero\/author\/piloto\/"}]}},"_links":{"self":[{"href":"https:\/\/aeronoticias.com.pe\/noticiero\/wp-json\/wp\/v2\/posts\/57073","targetHints":{"allow":["GET"]}}],"collection":[{"href":"https:\/\/aeronoticias.com.pe\/noticiero\/wp-json\/wp\/v2\/posts"}],"about":[{"href":"https:\/\/aeronoticias.com.pe\/noticiero\/wp-json\/wp\/v2\/types\/post"}],"author":[{"embeddable":true,"href":"https:\/\/aeronoticias.com.pe\/noticiero\/wp-json\/wp\/v2\/users\/1"}],"replies":[{"embeddable":true,"href":"https:\/\/aeronoticias.com.pe\/noticiero\/wp-json\/wp\/v2\/comments?post=57073"}],"version-history":[{"count":0,"href":"https:\/\/aeronoticias.com.pe\/noticiero\/wp-json\/wp\/v2\/posts\/57073\/revisions"}],"wp:attachment":[{"href":"https:\/\/aeronoticias.com.pe\/noticiero\/wp-json\/wp\/v2\/media?parent=57073"}],"wp:term":[{"taxonomy":"category","embeddable":true,"href":"https:\/\/aeronoticias.com.pe\/noticiero\/wp-json\/wp\/v2\/categories?post=57073"},{"taxonomy":"post_tag","embeddable":true,"href":"https:\/\/aeronoticias.com.pe\/noticiero\/wp-json\/wp\/v2\/tags?post=57073"}],"curies":[{"name":"wp","href":"https:\/\/api.w.org\/{rel}","templated":true}]}}