{"id":57075,"date":"2017-12-06T20:13:26","date_gmt":"2017-12-06T20:13:26","guid":{"rendered":"http:\/\/desarrollo.mcvicious.com\/aero2020\/2017\/12\/06\/finnair-renovara-su-clase-business-para-2018\/"},"modified":"2017-12-06T20:13:26","modified_gmt":"2017-12-06T20:13:26","slug":"finnair-renovara-su-clase-business-para-2018","status":"publish","type":"post","link":"https:\/\/aeronoticias.com.pe\/noticiero\/turismo\/13\/finnair-renovara-su-clase-business-para-2018\/","title":{"rendered":"Finnair renovar\u00e1 su clase \u2018business\u2019 para 2018"},"content":{"rendered":"<p>\u00a0<\/p>\n<p><img decoding=\"async\" src=\"images\/stories\/asiento.jpg\" border=\"0\" \/><\/p>\n<p><strong>(Aeronoticias)<\/strong> Finnair ha renovado su clase \u2018business\u2019 con un nuevo concepto de servicio personalizado con m\u00e1s elementos n\u00f3rdicos e incorporando nuevos elementos de la firma de dise\u00f1o finlandesa Marimekko, inform\u00f3 la aerol\u00ednea en un comunicado.<\/p>\n<p>El nuevo servicio comenzar\u00e1 a partir del 7 de febrero de 2018, inicialmente en los vuelos a Se\u00fal, Tokio y Shanghai, para ampliarse al resto de destinos de larga distancia de la compa\u00f1\u00eda a\u00e9rea durante la primavera y el verano.<\/p>\n<p>Inspirado en el dise\u00f1o n\u00f3rdico y los elementos puros de la naturaleza de Finlandia, el nuevo concepto de servicio en clase \u2018business\u2019 de Finnair ofrecer\u00e1 una gama m\u00e1s amplia de opciones gastron\u00f3micas y una mayor selecci\u00f3n de vinos, servidos seg\u00fan la demanda de cada pasajero, en el momento que se prefiera, del mismo modo que se puede disfrutar en un restaurante.<\/p>\n<p><span style=\"font-size: 12.16px;\">TRADICI\u00d3N FINLANDESA<\/span><\/p>\n<p>Como parte de su nuevo concepto, Finnair tambi\u00e9n introducir\u00e1 en la clase \u2018business\u2019 la cl\u00e1sica tradici\u00f3n finlandesa \u2018Kahvikutsut\u2019, un servicio especial de caf\u00e9 acompa\u00f1ado de siete delicias distintas para los vuelos de larga distancia con salida en Asia a primeras horas de la ma\u00f1ana.<\/p>\n<p>De esta manera, los pasajeros podr\u00e1n degustar tradiciones finlandesas como los pasteles de Karelia, los panecillos de canela o el pastel de caf\u00e9 entre los dos servicios de comidas.<\/p>\n<p>Adem\u00e1s, la firma finlandesa de dise\u00f1o Marimekko mostrar\u00e1 nuevos dise\u00f1os a bordo de los A350 de Finnair. Durante 2018, los aviones lucir\u00e1n nuevos asientos con estampados dise\u00f1ados por Marimekko, as\u00ed como renovados textiles, almohadas y vajillas.<\/p>\n<p><em><strong>Fuente:\u00a0http:\/\/aviacionaldia.com\/2017\/12\/finnair-renovara-su-clase-business-para-2018.html<\/strong><\/em><\/p>\n","protected":false},"excerpt":{"rendered":"<p>\u00a0 (Aeronoticias) Finnair ha renovado su clase \u2018business\u2019 con un nuevo concepto de servicio personalizado con m\u00e1s elementos n\u00f3rdicos e incorporando nuevos elementos de la firma de dise\u00f1o finlandesa Marimekko, inform\u00f3 la aerol\u00ednea en un comunicado. El nuevo servicio comenzar\u00e1 a partir del 7 de febrero de 2018, inicialmente en los vuelos a Se\u00fal, Tokio [&hellip;]<\/p>\n","protected":false},"author":1,"featured_media":0,"comment_status":"open","ping_status":"open","sticky":false,"template":"","format":"standard","meta":{"tdm_status":"","tdm_grid_status":"","footnotes":""},"categories":[31],"tags":[],"class_list":{"0":"post-57075","1":"post","2":"type-post","3":"status-publish","4":"format-standard","6":"category-31"},"yoast_head":"<!-- This site is optimized with the Yoast SEO plugin v25.1 - https:\/\/yoast.com\/wordpress\/plugins\/seo\/ -->\n<title>Finnair renovar\u00e1 su clase \u2018business\u2019 para 2018<\/title>\n<meta name=\"description\" content=\"Portal de noticias del Per\u00fa sobre el transporte a\u00e9reo, aviaci\u00f3n, turismo, hoteleria, actualidad.\" \/>\n<meta name=\"robots\" content=\"index, follow, max-snippet:-1, max-image-preview:large, max-video-preview:-1\" \/>\n<link rel=\"canonical\" href=\"https:\/\/aeronoticias.com.pe\/noticiero\/turismo\/13\/finnair-renovara-su-clase-business-para-2018\/\" \/>\n<meta property=\"og:locale\" content=\"es_ES\" \/>\n<meta property=\"og:type\" content=\"article\" \/>\n<meta property=\"og:title\" content=\"Finnair renovar\u00e1 su clase \u2018business\u2019 para 2018\" \/>\n<meta property=\"og:description\" content=\"Portal de noticias del Per\u00fa sobre el transporte a\u00e9reo, aviaci\u00f3n, turismo, hoteleria, actualidad.\" \/>\n<meta property=\"og:url\" content=\"https:\/\/aeronoticias.com.pe\/noticiero\/turismo\/13\/finnair-renovara-su-clase-business-para-2018\/\" \/>\n<meta property=\"og:site_name\" content=\"Aeronoticias.com.pe\" \/>\n<meta property=\"article:publisher\" content=\"https:\/\/www.facebook.com\/Aeronoticias.com.pe\/\" \/>\n<meta property=\"article:published_time\" content=\"2017-12-06T20:13:26+00:00\" \/>\n<meta name=\"author\" content=\"Redacci\u00f3n Aeronoticias\" \/>\n<meta name=\"twitter:card\" content=\"summary_large_image\" \/>\n<meta name=\"twitter:creator\" content=\"@aeronoticias\" \/>\n<meta name=\"twitter:site\" content=\"@aeronoticias\" \/>\n<meta name=\"twitter:label1\" content=\"Escrito por\" \/>\n\t<meta name=\"twitter:data1\" content=\"Redacci\u00f3n Aeronoticias\" \/>\n\t<meta name=\"twitter:label2\" content=\"Tiempo de lectura\" \/>\n\t<meta name=\"twitter:data2\" content=\"1 minuto\" \/>\n<script type=\"application\/ld+json\" class=\"yoast-schema-graph\">{\"@context\":\"https:\/\/schema.org\",\"@graph\":[{\"@type\":\"WebPage\",\"@id\":\"https:\/\/aeronoticias.com.pe\/noticiero\/turismo\/13\/finnair-renovara-su-clase-business-para-2018\/\",\"url\":\"https:\/\/aeronoticias.com.pe\/noticiero\/turismo\/13\/finnair-renovara-su-clase-business-para-2018\/\",\"name\":\"Finnair renovar\u00e1 su clase \u2018business\u2019 para 2018\",\"isPartOf\":{\"@id\":\"https:\/\/aeronoticias.com.pe\/noticiero\/#website\"},\"datePublished\":\"2017-12-06T20:13:26+00:00\",\"author\":{\"@id\":\"https:\/\/aeronoticias.com.pe\/noticiero\/#\/schema\/person\/fc1e5d578f4b62ba1cf7ac2bba1170a0\"},\"description\":\"Portal de noticias del Per\u00fa sobre el transporte a\u00e9reo, aviaci\u00f3n, turismo, hoteleria, actualidad.\",\"breadcrumb\":{\"@id\":\"https:\/\/aeronoticias.com.pe\/noticiero\/turismo\/13\/finnair-renovara-su-clase-business-para-2018\/#breadcrumb\"},\"inLanguage\":\"es\",\"potentialAction\":[{\"@type\":\"ReadAction\",\"target\":[\"https:\/\/aeronoticias.com.pe\/noticiero\/turismo\/13\/finnair-renovara-su-clase-business-para-2018\/\"]}]},{\"@type\":\"BreadcrumbList\",\"@id\":\"https:\/\/aeronoticias.com.pe\/noticiero\/turismo\/13\/finnair-renovara-su-clase-business-para-2018\/#breadcrumb\",\"itemListElement\":[{\"@type\":\"ListItem\",\"position\":1,\"name\":\"Portada\",\"item\":\"https:\/\/aeronoticias.com.pe\/noticiero\/\"},{\"@type\":\"ListItem\",\"position\":2,\"name\":\"Finnair renovar\u00e1 su clase \u2018business\u2019 para 2018\"}]},{\"@type\":\"WebSite\",\"@id\":\"https:\/\/aeronoticias.com.pe\/noticiero\/#website\",\"url\":\"https:\/\/aeronoticias.com.pe\/noticiero\/\",\"name\":\"Aeronoticias.com.pe\",\"description\":\"Noticias de tranporte aereo, turismo, hoteles, gastronomia, actualidad, internacional\",\"potentialAction\":[{\"@type\":\"SearchAction\",\"target\":{\"@type\":\"EntryPoint\",\"urlTemplate\":\"https:\/\/aeronoticias.com.pe\/noticiero\/?s={search_term_string}\"},\"query-input\":{\"@type\":\"PropertyValueSpecification\",\"valueRequired\":true,\"valueName\":\"search_term_string\"}}],\"inLanguage\":\"es\"},{\"@type\":\"Person\",\"@id\":\"https:\/\/aeronoticias.com.pe\/noticiero\/#\/schema\/person\/fc1e5d578f4b62ba1cf7ac2bba1170a0\",\"name\":\"Redacci\u00f3n Aeronoticias\",\"url\":\"https:\/\/aeronoticias.com.pe\/noticiero\/author\/piloto\/\"}]}<\/script>\n<!-- \/ Yoast SEO plugin. -->","yoast_head_json":{"title":"Finnair renovar\u00e1 su clase \u2018business\u2019 para 2018","description":"Portal de noticias del Per\u00fa sobre el transporte a\u00e9reo, aviaci\u00f3n, turismo, hoteleria, actualidad.","robots":{"index":"index","follow":"follow","max-snippet":"max-snippet:-1","max-image-preview":"max-image-preview:large","max-video-preview":"max-video-preview:-1"},"canonical":"https:\/\/aeronoticias.com.pe\/noticiero\/turismo\/13\/finnair-renovara-su-clase-business-para-2018\/","og_locale":"es_ES","og_type":"article","og_title":"Finnair renovar\u00e1 su clase \u2018business\u2019 para 2018","og_description":"Portal de noticias del Per\u00fa sobre el transporte a\u00e9reo, aviaci\u00f3n, turismo, hoteleria, actualidad.","og_url":"https:\/\/aeronoticias.com.pe\/noticiero\/turismo\/13\/finnair-renovara-su-clase-business-para-2018\/","og_site_name":"Aeronoticias.com.pe","article_publisher":"https:\/\/www.facebook.com\/Aeronoticias.com.pe\/","article_published_time":"2017-12-06T20:13:26+00:00","author":"Redacci\u00f3n Aeronoticias","twitter_card":"summary_large_image","twitter_creator":"@aeronoticias","twitter_site":"@aeronoticias","twitter_misc":{"Escrito por":"Redacci\u00f3n Aeronoticias","Tiempo de lectura":"1 minuto"},"schema":{"@context":"https:\/\/schema.org","@graph":[{"@type":"WebPage","@id":"https:\/\/aeronoticias.com.pe\/noticiero\/turismo\/13\/finnair-renovara-su-clase-business-para-2018\/","url":"https:\/\/aeronoticias.com.pe\/noticiero\/turismo\/13\/finnair-renovara-su-clase-business-para-2018\/","name":"Finnair renovar\u00e1 su clase \u2018business\u2019 para 2018","isPartOf":{"@id":"https:\/\/aeronoticias.com.pe\/noticiero\/#website"},"datePublished":"2017-12-06T20:13:26+00:00","author":{"@id":"https:\/\/aeronoticias.com.pe\/noticiero\/#\/schema\/person\/fc1e5d578f4b62ba1cf7ac2bba1170a0"},"description":"Portal de noticias del Per\u00fa sobre el transporte a\u00e9reo, aviaci\u00f3n, turismo, hoteleria, actualidad.","breadcrumb":{"@id":"https:\/\/aeronoticias.com.pe\/noticiero\/turismo\/13\/finnair-renovara-su-clase-business-para-2018\/#breadcrumb"},"inLanguage":"es","potentialAction":[{"@type":"ReadAction","target":["https:\/\/aeronoticias.com.pe\/noticiero\/turismo\/13\/finnair-renovara-su-clase-business-para-2018\/"]}]},{"@type":"BreadcrumbList","@id":"https:\/\/aeronoticias.com.pe\/noticiero\/turismo\/13\/finnair-renovara-su-clase-business-para-2018\/#breadcrumb","itemListElement":[{"@type":"ListItem","position":1,"name":"Portada","item":"https:\/\/aeronoticias.com.pe\/noticiero\/"},{"@type":"ListItem","position":2,"name":"Finnair renovar\u00e1 su clase \u2018business\u2019 para 2018"}]},{"@type":"WebSite","@id":"https:\/\/aeronoticias.com.pe\/noticiero\/#website","url":"https:\/\/aeronoticias.com.pe\/noticiero\/","name":"Aeronoticias.com.pe","description":"Noticias de tranporte aereo, turismo, hoteles, gastronomia, actualidad, internacional","potentialAction":[{"@type":"SearchAction","target":{"@type":"EntryPoint","urlTemplate":"https:\/\/aeronoticias.com.pe\/noticiero\/?s={search_term_string}"},"query-input":{"@type":"PropertyValueSpecification","valueRequired":true,"valueName":"search_term_string"}}],"inLanguage":"es"},{"@type":"Person","@id":"https:\/\/aeronoticias.com.pe\/noticiero\/#\/schema\/person\/fc1e5d578f4b62ba1cf7ac2bba1170a0","name":"Redacci\u00f3n Aeronoticias","url":"https:\/\/aeronoticias.com.pe\/noticiero\/author\/piloto\/"}]}},"_links":{"self":[{"href":"https:\/\/aeronoticias.com.pe\/noticiero\/wp-json\/wp\/v2\/posts\/57075","targetHints":{"allow":["GET"]}}],"collection":[{"href":"https:\/\/aeronoticias.com.pe\/noticiero\/wp-json\/wp\/v2\/posts"}],"about":[{"href":"https:\/\/aeronoticias.com.pe\/noticiero\/wp-json\/wp\/v2\/types\/post"}],"author":[{"embeddable":true,"href":"https:\/\/aeronoticias.com.pe\/noticiero\/wp-json\/wp\/v2\/users\/1"}],"replies":[{"embeddable":true,"href":"https:\/\/aeronoticias.com.pe\/noticiero\/wp-json\/wp\/v2\/comments?post=57075"}],"version-history":[{"count":0,"href":"https:\/\/aeronoticias.com.pe\/noticiero\/wp-json\/wp\/v2\/posts\/57075\/revisions"}],"wp:attachment":[{"href":"https:\/\/aeronoticias.com.pe\/noticiero\/wp-json\/wp\/v2\/media?parent=57075"}],"wp:term":[{"taxonomy":"category","embeddable":true,"href":"https:\/\/aeronoticias.com.pe\/noticiero\/wp-json\/wp\/v2\/categories?post=57075"},{"taxonomy":"post_tag","embeddable":true,"href":"https:\/\/aeronoticias.com.pe\/noticiero\/wp-json\/wp\/v2\/tags?post=57075"}],"curies":[{"name":"wp","href":"https:\/\/api.w.org\/{rel}","templated":true}]}}