{"id":57076,"date":"2017-12-06T20:28:45","date_gmt":"2017-12-06T20:28:45","guid":{"rendered":"http:\/\/desarrollo.mcvicious.com\/aero2020\/2017\/12\/06\/argentina-la-nueva-low-cost-flybondi-presento-su-primer-avion-y-empezara-a-volar-en-enero\/"},"modified":"2017-12-06T20:28:45","modified_gmt":"2017-12-06T20:28:45","slug":"argentina-la-nueva-low-cost-flybondi-presento-su-primer-avion-y-empezara-a-volar-en-enero","status":"publish","type":"post","link":"https:\/\/aeronoticias.com.pe\/noticiero\/transporte-aereo\/internacional\/argentina-la-nueva-low-cost-flybondi-presento-su-primer-avion-y-empezara-a-volar-en-enero\/","title":{"rendered":"Argentina: La nueva low cost Flybondi present\u00f3 su primer avi\u00f3n y empezar\u00e1 a volar en enero"},"content":{"rendered":"<p><img decoding=\"async\" src=\"images\/stories\/flybondi.jpg\" border=\"0\" \/><\/p>\n<p><strong>(Aeronoticias)<\/strong> Flybondi present\u00f3 este martes en el Aeroparque de Buenos Aires el primer avi\u00f3n Boeing 737-800, con el que iniciar\u00e1 en los primeros d\u00edas de enero sus vuelos regulares en Argentina, public\u00f3 La Naci\u00f3n.<\/p>\n<p>La empresa, que recibi\u00f3 hace diez meses la autorizaci\u00f3n de parte del Ministerio de Transporte de la Naci\u00f3n para explotar 43 rutas dom\u00e9sticas y regionales, comenzar\u00e1 a prestar servicio el 3 de enero pr\u00f3ximo desde la ciudad de C\u00f3rdoba con destino a Mendoza, Bariloche e Iguaz\u00fa.<\/p>\n<p>Adem\u00e1s, para fines del mismo mes est\u00e1 previsto que comience a operar desde El Palomar, en Buenos Aires, seg\u00fan anticip\u00f3 el CEO de la empresa, Julian Cook.<\/p>\n<p>\u201cNuestro plan es hacer algunos vuelos comerciales y promocionales este mes para largar la operaci\u00f3n el 3 de enero desde C\u00f3rdoba\u201d, dijo Cook a los medios de prensa que cubrieron este mediod\u00eda la presentaci\u00f3n de la aeronave.<\/p>\n<p>El primer Boeing 737-800 de la empresa recibi\u00f3 su bautismo en una ceremonia que cont\u00f3 con un cura, un rabino y un im\u00e1n, y recibi\u00f3 el nombre de Nelson, que es el nombre del perro que siempre acompa\u00f1a a Cook en todas sus actividades.<\/p>\n<p>El directivo adelant\u00f3 que \u201cantes de fin de a\u00f1o llegar\u00e1 el segundo avi\u00f3n proveniente de Turqu\u00eda, y entre marzo y abril llegar\u00e1n dos m\u00e1s\u201d, y agreg\u00f3 que \u201cla idea es terminar 2018 con ocho aviones en El Palomar y dos en C\u00f3rdoba\u201d.<\/p>\n<p>Cook destac\u00f3 en ese sentido que el total de la flota de 10 aviones previstos hasta fines del pr\u00f3ximo a\u00f1o llegar\u00e1n con la modalidad de leasing y al igual que este primero, y todos llevar\u00e1n nombres de mascotas, para lo cual se abrir\u00e1 un concurso p\u00fablico para elegir el nombre de cada uno.<\/p>\n<p>Desde la compa\u00f1\u00eda indicaron que para cada aeronave de este tipo \u201cse necesita un equipo de 36 personas que cubra todos los turnos\u201d y que por este motivo \u201clos colaboradores superaran las 200 personas en 2017, las 500 en 2018, para llegar a m\u00e1s de 1.500 en 2021\u201d.<\/p>\n<p>\u201cEstamos muy felices de poder ir demostrando con hechos que nuestra apuesta con Argentina es fuerte y que ya nos une un gran compromiso\u201d, manifest\u00f3 Cook.<\/p>\n<p>\u201cFue un desaf\u00edo comenzar a hacer realidad este sue\u00f1o. La llegada al pa\u00eds del primer significa un paso firme en nuestra misi\u00f3n de establecer la primera compa\u00f1\u00eda Low Cost en Argentina\u201d, indic\u00f3, y agreg\u00f3 que \u201cqueremos que todos vuelen, queremos ser un facilitador y que el precio no sea un obst\u00e1culo\u201d.<\/p>\n<p>Durante la presentaci\u00f3n, Cook confirm\u00f3 que ya se comenzar\u00e1n a vender los tickets para los primeros vuelos previstos a partir del 3 de enero desde C\u00f3rdoba, y que pronto estar\u00e1n tambi\u00e9n a la venta los pasajes para volar desde El Palomar.<\/p>\n<p>Puntualiz\u00f3 que \u201cvenimos trabajando desde hace dos a\u00f1os para concretar esto que hoy estamos presentando\u201d, y reiter\u00f3 que el objetivo es \u201cser un 60% o 70% m\u00e1s baratos que los dem\u00e1s\u201d.<\/p>\n<p>En ese sentido, detall\u00f3 que buscan eficiencia y que para ello ponen \u201cm\u00e1s asientos en las aeronaves, copiando un modelo que existe hace m\u00e1s de 40 a\u00f1os. No estamos inventando nada nuevo, estamos utilizando algo que funciona en todo el mundo\u201d.<\/p>\n<p><em><strong>Fuente:\u00a0http:\/\/aviacionaldia.com\/2017\/12\/argentina-la-nueva-low-cost-flybondi-presento-su-primer-avion-y-empezara-a-volar-en-enero.html<\/strong><\/em><\/p>\n","protected":false},"excerpt":{"rendered":"<p>(Aeronoticias) Flybondi present\u00f3 este martes en el Aeroparque de Buenos Aires el primer avi\u00f3n Boeing 737-800, con el que iniciar\u00e1 en los primeros d\u00edas de enero sus vuelos regulares en Argentina, public\u00f3 La Naci\u00f3n. La empresa, que recibi\u00f3 hace diez meses la autorizaci\u00f3n de parte del Ministerio de Transporte de la Naci\u00f3n para explotar 43 [&hellip;]<\/p>\n","protected":false},"author":1,"featured_media":0,"comment_status":"open","ping_status":"open","sticky":false,"template":"","format":"standard","meta":{"tdm_status":"","tdm_grid_status":"","footnotes":""},"categories":[32],"tags":[],"class_list":{"0":"post-57076","1":"post","2":"type-post","3":"status-publish","4":"format-standard","6":"category-internacional"},"yoast_head":"<!-- This site is optimized with the Yoast SEO plugin v25.1 - https:\/\/yoast.com\/wordpress\/plugins\/seo\/ -->\n<title>Argentina: La nueva low cost Flybondi present\u00f3 su primer avi\u00f3n y empezar\u00e1 a volar en enero<\/title>\n<meta name=\"description\" content=\"Portal de noticias del Per\u00fa sobre el transporte a\u00e9reo, aviaci\u00f3n, turismo, hoteleria, actualidad.\" \/>\n<meta name=\"robots\" content=\"index, follow, max-snippet:-1, max-image-preview:large, max-video-preview:-1\" \/>\n<link rel=\"canonical\" href=\"https:\/\/aeronoticias.com.pe\/noticiero\/transporte-aereo\/internacional\/argentina-la-nueva-low-cost-flybondi-presento-su-primer-avion-y-empezara-a-volar-en-enero\/\" \/>\n<meta property=\"og:locale\" content=\"es_ES\" \/>\n<meta property=\"og:type\" content=\"article\" \/>\n<meta property=\"og:title\" content=\"Argentina: La nueva low cost Flybondi present\u00f3 su primer avi\u00f3n y empezar\u00e1 a volar en enero\" \/>\n<meta property=\"og:description\" content=\"Portal de noticias del Per\u00fa sobre el transporte a\u00e9reo, aviaci\u00f3n, turismo, hoteleria, actualidad.\" \/>\n<meta property=\"og:url\" content=\"https:\/\/aeronoticias.com.pe\/noticiero\/transporte-aereo\/internacional\/argentina-la-nueva-low-cost-flybondi-presento-su-primer-avion-y-empezara-a-volar-en-enero\/\" \/>\n<meta property=\"og:site_name\" content=\"Aeronoticias.com.pe\" \/>\n<meta property=\"article:publisher\" content=\"https:\/\/www.facebook.com\/Aeronoticias.com.pe\/\" \/>\n<meta property=\"article:published_time\" content=\"2017-12-06T20:28:45+00:00\" \/>\n<meta name=\"author\" content=\"Redacci\u00f3n Aeronoticias\" \/>\n<meta name=\"twitter:card\" content=\"summary_large_image\" \/>\n<meta name=\"twitter:creator\" content=\"@aeronoticias\" \/>\n<meta name=\"twitter:site\" content=\"@aeronoticias\" \/>\n<meta name=\"twitter:label1\" content=\"Escrito por\" \/>\n\t<meta name=\"twitter:data1\" content=\"Redacci\u00f3n Aeronoticias\" \/>\n\t<meta name=\"twitter:label2\" content=\"Tiempo de lectura\" \/>\n\t<meta name=\"twitter:data2\" content=\"3 minutos\" \/>\n<script type=\"application\/ld+json\" class=\"yoast-schema-graph\">{\"@context\":\"https:\/\/schema.org\",\"@graph\":[{\"@type\":\"WebPage\",\"@id\":\"https:\/\/aeronoticias.com.pe\/noticiero\/transporte-aereo\/internacional\/argentina-la-nueva-low-cost-flybondi-presento-su-primer-avion-y-empezara-a-volar-en-enero\/\",\"url\":\"https:\/\/aeronoticias.com.pe\/noticiero\/transporte-aereo\/internacional\/argentina-la-nueva-low-cost-flybondi-presento-su-primer-avion-y-empezara-a-volar-en-enero\/\",\"name\":\"Argentina: La nueva low cost Flybondi present\u00f3 su primer avi\u00f3n y empezar\u00e1 a volar en enero\",\"isPartOf\":{\"@id\":\"https:\/\/aeronoticias.com.pe\/noticiero\/#website\"},\"datePublished\":\"2017-12-06T20:28:45+00:00\",\"author\":{\"@id\":\"https:\/\/aeronoticias.com.pe\/noticiero\/#\/schema\/person\/fc1e5d578f4b62ba1cf7ac2bba1170a0\"},\"description\":\"Portal de noticias del Per\u00fa sobre el transporte a\u00e9reo, aviaci\u00f3n, turismo, hoteleria, actualidad.\",\"breadcrumb\":{\"@id\":\"https:\/\/aeronoticias.com.pe\/noticiero\/transporte-aereo\/internacional\/argentina-la-nueva-low-cost-flybondi-presento-su-primer-avion-y-empezara-a-volar-en-enero\/#breadcrumb\"},\"inLanguage\":\"es\",\"potentialAction\":[{\"@type\":\"ReadAction\",\"target\":[\"https:\/\/aeronoticias.com.pe\/noticiero\/transporte-aereo\/internacional\/argentina-la-nueva-low-cost-flybondi-presento-su-primer-avion-y-empezara-a-volar-en-enero\/\"]}]},{\"@type\":\"BreadcrumbList\",\"@id\":\"https:\/\/aeronoticias.com.pe\/noticiero\/transporte-aereo\/internacional\/argentina-la-nueva-low-cost-flybondi-presento-su-primer-avion-y-empezara-a-volar-en-enero\/#breadcrumb\",\"itemListElement\":[{\"@type\":\"ListItem\",\"position\":1,\"name\":\"Portada\",\"item\":\"https:\/\/aeronoticias.com.pe\/noticiero\/\"},{\"@type\":\"ListItem\",\"position\":2,\"name\":\"Argentina: La nueva low cost Flybondi present\u00f3 su primer avi\u00f3n y empezar\u00e1 a volar en enero\"}]},{\"@type\":\"WebSite\",\"@id\":\"https:\/\/aeronoticias.com.pe\/noticiero\/#website\",\"url\":\"https:\/\/aeronoticias.com.pe\/noticiero\/\",\"name\":\"Aeronoticias.com.pe\",\"description\":\"Noticias de tranporte aereo, turismo, hoteles, gastronomia, actualidad, internacional\",\"potentialAction\":[{\"@type\":\"SearchAction\",\"target\":{\"@type\":\"EntryPoint\",\"urlTemplate\":\"https:\/\/aeronoticias.com.pe\/noticiero\/?s={search_term_string}\"},\"query-input\":{\"@type\":\"PropertyValueSpecification\",\"valueRequired\":true,\"valueName\":\"search_term_string\"}}],\"inLanguage\":\"es\"},{\"@type\":\"Person\",\"@id\":\"https:\/\/aeronoticias.com.pe\/noticiero\/#\/schema\/person\/fc1e5d578f4b62ba1cf7ac2bba1170a0\",\"name\":\"Redacci\u00f3n Aeronoticias\",\"url\":\"https:\/\/aeronoticias.com.pe\/noticiero\/author\/piloto\/\"}]}<\/script>\n<!-- \/ Yoast SEO plugin. -->","yoast_head_json":{"title":"Argentina: La nueva low cost Flybondi present\u00f3 su primer avi\u00f3n y empezar\u00e1 a volar en enero","description":"Portal de noticias del Per\u00fa sobre el transporte a\u00e9reo, aviaci\u00f3n, turismo, hoteleria, actualidad.","robots":{"index":"index","follow":"follow","max-snippet":"max-snippet:-1","max-image-preview":"max-image-preview:large","max-video-preview":"max-video-preview:-1"},"canonical":"https:\/\/aeronoticias.com.pe\/noticiero\/transporte-aereo\/internacional\/argentina-la-nueva-low-cost-flybondi-presento-su-primer-avion-y-empezara-a-volar-en-enero\/","og_locale":"es_ES","og_type":"article","og_title":"Argentina: La nueva low cost Flybondi present\u00f3 su primer avi\u00f3n y empezar\u00e1 a volar en enero","og_description":"Portal de noticias del Per\u00fa sobre el transporte a\u00e9reo, aviaci\u00f3n, turismo, hoteleria, actualidad.","og_url":"https:\/\/aeronoticias.com.pe\/noticiero\/transporte-aereo\/internacional\/argentina-la-nueva-low-cost-flybondi-presento-su-primer-avion-y-empezara-a-volar-en-enero\/","og_site_name":"Aeronoticias.com.pe","article_publisher":"https:\/\/www.facebook.com\/Aeronoticias.com.pe\/","article_published_time":"2017-12-06T20:28:45+00:00","author":"Redacci\u00f3n Aeronoticias","twitter_card":"summary_large_image","twitter_creator":"@aeronoticias","twitter_site":"@aeronoticias","twitter_misc":{"Escrito por":"Redacci\u00f3n Aeronoticias","Tiempo de lectura":"3 minutos"},"schema":{"@context":"https:\/\/schema.org","@graph":[{"@type":"WebPage","@id":"https:\/\/aeronoticias.com.pe\/noticiero\/transporte-aereo\/internacional\/argentina-la-nueva-low-cost-flybondi-presento-su-primer-avion-y-empezara-a-volar-en-enero\/","url":"https:\/\/aeronoticias.com.pe\/noticiero\/transporte-aereo\/internacional\/argentina-la-nueva-low-cost-flybondi-presento-su-primer-avion-y-empezara-a-volar-en-enero\/","name":"Argentina: La nueva low cost Flybondi present\u00f3 su primer avi\u00f3n y empezar\u00e1 a volar en enero","isPartOf":{"@id":"https:\/\/aeronoticias.com.pe\/noticiero\/#website"},"datePublished":"2017-12-06T20:28:45+00:00","author":{"@id":"https:\/\/aeronoticias.com.pe\/noticiero\/#\/schema\/person\/fc1e5d578f4b62ba1cf7ac2bba1170a0"},"description":"Portal de noticias del Per\u00fa sobre el transporte a\u00e9reo, aviaci\u00f3n, turismo, hoteleria, actualidad.","breadcrumb":{"@id":"https:\/\/aeronoticias.com.pe\/noticiero\/transporte-aereo\/internacional\/argentina-la-nueva-low-cost-flybondi-presento-su-primer-avion-y-empezara-a-volar-en-enero\/#breadcrumb"},"inLanguage":"es","potentialAction":[{"@type":"ReadAction","target":["https:\/\/aeronoticias.com.pe\/noticiero\/transporte-aereo\/internacional\/argentina-la-nueva-low-cost-flybondi-presento-su-primer-avion-y-empezara-a-volar-en-enero\/"]}]},{"@type":"BreadcrumbList","@id":"https:\/\/aeronoticias.com.pe\/noticiero\/transporte-aereo\/internacional\/argentina-la-nueva-low-cost-flybondi-presento-su-primer-avion-y-empezara-a-volar-en-enero\/#breadcrumb","itemListElement":[{"@type":"ListItem","position":1,"name":"Portada","item":"https:\/\/aeronoticias.com.pe\/noticiero\/"},{"@type":"ListItem","position":2,"name":"Argentina: La nueva low cost Flybondi present\u00f3 su primer avi\u00f3n y empezar\u00e1 a volar en enero"}]},{"@type":"WebSite","@id":"https:\/\/aeronoticias.com.pe\/noticiero\/#website","url":"https:\/\/aeronoticias.com.pe\/noticiero\/","name":"Aeronoticias.com.pe","description":"Noticias de tranporte aereo, turismo, hoteles, gastronomia, actualidad, internacional","potentialAction":[{"@type":"SearchAction","target":{"@type":"EntryPoint","urlTemplate":"https:\/\/aeronoticias.com.pe\/noticiero\/?s={search_term_string}"},"query-input":{"@type":"PropertyValueSpecification","valueRequired":true,"valueName":"search_term_string"}}],"inLanguage":"es"},{"@type":"Person","@id":"https:\/\/aeronoticias.com.pe\/noticiero\/#\/schema\/person\/fc1e5d578f4b62ba1cf7ac2bba1170a0","name":"Redacci\u00f3n Aeronoticias","url":"https:\/\/aeronoticias.com.pe\/noticiero\/author\/piloto\/"}]}},"_links":{"self":[{"href":"https:\/\/aeronoticias.com.pe\/noticiero\/wp-json\/wp\/v2\/posts\/57076","targetHints":{"allow":["GET"]}}],"collection":[{"href":"https:\/\/aeronoticias.com.pe\/noticiero\/wp-json\/wp\/v2\/posts"}],"about":[{"href":"https:\/\/aeronoticias.com.pe\/noticiero\/wp-json\/wp\/v2\/types\/post"}],"author":[{"embeddable":true,"href":"https:\/\/aeronoticias.com.pe\/noticiero\/wp-json\/wp\/v2\/users\/1"}],"replies":[{"embeddable":true,"href":"https:\/\/aeronoticias.com.pe\/noticiero\/wp-json\/wp\/v2\/comments?post=57076"}],"version-history":[{"count":0,"href":"https:\/\/aeronoticias.com.pe\/noticiero\/wp-json\/wp\/v2\/posts\/57076\/revisions"}],"wp:attachment":[{"href":"https:\/\/aeronoticias.com.pe\/noticiero\/wp-json\/wp\/v2\/media?parent=57076"}],"wp:term":[{"taxonomy":"category","embeddable":true,"href":"https:\/\/aeronoticias.com.pe\/noticiero\/wp-json\/wp\/v2\/categories?post=57076"},{"taxonomy":"post_tag","embeddable":true,"href":"https:\/\/aeronoticias.com.pe\/noticiero\/wp-json\/wp\/v2\/tags?post=57076"}],"curies":[{"name":"wp","href":"https:\/\/api.w.org\/{rel}","templated":true}]}}