{"id":57078,"date":"2017-12-07T12:23:00","date_gmt":"2017-12-07T12:23:00","guid":{"rendered":"http:\/\/desarrollo.mcvicious.com\/aero2020\/2017\/12\/07\/easyjet-pone-a-la-venta-cerca-de-un-millon-de-asientos-para-volar-desde-y-hacia-berlin-tegel\/"},"modified":"2017-12-07T12:23:00","modified_gmt":"2017-12-07T12:23:00","slug":"easyjet-pone-a-la-venta-cerca-de-un-millon-de-asientos-para-volar-desde-y-hacia-berlin-tegel","status":"publish","type":"post","link":"https:\/\/aeronoticias.com.pe\/noticiero\/mundo\/mundo-mundo-2\/easyjet-pone-a-la-venta-cerca-de-un-millon-de-asientos-para-volar-desde-y-hacia-berlin-tegel\/","title":{"rendered":"EasyJet pone a la venta cerca de un mill\u00f3n de asientos para volar desde y hacia Berl\u00edn Tegel"},"content":{"rendered":"<p>\u00a0<\/p>\n<p><img decoding=\"async\" src=\"images\/stories\/easyjetrojo.jpg\" border=\"0\" \/><\/p>\n<p><strong>(Aeronoticias)<\/strong> EasyJet ha puesto a la venta cerca de un mill\u00f3n de asientos para los vuelos que operar\u00e1 entre el 5 de enero y el 24 de marzo de 2018 desde y hacia Berl\u00edn Tegel, seg\u00fan ha informado la aerol\u00ednea en un comunicado.<\/p>\n<p>Las nuevas rutas alemanas anunciadas por la \u2018low cost\u2019 conectan Berl\u00edn con D\u00fcsseldorf, Frankfurt, M\u00fanich y Stuttgart. Adem\u00e1s, easyJet agregar\u00e1 15 destinos internacionales, con cinco vuelos diarios a ciudades como Viena (Austria) y Z\u00farich (Suiza) y conexiones regulares con Mallorca (Espa\u00f1a) y Catania (Italia).<\/p>\n<p>Los vuelos de easyJet desde y hacia Berl\u00edn Tegel contin\u00faan sujetos a la aprobaci\u00f3n regulatoria del acuerdo por el que la \u2018low cost\u2019 adquiri\u00f3 parte de las operaciones de Air Berlin en dicho aeropuerto, por 40 millones de euros, de los que se excluyen los costes operativos iniciales y costes de transacci\u00f3n.<\/p>\n<p>La aerol\u00ednea de bajo coste anunciar\u00e1 nuevas rutas adicionales desde Tegel para la temporada de verano a partir del 25 de marzo de 2018.<\/p>\n<p><strong><em>Fuente:\u00a0http:\/\/aviacionaldia.com\/2017\/12\/easyjet-pone-a-la-venta-cerca-de-un-millon-de-asientos-para-volar-desde-y-hacia-berlin-tegel.html<\/em><\/strong><\/p>\n","protected":false},"excerpt":{"rendered":"<p>\u00a0 (Aeronoticias) EasyJet ha puesto a la venta cerca de un mill\u00f3n de asientos para los vuelos que operar\u00e1 entre el 5 de enero y el 24 de marzo de 2018 desde y hacia Berl\u00edn Tegel, seg\u00fan ha informado la aerol\u00ednea en un comunicado. Las nuevas rutas alemanas anunciadas por la \u2018low cost\u2019 conectan Berl\u00edn [&hellip;]<\/p>\n","protected":false},"author":1,"featured_media":0,"comment_status":"open","ping_status":"open","sticky":false,"template":"","format":"standard","meta":{"tdm_status":"","tdm_grid_status":"","footnotes":""},"categories":[65],"tags":[],"class_list":{"0":"post-57078","1":"post","2":"type-post","3":"status-publish","4":"format-standard","6":"category-mundo-mundo-2"},"yoast_head":"<!-- This site is optimized with the Yoast SEO plugin v25.1 - https:\/\/yoast.com\/wordpress\/plugins\/seo\/ -->\n<title>EasyJet pone a la venta cerca de un mill\u00f3n de asientos para volar desde y hacia Berl\u00edn Tegel<\/title>\n<meta name=\"description\" content=\"Portal de noticias del Per\u00fa sobre el transporte a\u00e9reo, aviaci\u00f3n, turismo, hoteleria, actualidad.\" \/>\n<meta name=\"robots\" content=\"index, follow, max-snippet:-1, max-image-preview:large, max-video-preview:-1\" \/>\n<link rel=\"canonical\" href=\"https:\/\/aeronoticias.com.pe\/noticiero\/mundo\/mundo-mundo-2\/easyjet-pone-a-la-venta-cerca-de-un-millon-de-asientos-para-volar-desde-y-hacia-berlin-tegel\/\" \/>\n<meta property=\"og:locale\" content=\"es_ES\" \/>\n<meta property=\"og:type\" content=\"article\" \/>\n<meta property=\"og:title\" content=\"EasyJet pone a la venta cerca de un mill\u00f3n de asientos para volar desde y hacia Berl\u00edn Tegel\" \/>\n<meta property=\"og:description\" content=\"Portal de noticias del Per\u00fa sobre el transporte a\u00e9reo, aviaci\u00f3n, turismo, hoteleria, actualidad.\" \/>\n<meta property=\"og:url\" content=\"https:\/\/aeronoticias.com.pe\/noticiero\/mundo\/mundo-mundo-2\/easyjet-pone-a-la-venta-cerca-de-un-millon-de-asientos-para-volar-desde-y-hacia-berlin-tegel\/\" \/>\n<meta property=\"og:site_name\" content=\"Aeronoticias.com.pe\" \/>\n<meta property=\"article:publisher\" content=\"https:\/\/www.facebook.com\/Aeronoticias.com.pe\/\" \/>\n<meta property=\"article:published_time\" content=\"2017-12-07T12:23:00+00:00\" \/>\n<meta name=\"author\" content=\"Redacci\u00f3n Aeronoticias\" \/>\n<meta name=\"twitter:card\" content=\"summary_large_image\" \/>\n<meta name=\"twitter:creator\" content=\"@aeronoticias\" \/>\n<meta name=\"twitter:site\" content=\"@aeronoticias\" \/>\n<meta name=\"twitter:label1\" content=\"Escrito por\" \/>\n\t<meta name=\"twitter:data1\" content=\"Redacci\u00f3n Aeronoticias\" \/>\n\t<meta name=\"twitter:label2\" content=\"Tiempo de lectura\" \/>\n\t<meta name=\"twitter:data2\" content=\"1 minuto\" \/>\n<script type=\"application\/ld+json\" class=\"yoast-schema-graph\">{\"@context\":\"https:\/\/schema.org\",\"@graph\":[{\"@type\":\"WebPage\",\"@id\":\"https:\/\/aeronoticias.com.pe\/noticiero\/mundo\/mundo-mundo-2\/easyjet-pone-a-la-venta-cerca-de-un-millon-de-asientos-para-volar-desde-y-hacia-berlin-tegel\/\",\"url\":\"https:\/\/aeronoticias.com.pe\/noticiero\/mundo\/mundo-mundo-2\/easyjet-pone-a-la-venta-cerca-de-un-millon-de-asientos-para-volar-desde-y-hacia-berlin-tegel\/\",\"name\":\"EasyJet pone a la venta cerca de un mill\u00f3n de asientos para volar desde y hacia Berl\u00edn Tegel\",\"isPartOf\":{\"@id\":\"https:\/\/aeronoticias.com.pe\/noticiero\/#website\"},\"datePublished\":\"2017-12-07T12:23:00+00:00\",\"author\":{\"@id\":\"https:\/\/aeronoticias.com.pe\/noticiero\/#\/schema\/person\/fc1e5d578f4b62ba1cf7ac2bba1170a0\"},\"description\":\"Portal de noticias del Per\u00fa sobre el transporte a\u00e9reo, aviaci\u00f3n, turismo, hoteleria, actualidad.\",\"breadcrumb\":{\"@id\":\"https:\/\/aeronoticias.com.pe\/noticiero\/mundo\/mundo-mundo-2\/easyjet-pone-a-la-venta-cerca-de-un-millon-de-asientos-para-volar-desde-y-hacia-berlin-tegel\/#breadcrumb\"},\"inLanguage\":\"es\",\"potentialAction\":[{\"@type\":\"ReadAction\",\"target\":[\"https:\/\/aeronoticias.com.pe\/noticiero\/mundo\/mundo-mundo-2\/easyjet-pone-a-la-venta-cerca-de-un-millon-de-asientos-para-volar-desde-y-hacia-berlin-tegel\/\"]}]},{\"@type\":\"BreadcrumbList\",\"@id\":\"https:\/\/aeronoticias.com.pe\/noticiero\/mundo\/mundo-mundo-2\/easyjet-pone-a-la-venta-cerca-de-un-millon-de-asientos-para-volar-desde-y-hacia-berlin-tegel\/#breadcrumb\",\"itemListElement\":[{\"@type\":\"ListItem\",\"position\":1,\"name\":\"Portada\",\"item\":\"https:\/\/aeronoticias.com.pe\/noticiero\/\"},{\"@type\":\"ListItem\",\"position\":2,\"name\":\"EasyJet pone a la venta cerca de un mill\u00f3n de asientos para volar desde y hacia Berl\u00edn Tegel\"}]},{\"@type\":\"WebSite\",\"@id\":\"https:\/\/aeronoticias.com.pe\/noticiero\/#website\",\"url\":\"https:\/\/aeronoticias.com.pe\/noticiero\/\",\"name\":\"Aeronoticias.com.pe\",\"description\":\"Noticias de tranporte aereo, turismo, hoteles, gastronomia, actualidad, internacional\",\"potentialAction\":[{\"@type\":\"SearchAction\",\"target\":{\"@type\":\"EntryPoint\",\"urlTemplate\":\"https:\/\/aeronoticias.com.pe\/noticiero\/?s={search_term_string}\"},\"query-input\":{\"@type\":\"PropertyValueSpecification\",\"valueRequired\":true,\"valueName\":\"search_term_string\"}}],\"inLanguage\":\"es\"},{\"@type\":\"Person\",\"@id\":\"https:\/\/aeronoticias.com.pe\/noticiero\/#\/schema\/person\/fc1e5d578f4b62ba1cf7ac2bba1170a0\",\"name\":\"Redacci\u00f3n Aeronoticias\",\"url\":\"https:\/\/aeronoticias.com.pe\/noticiero\/author\/piloto\/\"}]}<\/script>\n<!-- \/ Yoast SEO plugin. -->","yoast_head_json":{"title":"EasyJet pone a la venta cerca de un mill\u00f3n de asientos para volar desde y hacia Berl\u00edn Tegel","description":"Portal de noticias del Per\u00fa sobre el transporte a\u00e9reo, aviaci\u00f3n, turismo, hoteleria, actualidad.","robots":{"index":"index","follow":"follow","max-snippet":"max-snippet:-1","max-image-preview":"max-image-preview:large","max-video-preview":"max-video-preview:-1"},"canonical":"https:\/\/aeronoticias.com.pe\/noticiero\/mundo\/mundo-mundo-2\/easyjet-pone-a-la-venta-cerca-de-un-millon-de-asientos-para-volar-desde-y-hacia-berlin-tegel\/","og_locale":"es_ES","og_type":"article","og_title":"EasyJet pone a la venta cerca de un mill\u00f3n de asientos para volar desde y hacia Berl\u00edn Tegel","og_description":"Portal de noticias del Per\u00fa sobre el transporte a\u00e9reo, aviaci\u00f3n, turismo, hoteleria, actualidad.","og_url":"https:\/\/aeronoticias.com.pe\/noticiero\/mundo\/mundo-mundo-2\/easyjet-pone-a-la-venta-cerca-de-un-millon-de-asientos-para-volar-desde-y-hacia-berlin-tegel\/","og_site_name":"Aeronoticias.com.pe","article_publisher":"https:\/\/www.facebook.com\/Aeronoticias.com.pe\/","article_published_time":"2017-12-07T12:23:00+00:00","author":"Redacci\u00f3n Aeronoticias","twitter_card":"summary_large_image","twitter_creator":"@aeronoticias","twitter_site":"@aeronoticias","twitter_misc":{"Escrito por":"Redacci\u00f3n Aeronoticias","Tiempo de lectura":"1 minuto"},"schema":{"@context":"https:\/\/schema.org","@graph":[{"@type":"WebPage","@id":"https:\/\/aeronoticias.com.pe\/noticiero\/mundo\/mundo-mundo-2\/easyjet-pone-a-la-venta-cerca-de-un-millon-de-asientos-para-volar-desde-y-hacia-berlin-tegel\/","url":"https:\/\/aeronoticias.com.pe\/noticiero\/mundo\/mundo-mundo-2\/easyjet-pone-a-la-venta-cerca-de-un-millon-de-asientos-para-volar-desde-y-hacia-berlin-tegel\/","name":"EasyJet pone a la venta cerca de un mill\u00f3n de asientos para volar desde y hacia Berl\u00edn Tegel","isPartOf":{"@id":"https:\/\/aeronoticias.com.pe\/noticiero\/#website"},"datePublished":"2017-12-07T12:23:00+00:00","author":{"@id":"https:\/\/aeronoticias.com.pe\/noticiero\/#\/schema\/person\/fc1e5d578f4b62ba1cf7ac2bba1170a0"},"description":"Portal de noticias del Per\u00fa sobre el transporte a\u00e9reo, aviaci\u00f3n, turismo, hoteleria, actualidad.","breadcrumb":{"@id":"https:\/\/aeronoticias.com.pe\/noticiero\/mundo\/mundo-mundo-2\/easyjet-pone-a-la-venta-cerca-de-un-millon-de-asientos-para-volar-desde-y-hacia-berlin-tegel\/#breadcrumb"},"inLanguage":"es","potentialAction":[{"@type":"ReadAction","target":["https:\/\/aeronoticias.com.pe\/noticiero\/mundo\/mundo-mundo-2\/easyjet-pone-a-la-venta-cerca-de-un-millon-de-asientos-para-volar-desde-y-hacia-berlin-tegel\/"]}]},{"@type":"BreadcrumbList","@id":"https:\/\/aeronoticias.com.pe\/noticiero\/mundo\/mundo-mundo-2\/easyjet-pone-a-la-venta-cerca-de-un-millon-de-asientos-para-volar-desde-y-hacia-berlin-tegel\/#breadcrumb","itemListElement":[{"@type":"ListItem","position":1,"name":"Portada","item":"https:\/\/aeronoticias.com.pe\/noticiero\/"},{"@type":"ListItem","position":2,"name":"EasyJet pone a la venta cerca de un mill\u00f3n de asientos para volar desde y hacia Berl\u00edn Tegel"}]},{"@type":"WebSite","@id":"https:\/\/aeronoticias.com.pe\/noticiero\/#website","url":"https:\/\/aeronoticias.com.pe\/noticiero\/","name":"Aeronoticias.com.pe","description":"Noticias de tranporte aereo, turismo, hoteles, gastronomia, actualidad, internacional","potentialAction":[{"@type":"SearchAction","target":{"@type":"EntryPoint","urlTemplate":"https:\/\/aeronoticias.com.pe\/noticiero\/?s={search_term_string}"},"query-input":{"@type":"PropertyValueSpecification","valueRequired":true,"valueName":"search_term_string"}}],"inLanguage":"es"},{"@type":"Person","@id":"https:\/\/aeronoticias.com.pe\/noticiero\/#\/schema\/person\/fc1e5d578f4b62ba1cf7ac2bba1170a0","name":"Redacci\u00f3n Aeronoticias","url":"https:\/\/aeronoticias.com.pe\/noticiero\/author\/piloto\/"}]}},"_links":{"self":[{"href":"https:\/\/aeronoticias.com.pe\/noticiero\/wp-json\/wp\/v2\/posts\/57078","targetHints":{"allow":["GET"]}}],"collection":[{"href":"https:\/\/aeronoticias.com.pe\/noticiero\/wp-json\/wp\/v2\/posts"}],"about":[{"href":"https:\/\/aeronoticias.com.pe\/noticiero\/wp-json\/wp\/v2\/types\/post"}],"author":[{"embeddable":true,"href":"https:\/\/aeronoticias.com.pe\/noticiero\/wp-json\/wp\/v2\/users\/1"}],"replies":[{"embeddable":true,"href":"https:\/\/aeronoticias.com.pe\/noticiero\/wp-json\/wp\/v2\/comments?post=57078"}],"version-history":[{"count":0,"href":"https:\/\/aeronoticias.com.pe\/noticiero\/wp-json\/wp\/v2\/posts\/57078\/revisions"}],"wp:attachment":[{"href":"https:\/\/aeronoticias.com.pe\/noticiero\/wp-json\/wp\/v2\/media?parent=57078"}],"wp:term":[{"taxonomy":"category","embeddable":true,"href":"https:\/\/aeronoticias.com.pe\/noticiero\/wp-json\/wp\/v2\/categories?post=57078"},{"taxonomy":"post_tag","embeddable":true,"href":"https:\/\/aeronoticias.com.pe\/noticiero\/wp-json\/wp\/v2\/tags?post=57078"}],"curies":[{"name":"wp","href":"https:\/\/api.w.org\/{rel}","templated":true}]}}