{"id":5731,"date":"2009-10-07T12:24:33","date_gmt":"2009-10-07T12:24:33","guid":{"rendered":"http:\/\/desarrollo.mcvicious.com\/aero2020\/2009\/10\/07\/maradona-puso-en-duda-su-continuidad\/"},"modified":"2009-10-07T12:24:33","modified_gmt":"2009-10-07T12:24:33","slug":"maradona-puso-en-duda-su-continuidad","status":"publish","type":"post","link":"https:\/\/aeronoticias.com.pe\/noticiero\/espectaculos\/maradona-puso-en-duda-su-continuidad\/","title":{"rendered":"MARADONA PUSO EN DUDA SU CONTINUIDAD"},"content":{"rendered":"<div align=\"justify\">El entrenador de la selecci\u00f3n argentina, Diego Maradona, dijo que hubo cosas que no le \u00abgustaron\u00bb y advirti\u00f3 que pondr\u00e1 condiciones para seguir al frente del equipo una vez terminadas las Eliminatorias. \u201cMi compromiso es con los muchachos, haberle dicho que si a Julio (Grondona) cuando me convoc\u00f3 a la casa de \u00e9l para dirigir la selecci\u00f3n fue algo muy lindo, pero despu\u00e9s vinieron cosas que no me gustaron y la hablaremos despu\u00e9s\u201d, sentenci\u00f3 Maradona.<\/p>\n<p>\u201cSi sigo ser\u00e1 con mis condiciones\u201d, agreg\u00f3 un molesto Maradona, quien desde a primera hora de la tarde ten\u00eda decidido realizar esta declaraci\u00f3n a los medios. El entrenador del seleccionado argentino de f\u00fatbol est\u00e1 molesto porque Pablo Zabaleta lleg\u00f3 ayer desgarrado por haber jugado ayer en el Manchester City y culpa de esa situaci\u00f3n a Carlos Bilardo. La mala relaci\u00f3n entre Bilardo y Maradona, negada por ambos p\u00fablicamente en m\u00e1s de una oportunidad, cada vez es m\u00e1s notoria y dif\u00edcil de ocultar. Fuentes del seleccionado argentino le confirmaron a T\u00e9lam que entre Maradona y Bilardo no hay di\u00e1logo, ni siquiera cuando viajan juntos, asiento de por medio, como sucedi\u00f3 cuando fueron a C\u00f3rdoba la semana pasada.<\/p>\n<div style=\"text-align: center\"><img decoding=\"async\" src=\"images\/stories\/09\/10\/071009\/mararoga.jpg\" border=\"0\" alt=\"MARADONA PUSO EN DUDA SU CONTINUIDAD\" title=\"MARADONA PUSO EN DUDA SU CONTINUIDAD\" \/><\/div>\n<p>La \u00faltima pelea naci\u00f3 hace unos d\u00edas, cuando, seg\u00fan comentaron allegados al cuerpo t\u00e9cnico argentino, Maradona le pidi\u00f3 a Bilardo que hiciera todo para que Tevez y Zabaleta no jugaran el lunes para el Manchester City ante Aston Vila. Es m\u00e1s, algunos aseguran que Maradona le pidi\u00f3 al director de selecciones nacionales de AFA que viaje a Manchester para traer al delantero y al defensor. Esto no sucedi\u00f3 y Maradona explot\u00f3 ayer por la tarde cuando se enter\u00f3 que Zabaleta lleg\u00f3 desgarrado y no podr\u00e1 jugar los dos partidos que se vienen por la eliminatoria.<\/p>\n<p>\u201cHay cosas que no me gustaron y para seguir tiene que ser con mis condiciones\u201d, dispar\u00f3 Maradona, quien fue solo a encarar a un grupo de periodistas al finalizar la pr\u00e1ctica del seleccionado argentino en el predio de Ezeiza. Habr\u00e1 que ver que condiciones le plantea Maradona al presidente de la AFA, porque si vuelve a insistir por Oscar Ruggeri y con la ida de Bilardo su futuro al frente del seleccionado argentino es m\u00e1s que incierto. \u201cMi compromiso es con los muchachos\u201d, repiti\u00f3 dos veces Maradona, porque si tendr\u00eda que tomar una decisi\u00f3n ahora ser\u00eda la de irse del seleccionado argentino.<\/p>\n<p>La lesi\u00f3n de Zabaleta es s\u00f3lo un eslab\u00f3n m\u00e1s de esta cadena de desencuentros entre Bilardo y Maradona, conflicto que naci\u00f3, como el mismo \u201cNarig\u00f3n\u201d reconoce, cuando se conocieron en 1983.\u00a0 Sobre la lesi\u00f3n de Zabaleta el t\u00e9cnico argentino no hizo mayores comentarios, pero aclar\u00f3 que no realizar\u00e1 nuevas convocatorias. \u201cMe voy a arreglar con este plantel. Ahora se buscar\u00e1n jugadores para ver si podemos lo suplantar\u201d, explic\u00f3 Maradona, quien est\u00e1 preocupado por la cantidad de amonestados que tiene, ya que si uno de ellos recibe otra amarilla no podr\u00e1 enfrentar el mi\u00e9rcoles 14 de octubre ante Uruguay, en Montevideo. \u201cNosotros tenemos un equipo con muchas amarillas y nos fuimos llenando de amonestaciones cada partido, todos partidos en los que nos jugamos la vida\u201d, puntualiz\u00f3.<\/p>\n<p>Con este clima se prepara el seleccionado argentino para afrontar los dos partidos que quedan por la eliminatoria sudamericana, que marcar\u00e1n si se clasifica en forma directa al mundial de Sud\u00e1frica, si va al repechaje o se queda afuera de todo. \u00a0<\/div>\n","protected":false},"excerpt":{"rendered":"<p>El entrenador de la selecci\u00f3n argentina, Diego Maradona, dijo que hubo cosas que no le \u00abgustaron\u00bb y advirti\u00f3 que pondr\u00e1 condiciones para seguir al frente del equipo una vez terminadas las Eliminatorias. \u201cMi compromiso es con los muchachos, haberle dicho que si a Julio (Grondona) cuando me convoc\u00f3 a la casa de \u00e9l para dirigir [&hellip;]<\/p>\n","protected":false},"author":1,"featured_media":0,"comment_status":"open","ping_status":"open","sticky":false,"template":"","format":"standard","meta":{"tdm_status":"","tdm_grid_status":"","footnotes":""},"categories":[41],"tags":[],"class_list":{"0":"post-5731","1":"post","2":"type-post","3":"status-publish","4":"format-standard","6":"category-espectaculos"},"yoast_head":"<!-- This site is optimized with the Yoast SEO plugin v25.1 - https:\/\/yoast.com\/wordpress\/plugins\/seo\/ -->\n<title>MARADONA PUSO EN DUDA SU CONTINUIDAD<\/title>\n<meta name=\"description\" content=\"Portal de noticias del Per\u00fa sobre el transporte a\u00e9reo, aviaci\u00f3n, turismo, hoteleria, actualidad.\" \/>\n<meta name=\"robots\" content=\"index, follow, max-snippet:-1, max-image-preview:large, max-video-preview:-1\" \/>\n<link rel=\"canonical\" href=\"https:\/\/aeronoticias.com.pe\/noticiero\/espectaculos\/maradona-puso-en-duda-su-continuidad\/\" \/>\n<meta property=\"og:locale\" content=\"es_ES\" \/>\n<meta property=\"og:type\" content=\"article\" \/>\n<meta property=\"og:title\" content=\"MARADONA PUSO EN DUDA SU CONTINUIDAD\" \/>\n<meta property=\"og:description\" content=\"Portal de noticias del Per\u00fa sobre el transporte a\u00e9reo, aviaci\u00f3n, turismo, hoteleria, actualidad.\" \/>\n<meta property=\"og:url\" content=\"https:\/\/aeronoticias.com.pe\/noticiero\/espectaculos\/maradona-puso-en-duda-su-continuidad\/\" \/>\n<meta property=\"og:site_name\" content=\"Aeronoticias.com.pe\" \/>\n<meta property=\"article:publisher\" content=\"https:\/\/www.facebook.com\/Aeronoticias.com.pe\/\" \/>\n<meta property=\"article:published_time\" content=\"2009-10-07T12:24:33+00:00\" \/>\n<meta name=\"author\" content=\"Redacci\u00f3n Aeronoticias\" \/>\n<meta name=\"twitter:card\" content=\"summary_large_image\" \/>\n<meta name=\"twitter:creator\" content=\"@aeronoticias\" \/>\n<meta name=\"twitter:site\" content=\"@aeronoticias\" \/>\n<meta name=\"twitter:label1\" content=\"Escrito por\" \/>\n\t<meta name=\"twitter:data1\" content=\"Redacci\u00f3n Aeronoticias\" \/>\n\t<meta name=\"twitter:label2\" content=\"Tiempo de lectura\" \/>\n\t<meta name=\"twitter:data2\" content=\"3 minutos\" \/>\n<script type=\"application\/ld+json\" class=\"yoast-schema-graph\">{\"@context\":\"https:\/\/schema.org\",\"@graph\":[{\"@type\":\"WebPage\",\"@id\":\"https:\/\/aeronoticias.com.pe\/noticiero\/espectaculos\/maradona-puso-en-duda-su-continuidad\/\",\"url\":\"https:\/\/aeronoticias.com.pe\/noticiero\/espectaculos\/maradona-puso-en-duda-su-continuidad\/\",\"name\":\"MARADONA PUSO EN DUDA SU CONTINUIDAD\",\"isPartOf\":{\"@id\":\"https:\/\/aeronoticias.com.pe\/noticiero\/#website\"},\"datePublished\":\"2009-10-07T12:24:33+00:00\",\"author\":{\"@id\":\"https:\/\/aeronoticias.com.pe\/noticiero\/#\/schema\/person\/fc1e5d578f4b62ba1cf7ac2bba1170a0\"},\"description\":\"Portal de noticias del Per\u00fa sobre el transporte a\u00e9reo, aviaci\u00f3n, turismo, hoteleria, actualidad.\",\"breadcrumb\":{\"@id\":\"https:\/\/aeronoticias.com.pe\/noticiero\/espectaculos\/maradona-puso-en-duda-su-continuidad\/#breadcrumb\"},\"inLanguage\":\"es\",\"potentialAction\":[{\"@type\":\"ReadAction\",\"target\":[\"https:\/\/aeronoticias.com.pe\/noticiero\/espectaculos\/maradona-puso-en-duda-su-continuidad\/\"]}]},{\"@type\":\"BreadcrumbList\",\"@id\":\"https:\/\/aeronoticias.com.pe\/noticiero\/espectaculos\/maradona-puso-en-duda-su-continuidad\/#breadcrumb\",\"itemListElement\":[{\"@type\":\"ListItem\",\"position\":1,\"name\":\"Portada\",\"item\":\"https:\/\/aeronoticias.com.pe\/noticiero\/\"},{\"@type\":\"ListItem\",\"position\":2,\"name\":\"MARADONA PUSO EN DUDA SU CONTINUIDAD\"}]},{\"@type\":\"WebSite\",\"@id\":\"https:\/\/aeronoticias.com.pe\/noticiero\/#website\",\"url\":\"https:\/\/aeronoticias.com.pe\/noticiero\/\",\"name\":\"Aeronoticias.com.pe\",\"description\":\"Noticias de tranporte aereo, turismo, hoteles, gastronomia, actualidad, internacional\",\"potentialAction\":[{\"@type\":\"SearchAction\",\"target\":{\"@type\":\"EntryPoint\",\"urlTemplate\":\"https:\/\/aeronoticias.com.pe\/noticiero\/?s={search_term_string}\"},\"query-input\":{\"@type\":\"PropertyValueSpecification\",\"valueRequired\":true,\"valueName\":\"search_term_string\"}}],\"inLanguage\":\"es\"},{\"@type\":\"Person\",\"@id\":\"https:\/\/aeronoticias.com.pe\/noticiero\/#\/schema\/person\/fc1e5d578f4b62ba1cf7ac2bba1170a0\",\"name\":\"Redacci\u00f3n Aeronoticias\",\"url\":\"https:\/\/aeronoticias.com.pe\/noticiero\/author\/piloto\/\"}]}<\/script>\n<!-- \/ Yoast SEO plugin. -->","yoast_head_json":{"title":"MARADONA PUSO EN DUDA SU CONTINUIDAD","description":"Portal de noticias del Per\u00fa sobre el transporte a\u00e9reo, aviaci\u00f3n, turismo, hoteleria, actualidad.","robots":{"index":"index","follow":"follow","max-snippet":"max-snippet:-1","max-image-preview":"max-image-preview:large","max-video-preview":"max-video-preview:-1"},"canonical":"https:\/\/aeronoticias.com.pe\/noticiero\/espectaculos\/maradona-puso-en-duda-su-continuidad\/","og_locale":"es_ES","og_type":"article","og_title":"MARADONA PUSO EN DUDA SU CONTINUIDAD","og_description":"Portal de noticias del Per\u00fa sobre el transporte a\u00e9reo, aviaci\u00f3n, turismo, hoteleria, actualidad.","og_url":"https:\/\/aeronoticias.com.pe\/noticiero\/espectaculos\/maradona-puso-en-duda-su-continuidad\/","og_site_name":"Aeronoticias.com.pe","article_publisher":"https:\/\/www.facebook.com\/Aeronoticias.com.pe\/","article_published_time":"2009-10-07T12:24:33+00:00","author":"Redacci\u00f3n Aeronoticias","twitter_card":"summary_large_image","twitter_creator":"@aeronoticias","twitter_site":"@aeronoticias","twitter_misc":{"Escrito por":"Redacci\u00f3n Aeronoticias","Tiempo de lectura":"3 minutos"},"schema":{"@context":"https:\/\/schema.org","@graph":[{"@type":"WebPage","@id":"https:\/\/aeronoticias.com.pe\/noticiero\/espectaculos\/maradona-puso-en-duda-su-continuidad\/","url":"https:\/\/aeronoticias.com.pe\/noticiero\/espectaculos\/maradona-puso-en-duda-su-continuidad\/","name":"MARADONA PUSO EN DUDA SU CONTINUIDAD","isPartOf":{"@id":"https:\/\/aeronoticias.com.pe\/noticiero\/#website"},"datePublished":"2009-10-07T12:24:33+00:00","author":{"@id":"https:\/\/aeronoticias.com.pe\/noticiero\/#\/schema\/person\/fc1e5d578f4b62ba1cf7ac2bba1170a0"},"description":"Portal de noticias del Per\u00fa sobre el transporte a\u00e9reo, aviaci\u00f3n, turismo, hoteleria, actualidad.","breadcrumb":{"@id":"https:\/\/aeronoticias.com.pe\/noticiero\/espectaculos\/maradona-puso-en-duda-su-continuidad\/#breadcrumb"},"inLanguage":"es","potentialAction":[{"@type":"ReadAction","target":["https:\/\/aeronoticias.com.pe\/noticiero\/espectaculos\/maradona-puso-en-duda-su-continuidad\/"]}]},{"@type":"BreadcrumbList","@id":"https:\/\/aeronoticias.com.pe\/noticiero\/espectaculos\/maradona-puso-en-duda-su-continuidad\/#breadcrumb","itemListElement":[{"@type":"ListItem","position":1,"name":"Portada","item":"https:\/\/aeronoticias.com.pe\/noticiero\/"},{"@type":"ListItem","position":2,"name":"MARADONA PUSO EN DUDA SU CONTINUIDAD"}]},{"@type":"WebSite","@id":"https:\/\/aeronoticias.com.pe\/noticiero\/#website","url":"https:\/\/aeronoticias.com.pe\/noticiero\/","name":"Aeronoticias.com.pe","description":"Noticias de tranporte aereo, turismo, hoteles, gastronomia, actualidad, internacional","potentialAction":[{"@type":"SearchAction","target":{"@type":"EntryPoint","urlTemplate":"https:\/\/aeronoticias.com.pe\/noticiero\/?s={search_term_string}"},"query-input":{"@type":"PropertyValueSpecification","valueRequired":true,"valueName":"search_term_string"}}],"inLanguage":"es"},{"@type":"Person","@id":"https:\/\/aeronoticias.com.pe\/noticiero\/#\/schema\/person\/fc1e5d578f4b62ba1cf7ac2bba1170a0","name":"Redacci\u00f3n Aeronoticias","url":"https:\/\/aeronoticias.com.pe\/noticiero\/author\/piloto\/"}]}},"_links":{"self":[{"href":"https:\/\/aeronoticias.com.pe\/noticiero\/wp-json\/wp\/v2\/posts\/5731","targetHints":{"allow":["GET"]}}],"collection":[{"href":"https:\/\/aeronoticias.com.pe\/noticiero\/wp-json\/wp\/v2\/posts"}],"about":[{"href":"https:\/\/aeronoticias.com.pe\/noticiero\/wp-json\/wp\/v2\/types\/post"}],"author":[{"embeddable":true,"href":"https:\/\/aeronoticias.com.pe\/noticiero\/wp-json\/wp\/v2\/users\/1"}],"replies":[{"embeddable":true,"href":"https:\/\/aeronoticias.com.pe\/noticiero\/wp-json\/wp\/v2\/comments?post=5731"}],"version-history":[{"count":0,"href":"https:\/\/aeronoticias.com.pe\/noticiero\/wp-json\/wp\/v2\/posts\/5731\/revisions"}],"wp:attachment":[{"href":"https:\/\/aeronoticias.com.pe\/noticiero\/wp-json\/wp\/v2\/media?parent=5731"}],"wp:term":[{"taxonomy":"category","embeddable":true,"href":"https:\/\/aeronoticias.com.pe\/noticiero\/wp-json\/wp\/v2\/categories?post=5731"},{"taxonomy":"post_tag","embeddable":true,"href":"https:\/\/aeronoticias.com.pe\/noticiero\/wp-json\/wp\/v2\/tags?post=5731"}],"curies":[{"name":"wp","href":"https:\/\/api.w.org\/{rel}","templated":true}]}}