{"id":5732,"date":"2009-10-07T12:30:41","date_gmt":"2009-10-07T12:30:41","guid":{"rendered":"http:\/\/desarrollo.mcvicious.com\/aero2020\/2009\/10\/07\/promueven-cambio-de-look-primaveral-por-s-50-en-gamarra\/"},"modified":"2009-10-07T12:30:41","modified_gmt":"2009-10-07T12:30:41","slug":"promueven-cambio-de-look-primaveral-por-s-50-en-gamarra","status":"publish","type":"post","link":"https:\/\/aeronoticias.com.pe\/noticiero\/ultimas\/1\/promueven-cambio-de-look-primaveral-por-s-50-en-gamarra\/","title":{"rendered":"PROMUEVEN CAMBIO DE LOOK PRIMAVERAL POR S\/. 50 EN GAMARRA"},"content":{"rendered":"<div align=\"justify\">En el marco de la temporada primavera-verano que se inicia, los comerciantes de Gamarra promueven un \u201ccambio de look primaveral\u201d por 50 nuevos soles, el cual incluye polo, jeans, sandalias y un accesorio, indic\u00f3 el dirigente Di\u00f3genes Alva. Seg\u00fan explic\u00f3, se puede lograr un cambio de imagen estacional \u201cde \u00faltima moda\u201d al combinar polos desde S\/. 6, jeans por S\/. 18 y sandalias por S\/. 20, pudiendo adquirir accesorios como aretes, pulseras o gorros con los S\/. 6 restantes, con una inversi\u00f3n total de S\/. 50.<\/p>\n<p>\u201cCon 200 soles una familia de cuatro personas se va bien vestida, todos de pies a cabeza, ya que siempre estamos prepar\u00e1ndonos para brindar todas las facilidades y satisfacer los gustos del cliente\u201d, sostuvo Alva. Agreg\u00f3 que en Gamarra se encuentran los mejores dise\u00f1adores, quienes viajan todos los a\u00f1os a ferias en Francia y Estados Unidos para ver lo \u00faltimo de la moda, replicando tendencias dentro y fuera del pa\u00eds.<\/p>\n<div style=\"text-align: center\"><img decoding=\"async\" src=\"images\/stories\/09\/10\/071009\/gmarra.jpg\" border=\"0\" alt=\"PROMUEVEN CAMBIO DE LOOK PRIMAVERAL POR S\/. 50 EN GAMARRA\" title=\"PROMUEVEN CAMBIO DE LOOK PRIMAVERAL POR S\/. 50 EN GAMARRA\" \/><\/div>\n<p>\u201cAntes era muy dif\u00edcil porque la moda llegaba despu\u00e9s de dos o tres a\u00f1os, pero la facilidad de internet nos ha ayudado mucho. Adem\u00e1s, tambi\u00e9n creamos nuestros propios dise\u00f1os.\u201d A\u00f1adi\u00f3 que este cambio de temporada resulta auspicioso, toda vez que las ventas bajan en los meses m\u00e1s fr\u00edos. \u201cEn invierno las ventas bajan, no por alguna recesi\u00f3n, sino porque la ropa gruesa como chompas o casacas se puede usar durante una semana, pero en temporada c\u00e1lida uno se cambia seguido de ropa.\u201d<\/p>\n<p>Agreg\u00f3,\u00a0 que Gamarra tiene la ventaja de ofertar productos en forma minorista y mayorista. \u201cCuando estamos en invierno, en la Sierra es verano y viceversa, lo que permite mover la mercader\u00eda.\u201d \u201cEs notable que hayamos seguido creciendo, para nosotros no hay recesi\u00f3n\u201d, asever\u00f3 Alva.<\/div>\n","protected":false},"excerpt":{"rendered":"<p>En el marco de la temporada primavera-verano que se inicia, los comerciantes de Gamarra promueven un \u201ccambio de look primaveral\u201d por 50 nuevos soles, el cual incluye polo, jeans, sandalias y un accesorio, indic\u00f3 el dirigente Di\u00f3genes Alva. Seg\u00fan explic\u00f3, se puede lograr un cambio de imagen estacional \u201cde \u00faltima moda\u201d al combinar polos desde [&hellip;]<\/p>\n","protected":false},"author":1,"featured_media":0,"comment_status":"open","ping_status":"open","sticky":false,"template":"","format":"standard","meta":{"tdm_status":"","tdm_grid_status":"","footnotes":""},"categories":[30],"tags":[],"class_list":{"0":"post-5732","1":"post","2":"type-post","3":"status-publish","4":"format-standard","6":"category-30"},"yoast_head":"<!-- This site is optimized with the Yoast SEO plugin v25.1 - https:\/\/yoast.com\/wordpress\/plugins\/seo\/ -->\n<title>PROMUEVEN CAMBIO DE LOOK PRIMAVERAL POR S\/. 50 EN GAMARRA<\/title>\n<meta name=\"description\" content=\"Portal de noticias del Per\u00fa sobre el transporte a\u00e9reo, aviaci\u00f3n, turismo, hoteleria, actualidad.\" \/>\n<meta name=\"robots\" content=\"index, follow, max-snippet:-1, max-image-preview:large, max-video-preview:-1\" \/>\n<link rel=\"canonical\" href=\"https:\/\/aeronoticias.com.pe\/noticiero\/ultimas\/1\/promueven-cambio-de-look-primaveral-por-s-50-en-gamarra\/\" \/>\n<meta property=\"og:locale\" content=\"es_ES\" \/>\n<meta property=\"og:type\" content=\"article\" \/>\n<meta property=\"og:title\" content=\"PROMUEVEN CAMBIO DE LOOK PRIMAVERAL POR S\/. 50 EN GAMARRA\" \/>\n<meta property=\"og:description\" content=\"Portal de noticias del Per\u00fa sobre el transporte a\u00e9reo, aviaci\u00f3n, turismo, hoteleria, actualidad.\" \/>\n<meta property=\"og:url\" content=\"https:\/\/aeronoticias.com.pe\/noticiero\/ultimas\/1\/promueven-cambio-de-look-primaveral-por-s-50-en-gamarra\/\" \/>\n<meta property=\"og:site_name\" content=\"Aeronoticias.com.pe\" \/>\n<meta property=\"article:publisher\" content=\"https:\/\/www.facebook.com\/Aeronoticias.com.pe\/\" \/>\n<meta property=\"article:published_time\" content=\"2009-10-07T12:30:41+00:00\" \/>\n<meta name=\"author\" content=\"Redacci\u00f3n Aeronoticias\" \/>\n<meta name=\"twitter:card\" content=\"summary_large_image\" \/>\n<meta name=\"twitter:creator\" content=\"@aeronoticias\" \/>\n<meta name=\"twitter:site\" content=\"@aeronoticias\" \/>\n<meta name=\"twitter:label1\" content=\"Escrito por\" \/>\n\t<meta name=\"twitter:data1\" content=\"Redacci\u00f3n Aeronoticias\" \/>\n\t<meta name=\"twitter:label2\" content=\"Tiempo de lectura\" \/>\n\t<meta name=\"twitter:data2\" content=\"1 minuto\" \/>\n<script type=\"application\/ld+json\" class=\"yoast-schema-graph\">{\"@context\":\"https:\/\/schema.org\",\"@graph\":[{\"@type\":\"WebPage\",\"@id\":\"https:\/\/aeronoticias.com.pe\/noticiero\/ultimas\/1\/promueven-cambio-de-look-primaveral-por-s-50-en-gamarra\/\",\"url\":\"https:\/\/aeronoticias.com.pe\/noticiero\/ultimas\/1\/promueven-cambio-de-look-primaveral-por-s-50-en-gamarra\/\",\"name\":\"PROMUEVEN CAMBIO DE LOOK PRIMAVERAL POR S\/. 50 EN GAMARRA\",\"isPartOf\":{\"@id\":\"https:\/\/aeronoticias.com.pe\/noticiero\/#website\"},\"datePublished\":\"2009-10-07T12:30:41+00:00\",\"author\":{\"@id\":\"https:\/\/aeronoticias.com.pe\/noticiero\/#\/schema\/person\/fc1e5d578f4b62ba1cf7ac2bba1170a0\"},\"description\":\"Portal de noticias del Per\u00fa sobre el transporte a\u00e9reo, aviaci\u00f3n, turismo, hoteleria, actualidad.\",\"breadcrumb\":{\"@id\":\"https:\/\/aeronoticias.com.pe\/noticiero\/ultimas\/1\/promueven-cambio-de-look-primaveral-por-s-50-en-gamarra\/#breadcrumb\"},\"inLanguage\":\"es\",\"potentialAction\":[{\"@type\":\"ReadAction\",\"target\":[\"https:\/\/aeronoticias.com.pe\/noticiero\/ultimas\/1\/promueven-cambio-de-look-primaveral-por-s-50-en-gamarra\/\"]}]},{\"@type\":\"BreadcrumbList\",\"@id\":\"https:\/\/aeronoticias.com.pe\/noticiero\/ultimas\/1\/promueven-cambio-de-look-primaveral-por-s-50-en-gamarra\/#breadcrumb\",\"itemListElement\":[{\"@type\":\"ListItem\",\"position\":1,\"name\":\"Portada\",\"item\":\"https:\/\/aeronoticias.com.pe\/noticiero\/\"},{\"@type\":\"ListItem\",\"position\":2,\"name\":\"PROMUEVEN CAMBIO DE LOOK PRIMAVERAL POR S\/. 50 EN GAMARRA\"}]},{\"@type\":\"WebSite\",\"@id\":\"https:\/\/aeronoticias.com.pe\/noticiero\/#website\",\"url\":\"https:\/\/aeronoticias.com.pe\/noticiero\/\",\"name\":\"Aeronoticias.com.pe\",\"description\":\"Noticias de tranporte aereo, turismo, hoteles, gastronomia, actualidad, internacional\",\"potentialAction\":[{\"@type\":\"SearchAction\",\"target\":{\"@type\":\"EntryPoint\",\"urlTemplate\":\"https:\/\/aeronoticias.com.pe\/noticiero\/?s={search_term_string}\"},\"query-input\":{\"@type\":\"PropertyValueSpecification\",\"valueRequired\":true,\"valueName\":\"search_term_string\"}}],\"inLanguage\":\"es\"},{\"@type\":\"Person\",\"@id\":\"https:\/\/aeronoticias.com.pe\/noticiero\/#\/schema\/person\/fc1e5d578f4b62ba1cf7ac2bba1170a0\",\"name\":\"Redacci\u00f3n Aeronoticias\",\"url\":\"https:\/\/aeronoticias.com.pe\/noticiero\/author\/piloto\/\"}]}<\/script>\n<!-- \/ Yoast SEO plugin. -->","yoast_head_json":{"title":"PROMUEVEN CAMBIO DE LOOK PRIMAVERAL POR S\/. 50 EN GAMARRA","description":"Portal de noticias del Per\u00fa sobre el transporte a\u00e9reo, aviaci\u00f3n, turismo, hoteleria, actualidad.","robots":{"index":"index","follow":"follow","max-snippet":"max-snippet:-1","max-image-preview":"max-image-preview:large","max-video-preview":"max-video-preview:-1"},"canonical":"https:\/\/aeronoticias.com.pe\/noticiero\/ultimas\/1\/promueven-cambio-de-look-primaveral-por-s-50-en-gamarra\/","og_locale":"es_ES","og_type":"article","og_title":"PROMUEVEN CAMBIO DE LOOK PRIMAVERAL POR S\/. 50 EN GAMARRA","og_description":"Portal de noticias del Per\u00fa sobre el transporte a\u00e9reo, aviaci\u00f3n, turismo, hoteleria, actualidad.","og_url":"https:\/\/aeronoticias.com.pe\/noticiero\/ultimas\/1\/promueven-cambio-de-look-primaveral-por-s-50-en-gamarra\/","og_site_name":"Aeronoticias.com.pe","article_publisher":"https:\/\/www.facebook.com\/Aeronoticias.com.pe\/","article_published_time":"2009-10-07T12:30:41+00:00","author":"Redacci\u00f3n Aeronoticias","twitter_card":"summary_large_image","twitter_creator":"@aeronoticias","twitter_site":"@aeronoticias","twitter_misc":{"Escrito por":"Redacci\u00f3n Aeronoticias","Tiempo de lectura":"1 minuto"},"schema":{"@context":"https:\/\/schema.org","@graph":[{"@type":"WebPage","@id":"https:\/\/aeronoticias.com.pe\/noticiero\/ultimas\/1\/promueven-cambio-de-look-primaveral-por-s-50-en-gamarra\/","url":"https:\/\/aeronoticias.com.pe\/noticiero\/ultimas\/1\/promueven-cambio-de-look-primaveral-por-s-50-en-gamarra\/","name":"PROMUEVEN CAMBIO DE LOOK PRIMAVERAL POR S\/. 50 EN GAMARRA","isPartOf":{"@id":"https:\/\/aeronoticias.com.pe\/noticiero\/#website"},"datePublished":"2009-10-07T12:30:41+00:00","author":{"@id":"https:\/\/aeronoticias.com.pe\/noticiero\/#\/schema\/person\/fc1e5d578f4b62ba1cf7ac2bba1170a0"},"description":"Portal de noticias del Per\u00fa sobre el transporte a\u00e9reo, aviaci\u00f3n, turismo, hoteleria, actualidad.","breadcrumb":{"@id":"https:\/\/aeronoticias.com.pe\/noticiero\/ultimas\/1\/promueven-cambio-de-look-primaveral-por-s-50-en-gamarra\/#breadcrumb"},"inLanguage":"es","potentialAction":[{"@type":"ReadAction","target":["https:\/\/aeronoticias.com.pe\/noticiero\/ultimas\/1\/promueven-cambio-de-look-primaveral-por-s-50-en-gamarra\/"]}]},{"@type":"BreadcrumbList","@id":"https:\/\/aeronoticias.com.pe\/noticiero\/ultimas\/1\/promueven-cambio-de-look-primaveral-por-s-50-en-gamarra\/#breadcrumb","itemListElement":[{"@type":"ListItem","position":1,"name":"Portada","item":"https:\/\/aeronoticias.com.pe\/noticiero\/"},{"@type":"ListItem","position":2,"name":"PROMUEVEN CAMBIO DE LOOK PRIMAVERAL POR S\/. 50 EN GAMARRA"}]},{"@type":"WebSite","@id":"https:\/\/aeronoticias.com.pe\/noticiero\/#website","url":"https:\/\/aeronoticias.com.pe\/noticiero\/","name":"Aeronoticias.com.pe","description":"Noticias de tranporte aereo, turismo, hoteles, gastronomia, actualidad, internacional","potentialAction":[{"@type":"SearchAction","target":{"@type":"EntryPoint","urlTemplate":"https:\/\/aeronoticias.com.pe\/noticiero\/?s={search_term_string}"},"query-input":{"@type":"PropertyValueSpecification","valueRequired":true,"valueName":"search_term_string"}}],"inLanguage":"es"},{"@type":"Person","@id":"https:\/\/aeronoticias.com.pe\/noticiero\/#\/schema\/person\/fc1e5d578f4b62ba1cf7ac2bba1170a0","name":"Redacci\u00f3n Aeronoticias","url":"https:\/\/aeronoticias.com.pe\/noticiero\/author\/piloto\/"}]}},"_links":{"self":[{"href":"https:\/\/aeronoticias.com.pe\/noticiero\/wp-json\/wp\/v2\/posts\/5732","targetHints":{"allow":["GET"]}}],"collection":[{"href":"https:\/\/aeronoticias.com.pe\/noticiero\/wp-json\/wp\/v2\/posts"}],"about":[{"href":"https:\/\/aeronoticias.com.pe\/noticiero\/wp-json\/wp\/v2\/types\/post"}],"author":[{"embeddable":true,"href":"https:\/\/aeronoticias.com.pe\/noticiero\/wp-json\/wp\/v2\/users\/1"}],"replies":[{"embeddable":true,"href":"https:\/\/aeronoticias.com.pe\/noticiero\/wp-json\/wp\/v2\/comments?post=5732"}],"version-history":[{"count":0,"href":"https:\/\/aeronoticias.com.pe\/noticiero\/wp-json\/wp\/v2\/posts\/5732\/revisions"}],"wp:attachment":[{"href":"https:\/\/aeronoticias.com.pe\/noticiero\/wp-json\/wp\/v2\/media?parent=5732"}],"wp:term":[{"taxonomy":"category","embeddable":true,"href":"https:\/\/aeronoticias.com.pe\/noticiero\/wp-json\/wp\/v2\/categories?post=5732"},{"taxonomy":"post_tag","embeddable":true,"href":"https:\/\/aeronoticias.com.pe\/noticiero\/wp-json\/wp\/v2\/tags?post=5732"}],"curies":[{"name":"wp","href":"https:\/\/api.w.org\/{rel}","templated":true}]}}