{"id":57637,"date":"2018-08-22T18:29:57","date_gmt":"2018-08-22T18:29:57","guid":{"rendered":"http:\/\/desarrollo.mcvicious.com\/aero2020\/2018\/08\/22\/mosaico-nacional-de-imagenes-satelitales\/"},"modified":"2018-08-22T18:29:57","modified_gmt":"2018-08-22T18:29:57","slug":"mosaico-nacional-de-imagenes-satelitales","status":"publish","type":"post","link":"https:\/\/aeronoticias.com.pe\/noticiero\/salud\/mosaico-nacional-de-imagenes-satelitales\/","title":{"rendered":"Mosaico Nacional de Im\u00e1genes Satelitales"},"content":{"rendered":"<p style=\"text-align: justify;\"><strong>(Aeronoticias) <\/strong>El Per\u00fa cuenta con el primer Mosaico Nacional de Im\u00e1genes Satelitales, elaborado por instituciones peruanas para el desarrollo de la Zonificaci\u00f3n Econ\u00f3mica y Ecol\u00f3gica-ZEE, as\u00ed como, para otras aplicaciones que se puedan desarrollar a partir de esta importante herramienta, como cartograf\u00eda, gesti\u00f3n de riesgos de desastres, detecci\u00f3n de cambios, monitoreo Forestal, cambios de uso de suelo, entre otras.<\/p>\n<p style=\"text-align: justify;\">Este trabajo t\u00e9cnico-cient\u00edfico de coordinaci\u00f3n interinstitucional representa un avance significativo en el desarrollo de las capacidades de nuestros profesionales,\u00a0 y nos deja las ense\u00f1anzas de un exitoso trabajo en equipo. El proceso de elaboraci\u00f3n del Mosaico implic\u00f3 congregar 6 reuniones t\u00e9cnicas, 4 talleres interinstitucionales y 2 cursos especializados en procesamiento de Im\u00e1genes Satelitales, en las ciudades de Iquitos y Lima; asimismo, para el procesamiento del Mosaico, se han utilizado 680 im\u00e1genes satelitales, 18hrs de pre-procesamiento, importaci\u00f3n, ortorectificaci\u00f3n y correcci\u00f3n atmosf\u00e9rica; m\u00e1s de 9 d\u00edas de procesamiento y 6Tb de almacenamiento.<\/p>\n<p style=\"text-align: justify;\">La suma de esfuerzos de las Entidades y el compromiso de sus profesionales, ha hecho posible la realizaci\u00f3n de este proyecto.<\/p>\n<p style=\"text-align: justify;\">ENTIDADES INVOLUCRADAS<\/p>\n<p style=\"text-align: justify;\">Ministerio de Defensa<\/p>\n<p style=\"text-align: justify;\"><span style=\"font-size: 12.16px;\">El Ministerio de Defensa dirige, coordina, ejecuta, supervisa y eval\u00faa la Pol\u00edtica de Seguridad y Defensa Nacional, brinda el soporte a la Agencia Espacial del Per\u00fa \u2013 CONIDA para que cumpla con los compromisos y los objetivos de la ZEE.<\/span><\/p>\n<p style=\"text-align: justify;\">Ministerio del Ambiente<\/p>\n<p style=\"text-align: justify;\"><span style=\"font-size: 12.16px;\">El Ministerio del Ambiente, ente que conduce el desarrollo del proceso de ZEE coordina con la Agencia Espacial del Per\u00fa \u2013 CONIDA, adscrita al Ministerio de Defensa y con el Instituto de Investigaciones de la Amazon\u00eda Peruana, solicitando las im\u00e1genes de sat\u00e9lite, estableciendo las especificaciones t\u00e9cnicas y validando el producto.<\/span><\/p>\n<p style=\"text-align: justify;\">Agencia Espacial del Per\u00fa \u2013 CONIDA<\/p>\n<p style=\"text-align: justify;\"><span style=\"font-size: 12.16px;\">La Agencia Espacial del Per\u00fa, es el \u00f3rgano rector de las actividades espaciales, administra el Sistema Satelital Peruano Per\u00faSAT-1, provee im\u00e1genes satelitales, brinda asistencia t\u00e9cnica en el dise\u00f1o de la metodolog\u00eda del procesamiento de im\u00e1genes, elaboraci\u00f3n de scripts, sistematizaci\u00f3n del procesamiento y an\u00e1lisis de resultados para la validaci\u00f3n del Mosaico; as\u00ed como el fortalecimiento de capacidades a otras Entidades.<\/span><\/p>\n<p style=\"text-align: justify;\">Instituto de Investigaciones de la Amazon\u00eda Peruana<\/p>\n<p style=\"text-align: justify;\"><span style=\"font-size: 12.16px;\">El Instituto de Investigaciones de la Amazon\u00eda Peruana a trav\u00e9s de su Centro de Alto Rendimiento Computacional (HPC \u2013 Supercomputador MANAT\u00cd), elabora los algoritmos y realiza el procesamiento de datos num\u00e9ricos y gr\u00e1ficos de las im\u00e1genes satelitales para la elaboraci\u00f3n del Mosaico Nacional.<\/p>\n<p><\/span><\/p>\n<p><strong>Presentaci\u00f3n<span style=\"white-space: pre;\"> <\/span>: Jueves 23 de agosto de 2018<\/strong><\/p>\n<p><span style=\"font-size: 12.16px;\"><strong>Lugar<span style=\"white-space: pre;\"> <\/span>: Centro de Convenciones Lima &#8211; Av. La Arqueolog\u00eda\u00a0 206 san Borja<\/strong><\/span><\/p>\n<p><span style=\"font-size: 12.16px;\"><strong>Hora<span style=\"white-space: pre;\"> <\/span>: 09:00hrs<\/strong><\/span><\/p>\n<p><span style=\"font-size: 12.16px;\"><strong><img decoding=\"async\" src=\"images\/stories\/18\/08\/220818\/agenciaespacial.jpg\" border=\"0\" \/><br \/><\/strong><\/span><\/p>\n<p><span style=\"font-size: 12.16px;\"><br \/><\/span><\/p>\n<p><span style=\"font-size: 12.16px;\"><strong><br \/><\/strong><\/span><\/p>\n<p><span style=\"font-size: 12.16px;\"><strong><br \/><\/strong><\/span><\/p>\n<p><span style=\"font-size: 12.16px;\"><strong><br \/><\/strong><\/span><\/p>\n<p>\u00a0<\/p>\n<p>\u00a0<\/p>\n","protected":false},"excerpt":{"rendered":"<p>(Aeronoticias) El Per\u00fa cuenta con el primer Mosaico Nacional de Im\u00e1genes Satelitales, elaborado por instituciones peruanas para el desarrollo de la Zonificaci\u00f3n Econ\u00f3mica y Ecol\u00f3gica-ZEE, as\u00ed como, para otras aplicaciones que se puedan desarrollar a partir de esta importante herramienta, como cartograf\u00eda, gesti\u00f3n de riesgos de desastres, detecci\u00f3n de cambios, monitoreo Forestal, cambios de uso [&hellip;]<\/p>\n","protected":false},"author":1,"featured_media":0,"comment_status":"open","ping_status":"open","sticky":false,"template":"","format":"standard","meta":{"tdm_status":"","tdm_grid_status":"","footnotes":""},"categories":[37],"tags":[],"class_list":{"0":"post-57637","1":"post","2":"type-post","3":"status-publish","4":"format-standard","6":"category-salud"},"yoast_head":"<!-- This site is optimized with the Yoast SEO plugin v25.1 - https:\/\/yoast.com\/wordpress\/plugins\/seo\/ -->\n<title>Mosaico Nacional de Im\u00e1genes Satelitales<\/title>\n<meta name=\"description\" content=\"Portal de noticias del Per\u00fa sobre el transporte a\u00e9reo, aviaci\u00f3n, turismo, hoteleria, actualidad.\" \/>\n<meta name=\"robots\" content=\"index, follow, max-snippet:-1, max-image-preview:large, max-video-preview:-1\" \/>\n<link rel=\"canonical\" href=\"https:\/\/aeronoticias.com.pe\/noticiero\/salud\/mosaico-nacional-de-imagenes-satelitales\/\" \/>\n<meta property=\"og:locale\" content=\"es_ES\" \/>\n<meta property=\"og:type\" content=\"article\" \/>\n<meta property=\"og:title\" content=\"Mosaico Nacional de Im\u00e1genes Satelitales\" \/>\n<meta property=\"og:description\" content=\"Portal de noticias del Per\u00fa sobre el transporte a\u00e9reo, aviaci\u00f3n, turismo, hoteleria, actualidad.\" \/>\n<meta property=\"og:url\" content=\"https:\/\/aeronoticias.com.pe\/noticiero\/salud\/mosaico-nacional-de-imagenes-satelitales\/\" \/>\n<meta property=\"og:site_name\" content=\"Aeronoticias.com.pe\" \/>\n<meta property=\"article:publisher\" content=\"https:\/\/www.facebook.com\/Aeronoticias.com.pe\/\" \/>\n<meta property=\"article:published_time\" content=\"2018-08-22T18:29:57+00:00\" \/>\n<meta name=\"author\" content=\"Redacci\u00f3n Aeronoticias\" \/>\n<meta name=\"twitter:card\" content=\"summary_large_image\" \/>\n<meta name=\"twitter:creator\" content=\"@aeronoticias\" \/>\n<meta name=\"twitter:site\" content=\"@aeronoticias\" \/>\n<meta name=\"twitter:label1\" content=\"Escrito por\" \/>\n\t<meta name=\"twitter:data1\" content=\"Redacci\u00f3n Aeronoticias\" \/>\n\t<meta name=\"twitter:label2\" content=\"Tiempo de lectura\" \/>\n\t<meta name=\"twitter:data2\" content=\"2 minutos\" \/>\n<script type=\"application\/ld+json\" class=\"yoast-schema-graph\">{\"@context\":\"https:\/\/schema.org\",\"@graph\":[{\"@type\":\"WebPage\",\"@id\":\"https:\/\/aeronoticias.com.pe\/noticiero\/salud\/mosaico-nacional-de-imagenes-satelitales\/\",\"url\":\"https:\/\/aeronoticias.com.pe\/noticiero\/salud\/mosaico-nacional-de-imagenes-satelitales\/\",\"name\":\"Mosaico Nacional de Im\u00e1genes Satelitales\",\"isPartOf\":{\"@id\":\"https:\/\/aeronoticias.com.pe\/noticiero\/#website\"},\"datePublished\":\"2018-08-22T18:29:57+00:00\",\"author\":{\"@id\":\"https:\/\/aeronoticias.com.pe\/noticiero\/#\/schema\/person\/fc1e5d578f4b62ba1cf7ac2bba1170a0\"},\"description\":\"Portal de noticias del Per\u00fa sobre el transporte a\u00e9reo, aviaci\u00f3n, turismo, hoteleria, actualidad.\",\"breadcrumb\":{\"@id\":\"https:\/\/aeronoticias.com.pe\/noticiero\/salud\/mosaico-nacional-de-imagenes-satelitales\/#breadcrumb\"},\"inLanguage\":\"es\",\"potentialAction\":[{\"@type\":\"ReadAction\",\"target\":[\"https:\/\/aeronoticias.com.pe\/noticiero\/salud\/mosaico-nacional-de-imagenes-satelitales\/\"]}]},{\"@type\":\"BreadcrumbList\",\"@id\":\"https:\/\/aeronoticias.com.pe\/noticiero\/salud\/mosaico-nacional-de-imagenes-satelitales\/#breadcrumb\",\"itemListElement\":[{\"@type\":\"ListItem\",\"position\":1,\"name\":\"Portada\",\"item\":\"https:\/\/aeronoticias.com.pe\/noticiero\/\"},{\"@type\":\"ListItem\",\"position\":2,\"name\":\"Mosaico Nacional de Im\u00e1genes Satelitales\"}]},{\"@type\":\"WebSite\",\"@id\":\"https:\/\/aeronoticias.com.pe\/noticiero\/#website\",\"url\":\"https:\/\/aeronoticias.com.pe\/noticiero\/\",\"name\":\"Aeronoticias.com.pe\",\"description\":\"Noticias de tranporte aereo, turismo, hoteles, gastronomia, actualidad, internacional\",\"potentialAction\":[{\"@type\":\"SearchAction\",\"target\":{\"@type\":\"EntryPoint\",\"urlTemplate\":\"https:\/\/aeronoticias.com.pe\/noticiero\/?s={search_term_string}\"},\"query-input\":{\"@type\":\"PropertyValueSpecification\",\"valueRequired\":true,\"valueName\":\"search_term_string\"}}],\"inLanguage\":\"es\"},{\"@type\":\"Person\",\"@id\":\"https:\/\/aeronoticias.com.pe\/noticiero\/#\/schema\/person\/fc1e5d578f4b62ba1cf7ac2bba1170a0\",\"name\":\"Redacci\u00f3n Aeronoticias\",\"url\":\"https:\/\/aeronoticias.com.pe\/noticiero\/author\/piloto\/\"}]}<\/script>\n<!-- \/ Yoast SEO plugin. -->","yoast_head_json":{"title":"Mosaico Nacional de Im\u00e1genes Satelitales","description":"Portal de noticias del Per\u00fa sobre el transporte a\u00e9reo, aviaci\u00f3n, turismo, hoteleria, actualidad.","robots":{"index":"index","follow":"follow","max-snippet":"max-snippet:-1","max-image-preview":"max-image-preview:large","max-video-preview":"max-video-preview:-1"},"canonical":"https:\/\/aeronoticias.com.pe\/noticiero\/salud\/mosaico-nacional-de-imagenes-satelitales\/","og_locale":"es_ES","og_type":"article","og_title":"Mosaico Nacional de Im\u00e1genes Satelitales","og_description":"Portal de noticias del Per\u00fa sobre el transporte a\u00e9reo, aviaci\u00f3n, turismo, hoteleria, actualidad.","og_url":"https:\/\/aeronoticias.com.pe\/noticiero\/salud\/mosaico-nacional-de-imagenes-satelitales\/","og_site_name":"Aeronoticias.com.pe","article_publisher":"https:\/\/www.facebook.com\/Aeronoticias.com.pe\/","article_published_time":"2018-08-22T18:29:57+00:00","author":"Redacci\u00f3n Aeronoticias","twitter_card":"summary_large_image","twitter_creator":"@aeronoticias","twitter_site":"@aeronoticias","twitter_misc":{"Escrito por":"Redacci\u00f3n Aeronoticias","Tiempo de lectura":"2 minutos"},"schema":{"@context":"https:\/\/schema.org","@graph":[{"@type":"WebPage","@id":"https:\/\/aeronoticias.com.pe\/noticiero\/salud\/mosaico-nacional-de-imagenes-satelitales\/","url":"https:\/\/aeronoticias.com.pe\/noticiero\/salud\/mosaico-nacional-de-imagenes-satelitales\/","name":"Mosaico Nacional de Im\u00e1genes Satelitales","isPartOf":{"@id":"https:\/\/aeronoticias.com.pe\/noticiero\/#website"},"datePublished":"2018-08-22T18:29:57+00:00","author":{"@id":"https:\/\/aeronoticias.com.pe\/noticiero\/#\/schema\/person\/fc1e5d578f4b62ba1cf7ac2bba1170a0"},"description":"Portal de noticias del Per\u00fa sobre el transporte a\u00e9reo, aviaci\u00f3n, turismo, hoteleria, actualidad.","breadcrumb":{"@id":"https:\/\/aeronoticias.com.pe\/noticiero\/salud\/mosaico-nacional-de-imagenes-satelitales\/#breadcrumb"},"inLanguage":"es","potentialAction":[{"@type":"ReadAction","target":["https:\/\/aeronoticias.com.pe\/noticiero\/salud\/mosaico-nacional-de-imagenes-satelitales\/"]}]},{"@type":"BreadcrumbList","@id":"https:\/\/aeronoticias.com.pe\/noticiero\/salud\/mosaico-nacional-de-imagenes-satelitales\/#breadcrumb","itemListElement":[{"@type":"ListItem","position":1,"name":"Portada","item":"https:\/\/aeronoticias.com.pe\/noticiero\/"},{"@type":"ListItem","position":2,"name":"Mosaico Nacional de Im\u00e1genes Satelitales"}]},{"@type":"WebSite","@id":"https:\/\/aeronoticias.com.pe\/noticiero\/#website","url":"https:\/\/aeronoticias.com.pe\/noticiero\/","name":"Aeronoticias.com.pe","description":"Noticias de tranporte aereo, turismo, hoteles, gastronomia, actualidad, internacional","potentialAction":[{"@type":"SearchAction","target":{"@type":"EntryPoint","urlTemplate":"https:\/\/aeronoticias.com.pe\/noticiero\/?s={search_term_string}"},"query-input":{"@type":"PropertyValueSpecification","valueRequired":true,"valueName":"search_term_string"}}],"inLanguage":"es"},{"@type":"Person","@id":"https:\/\/aeronoticias.com.pe\/noticiero\/#\/schema\/person\/fc1e5d578f4b62ba1cf7ac2bba1170a0","name":"Redacci\u00f3n Aeronoticias","url":"https:\/\/aeronoticias.com.pe\/noticiero\/author\/piloto\/"}]}},"_links":{"self":[{"href":"https:\/\/aeronoticias.com.pe\/noticiero\/wp-json\/wp\/v2\/posts\/57637","targetHints":{"allow":["GET"]}}],"collection":[{"href":"https:\/\/aeronoticias.com.pe\/noticiero\/wp-json\/wp\/v2\/posts"}],"about":[{"href":"https:\/\/aeronoticias.com.pe\/noticiero\/wp-json\/wp\/v2\/types\/post"}],"author":[{"embeddable":true,"href":"https:\/\/aeronoticias.com.pe\/noticiero\/wp-json\/wp\/v2\/users\/1"}],"replies":[{"embeddable":true,"href":"https:\/\/aeronoticias.com.pe\/noticiero\/wp-json\/wp\/v2\/comments?post=57637"}],"version-history":[{"count":0,"href":"https:\/\/aeronoticias.com.pe\/noticiero\/wp-json\/wp\/v2\/posts\/57637\/revisions"}],"wp:attachment":[{"href":"https:\/\/aeronoticias.com.pe\/noticiero\/wp-json\/wp\/v2\/media?parent=57637"}],"wp:term":[{"taxonomy":"category","embeddable":true,"href":"https:\/\/aeronoticias.com.pe\/noticiero\/wp-json\/wp\/v2\/categories?post=57637"},{"taxonomy":"post_tag","embeddable":true,"href":"https:\/\/aeronoticias.com.pe\/noticiero\/wp-json\/wp\/v2\/tags?post=57637"}],"curies":[{"name":"wp","href":"https:\/\/api.w.org\/{rel}","templated":true}]}}