{"id":57758,"date":"2018-10-16T20:27:35","date_gmt":"2018-10-16T20:27:35","guid":{"rendered":"http:\/\/desarrollo.mcvicious.com\/aero2020\/2018\/10\/16\/escandalo-en-chile-por-homenaje-militar-a-un-genocida-de-la-dina\/"},"modified":"2018-10-16T20:27:35","modified_gmt":"2018-10-16T20:27:35","slug":"escandalo-en-chile-por-homenaje-militar-a-un-genocida-de-la-dina","status":"publish","type":"post","link":"https:\/\/aeronoticias.com.pe\/noticiero\/internacionales\/escandalo-en-chile-por-homenaje-militar-a-un-genocida-de-la-dina\/","title":{"rendered":"Esc\u00e1ndalo en Chile por homenaje militar a un genocida de la DINA"},"content":{"rendered":"<p style=\"text-align: justify;\"><span style=\"font-size: 12.16px;\"><strong>(Aeronoticias)<\/strong> El ej\u00e9rcito chileno rindi\u00f3 homenaje p\u00fablico al ex agente de la Direcci\u00f3n Nacional de Inteligencia (DINA), Miguel Krassnoff Marcheko, quien actualmente cumple prisi\u00f3n, acusado de genocida y otros cr\u00edmenes ordenados por el dictador Augusto Pinochet . EL caso levant\u00f3 una ola de protestas en el mundo pol\u00edtico y social del pa\u00eds sure\u00f1o pidiendo las cabezas de varios jefes militares responsables del ins\u00f3lito homenaje.<\/span><\/p>\n<p style=\"text-align: justify;\">Krassnoff sufre prisi\u00f3n por 640 a\u00f1os que la justicia chilena le impuso por una cadena de cr\u00edmenes de lesa humanidad, como asesinar a opositores de Pinochet arroj\u00e1ndolos vivos al mar despu\u00e9s de torturarlos y otras barbaridades, hechos que cuentan con testigos.<\/p>\n<p style=\"text-align: justify;\">El homenaje que se rindi\u00f3 al genocida tuvo como escenario el estadio de la Escuela Militar \u00abBernardo O\u00b4Higgins \u00ab, atestada de cadetes, el s\u00e1bado 6 de Octubre \u00faltimo, con la presencia de su director, el coronel Germ\u00e1n Villarroel .El discurso estuvo a cargo del hijo del sentenciado, coronel Miguel Krassnoff Basso, quien hizo una semblanza de su padre alabando su conducta.<\/p>\n<p style=\"text-align: justify;\">Ahora ambos coroneles\u00a0 encaran su baja inmediata pedida por los senadores socialistas Juan Pablo Letelier y Alvaro Elizalde, quienes calificaron el suceso como \u00bb inaceptable\u00bb por reivindicar cr\u00edmenes de lesa humanidad en tanto que cuestionan duramente al ministro de Defensa y al comandante general del ej\u00e9rcito.<\/p>\n<p style=\"text-align: justify;\">En las redes sociales chilenas preguntan : qu\u00e9 clase de instrucci\u00f3n est\u00e1n recibiendo los cadetes militares de su pa\u00eds&#8230;&#8217;? pidiendo el pronunciamiento del presidente Sebasti\u00e1n Pi\u00f1era, sobre este esc\u00e1ndalo.<\/p>\n<p style=\"text-align: justify;\"><img decoding=\"async\" src=\"images\/stories\/18\/10\/161018\/foto_0000000120181014154602.jpg\" border=\"0\" \/><\/p>\n","protected":false},"excerpt":{"rendered":"<p>(Aeronoticias) El ej\u00e9rcito chileno rindi\u00f3 homenaje p\u00fablico al ex agente de la Direcci\u00f3n Nacional de Inteligencia (DINA), Miguel Krassnoff Marcheko, quien actualmente cumple prisi\u00f3n, acusado de genocida y otros cr\u00edmenes ordenados por el dictador Augusto Pinochet . EL caso levant\u00f3 una ola de protestas en el mundo pol\u00edtico y social del pa\u00eds sure\u00f1o pidiendo las [&hellip;]<\/p>\n","protected":false},"author":1,"featured_media":0,"comment_status":"open","ping_status":"open","sticky":false,"template":"","format":"standard","meta":{"tdm_status":"","tdm_grid_status":"","footnotes":""},"categories":[34],"tags":[],"class_list":{"0":"post-57758","1":"post","2":"type-post","3":"status-publish","4":"format-standard","6":"category-internacionales"},"yoast_head":"<!-- This site is optimized with the Yoast SEO plugin v25.1 - https:\/\/yoast.com\/wordpress\/plugins\/seo\/ -->\n<title>Esc\u00e1ndalo en Chile por homenaje militar a un genocida de la DINA<\/title>\n<meta name=\"description\" content=\"Portal de noticias del Per\u00fa sobre el transporte a\u00e9reo, aviaci\u00f3n, turismo, hoteleria, actualidad.\" \/>\n<meta name=\"robots\" content=\"index, follow, max-snippet:-1, max-image-preview:large, max-video-preview:-1\" \/>\n<link rel=\"canonical\" href=\"https:\/\/aeronoticias.com.pe\/noticiero\/internacionales\/escandalo-en-chile-por-homenaje-militar-a-un-genocida-de-la-dina\/\" \/>\n<meta property=\"og:locale\" content=\"es_ES\" \/>\n<meta property=\"og:type\" content=\"article\" \/>\n<meta property=\"og:title\" content=\"Esc\u00e1ndalo en Chile por homenaje militar a un genocida de la DINA\" \/>\n<meta property=\"og:description\" content=\"Portal de noticias del Per\u00fa sobre el transporte a\u00e9reo, aviaci\u00f3n, turismo, hoteleria, actualidad.\" \/>\n<meta property=\"og:url\" content=\"https:\/\/aeronoticias.com.pe\/noticiero\/internacionales\/escandalo-en-chile-por-homenaje-militar-a-un-genocida-de-la-dina\/\" \/>\n<meta property=\"og:site_name\" content=\"Aeronoticias.com.pe\" \/>\n<meta property=\"article:publisher\" content=\"https:\/\/www.facebook.com\/Aeronoticias.com.pe\/\" \/>\n<meta property=\"article:published_time\" content=\"2018-10-16T20:27:35+00:00\" \/>\n<meta name=\"author\" content=\"Redacci\u00f3n Aeronoticias\" \/>\n<meta name=\"twitter:card\" content=\"summary_large_image\" \/>\n<meta name=\"twitter:creator\" content=\"@aeronoticias\" \/>\n<meta name=\"twitter:site\" content=\"@aeronoticias\" \/>\n<meta name=\"twitter:label1\" content=\"Escrito por\" \/>\n\t<meta name=\"twitter:data1\" content=\"Redacci\u00f3n Aeronoticias\" \/>\n\t<meta name=\"twitter:label2\" content=\"Tiempo de lectura\" \/>\n\t<meta name=\"twitter:data2\" content=\"1 minuto\" \/>\n<script type=\"application\/ld+json\" class=\"yoast-schema-graph\">{\"@context\":\"https:\/\/schema.org\",\"@graph\":[{\"@type\":\"WebPage\",\"@id\":\"https:\/\/aeronoticias.com.pe\/noticiero\/internacionales\/escandalo-en-chile-por-homenaje-militar-a-un-genocida-de-la-dina\/\",\"url\":\"https:\/\/aeronoticias.com.pe\/noticiero\/internacionales\/escandalo-en-chile-por-homenaje-militar-a-un-genocida-de-la-dina\/\",\"name\":\"Esc\u00e1ndalo en Chile por homenaje militar a un genocida de la DINA\",\"isPartOf\":{\"@id\":\"https:\/\/aeronoticias.com.pe\/noticiero\/#website\"},\"datePublished\":\"2018-10-16T20:27:35+00:00\",\"author\":{\"@id\":\"https:\/\/aeronoticias.com.pe\/noticiero\/#\/schema\/person\/fc1e5d578f4b62ba1cf7ac2bba1170a0\"},\"description\":\"Portal de noticias del Per\u00fa sobre el transporte a\u00e9reo, aviaci\u00f3n, turismo, hoteleria, actualidad.\",\"breadcrumb\":{\"@id\":\"https:\/\/aeronoticias.com.pe\/noticiero\/internacionales\/escandalo-en-chile-por-homenaje-militar-a-un-genocida-de-la-dina\/#breadcrumb\"},\"inLanguage\":\"es\",\"potentialAction\":[{\"@type\":\"ReadAction\",\"target\":[\"https:\/\/aeronoticias.com.pe\/noticiero\/internacionales\/escandalo-en-chile-por-homenaje-militar-a-un-genocida-de-la-dina\/\"]}]},{\"@type\":\"BreadcrumbList\",\"@id\":\"https:\/\/aeronoticias.com.pe\/noticiero\/internacionales\/escandalo-en-chile-por-homenaje-militar-a-un-genocida-de-la-dina\/#breadcrumb\",\"itemListElement\":[{\"@type\":\"ListItem\",\"position\":1,\"name\":\"Portada\",\"item\":\"https:\/\/aeronoticias.com.pe\/noticiero\/\"},{\"@type\":\"ListItem\",\"position\":2,\"name\":\"Esc\u00e1ndalo en Chile por homenaje militar a un genocida de la DINA\"}]},{\"@type\":\"WebSite\",\"@id\":\"https:\/\/aeronoticias.com.pe\/noticiero\/#website\",\"url\":\"https:\/\/aeronoticias.com.pe\/noticiero\/\",\"name\":\"Aeronoticias.com.pe\",\"description\":\"Noticias de tranporte aereo, turismo, hoteles, gastronomia, actualidad, internacional\",\"potentialAction\":[{\"@type\":\"SearchAction\",\"target\":{\"@type\":\"EntryPoint\",\"urlTemplate\":\"https:\/\/aeronoticias.com.pe\/noticiero\/?s={search_term_string}\"},\"query-input\":{\"@type\":\"PropertyValueSpecification\",\"valueRequired\":true,\"valueName\":\"search_term_string\"}}],\"inLanguage\":\"es\"},{\"@type\":\"Person\",\"@id\":\"https:\/\/aeronoticias.com.pe\/noticiero\/#\/schema\/person\/fc1e5d578f4b62ba1cf7ac2bba1170a0\",\"name\":\"Redacci\u00f3n Aeronoticias\",\"url\":\"https:\/\/aeronoticias.com.pe\/noticiero\/author\/piloto\/\"}]}<\/script>\n<!-- \/ Yoast SEO plugin. -->","yoast_head_json":{"title":"Esc\u00e1ndalo en Chile por homenaje militar a un genocida de la DINA","description":"Portal de noticias del Per\u00fa sobre el transporte a\u00e9reo, aviaci\u00f3n, turismo, hoteleria, actualidad.","robots":{"index":"index","follow":"follow","max-snippet":"max-snippet:-1","max-image-preview":"max-image-preview:large","max-video-preview":"max-video-preview:-1"},"canonical":"https:\/\/aeronoticias.com.pe\/noticiero\/internacionales\/escandalo-en-chile-por-homenaje-militar-a-un-genocida-de-la-dina\/","og_locale":"es_ES","og_type":"article","og_title":"Esc\u00e1ndalo en Chile por homenaje militar a un genocida de la DINA","og_description":"Portal de noticias del Per\u00fa sobre el transporte a\u00e9reo, aviaci\u00f3n, turismo, hoteleria, actualidad.","og_url":"https:\/\/aeronoticias.com.pe\/noticiero\/internacionales\/escandalo-en-chile-por-homenaje-militar-a-un-genocida-de-la-dina\/","og_site_name":"Aeronoticias.com.pe","article_publisher":"https:\/\/www.facebook.com\/Aeronoticias.com.pe\/","article_published_time":"2018-10-16T20:27:35+00:00","author":"Redacci\u00f3n Aeronoticias","twitter_card":"summary_large_image","twitter_creator":"@aeronoticias","twitter_site":"@aeronoticias","twitter_misc":{"Escrito por":"Redacci\u00f3n Aeronoticias","Tiempo de lectura":"1 minuto"},"schema":{"@context":"https:\/\/schema.org","@graph":[{"@type":"WebPage","@id":"https:\/\/aeronoticias.com.pe\/noticiero\/internacionales\/escandalo-en-chile-por-homenaje-militar-a-un-genocida-de-la-dina\/","url":"https:\/\/aeronoticias.com.pe\/noticiero\/internacionales\/escandalo-en-chile-por-homenaje-militar-a-un-genocida-de-la-dina\/","name":"Esc\u00e1ndalo en Chile por homenaje militar a un genocida de la DINA","isPartOf":{"@id":"https:\/\/aeronoticias.com.pe\/noticiero\/#website"},"datePublished":"2018-10-16T20:27:35+00:00","author":{"@id":"https:\/\/aeronoticias.com.pe\/noticiero\/#\/schema\/person\/fc1e5d578f4b62ba1cf7ac2bba1170a0"},"description":"Portal de noticias del Per\u00fa sobre el transporte a\u00e9reo, aviaci\u00f3n, turismo, hoteleria, actualidad.","breadcrumb":{"@id":"https:\/\/aeronoticias.com.pe\/noticiero\/internacionales\/escandalo-en-chile-por-homenaje-militar-a-un-genocida-de-la-dina\/#breadcrumb"},"inLanguage":"es","potentialAction":[{"@type":"ReadAction","target":["https:\/\/aeronoticias.com.pe\/noticiero\/internacionales\/escandalo-en-chile-por-homenaje-militar-a-un-genocida-de-la-dina\/"]}]},{"@type":"BreadcrumbList","@id":"https:\/\/aeronoticias.com.pe\/noticiero\/internacionales\/escandalo-en-chile-por-homenaje-militar-a-un-genocida-de-la-dina\/#breadcrumb","itemListElement":[{"@type":"ListItem","position":1,"name":"Portada","item":"https:\/\/aeronoticias.com.pe\/noticiero\/"},{"@type":"ListItem","position":2,"name":"Esc\u00e1ndalo en Chile por homenaje militar a un genocida de la DINA"}]},{"@type":"WebSite","@id":"https:\/\/aeronoticias.com.pe\/noticiero\/#website","url":"https:\/\/aeronoticias.com.pe\/noticiero\/","name":"Aeronoticias.com.pe","description":"Noticias de tranporte aereo, turismo, hoteles, gastronomia, actualidad, internacional","potentialAction":[{"@type":"SearchAction","target":{"@type":"EntryPoint","urlTemplate":"https:\/\/aeronoticias.com.pe\/noticiero\/?s={search_term_string}"},"query-input":{"@type":"PropertyValueSpecification","valueRequired":true,"valueName":"search_term_string"}}],"inLanguage":"es"},{"@type":"Person","@id":"https:\/\/aeronoticias.com.pe\/noticiero\/#\/schema\/person\/fc1e5d578f4b62ba1cf7ac2bba1170a0","name":"Redacci\u00f3n Aeronoticias","url":"https:\/\/aeronoticias.com.pe\/noticiero\/author\/piloto\/"}]}},"_links":{"self":[{"href":"https:\/\/aeronoticias.com.pe\/noticiero\/wp-json\/wp\/v2\/posts\/57758","targetHints":{"allow":["GET"]}}],"collection":[{"href":"https:\/\/aeronoticias.com.pe\/noticiero\/wp-json\/wp\/v2\/posts"}],"about":[{"href":"https:\/\/aeronoticias.com.pe\/noticiero\/wp-json\/wp\/v2\/types\/post"}],"author":[{"embeddable":true,"href":"https:\/\/aeronoticias.com.pe\/noticiero\/wp-json\/wp\/v2\/users\/1"}],"replies":[{"embeddable":true,"href":"https:\/\/aeronoticias.com.pe\/noticiero\/wp-json\/wp\/v2\/comments?post=57758"}],"version-history":[{"count":0,"href":"https:\/\/aeronoticias.com.pe\/noticiero\/wp-json\/wp\/v2\/posts\/57758\/revisions"}],"wp:attachment":[{"href":"https:\/\/aeronoticias.com.pe\/noticiero\/wp-json\/wp\/v2\/media?parent=57758"}],"wp:term":[{"taxonomy":"category","embeddable":true,"href":"https:\/\/aeronoticias.com.pe\/noticiero\/wp-json\/wp\/v2\/categories?post=57758"},{"taxonomy":"post_tag","embeddable":true,"href":"https:\/\/aeronoticias.com.pe\/noticiero\/wp-json\/wp\/v2\/tags?post=57758"}],"curies":[{"name":"wp","href":"https:\/\/api.w.org\/{rel}","templated":true}]}}