{"id":57761,"date":"2018-10-17T18:46:02","date_gmt":"2018-10-17T18:46:02","guid":{"rendered":"http:\/\/desarrollo.mcvicious.com\/aero2020\/2018\/10\/17\/arqueologos-corrigen-la-historia-pompeya-ardio-dos-meses-despues-de-lo-que-se-creia\/"},"modified":"2018-10-17T18:46:02","modified_gmt":"2018-10-17T18:46:02","slug":"arqueologos-corrigen-la-historia-pompeya-ardio-dos-meses-despues-de-lo-que-se-creia","status":"publish","type":"post","link":"https:\/\/aeronoticias.com.pe\/noticiero\/mundo\/mundo-mundo-2\/arqueologos-corrigen-la-historia-pompeya-ardio-dos-meses-despues-de-lo-que-se-creia\/","title":{"rendered":"Arque\u00f3logos corrigen la historia: Pompeya ardi\u00f3 dos meses despu\u00e9s de lo que se cre\u00eda"},"content":{"rendered":"<p style=\"text-align: justify;\"><strong>(Aeronoticias) <\/strong><span style=\"text-align: justify;\">La inscripci\u00f3n descubierta en un bello mural que adornaba una de las habitaciones de Pompeya har\u00e1 ahora que se cambie la\u00a0 fecha en que ardi\u00f3 esta suntuosa ciudad por la erupci\u00f3n m\u00e1s famosa de la historia 79 a\u00f1os despu\u00e9s de Cristo.<\/span><\/p>\n<p style=\"text-align: justify;\">La inscripci\u00f3n, hecha a carboncillo, fija un incuestionable dato . el d\u00e9cimo sexto d\u00eda antes de las calendas\u00bb, lo que corresponde en nuestro actual calendario al 17 de Octubre del a\u00f1o 79\u00a0 y no al 17 de Agosto de aquel mismo a\u00f1o.<\/p>\n<p style=\"text-align: justify;\">Massimo Osanna, director del Parque Arqueol\u00f3gico de Pompeya, coment\u00f3 \u00bb No hay duda sobre \u00e9sto\u00bb, agregando que este hallazgo corrige la historia y obligar\u00e1 a cambiar la fecha que figura en miles de libros, pel\u00edculas y obras teatrales.<\/p>\n<p style=\"text-align: justify;\">La nota period\u00edstica fue publicada hoy por el diario global espa\u00f1ol El Pa\u00eds, que ilustra a colores el descubrimiento de los arque\u00f3logos italianos.<\/p>\n<p style=\"text-align: justify;\"><img decoding=\"async\" src=\"images\/stories\/18\/10\/171018\/pompeya.jpg\" border=\"0\" \/><\/p>\n","protected":false},"excerpt":{"rendered":"<p>(Aeronoticias) La inscripci\u00f3n descubierta en un bello mural que adornaba una de las habitaciones de Pompeya har\u00e1 ahora que se cambie la\u00a0 fecha en que ardi\u00f3 esta suntuosa ciudad por la erupci\u00f3n m\u00e1s famosa de la historia 79 a\u00f1os despu\u00e9s de Cristo. La inscripci\u00f3n, hecha a carboncillo, fija un incuestionable dato . el d\u00e9cimo sexto [&hellip;]<\/p>\n","protected":false},"author":1,"featured_media":0,"comment_status":"open","ping_status":"open","sticky":false,"template":"","format":"standard","meta":{"tdm_status":"","tdm_grid_status":"","footnotes":""},"categories":[65],"tags":[],"class_list":{"0":"post-57761","1":"post","2":"type-post","3":"status-publish","4":"format-standard","6":"category-mundo-mundo-2"},"yoast_head":"<!-- This site is optimized with the Yoast SEO plugin v25.1 - https:\/\/yoast.com\/wordpress\/plugins\/seo\/ -->\n<title>Arque\u00f3logos corrigen la historia: Pompeya ardi\u00f3 dos meses despu\u00e9s de lo que se cre\u00eda<\/title>\n<meta name=\"description\" content=\"Portal de noticias del Per\u00fa sobre el transporte a\u00e9reo, aviaci\u00f3n, turismo, hoteleria, actualidad.\" \/>\n<meta name=\"robots\" content=\"index, follow, max-snippet:-1, max-image-preview:large, max-video-preview:-1\" \/>\n<link rel=\"canonical\" href=\"https:\/\/aeronoticias.com.pe\/noticiero\/mundo\/mundo-mundo-2\/arqueologos-corrigen-la-historia-pompeya-ardio-dos-meses-despues-de-lo-que-se-creia\/\" \/>\n<meta property=\"og:locale\" content=\"es_ES\" \/>\n<meta property=\"og:type\" content=\"article\" \/>\n<meta property=\"og:title\" content=\"Arque\u00f3logos corrigen la historia: Pompeya ardi\u00f3 dos meses despu\u00e9s de lo que se cre\u00eda\" \/>\n<meta property=\"og:description\" content=\"Portal de noticias del Per\u00fa sobre el transporte a\u00e9reo, aviaci\u00f3n, turismo, hoteleria, actualidad.\" \/>\n<meta property=\"og:url\" content=\"https:\/\/aeronoticias.com.pe\/noticiero\/mundo\/mundo-mundo-2\/arqueologos-corrigen-la-historia-pompeya-ardio-dos-meses-despues-de-lo-que-se-creia\/\" \/>\n<meta property=\"og:site_name\" content=\"Aeronoticias.com.pe\" \/>\n<meta property=\"article:publisher\" content=\"https:\/\/www.facebook.com\/Aeronoticias.com.pe\/\" \/>\n<meta property=\"article:published_time\" content=\"2018-10-17T18:46:02+00:00\" \/>\n<meta name=\"author\" content=\"Redacci\u00f3n Aeronoticias\" \/>\n<meta name=\"twitter:card\" content=\"summary_large_image\" \/>\n<meta name=\"twitter:creator\" content=\"@aeronoticias\" \/>\n<meta name=\"twitter:site\" content=\"@aeronoticias\" \/>\n<meta name=\"twitter:label1\" content=\"Escrito por\" \/>\n\t<meta name=\"twitter:data1\" content=\"Redacci\u00f3n Aeronoticias\" \/>\n\t<meta name=\"twitter:label2\" content=\"Tiempo de lectura\" \/>\n\t<meta name=\"twitter:data2\" content=\"1 minuto\" \/>\n<script type=\"application\/ld+json\" class=\"yoast-schema-graph\">{\"@context\":\"https:\/\/schema.org\",\"@graph\":[{\"@type\":\"WebPage\",\"@id\":\"https:\/\/aeronoticias.com.pe\/noticiero\/mundo\/mundo-mundo-2\/arqueologos-corrigen-la-historia-pompeya-ardio-dos-meses-despues-de-lo-que-se-creia\/\",\"url\":\"https:\/\/aeronoticias.com.pe\/noticiero\/mundo\/mundo-mundo-2\/arqueologos-corrigen-la-historia-pompeya-ardio-dos-meses-despues-de-lo-que-se-creia\/\",\"name\":\"Arque\u00f3logos corrigen la historia: Pompeya ardi\u00f3 dos meses despu\u00e9s de lo que se cre\u00eda\",\"isPartOf\":{\"@id\":\"https:\/\/aeronoticias.com.pe\/noticiero\/#website\"},\"datePublished\":\"2018-10-17T18:46:02+00:00\",\"author\":{\"@id\":\"https:\/\/aeronoticias.com.pe\/noticiero\/#\/schema\/person\/fc1e5d578f4b62ba1cf7ac2bba1170a0\"},\"description\":\"Portal de noticias del Per\u00fa sobre el transporte a\u00e9reo, aviaci\u00f3n, turismo, hoteleria, actualidad.\",\"breadcrumb\":{\"@id\":\"https:\/\/aeronoticias.com.pe\/noticiero\/mundo\/mundo-mundo-2\/arqueologos-corrigen-la-historia-pompeya-ardio-dos-meses-despues-de-lo-que-se-creia\/#breadcrumb\"},\"inLanguage\":\"es\",\"potentialAction\":[{\"@type\":\"ReadAction\",\"target\":[\"https:\/\/aeronoticias.com.pe\/noticiero\/mundo\/mundo-mundo-2\/arqueologos-corrigen-la-historia-pompeya-ardio-dos-meses-despues-de-lo-que-se-creia\/\"]}]},{\"@type\":\"BreadcrumbList\",\"@id\":\"https:\/\/aeronoticias.com.pe\/noticiero\/mundo\/mundo-mundo-2\/arqueologos-corrigen-la-historia-pompeya-ardio-dos-meses-despues-de-lo-que-se-creia\/#breadcrumb\",\"itemListElement\":[{\"@type\":\"ListItem\",\"position\":1,\"name\":\"Portada\",\"item\":\"https:\/\/aeronoticias.com.pe\/noticiero\/\"},{\"@type\":\"ListItem\",\"position\":2,\"name\":\"Arque\u00f3logos corrigen la historia: Pompeya ardi\u00f3 dos meses despu\u00e9s de lo que se cre\u00eda\"}]},{\"@type\":\"WebSite\",\"@id\":\"https:\/\/aeronoticias.com.pe\/noticiero\/#website\",\"url\":\"https:\/\/aeronoticias.com.pe\/noticiero\/\",\"name\":\"Aeronoticias.com.pe\",\"description\":\"Noticias de tranporte aereo, turismo, hoteles, gastronomia, actualidad, internacional\",\"potentialAction\":[{\"@type\":\"SearchAction\",\"target\":{\"@type\":\"EntryPoint\",\"urlTemplate\":\"https:\/\/aeronoticias.com.pe\/noticiero\/?s={search_term_string}\"},\"query-input\":{\"@type\":\"PropertyValueSpecification\",\"valueRequired\":true,\"valueName\":\"search_term_string\"}}],\"inLanguage\":\"es\"},{\"@type\":\"Person\",\"@id\":\"https:\/\/aeronoticias.com.pe\/noticiero\/#\/schema\/person\/fc1e5d578f4b62ba1cf7ac2bba1170a0\",\"name\":\"Redacci\u00f3n Aeronoticias\",\"url\":\"https:\/\/aeronoticias.com.pe\/noticiero\/author\/piloto\/\"}]}<\/script>\n<!-- \/ Yoast SEO plugin. -->","yoast_head_json":{"title":"Arque\u00f3logos corrigen la historia: Pompeya ardi\u00f3 dos meses despu\u00e9s de lo que se cre\u00eda","description":"Portal de noticias del Per\u00fa sobre el transporte a\u00e9reo, aviaci\u00f3n, turismo, hoteleria, actualidad.","robots":{"index":"index","follow":"follow","max-snippet":"max-snippet:-1","max-image-preview":"max-image-preview:large","max-video-preview":"max-video-preview:-1"},"canonical":"https:\/\/aeronoticias.com.pe\/noticiero\/mundo\/mundo-mundo-2\/arqueologos-corrigen-la-historia-pompeya-ardio-dos-meses-despues-de-lo-que-se-creia\/","og_locale":"es_ES","og_type":"article","og_title":"Arque\u00f3logos corrigen la historia: Pompeya ardi\u00f3 dos meses despu\u00e9s de lo que se cre\u00eda","og_description":"Portal de noticias del Per\u00fa sobre el transporte a\u00e9reo, aviaci\u00f3n, turismo, hoteleria, actualidad.","og_url":"https:\/\/aeronoticias.com.pe\/noticiero\/mundo\/mundo-mundo-2\/arqueologos-corrigen-la-historia-pompeya-ardio-dos-meses-despues-de-lo-que-se-creia\/","og_site_name":"Aeronoticias.com.pe","article_publisher":"https:\/\/www.facebook.com\/Aeronoticias.com.pe\/","article_published_time":"2018-10-17T18:46:02+00:00","author":"Redacci\u00f3n Aeronoticias","twitter_card":"summary_large_image","twitter_creator":"@aeronoticias","twitter_site":"@aeronoticias","twitter_misc":{"Escrito por":"Redacci\u00f3n Aeronoticias","Tiempo de lectura":"1 minuto"},"schema":{"@context":"https:\/\/schema.org","@graph":[{"@type":"WebPage","@id":"https:\/\/aeronoticias.com.pe\/noticiero\/mundo\/mundo-mundo-2\/arqueologos-corrigen-la-historia-pompeya-ardio-dos-meses-despues-de-lo-que-se-creia\/","url":"https:\/\/aeronoticias.com.pe\/noticiero\/mundo\/mundo-mundo-2\/arqueologos-corrigen-la-historia-pompeya-ardio-dos-meses-despues-de-lo-que-se-creia\/","name":"Arque\u00f3logos corrigen la historia: Pompeya ardi\u00f3 dos meses despu\u00e9s de lo que se cre\u00eda","isPartOf":{"@id":"https:\/\/aeronoticias.com.pe\/noticiero\/#website"},"datePublished":"2018-10-17T18:46:02+00:00","author":{"@id":"https:\/\/aeronoticias.com.pe\/noticiero\/#\/schema\/person\/fc1e5d578f4b62ba1cf7ac2bba1170a0"},"description":"Portal de noticias del Per\u00fa sobre el transporte a\u00e9reo, aviaci\u00f3n, turismo, hoteleria, actualidad.","breadcrumb":{"@id":"https:\/\/aeronoticias.com.pe\/noticiero\/mundo\/mundo-mundo-2\/arqueologos-corrigen-la-historia-pompeya-ardio-dos-meses-despues-de-lo-que-se-creia\/#breadcrumb"},"inLanguage":"es","potentialAction":[{"@type":"ReadAction","target":["https:\/\/aeronoticias.com.pe\/noticiero\/mundo\/mundo-mundo-2\/arqueologos-corrigen-la-historia-pompeya-ardio-dos-meses-despues-de-lo-que-se-creia\/"]}]},{"@type":"BreadcrumbList","@id":"https:\/\/aeronoticias.com.pe\/noticiero\/mundo\/mundo-mundo-2\/arqueologos-corrigen-la-historia-pompeya-ardio-dos-meses-despues-de-lo-que-se-creia\/#breadcrumb","itemListElement":[{"@type":"ListItem","position":1,"name":"Portada","item":"https:\/\/aeronoticias.com.pe\/noticiero\/"},{"@type":"ListItem","position":2,"name":"Arque\u00f3logos corrigen la historia: Pompeya ardi\u00f3 dos meses despu\u00e9s de lo que se cre\u00eda"}]},{"@type":"WebSite","@id":"https:\/\/aeronoticias.com.pe\/noticiero\/#website","url":"https:\/\/aeronoticias.com.pe\/noticiero\/","name":"Aeronoticias.com.pe","description":"Noticias de tranporte aereo, turismo, hoteles, gastronomia, actualidad, internacional","potentialAction":[{"@type":"SearchAction","target":{"@type":"EntryPoint","urlTemplate":"https:\/\/aeronoticias.com.pe\/noticiero\/?s={search_term_string}"},"query-input":{"@type":"PropertyValueSpecification","valueRequired":true,"valueName":"search_term_string"}}],"inLanguage":"es"},{"@type":"Person","@id":"https:\/\/aeronoticias.com.pe\/noticiero\/#\/schema\/person\/fc1e5d578f4b62ba1cf7ac2bba1170a0","name":"Redacci\u00f3n Aeronoticias","url":"https:\/\/aeronoticias.com.pe\/noticiero\/author\/piloto\/"}]}},"_links":{"self":[{"href":"https:\/\/aeronoticias.com.pe\/noticiero\/wp-json\/wp\/v2\/posts\/57761","targetHints":{"allow":["GET"]}}],"collection":[{"href":"https:\/\/aeronoticias.com.pe\/noticiero\/wp-json\/wp\/v2\/posts"}],"about":[{"href":"https:\/\/aeronoticias.com.pe\/noticiero\/wp-json\/wp\/v2\/types\/post"}],"author":[{"embeddable":true,"href":"https:\/\/aeronoticias.com.pe\/noticiero\/wp-json\/wp\/v2\/users\/1"}],"replies":[{"embeddable":true,"href":"https:\/\/aeronoticias.com.pe\/noticiero\/wp-json\/wp\/v2\/comments?post=57761"}],"version-history":[{"count":0,"href":"https:\/\/aeronoticias.com.pe\/noticiero\/wp-json\/wp\/v2\/posts\/57761\/revisions"}],"wp:attachment":[{"href":"https:\/\/aeronoticias.com.pe\/noticiero\/wp-json\/wp\/v2\/media?parent=57761"}],"wp:term":[{"taxonomy":"category","embeddable":true,"href":"https:\/\/aeronoticias.com.pe\/noticiero\/wp-json\/wp\/v2\/categories?post=57761"},{"taxonomy":"post_tag","embeddable":true,"href":"https:\/\/aeronoticias.com.pe\/noticiero\/wp-json\/wp\/v2\/tags?post=57761"}],"curies":[{"name":"wp","href":"https:\/\/api.w.org\/{rel}","templated":true}]}}